{"id":4637,"date":"2016-02-05T17:39:59","date_gmt":"2016-02-05T17:39:59","guid":{"rendered":"http:\/\/www.mpppst.gob.ve\/mpppstweb\/?p=4637"},"modified":"2016-07-01T18:15:51","modified_gmt":"2016-07-01T18:15:51","slug":"presidente-maduro-llama-a-mantenerse-en-rebelion-permanente-con-el-proyecto-de-chavez","status":"publish","type":"post","link":"https:\/\/www.mpppst.gob.ve\/mpppstweb\/index.php\/2016\/02\/05\/presidente-maduro-llama-a-mantenerse-en-rebelion-permanente-con-el-proyecto-de-chavez\/","title":{"rendered":"Presidente Maduro llama a mantenerse en rebeli\u00f3n permanente con el proyecto de Ch\u00e1vez"},"content":{"rendered":"<p style=\"text-align: justify;\">AVN.- El presidente de la Rep\u00fablica, Nicol\u00e1s Maduro, llam\u00f3 a las fuerzas populares del pa\u00eds a mantenerse en rebeli\u00f3n permanente con el proyecto de independencia, soberan\u00eda e inclusi\u00f3n social iniciado por el Comandante Hugo Ch\u00e1vez, l\u00edder de la rebeli\u00f3n c\u00edvico militar del 04 de febrero de 1992, una gesta patriota conmemorada este jueves con una marcha por las calles de Caracas.<\/p>\n<p style=\"text-align: justify;\">\u00abCon ese camino, con ese hombre (Ch\u00e1vez) y con ese proyecto seguiremos luchando y reconstruyendo los caminos de la victoria declarados por ahora y para siempre en rebeli\u00f3n permanente\u00bb reflexion\u00f3 el Presidente Maduro quien recibi\u00f3 en el Palacio de Miraflores (sede del gobierno) al poder popular que march\u00f3 para conmemorar la rebeli\u00f3n de un grupo de militares patriotas, que junto al pueblo, se alz\u00f3 hace 24 a\u00f1os contra las medidas neoliberales impuestas por el gobierno de la \u00e9poca.<\/p>\n<p style=\"text-align: justify;\">\u00abEl 4 de febrero surgi\u00f3 un l\u00edder aut\u00e9ntico, leal, revolucionario, valiente y decidido como Hugo Ch\u00e1vez Fr\u00edas y creci\u00f3 un liderazgo del que nunca se dej\u00f3 alagar por la burgues\u00eda, del que siempre fue leal cada segundo de su vida, a ustedes, a nosotros, al pueblo, a la historia. Un l\u00edder de caracter\u00edsticas especiales, sin lugar a dudas, tenemos nosotros\u00bb.<\/p>\n<p style=\"text-align: justify;\"><strong>4F: una necesidad hist\u00f3rica <\/strong><\/p>\n<p style=\"text-align: justify;\">Explic\u00f3 que \u00abel 4 de febrero fue una necesidad hist\u00f3rica que abri\u00f3 los caminos parturientos y violentos entonces, para que en Venezuela se diera la primera revoluci\u00f3n pol\u00edtica, social y econ\u00f3mica, pac\u00edfica y democr\u00e1tica del siglo XX y el siglo XXI\u00bb, expres\u00f3 Maduro quien dijo que a diferencia de los golpes de Estado, la gesta del 4F fue una rebeli\u00f3n para rescatar la Patria.<\/p>\n<p style=\"text-align: justify;\">\u00abUn golpe de Estado lo da la burgues\u00eda, la oligarqu\u00eda, el imperialismo para imponerle a los pueblos su dominaci\u00f3n, para imponer sus intereses, fue lo que dieron el 11, 12 y 13 de abril de 2002 (contra Hugo Ch\u00e1vez), para imponer al presidente de Fedec\u00e1maras como Presidente de la Rep\u00fablica, y de aqu\u00ed sali\u00f3 expulsado como deb\u00eda ser\u00bb.<\/p>\n<p style=\"text-align: justify;\">Dijo que el 4F represent\u00f3 el regreso \u00abde las banderas de la soberan\u00eda, de independencia, de dignidad (&#8230;) y un grito desesperado de aquella generaci\u00f3n virtuosa de militares diciendo: &#8216;basta a la entrega de nuestra patria a los yanquis y al Fondo Monetario Internacional (FMI)\u00bb.<\/p>\n<p style=\"text-align: justify;\"><strong>El \u00e1rbol de las tres ra\u00edces como gu\u00eda <\/strong><\/p>\n<p style=\"text-align: justify;\">Indic\u00f3 que la rebeli\u00f3n del 04 de febrero fue acompa\u00f1ada por un proyecto pol\u00edtico, basados en el ideario de Sim\u00f3n Bol\u00edvar, Ezequiel Zamora y Francisco Miranda, que marc\u00f3 el rumbo para iniciar una revoluci\u00f3n en Venezuela en rescate de la independencia nacional.<\/p>\n<p style=\"text-align: justify;\">\u00abNo pudieron ser m\u00e1s sabios y rescatar, como lo hicieron para nosotros todos los venezolanos, la sabidur\u00eda y la fuerza espiritual de nuestro Libertador Sim\u00f3n Bol\u00edvar, el maestro Sim\u00f3n Rodr\u00edguez y el General del Pueblo Soberano, Ezequiel Zamora\u00bb, expres\u00f3.<\/p>\n<p style=\"text-align: justify;\">Destac\u00f3 que, 24 a\u00f1os despu\u00e9s, la rebeli\u00f3n bolivariana del pueblo sigue siendo la misma, con el mismo esp\u00edritu y voluntad popular del 4 de febrero de 1992.<\/p>\n<p style=\"text-align: justify;\">En los soldados que participaron en aquella rebeli\u00f3n \u00abest\u00e1 el rostro del gran jefe indio Guaicaipuro, la historia de los ej\u00e9rcitos que llegaron a Ayacucho y echaron el imperio espa\u00f1ol, la historia de Ezequiel Zamora, en su rostro est\u00e1 Ch\u00e1vez marcado y en su coraz\u00f3n\u00bb, dijo Maduro, tras pedir un minuto de silencio por las mujeres y hombres ca\u00eddos en esa \u00abjornada de rebeli\u00f3n necesaria, inevitable e hist\u00f3rica\u00bb.<\/p>\n<p style=\"text-align: justify;\">Con ese mismo esp\u00edritu del 4F, el Presidente convoc\u00f3 al pueblo venezolano a participar en el Congreso de la Patria en defensa de la Constituci\u00f3n Bolivariana y los derechos sociales del pueblo.<br \/>\n<strong>Todos al Congreso de la Patria\u00a0 <\/strong><\/p>\n<p style=\"text-align: justify;\">\u00abConvoco a todo el pueblo, a la juventud, a los hombres, a las mujeres, a los profesionales, a la clase trabajadora, a los militares, a participar en el Congreso de la Patria y defender la Constituci\u00f3n Bolivariana, los derechos sociales y la revoluci\u00f3n e independencia de Venezuela\u00bb.<\/p>\n<p style=\"text-align: justify;\">Denunci\u00f3 que los parlamentarios de los partidos de la derecha que cuentan con mayor\u00eda circunstancial en la Asamblea Nacional planean \u00absupuestas reformas y enmiendas para a acabar con la Constituci\u00f3n Bolivariana\u00bb.<\/p>\n<p style=\"text-align: justify;\">\u00abQuieren apu\u00f1alar la Constituci\u00f3n que el pueblo aprob\u00f3 en diciembre de 199 y que es sagrada (&#8230;) por eso llamo a la uni\u00f3n c\u00edvico militar y a la lucha, si la derecha pretende irrespetar y acabar con la Constituci\u00f3n, hasta all\u00ed no los dejaremos llegar\u00bb.<\/p>\n","protected":false},"excerpt":{"rendered":"<p>El presidente de la Rep\u00fablica, Nicol\u00e1s Maduro, llam\u00f3 a las fuerzas populares del pa\u00eds a mantenerse en rebeli\u00f3n permanente con el proyecto de independencia<\/p>\n","protected":false},"author":25,"featured_media":4638,"comment_status":"closed","ping_status":"closed","sticky":false,"template":"","format":"standard","meta":{"footnotes":""},"categories":[82],"tags":[],"yoast_head":"<!-- This site is optimized with the Yoast SEO plugin v22.5 - https:\/\/yoast.com\/wordpress\/plugins\/seo\/ -->\n<title>Presidente Maduro llama a mantenerse en rebeli\u00f3n permanente con el proyecto de Ch\u00e1vez - MPPPST<\/title>\n<meta name=\"robots\" content=\"index, follow, max-snippet:-1, max-image-preview:large, max-video-preview:-1\" \/>\n<link rel=\"canonical\" href=\"https:\/\/www.mpppst.gob.ve\/mpppstweb\/index.php\/2016\/02\/05\/presidente-maduro-llama-a-mantenerse-en-rebelion-permanente-con-el-proyecto-de-chavez\/\" \/>\n<meta property=\"og:locale\" content=\"es_ES\" \/>\n<meta property=\"og:type\" content=\"article\" \/>\n<meta property=\"og:title\" content=\"Presidente Maduro llama a mantenerse en rebeli\u00f3n permanente con el proyecto de Ch\u00e1vez - MPPPST\" \/>\n<meta property=\"og:description\" content=\"El presidente de la Rep\u00fablica, Nicol\u00e1s Maduro, llam\u00f3 a las fuerzas populares del pa\u00eds a mantenerse en rebeli\u00f3n permanente con el proyecto de independencia\" \/>\n<meta property=\"og:url\" content=\"https:\/\/www.mpppst.gob.ve\/mpppstweb\/index.php\/2016\/02\/05\/presidente-maduro-llama-a-mantenerse-en-rebelion-permanente-con-el-proyecto-de-chavez\/\" \/>\n<meta property=\"og:site_name\" content=\"MPPPST\" \/>\n<meta property=\"article:published_time\" content=\"2016-02-05T17:39:59+00:00\" \/>\n<meta property=\"article:modified_time\" content=\"2016-07-01T18:15:51+00:00\" \/>\n<meta name=\"author\" content=\"MPPPST Prensa\" \/>\n<meta name=\"twitter:card\" content=\"summary_large_image\" \/>\n<meta name=\"twitter:label1\" content=\"Escrito por\" \/>\n\t<meta name=\"twitter:data1\" content=\"MPPPST Prensa\" \/>\n\t<meta name=\"twitter:label2\" content=\"Tiempo de lectura\" \/>\n\t<meta name=\"twitter:data2\" content=\"4 minutos\" \/>\n<script type=\"application\/ld+json\" class=\"yoast-schema-graph\">{\"@context\":\"https:\/\/schema.org\",\"@graph\":[{\"@type\":\"Article\",\"@id\":\"https:\/\/www.mpppst.gob.ve\/mpppstweb\/index.php\/2016\/02\/05\/presidente-maduro-llama-a-mantenerse-en-rebelion-permanente-con-el-proyecto-de-chavez\/#article\",\"isPartOf\":{\"@id\":\"https:\/\/www.mpppst.gob.ve\/mpppstweb\/index.php\/2016\/02\/05\/presidente-maduro-llama-a-mantenerse-en-rebelion-permanente-con-el-proyecto-de-chavez\/\"},\"author\":{\"name\":\"MPPPST Prensa\",\"@id\":\"https:\/\/www.mpppst.gob.ve\/mpppstweb\/#\/schema\/person\/fc187ee8ead412bd4c9304b62f900ea4\"},\"headline\":\"Presidente Maduro llama a mantenerse en rebeli\u00f3n permanente con el proyecto de Ch\u00e1vez\",\"datePublished\":\"2016-02-05T17:39:59+00:00\",\"dateModified\":\"2016-07-01T18:15:51+00:00\",\"mainEntityOfPage\":{\"@id\":\"https:\/\/www.mpppst.gob.ve\/mpppstweb\/index.php\/2016\/02\/05\/presidente-maduro-llama-a-mantenerse-en-rebelion-permanente-con-el-proyecto-de-chavez\/\"},\"wordCount\":790,\"publisher\":{\"@id\":\"https:\/\/www.mpppst.gob.ve\/mpppstweb\/#organization\"},\"image\":{\"@id\":\"https:\/\/www.mpppst.gob.ve\/mpppstweb\/index.php\/2016\/02\/05\/presidente-maduro-llama-a-mantenerse-en-rebelion-permanente-con-el-proyecto-de-chavez\/#primaryimage\"},\"thumbnailUrl\":\"\",\"articleSection\":[\"Gobierno Nacional\"],\"inLanguage\":\"es\"},{\"@type\":\"WebPage\",\"@id\":\"https:\/\/www.mpppst.gob.ve\/mpppstweb\/index.php\/2016\/02\/05\/presidente-maduro-llama-a-mantenerse-en-rebelion-permanente-con-el-proyecto-de-chavez\/\",\"url\":\"https:\/\/www.mpppst.gob.ve\/mpppstweb\/index.php\/2016\/02\/05\/presidente-maduro-llama-a-mantenerse-en-rebelion-permanente-con-el-proyecto-de-chavez\/\",\"name\":\"Presidente Maduro llama a mantenerse en rebeli\u00f3n permanente con el proyecto de Ch\u00e1vez - MPPPST\",\"isPartOf\":{\"@id\":\"https:\/\/www.mpppst.gob.ve\/mpppstweb\/#website\"},\"primaryImageOfPage\":{\"@id\":\"https:\/\/www.mpppst.gob.ve\/mpppstweb\/index.php\/2016\/02\/05\/presidente-maduro-llama-a-mantenerse-en-rebelion-permanente-con-el-proyecto-de-chavez\/#primaryimage\"},\"image\":{\"@id\":\"https:\/\/www.mpppst.gob.ve\/mpppstweb\/index.php\/2016\/02\/05\/presidente-maduro-llama-a-mantenerse-en-rebelion-permanente-con-el-proyecto-de-chavez\/#primaryimage\"},\"thumbnailUrl\":\"\",\"datePublished\":\"2016-02-05T17:39:59+00:00\",\"dateModified\":\"2016-07-01T18:15:51+00:00\",\"breadcrumb\":{\"@id\":\"https:\/\/www.mpppst.gob.ve\/mpppstweb\/index.php\/2016\/02\/05\/presidente-maduro-llama-a-mantenerse-en-rebelion-permanente-con-el-proyecto-de-chavez\/#breadcrumb\"},\"inLanguage\":\"es\",\"potentialAction\":[{\"@type\":\"ReadAction\",\"target\":[\"https:\/\/www.mpppst.gob.ve\/mpppstweb\/index.php\/2016\/02\/05\/presidente-maduro-llama-a-mantenerse-en-rebelion-permanente-con-el-proyecto-de-chavez\/\"]}]},{\"@type\":\"ImageObject\",\"inLanguage\":\"es\",\"@id\":\"https:\/\/www.mpppst.gob.ve\/mpppstweb\/index.php\/2016\/02\/05\/presidente-maduro-llama-a-mantenerse-en-rebelion-permanente-con-el-proyecto-de-chavez\/#primaryimage\",\"url\":\"\",\"contentUrl\":\"\"},{\"@type\":\"BreadcrumbList\",\"@id\":\"https:\/\/www.mpppst.gob.ve\/mpppstweb\/index.php\/2016\/02\/05\/presidente-maduro-llama-a-mantenerse-en-rebelion-permanente-con-el-proyecto-de-chavez\/#breadcrumb\",\"itemListElement\":[{\"@type\":\"ListItem\",\"position\":1,\"name\":\"Home\",\"item\":\"https:\/\/www.mpppst.gob.ve\/mpppstweb\/\"},{\"@type\":\"ListItem\",\"position\":2,\"name\":\"Presidente Maduro llama a mantenerse en rebeli\u00f3n permanente con el proyecto de Ch\u00e1vez\"}]},{\"@type\":\"WebSite\",\"@id\":\"https:\/\/www.mpppst.gob.ve\/mpppstweb\/#website\",\"url\":\"https:\/\/www.mpppst.gob.ve\/mpppstweb\/\",\"name\":\"MPPPST\",\"description\":\"Ministerio del Poder Popular para el Proceso Social de Trabajo\",\"publisher\":{\"@id\":\"https:\/\/www.mpppst.gob.ve\/mpppstweb\/#organization\"},\"potentialAction\":[{\"@type\":\"SearchAction\",\"target\":{\"@type\":\"EntryPoint\",\"urlTemplate\":\"https:\/\/www.mpppst.gob.ve\/mpppstweb\/?s={search_term_string}\"},\"query-input\":\"required name=search_term_string\"}],\"inLanguage\":\"es\"},{\"@type\":\"Organization\",\"@id\":\"https:\/\/www.mpppst.gob.ve\/mpppstweb\/#organization\",\"name\":\"mpppst\",\"url\":\"https:\/\/www.mpppst.gob.ve\/mpppstweb\/\",\"logo\":{\"@type\":\"ImageObject\",\"inLanguage\":\"es\",\"@id\":\"https:\/\/www.mpppst.gob.ve\/mpppstweb\/#\/schema\/logo\/image\/\",\"url\":\"https:\/\/www.mpppst.gob.ve\/mpppstweb\/wp-content\/uploads\/2025\/07\/cropped-cropped-g910.png\",\"contentUrl\":\"https:\/\/www.mpppst.gob.ve\/mpppstweb\/wp-content\/uploads\/2025\/07\/cropped-cropped-g910.png\",\"width\":1080,\"height\":241,\"caption\":\"mpppst\"},\"image\":{\"@id\":\"https:\/\/www.mpppst.gob.ve\/mpppstweb\/#\/schema\/logo\/image\/\"}},{\"@type\":\"Person\",\"@id\":\"https:\/\/www.mpppst.gob.ve\/mpppstweb\/#\/schema\/person\/fc187ee8ead412bd4c9304b62f900ea4\",\"name\":\"MPPPST Prensa\",\"url\":\"https:\/\/www.mpppst.gob.ve\/mpppstweb\/index.php\/author\/prensa-mpppst\/\"}]}<\/script>\n<!-- \/ Yoast SEO plugin. -->","yoast_head_json":{"title":"Presidente Maduro llama a mantenerse en rebeli\u00f3n permanente con el proyecto de Ch\u00e1vez - MPPPST","robots":{"index":"index","follow":"follow","max-snippet":"max-snippet:-1","max-image-preview":"max-image-preview:large","max-video-preview":"max-video-preview:-1"},"canonical":"https:\/\/www.mpppst.gob.ve\/mpppstweb\/index.php\/2016\/02\/05\/presidente-maduro-llama-a-mantenerse-en-rebelion-permanente-con-el-proyecto-de-chavez\/","og_locale":"es_ES","og_type":"article","og_title":"Presidente Maduro llama a mantenerse en rebeli\u00f3n permanente con el proyecto de Ch\u00e1vez - MPPPST","og_description":"El presidente de la Rep\u00fablica, Nicol\u00e1s Maduro, llam\u00f3 a las fuerzas populares del pa\u00eds a mantenerse en rebeli\u00f3n permanente con el proyecto de independencia","og_url":"https:\/\/www.mpppst.gob.ve\/mpppstweb\/index.php\/2016\/02\/05\/presidente-maduro-llama-a-mantenerse-en-rebelion-permanente-con-el-proyecto-de-chavez\/","og_site_name":"MPPPST","article_published_time":"2016-02-05T17:39:59+00:00","article_modified_time":"2016-07-01T18:15:51+00:00","author":"MPPPST Prensa","twitter_card":"summary_large_image","twitter_misc":{"Escrito por":"MPPPST Prensa","Tiempo de lectura":"4 minutos"},"schema":{"@context":"https:\/\/schema.org","@graph":[{"@type":"Article","@id":"https:\/\/www.mpppst.gob.ve\/mpppstweb\/index.php\/2016\/02\/05\/presidente-maduro-llama-a-mantenerse-en-rebelion-permanente-con-el-proyecto-de-chavez\/#article","isPartOf":{"@id":"https:\/\/www.mpppst.gob.ve\/mpppstweb\/index.php\/2016\/02\/05\/presidente-maduro-llama-a-mantenerse-en-rebelion-permanente-con-el-proyecto-de-chavez\/"},"author":{"name":"MPPPST Prensa","@id":"https:\/\/www.mpppst.gob.ve\/mpppstweb\/#\/schema\/person\/fc187ee8ead412bd4c9304b62f900ea4"},"headline":"Presidente Maduro llama a mantenerse en rebeli\u00f3n permanente con el proyecto de Ch\u00e1vez","datePublished":"2016-02-05T17:39:59+00:00","dateModified":"2016-07-01T18:15:51+00:00","mainEntityOfPage":{"@id":"https:\/\/www.mpppst.gob.ve\/mpppstweb\/index.php\/2016\/02\/05\/presidente-maduro-llama-a-mantenerse-en-rebelion-permanente-con-el-proyecto-de-chavez\/"},"wordCount":790,"publisher":{"@id":"https:\/\/www.mpppst.gob.ve\/mpppstweb\/#organization"},"image":{"@id":"https:\/\/www.mpppst.gob.ve\/mpppstweb\/index.php\/2016\/02\/05\/presidente-maduro-llama-a-mantenerse-en-rebelion-permanente-con-el-proyecto-de-chavez\/#primaryimage"},"thumbnailUrl":"","articleSection":["Gobierno Nacional"],"inLanguage":"es"},{"@type":"WebPage","@id":"https:\/\/www.mpppst.gob.ve\/mpppstweb\/index.php\/2016\/02\/05\/presidente-maduro-llama-a-mantenerse-en-rebelion-permanente-con-el-proyecto-de-chavez\/","url":"https:\/\/www.mpppst.gob.ve\/mpppstweb\/index.php\/2016\/02\/05\/presidente-maduro-llama-a-mantenerse-en-rebelion-permanente-con-el-proyecto-de-chavez\/","name":"Presidente Maduro llama a mantenerse en rebeli\u00f3n permanente con el proyecto de Ch\u00e1vez - MPPPST","isPartOf":{"@id":"https:\/\/www.mpppst.gob.ve\/mpppstweb\/#website"},"primaryImageOfPage":{"@id":"https:\/\/www.mpppst.gob.ve\/mpppstweb\/index.php\/2016\/02\/05\/presidente-maduro-llama-a-mantenerse-en-rebelion-permanente-con-el-proyecto-de-chavez\/#primaryimage"},"image":{"@id":"https:\/\/www.mpppst.gob.ve\/mpppstweb\/index.php\/2016\/02\/05\/presidente-maduro-llama-a-mantenerse-en-rebelion-permanente-con-el-proyecto-de-chavez\/#primaryimage"},"thumbnailUrl":"","datePublished":"2016-02-05T17:39:59+00:00","dateModified":"2016-07-01T18:15:51+00:00","breadcrumb":{"@id":"https:\/\/www.mpppst.gob.ve\/mpppstweb\/index.php\/2016\/02\/05\/presidente-maduro-llama-a-mantenerse-en-rebelion-permanente-con-el-proyecto-de-chavez\/#breadcrumb"},"inLanguage":"es","potentialAction":[{"@type":"ReadAction","target":["https:\/\/www.mpppst.gob.ve\/mpppstweb\/index.php\/2016\/02\/05\/presidente-maduro-llama-a-mantenerse-en-rebelion-permanente-con-el-proyecto-de-chavez\/"]}]},{"@type":"ImageObject","inLanguage":"es","@id":"https:\/\/www.mpppst.gob.ve\/mpppstweb\/index.php\/2016\/02\/05\/presidente-maduro-llama-a-mantenerse-en-rebelion-permanente-con-el-proyecto-de-chavez\/#primaryimage","url":"","contentUrl":""},{"@type":"BreadcrumbList","@id":"https:\/\/www.mpppst.gob.ve\/mpppstweb\/index.php\/2016\/02\/05\/presidente-maduro-llama-a-mantenerse-en-rebelion-permanente-con-el-proyecto-de-chavez\/#breadcrumb","itemListElement":[{"@type":"ListItem","position":1,"name":"Home","item":"https:\/\/www.mpppst.gob.ve\/mpppstweb\/"},{"@type":"ListItem","position":2,"name":"Presidente Maduro llama a mantenerse en rebeli\u00f3n permanente con el proyecto de Ch\u00e1vez"}]},{"@type":"WebSite","@id":"https:\/\/www.mpppst.gob.ve\/mpppstweb\/#website","url":"https:\/\/www.mpppst.gob.ve\/mpppstweb\/","name":"MPPPST","description":"Ministerio del Poder Popular para el Proceso Social de Trabajo","publisher":{"@id":"https:\/\/www.mpppst.gob.ve\/mpppstweb\/#organization"},"potentialAction":[{"@type":"SearchAction","target":{"@type":"EntryPoint","urlTemplate":"https:\/\/www.mpppst.gob.ve\/mpppstweb\/?s={search_term_string}"},"query-input":"required name=search_term_string"}],"inLanguage":"es"},{"@type":"Organization","@id":"https:\/\/www.mpppst.gob.ve\/mpppstweb\/#organization","name":"mpppst","url":"https:\/\/www.mpppst.gob.ve\/mpppstweb\/","logo":{"@type":"ImageObject","inLanguage":"es","@id":"https:\/\/www.mpppst.gob.ve\/mpppstweb\/#\/schema\/logo\/image\/","url":"https:\/\/www.mpppst.gob.ve\/mpppstweb\/wp-content\/uploads\/2025\/07\/cropped-cropped-g910.png","contentUrl":"https:\/\/www.mpppst.gob.ve\/mpppstweb\/wp-content\/uploads\/2025\/07\/cropped-cropped-g910.png","width":1080,"height":241,"caption":"mpppst"},"image":{"@id":"https:\/\/www.mpppst.gob.ve\/mpppstweb\/#\/schema\/logo\/image\/"}},{"@type":"Person","@id":"https:\/\/www.mpppst.gob.ve\/mpppstweb\/#\/schema\/person\/fc187ee8ead412bd4c9304b62f900ea4","name":"MPPPST Prensa","url":"https:\/\/www.mpppst.gob.ve\/mpppstweb\/index.php\/author\/prensa-mpppst\/"}]}},"_links":{"self":[{"href":"https:\/\/www.mpppst.gob.ve\/mpppstweb\/index.php\/wp-json\/wp\/v2\/posts\/4637"}],"collection":[{"href":"https:\/\/www.mpppst.gob.ve\/mpppstweb\/index.php\/wp-json\/wp\/v2\/posts"}],"about":[{"href":"https:\/\/www.mpppst.gob.ve\/mpppstweb\/index.php\/wp-json\/wp\/v2\/types\/post"}],"author":[{"embeddable":true,"href":"https:\/\/www.mpppst.gob.ve\/mpppstweb\/index.php\/wp-json\/wp\/v2\/users\/25"}],"replies":[{"embeddable":true,"href":"https:\/\/www.mpppst.gob.ve\/mpppstweb\/index.php\/wp-json\/wp\/v2\/comments?post=4637"}],"version-history":[{"count":1,"href":"https:\/\/www.mpppst.gob.ve\/mpppstweb\/index.php\/wp-json\/wp\/v2\/posts\/4637\/revisions"}],"predecessor-version":[{"id":7006,"href":"https:\/\/www.mpppst.gob.ve\/mpppstweb\/index.php\/wp-json\/wp\/v2\/posts\/4637\/revisions\/7006"}],"wp:featuredmedia":[{"embeddable":true,"href":"https:\/\/www.mpppst.gob.ve\/mpppstweb\/index.php\/wp-json\/"}],"wp:attachment":[{"href":"https:\/\/www.mpppst.gob.ve\/mpppstweb\/index.php\/wp-json\/wp\/v2\/media?parent=4637"}],"wp:term":[{"taxonomy":"category","embeddable":true,"href":"https:\/\/www.mpppst.gob.ve\/mpppstweb\/index.php\/wp-json\/wp\/v2\/categories?post=4637"},{"taxonomy":"post_tag","embeddable":true,"href":"https:\/\/www.mpppst.gob.ve\/mpppstweb\/index.php\/wp-json\/wp\/v2\/tags?post=4637"}],"curies":[{"name":"wp","href":"https:\/\/api.w.org\/{rel}","templated":true}]}}