{"id":4650,"date":"2016-02-10T12:50:50","date_gmt":"2016-02-10T12:50:50","guid":{"rendered":"http:\/\/www.mpppst.gob.ve\/mpppstweb\/?p=4650"},"modified":"2016-07-01T18:17:08","modified_gmt":"2016-07-01T18:17:08","slug":"gobierno-evalua-agenda-de-accion-del-consejo-nacional-de-economia-productiva","status":"publish","type":"post","link":"https:\/\/www.mpppst.gob.ve\/mpppstweb\/index.php\/2016\/02\/10\/gobierno-evalua-agenda-de-accion-del-consejo-nacional-de-economia-productiva\/","title":{"rendered":"Gobierno eval\u00faa agenda de acci\u00f3n del Consejo Nacional de Econom\u00eda Productiva"},"content":{"rendered":"<p style=\"line-height: 13.5pt; margin: 12.0pt 0cm 12.0pt 0cm;\"><span style=\"font-size: 9.0pt; font-family: 'Verdana','sans-serif'; color: #444444;\">AVN.- El presidente de la Rep\u00fablica, Nicol\u00e1s Maduro, sostuvo este martes un encuentro con el vicepresidente Ejecutivo, Arist\u00f3bulo Ist\u00fariz, para evaluar la agenda de acci\u00f3n impulsada por el Gobierno Bolivariano a trav\u00e9s del Consejo Nacional de Econom\u00eda Productiva.<\/span><\/p>\n<p style=\"line-height: 13.5pt; orphans: auto; text-align: start; widows: 1; -webkit-text-stroke-width: 0px; word-spacing: 0px; margin: 12.0pt 0cm 12.0pt 0cm;\"><span style=\"font-size: 9.0pt; font-family: 'Verdana','sans-serif'; color: #444444;\">\u00abYa finalizada la reuni\u00f3n nos desplegamos a implementar las decisiones, agradezco a este equipo de trabajo que junto a millones de compatriotas construiremos el futuro de una Nueva Econom\u00eda Productiva\u00bb, expres\u00f3 el Mandatario nacional, a trav\u00e9s de su cuenta en Facebook.<\/span><\/p>\n<p style=\"line-height: 13.5pt; orphans: auto; text-align: start; widows: 1; -webkit-text-stroke-width: 0px; word-spacing: 0px; margin: 12.0pt 0cm 12.0pt 0cm;\"><span style=\"font-size: 9.0pt; font-family: 'Verdana','sans-serif'; color: #444444;\">Esta reuni\u00f3n forma parte del conjunto de encuentros que realiza el Consejo Nacional de Econom\u00eda Productiva todos los martes para analizar, debatir y proponer l\u00edneas de acci\u00f3n para impulsar el desarrollo de todas las fuerzas productivas del pa\u00eds, superar el rentismo petrolero heredado de los Gobiernos de la IV Rep\u00fablica, e incrementar la generaci\u00f3n de divisas.<\/span><\/p>\n<p style=\"line-height: 13.5pt; orphans: auto; text-align: start; widows: 1; -webkit-text-stroke-width: 0px; word-spacing: 0px; margin: 12.0pt 0cm 12.0pt 0cm;\"><span style=\"font-size: 9.0pt; font-family: 'Verdana','sans-serif'; color: #444444;\">El Consejo Nacional de Econom\u00eda Productiva fue instalado el 19 de enero por el presidente de la Rep\u00fablica, Nicol\u00e1s Maduro, para impulsar acciones que permitan superar la coyuntura econ\u00f3mica que atraviesa el pa\u00eds, como consecuencia de una guerra no convencional orquestada por sectores imperiales, y la baja en los precios del petr\u00f3leo.<\/span><\/p>\n<p style=\"line-height: 13.5pt; orphans: auto; text-align: start; widows: 1; -webkit-text-stroke-width: 0px; word-spacing: 0px; margin: 12.0pt 0cm 12.0pt 0cm;\"><span style=\"font-size: 9.0pt; font-family: 'Verdana','sans-serif'; color: #444444;\">El Consejo est\u00e1 integrado por los motores de Hidrocarburos, Petroqu\u00edmica, Agroalimentario, Miner\u00eda, Comunicaciones e Inform\u00e1tica, Construcci\u00f3n, Industrias, Turismo, Forestal, Industrial Militar, Econom\u00eda Comunal y Social, Exportaciones, y Banca y Finanzas.<\/span><\/p>\n<p style=\"line-height: 13.5pt; orphans: auto; text-align: start; widows: 1; -webkit-text-stroke-width: 0px; word-spacing: 0px; margin: 12.0pt 0cm 12.0pt 0cm;\"><span style=\"font-size: 9.0pt; font-family: 'Verdana','sans-serif'; color: #444444;\">En el mensaje en facebook, el presidente Maduro tambi\u00e9n indic\u00f3 que se encuentra siguiendo el operativo Carnavales Seguros 2016, activado en el pa\u00eds desde el pasado viernes 5 de febrero para la seguridad y la tranquilidad de los temporadistas que viajaron durante el asueto.<\/span><\/p>\n<p style=\"line-height: 13.5pt; orphans: auto; text-align: start; widows: 1; -webkit-text-stroke-width: 0px; word-spacing: 0px; margin: 12.0pt 0cm 12.0pt 0cm;\"><span style=\"font-size: 9.0pt; font-family: 'Verdana','sans-serif'; color: #444444;\">Al respecto,\u00a0el viceministro de Gesti\u00f3n de Riesgos y Protecci\u00f3n Civil, William Mart\u00ednez, inform\u00f3 que hasta este mi\u00e9rcoles estar\u00e1 activo el dispositivo\u00a0Carnavales Seguros 2016 con el fin de resguardar a la poblaci\u00f3n en el regreso a sus lugares de origen tras el asueto que comenz\u00f3 el s\u00e1bado pasado.<\/span><\/p>\n<p style=\"line-height: 13.5pt; orphans: auto; text-align: start; widows: 1; -webkit-text-stroke-width: 0px; word-spacing: 0px; margin: 12.0pt 0cm 12.0pt 0cm;\"><span style=\"font-size: 9.0pt; font-family: 'Verdana','sans-serif'; color: #444444;\">En este dispositivo, m\u00e1s de 140.000 funcionarios de seguridad en todo el pa\u00eds est\u00e1n activos en puntos de control, adem\u00e1s supervisan las unidades de transporte de los distintos terminales terrestres.<\/span><\/p>\n","protected":false},"excerpt":{"rendered":"<p>El presidente de la Rep\u00fablica, Nicol\u00e1s Maduro, sostuvo  un encuentro con el vicepresidente Ejecutivo, Arist\u00f3bulo Ist\u00fariz, para evaluar la agenda de acci\u00f3n impulsada por el Gobierno.<\/p>\n","protected":false},"author":25,"featured_media":4651,"comment_status":"closed","ping_status":"closed","sticky":false,"template":"","format":"standard","meta":{"footnotes":""},"categories":[82],"tags":[],"yoast_head":"<!-- This site is optimized with the Yoast SEO plugin v22.5 - https:\/\/yoast.com\/wordpress\/plugins\/seo\/ -->\n<title>Gobierno eval\u00faa agenda de acci\u00f3n del Consejo Nacional de Econom\u00eda Productiva - MPPPST<\/title>\n<meta name=\"robots\" content=\"index, follow, max-snippet:-1, max-image-preview:large, max-video-preview:-1\" \/>\n<link rel=\"canonical\" href=\"https:\/\/www.mpppst.gob.ve\/mpppstweb\/index.php\/2016\/02\/10\/gobierno-evalua-agenda-de-accion-del-consejo-nacional-de-economia-productiva\/\" \/>\n<meta property=\"og:locale\" content=\"es_ES\" \/>\n<meta property=\"og:type\" content=\"article\" \/>\n<meta property=\"og:title\" content=\"Gobierno eval\u00faa agenda de acci\u00f3n del Consejo Nacional de Econom\u00eda Productiva - MPPPST\" \/>\n<meta property=\"og:description\" content=\"El presidente de la Rep\u00fablica, Nicol\u00e1s Maduro, sostuvo un encuentro con el vicepresidente Ejecutivo, Arist\u00f3bulo Ist\u00fariz, para evaluar la agenda de acci\u00f3n impulsada por el Gobierno.\" \/>\n<meta property=\"og:url\" content=\"https:\/\/www.mpppst.gob.ve\/mpppstweb\/index.php\/2016\/02\/10\/gobierno-evalua-agenda-de-accion-del-consejo-nacional-de-economia-productiva\/\" \/>\n<meta property=\"og:site_name\" content=\"MPPPST\" \/>\n<meta property=\"article:published_time\" content=\"2016-02-10T12:50:50+00:00\" \/>\n<meta property=\"article:modified_time\" content=\"2016-07-01T18:17:08+00:00\" \/>\n<meta name=\"author\" content=\"MPPPST Prensa\" \/>\n<meta name=\"twitter:card\" content=\"summary_large_image\" \/>\n<meta name=\"twitter:label1\" content=\"Escrito por\" \/>\n\t<meta name=\"twitter:data1\" content=\"MPPPST Prensa\" \/>\n\t<meta name=\"twitter:label2\" content=\"Tiempo de lectura\" \/>\n\t<meta name=\"twitter:data2\" content=\"2 minutos\" \/>\n<script type=\"application\/ld+json\" class=\"yoast-schema-graph\">{\"@context\":\"https:\/\/schema.org\",\"@graph\":[{\"@type\":\"Article\",\"@id\":\"https:\/\/www.mpppst.gob.ve\/mpppstweb\/index.php\/2016\/02\/10\/gobierno-evalua-agenda-de-accion-del-consejo-nacional-de-economia-productiva\/#article\",\"isPartOf\":{\"@id\":\"https:\/\/www.mpppst.gob.ve\/mpppstweb\/index.php\/2016\/02\/10\/gobierno-evalua-agenda-de-accion-del-consejo-nacional-de-economia-productiva\/\"},\"author\":{\"name\":\"MPPPST Prensa\",\"@id\":\"https:\/\/www.mpppst.gob.ve\/mpppstweb\/#\/schema\/person\/fc187ee8ead412bd4c9304b62f900ea4\"},\"headline\":\"Gobierno eval\u00faa agenda de acci\u00f3n del Consejo Nacional de Econom\u00eda Productiva\",\"datePublished\":\"2016-02-10T12:50:50+00:00\",\"dateModified\":\"2016-07-01T18:17:08+00:00\",\"mainEntityOfPage\":{\"@id\":\"https:\/\/www.mpppst.gob.ve\/mpppstweb\/index.php\/2016\/02\/10\/gobierno-evalua-agenda-de-accion-del-consejo-nacional-de-economia-productiva\/\"},\"wordCount\":390,\"publisher\":{\"@id\":\"https:\/\/www.mpppst.gob.ve\/mpppstweb\/#organization\"},\"image\":{\"@id\":\"https:\/\/www.mpppst.gob.ve\/mpppstweb\/index.php\/2016\/02\/10\/gobierno-evalua-agenda-de-accion-del-consejo-nacional-de-economia-productiva\/#primaryimage\"},\"thumbnailUrl\":\"\",\"articleSection\":[\"Gobierno Nacional\"],\"inLanguage\":\"es\"},{\"@type\":\"WebPage\",\"@id\":\"https:\/\/www.mpppst.gob.ve\/mpppstweb\/index.php\/2016\/02\/10\/gobierno-evalua-agenda-de-accion-del-consejo-nacional-de-economia-productiva\/\",\"url\":\"https:\/\/www.mpppst.gob.ve\/mpppstweb\/index.php\/2016\/02\/10\/gobierno-evalua-agenda-de-accion-del-consejo-nacional-de-economia-productiva\/\",\"name\":\"Gobierno eval\u00faa agenda de acci\u00f3n del Consejo Nacional de Econom\u00eda Productiva - MPPPST\",\"isPartOf\":{\"@id\":\"https:\/\/www.mpppst.gob.ve\/mpppstweb\/#website\"},\"primaryImageOfPage\":{\"@id\":\"https:\/\/www.mpppst.gob.ve\/mpppstweb\/index.php\/2016\/02\/10\/gobierno-evalua-agenda-de-accion-del-consejo-nacional-de-economia-productiva\/#primaryimage\"},\"image\":{\"@id\":\"https:\/\/www.mpppst.gob.ve\/mpppstweb\/index.php\/2016\/02\/10\/gobierno-evalua-agenda-de-accion-del-consejo-nacional-de-economia-productiva\/#primaryimage\"},\"thumbnailUrl\":\"\",\"datePublished\":\"2016-02-10T12:50:50+00:00\",\"dateModified\":\"2016-07-01T18:17:08+00:00\",\"breadcrumb\":{\"@id\":\"https:\/\/www.mpppst.gob.ve\/mpppstweb\/index.php\/2016\/02\/10\/gobierno-evalua-agenda-de-accion-del-consejo-nacional-de-economia-productiva\/#breadcrumb\"},\"inLanguage\":\"es\",\"potentialAction\":[{\"@type\":\"ReadAction\",\"target\":[\"https:\/\/www.mpppst.gob.ve\/mpppstweb\/index.php\/2016\/02\/10\/gobierno-evalua-agenda-de-accion-del-consejo-nacional-de-economia-productiva\/\"]}]},{\"@type\":\"ImageObject\",\"inLanguage\":\"es\",\"@id\":\"https:\/\/www.mpppst.gob.ve\/mpppstweb\/index.php\/2016\/02\/10\/gobierno-evalua-agenda-de-accion-del-consejo-nacional-de-economia-productiva\/#primaryimage\",\"url\":\"\",\"contentUrl\":\"\"},{\"@type\":\"BreadcrumbList\",\"@id\":\"https:\/\/www.mpppst.gob.ve\/mpppstweb\/index.php\/2016\/02\/10\/gobierno-evalua-agenda-de-accion-del-consejo-nacional-de-economia-productiva\/#breadcrumb\",\"itemListElement\":[{\"@type\":\"ListItem\",\"position\":1,\"name\":\"Home\",\"item\":\"https:\/\/www.mpppst.gob.ve\/mpppstweb\/\"},{\"@type\":\"ListItem\",\"position\":2,\"name\":\"Gobierno eval\u00faa agenda de acci\u00f3n del Consejo Nacional de Econom\u00eda Productiva\"}]},{\"@type\":\"WebSite\",\"@id\":\"https:\/\/www.mpppst.gob.ve\/mpppstweb\/#website\",\"url\":\"https:\/\/www.mpppst.gob.ve\/mpppstweb\/\",\"name\":\"MPPPST\",\"description\":\"Ministerio del Poder Popular para el Proceso Social de Trabajo\",\"publisher\":{\"@id\":\"https:\/\/www.mpppst.gob.ve\/mpppstweb\/#organization\"},\"potentialAction\":[{\"@type\":\"SearchAction\",\"target\":{\"@type\":\"EntryPoint\",\"urlTemplate\":\"https:\/\/www.mpppst.gob.ve\/mpppstweb\/?s={search_term_string}\"},\"query-input\":\"required name=search_term_string\"}],\"inLanguage\":\"es\"},{\"@type\":\"Organization\",\"@id\":\"https:\/\/www.mpppst.gob.ve\/mpppstweb\/#organization\",\"name\":\"mpppst\",\"url\":\"https:\/\/www.mpppst.gob.ve\/mpppstweb\/\",\"logo\":{\"@type\":\"ImageObject\",\"inLanguage\":\"es\",\"@id\":\"https:\/\/www.mpppst.gob.ve\/mpppstweb\/#\/schema\/logo\/image\/\",\"url\":\"https:\/\/www.mpppst.gob.ve\/mpppstweb\/wp-content\/uploads\/2025\/07\/cropped-cropped-g910.png\",\"contentUrl\":\"https:\/\/www.mpppst.gob.ve\/mpppstweb\/wp-content\/uploads\/2025\/07\/cropped-cropped-g910.png\",\"width\":1080,\"height\":241,\"caption\":\"mpppst\"},\"image\":{\"@id\":\"https:\/\/www.mpppst.gob.ve\/mpppstweb\/#\/schema\/logo\/image\/\"}},{\"@type\":\"Person\",\"@id\":\"https:\/\/www.mpppst.gob.ve\/mpppstweb\/#\/schema\/person\/fc187ee8ead412bd4c9304b62f900ea4\",\"name\":\"MPPPST Prensa\",\"url\":\"https:\/\/www.mpppst.gob.ve\/mpppstweb\/index.php\/author\/prensa-mpppst\/\"}]}<\/script>\n<!-- \/ Yoast SEO plugin. -->","yoast_head_json":{"title":"Gobierno eval\u00faa agenda de acci\u00f3n del Consejo Nacional de Econom\u00eda Productiva - MPPPST","robots":{"index":"index","follow":"follow","max-snippet":"max-snippet:-1","max-image-preview":"max-image-preview:large","max-video-preview":"max-video-preview:-1"},"canonical":"https:\/\/www.mpppst.gob.ve\/mpppstweb\/index.php\/2016\/02\/10\/gobierno-evalua-agenda-de-accion-del-consejo-nacional-de-economia-productiva\/","og_locale":"es_ES","og_type":"article","og_title":"Gobierno eval\u00faa agenda de acci\u00f3n del Consejo Nacional de Econom\u00eda Productiva - MPPPST","og_description":"El presidente de la Rep\u00fablica, Nicol\u00e1s Maduro, sostuvo un encuentro con el vicepresidente Ejecutivo, Arist\u00f3bulo Ist\u00fariz, para evaluar la agenda de acci\u00f3n impulsada por el Gobierno.","og_url":"https:\/\/www.mpppst.gob.ve\/mpppstweb\/index.php\/2016\/02\/10\/gobierno-evalua-agenda-de-accion-del-consejo-nacional-de-economia-productiva\/","og_site_name":"MPPPST","article_published_time":"2016-02-10T12:50:50+00:00","article_modified_time":"2016-07-01T18:17:08+00:00","author":"MPPPST Prensa","twitter_card":"summary_large_image","twitter_misc":{"Escrito por":"MPPPST Prensa","Tiempo de lectura":"2 minutos"},"schema":{"@context":"https:\/\/schema.org","@graph":[{"@type":"Article","@id":"https:\/\/www.mpppst.gob.ve\/mpppstweb\/index.php\/2016\/02\/10\/gobierno-evalua-agenda-de-accion-del-consejo-nacional-de-economia-productiva\/#article","isPartOf":{"@id":"https:\/\/www.mpppst.gob.ve\/mpppstweb\/index.php\/2016\/02\/10\/gobierno-evalua-agenda-de-accion-del-consejo-nacional-de-economia-productiva\/"},"author":{"name":"MPPPST Prensa","@id":"https:\/\/www.mpppst.gob.ve\/mpppstweb\/#\/schema\/person\/fc187ee8ead412bd4c9304b62f900ea4"},"headline":"Gobierno eval\u00faa agenda de acci\u00f3n del Consejo Nacional de Econom\u00eda Productiva","datePublished":"2016-02-10T12:50:50+00:00","dateModified":"2016-07-01T18:17:08+00:00","mainEntityOfPage":{"@id":"https:\/\/www.mpppst.gob.ve\/mpppstweb\/index.php\/2016\/02\/10\/gobierno-evalua-agenda-de-accion-del-consejo-nacional-de-economia-productiva\/"},"wordCount":390,"publisher":{"@id":"https:\/\/www.mpppst.gob.ve\/mpppstweb\/#organization"},"image":{"@id":"https:\/\/www.mpppst.gob.ve\/mpppstweb\/index.php\/2016\/02\/10\/gobierno-evalua-agenda-de-accion-del-consejo-nacional-de-economia-productiva\/#primaryimage"},"thumbnailUrl":"","articleSection":["Gobierno Nacional"],"inLanguage":"es"},{"@type":"WebPage","@id":"https:\/\/www.mpppst.gob.ve\/mpppstweb\/index.php\/2016\/02\/10\/gobierno-evalua-agenda-de-accion-del-consejo-nacional-de-economia-productiva\/","url":"https:\/\/www.mpppst.gob.ve\/mpppstweb\/index.php\/2016\/02\/10\/gobierno-evalua-agenda-de-accion-del-consejo-nacional-de-economia-productiva\/","name":"Gobierno eval\u00faa agenda de acci\u00f3n del Consejo Nacional de Econom\u00eda Productiva - MPPPST","isPartOf":{"@id":"https:\/\/www.mpppst.gob.ve\/mpppstweb\/#website"},"primaryImageOfPage":{"@id":"https:\/\/www.mpppst.gob.ve\/mpppstweb\/index.php\/2016\/02\/10\/gobierno-evalua-agenda-de-accion-del-consejo-nacional-de-economia-productiva\/#primaryimage"},"image":{"@id":"https:\/\/www.mpppst.gob.ve\/mpppstweb\/index.php\/2016\/02\/10\/gobierno-evalua-agenda-de-accion-del-consejo-nacional-de-economia-productiva\/#primaryimage"},"thumbnailUrl":"","datePublished":"2016-02-10T12:50:50+00:00","dateModified":"2016-07-01T18:17:08+00:00","breadcrumb":{"@id":"https:\/\/www.mpppst.gob.ve\/mpppstweb\/index.php\/2016\/02\/10\/gobierno-evalua-agenda-de-accion-del-consejo-nacional-de-economia-productiva\/#breadcrumb"},"inLanguage":"es","potentialAction":[{"@type":"ReadAction","target":["https:\/\/www.mpppst.gob.ve\/mpppstweb\/index.php\/2016\/02\/10\/gobierno-evalua-agenda-de-accion-del-consejo-nacional-de-economia-productiva\/"]}]},{"@type":"ImageObject","inLanguage":"es","@id":"https:\/\/www.mpppst.gob.ve\/mpppstweb\/index.php\/2016\/02\/10\/gobierno-evalua-agenda-de-accion-del-consejo-nacional-de-economia-productiva\/#primaryimage","url":"","contentUrl":""},{"@type":"BreadcrumbList","@id":"https:\/\/www.mpppst.gob.ve\/mpppstweb\/index.php\/2016\/02\/10\/gobierno-evalua-agenda-de-accion-del-consejo-nacional-de-economia-productiva\/#breadcrumb","itemListElement":[{"@type":"ListItem","position":1,"name":"Home","item":"https:\/\/www.mpppst.gob.ve\/mpppstweb\/"},{"@type":"ListItem","position":2,"name":"Gobierno eval\u00faa agenda de acci\u00f3n del Consejo Nacional de Econom\u00eda Productiva"}]},{"@type":"WebSite","@id":"https:\/\/www.mpppst.gob.ve\/mpppstweb\/#website","url":"https:\/\/www.mpppst.gob.ve\/mpppstweb\/","name":"MPPPST","description":"Ministerio del Poder Popular para el Proceso Social de Trabajo","publisher":{"@id":"https:\/\/www.mpppst.gob.ve\/mpppstweb\/#organization"},"potentialAction":[{"@type":"SearchAction","target":{"@type":"EntryPoint","urlTemplate":"https:\/\/www.mpppst.gob.ve\/mpppstweb\/?s={search_term_string}"},"query-input":"required name=search_term_string"}],"inLanguage":"es"},{"@type":"Organization","@id":"https:\/\/www.mpppst.gob.ve\/mpppstweb\/#organization","name":"mpppst","url":"https:\/\/www.mpppst.gob.ve\/mpppstweb\/","logo":{"@type":"ImageObject","inLanguage":"es","@id":"https:\/\/www.mpppst.gob.ve\/mpppstweb\/#\/schema\/logo\/image\/","url":"https:\/\/www.mpppst.gob.ve\/mpppstweb\/wp-content\/uploads\/2025\/07\/cropped-cropped-g910.png","contentUrl":"https:\/\/www.mpppst.gob.ve\/mpppstweb\/wp-content\/uploads\/2025\/07\/cropped-cropped-g910.png","width":1080,"height":241,"caption":"mpppst"},"image":{"@id":"https:\/\/www.mpppst.gob.ve\/mpppstweb\/#\/schema\/logo\/image\/"}},{"@type":"Person","@id":"https:\/\/www.mpppst.gob.ve\/mpppstweb\/#\/schema\/person\/fc187ee8ead412bd4c9304b62f900ea4","name":"MPPPST Prensa","url":"https:\/\/www.mpppst.gob.ve\/mpppstweb\/index.php\/author\/prensa-mpppst\/"}]}},"_links":{"self":[{"href":"https:\/\/www.mpppst.gob.ve\/mpppstweb\/index.php\/wp-json\/wp\/v2\/posts\/4650"}],"collection":[{"href":"https:\/\/www.mpppst.gob.ve\/mpppstweb\/index.php\/wp-json\/wp\/v2\/posts"}],"about":[{"href":"https:\/\/www.mpppst.gob.ve\/mpppstweb\/index.php\/wp-json\/wp\/v2\/types\/post"}],"author":[{"embeddable":true,"href":"https:\/\/www.mpppst.gob.ve\/mpppstweb\/index.php\/wp-json\/wp\/v2\/users\/25"}],"replies":[{"embeddable":true,"href":"https:\/\/www.mpppst.gob.ve\/mpppstweb\/index.php\/wp-json\/wp\/v2\/comments?post=4650"}],"version-history":[{"count":1,"href":"https:\/\/www.mpppst.gob.ve\/mpppstweb\/index.php\/wp-json\/wp\/v2\/posts\/4650\/revisions"}],"predecessor-version":[{"id":7008,"href":"https:\/\/www.mpppst.gob.ve\/mpppstweb\/index.php\/wp-json\/wp\/v2\/posts\/4650\/revisions\/7008"}],"wp:featuredmedia":[{"embeddable":true,"href":"https:\/\/www.mpppst.gob.ve\/mpppstweb\/index.php\/wp-json\/"}],"wp:attachment":[{"href":"https:\/\/www.mpppst.gob.ve\/mpppstweb\/index.php\/wp-json\/wp\/v2\/media?parent=4650"}],"wp:term":[{"taxonomy":"category","embeddable":true,"href":"https:\/\/www.mpppst.gob.ve\/mpppstweb\/index.php\/wp-json\/wp\/v2\/categories?post=4650"},{"taxonomy":"post_tag","embeddable":true,"href":"https:\/\/www.mpppst.gob.ve\/mpppstweb\/index.php\/wp-json\/wp\/v2\/tags?post=4650"}],"curies":[{"name":"wp","href":"https:\/\/api.w.org\/{rel}","templated":true}]}}