{"id":4662,"date":"2016-02-11T15:54:25","date_gmt":"2016-02-11T15:54:25","guid":{"rendered":"http:\/\/www.mpppst.gob.ve\/mpppstweb\/?p=4662"},"modified":"2016-07-01T18:17:49","modified_gmt":"2016-07-01T18:17:49","slug":"clase-obrera-en-rebelion-ante-acoso-de-la-derecha","status":"publish","type":"post","link":"https:\/\/www.mpppst.gob.ve\/mpppstweb\/index.php\/2016\/02\/11\/clase-obrera-en-rebelion-ante-acoso-de-la-derecha\/","title":{"rendered":"Clase obrera en rebeli\u00f3n ante acoso de la derecha"},"content":{"rendered":"<p style=\"text-align: justify;\">Ciudad Caracas.- La Central Bolivariana Socialista de Trabajadores rechaz\u00f3 la campa\u00f1a impulsada por la oposici\u00f3n que pretende la destituci\u00f3n del presidente Maduro.<\/p>\n<p style=\"text-align: justify;\">Ante el continuo asedio y la campa\u00f1a medi\u00e1tica impulsada por sectores de la derecha venezolana en la que exigen la renuncia del jefe de Estado, la clase obrera del pa\u00eds se declar\u00f3 en rebeli\u00f3n.<\/p>\n<p style=\"text-align: justify;\">As\u00ed lo inform\u00f3 Egl\u00e9 S\u00e1nchez, vicepresidenta de la Central Bolivariana Socialista de Trabajadores (CBST), quien adem\u00e1s rechaz\u00f3 enf\u00e1ticamente estas propuestas que buscan desestabilizar el pa\u00eds.<\/p>\n<p style=\"text-align: justify;\">\u201cEstamos en rebeli\u00f3n laboral. Este pueblo trabajador sigue al lado de nuestro Presidente constitucional y mantendremos la defensa del legado del Comandante (Hugo) Ch\u00e1vez\u201d, enfatiz\u00f3.<\/p>\n<p style=\"text-align: justify;\">Indic\u00f3 que las y los trabajadores, as\u00ed como la mayor\u00eda del pueblo venezolano, apoyan la gesti\u00f3n del mandatario nacional.<\/p>\n<p style=\"text-align: justify;\">\u201cEl pueblo eligi\u00f3 mediante el sufragio a Nicol\u00e1s Maduro. Fueron m\u00e1s de 7 millones 580 mil venezolanos que votaron por \u00e9l\u201d, record\u00f3.<\/p>\n<p style=\"text-align: justify;\">De esta manera la clase trabajadora sali\u00f3 al paso de las pretensiones del presidente de la Asamblea Nacional, Henry Ramos Allup, quien ha informado al pa\u00eds que en los pr\u00f3ximos d\u00edas ser\u00e1 presentada una enmienda constitucional para acortar el per\u00edodo presidencial de seis a cuatro a\u00f1os.<\/p>\n<p style=\"text-align: justify;\">Record\u00f3 que el trabajo de la AN en esta coyuntura econ\u00f3mica es buscar una soluci\u00f3n. \u201cDeben sentarse con el Ejecutivo para crear soluciones a la guerra que ellos crearon. Eso es lo que quiere el pueblo venezolano\u201d, afirm\u00f3.<\/p>\n<p style=\"text-align: justify;\">De igual manera, conden\u00f3 el desprestigio hacia el pa\u00eds promovido en el mundo por Lilian Tintori, esposa de Leopoldo L\u00f3pez, impulsor de las guarimbas de 2014. \u201cElla no hace m\u00e1s que promover la injerencia sobre el pa\u00eds, con su campa\u00f1a financiada por la derecha internacional, por eso nosotros estamos en alerta\u201d, dijo.<\/p>\n<p style=\"text-align: justify;\">INCENTIVAR PRODUCCI\u00d3N<\/p>\n<p style=\"text-align: justify;\">Por otra parte, S\u00e1nchez manifest\u00f3 que la CBST est\u00e1 mancomunando esfuerzos entre las empresas p\u00fablicas y privadas con el objetivo de crear acciones que contribuyan a incentivar la producci\u00f3n nacional y combatir la guerra econ\u00f3mica en la que la derecha \u201chundi\u00f3 al pa\u00eds\u201d.<\/p>\n<p style=\"text-align: justify;\">Dijo que la clase trabajadora de todas las empresas han efectuado reuniones con los 11 motores creados por el Presidente y que de estas mesas ya se han creado algunas soluciones que esperan plantear al jefe de Estado.<\/p>\n<p style=\"text-align: justify;\">\u201cHemos conversado con todos los trabajadores de las distintas industrias; hemos podido determinar c\u00f3mo incentivar la producci\u00f3n y garantizar el suministro de los productos en los anaqueles de los diversos comercios\u201d, afirm\u00f3.<\/p>\n<p style=\"text-align: justify;\">Explic\u00f3 que las soluciones a corto plazo est\u00e1n enfocadas en la democratizaci\u00f3n de la distribuci\u00f3n y sobre todo en la contralor\u00eda social. \u201cEn ambas acciones la clase obrera debe estar involucrada. Creemos que con estas medidas podemos resolver un poco el problema\u201d, dijo la vocera sindical.<\/p>\n<p style=\"text-align: justify;\">Indic\u00f3 que deben ser complementadas con la distribuci\u00f3n de manera quincenal de Mercal Obrero con al menos 15 productos de la cesta b\u00e1sica en cada empresa. \u201cDe esta manera, evitamos que nuestros trabajadores hagan cola, lo que influye en el nivel de producci\u00f3n\u201d, recalc\u00f3.\u00bf<\/p>\n<p style=\"text-align: justify;\">Impulsar exportaciones<\/p>\n<p style=\"text-align: justify;\">En el marco de la reactivaci\u00f3n de las empresas estatales, la Central Bolivariana Socialista de Trabajadores (CBST) inform\u00f3 la creaci\u00f3n de la Comisi\u00f3n de Producci\u00f3n de Empresas Socialistas.<\/p>\n<p style=\"text-align: justify;\">Durante el encuentro, Carlos L\u00f3pez, coordinador de la comisi\u00f3n y coordinador general de la CBST, asever\u00f3 que en la primera reuni\u00f3n efectuada con el sector aluminio el fin de semana, a la que asisti\u00f3 el viceministro del trabajo Jos\u00e9 Ram\u00f3n Rivero, se acord\u00f3 incrementar la producci\u00f3n nacional para la exportaci\u00f3n a fin de aumentar el ingreso de divisas al pa\u00eds.<\/p>\n<p style=\"text-align: justify;\">Dijo que en dos meses estas medidas empezar\u00e1n a dar \u201cdivisas frescas para no depender m\u00e1s del presupuesto nacional\u201d.<\/p>\n<p style=\"text-align: justify;\">\u201cLa exportaci\u00f3n de aluminio en este momento va a ser en funci\u00f3n de capturar divisas que nos permitan no recargar las que entran por la renta petrolera \u2013que est\u00e1n menguadas\u2013. De esas divisas nuevas que ingresar\u00e1n por la exportaci\u00f3n, tomar de ah\u00ed para repotenciar m\u00e1quinas, exportaci\u00f3n de repuestos cuando no est\u00e9n en Venezuela y algunos insumos\u201d, explic\u00f3.<\/p>\n<p style=\"text-align: justify;\">L\u00f3pez indic\u00f3 que estas acciones pretenden cubrir el mercado nacional, exportar y de all\u00ed asegurar su mantenimiento y potenciar el crecimiento de estas empresas.<\/p>\n<p style=\"text-align: justify;\">Manifest\u00f3 que en los pr\u00f3ximos d\u00edas acudir\u00e1n al resto de las industrias b\u00e1sicas de Guayana para pactar soluciones y luego presentarlas al presidente Nicol\u00e1s Maduro. Asimismo reiter\u00f3 que en el marco de las 3R, la clase obrera organizada trabaja para garantizar que \u201cm\u00e1s nunca las empresas caigan en estado de inoperatividad\u201d.<\/p>\n","protected":false},"excerpt":{"rendered":"<p>La Central Bolivariana Socialista de Trabajadores rechaz\u00f3 la campa\u00f1a impulsada por la oposici\u00f3n que pretende la destituci\u00f3n del presidente Maduro.<\/p>\n","protected":false},"author":25,"featured_media":4663,"comment_status":"closed","ping_status":"closed","sticky":false,"template":"","format":"standard","meta":{"footnotes":""},"categories":[82],"tags":[],"yoast_head":"<!-- This site is optimized with the Yoast SEO plugin v22.5 - https:\/\/yoast.com\/wordpress\/plugins\/seo\/ -->\n<title>Clase obrera en rebeli\u00f3n ante acoso de la derecha - MPPPST<\/title>\n<meta name=\"robots\" content=\"index, follow, max-snippet:-1, max-image-preview:large, max-video-preview:-1\" \/>\n<link rel=\"canonical\" href=\"https:\/\/www.mpppst.gob.ve\/mpppstweb\/index.php\/2016\/02\/11\/clase-obrera-en-rebelion-ante-acoso-de-la-derecha\/\" \/>\n<meta property=\"og:locale\" content=\"es_ES\" \/>\n<meta property=\"og:type\" content=\"article\" \/>\n<meta property=\"og:title\" content=\"Clase obrera en rebeli\u00f3n ante acoso de la derecha - MPPPST\" \/>\n<meta property=\"og:description\" content=\"La Central Bolivariana Socialista de Trabajadores rechaz\u00f3 la campa\u00f1a impulsada por la oposici\u00f3n que pretende la destituci\u00f3n del presidente Maduro.\" \/>\n<meta property=\"og:url\" content=\"https:\/\/www.mpppst.gob.ve\/mpppstweb\/index.php\/2016\/02\/11\/clase-obrera-en-rebelion-ante-acoso-de-la-derecha\/\" \/>\n<meta property=\"og:site_name\" content=\"MPPPST\" \/>\n<meta property=\"article:published_time\" content=\"2016-02-11T15:54:25+00:00\" \/>\n<meta property=\"article:modified_time\" content=\"2016-07-01T18:17:49+00:00\" \/>\n<meta property=\"og:image\" content=\"https:\/\/www.mpppst.gob.ve\/mpppstweb\/wp-content\/uploads\/2016\/02\/CBST.jpg\" \/>\n\t<meta property=\"og:image:width\" content=\"448\" \/>\n\t<meta property=\"og:image:height\" content=\"298\" \/>\n\t<meta property=\"og:image:type\" content=\"image\/jpeg\" \/>\n<meta name=\"author\" content=\"MPPPST Prensa\" \/>\n<meta name=\"twitter:card\" content=\"summary_large_image\" \/>\n<meta name=\"twitter:label1\" content=\"Escrito por\" \/>\n\t<meta name=\"twitter:data1\" content=\"MPPPST Prensa\" \/>\n\t<meta name=\"twitter:label2\" content=\"Tiempo de lectura\" \/>\n\t<meta name=\"twitter:data2\" content=\"4 minutos\" \/>\n<script type=\"application\/ld+json\" class=\"yoast-schema-graph\">{\"@context\":\"https:\/\/schema.org\",\"@graph\":[{\"@type\":\"Article\",\"@id\":\"https:\/\/www.mpppst.gob.ve\/mpppstweb\/index.php\/2016\/02\/11\/clase-obrera-en-rebelion-ante-acoso-de-la-derecha\/#article\",\"isPartOf\":{\"@id\":\"https:\/\/www.mpppst.gob.ve\/mpppstweb\/index.php\/2016\/02\/11\/clase-obrera-en-rebelion-ante-acoso-de-la-derecha\/\"},\"author\":{\"name\":\"MPPPST Prensa\",\"@id\":\"https:\/\/www.mpppst.gob.ve\/mpppstweb\/#\/schema\/person\/fc187ee8ead412bd4c9304b62f900ea4\"},\"headline\":\"Clase obrera en rebeli\u00f3n ante acoso de la derecha\",\"datePublished\":\"2016-02-11T15:54:25+00:00\",\"dateModified\":\"2016-07-01T18:17:49+00:00\",\"mainEntityOfPage\":{\"@id\":\"https:\/\/www.mpppst.gob.ve\/mpppstweb\/index.php\/2016\/02\/11\/clase-obrera-en-rebelion-ante-acoso-de-la-derecha\/\"},\"wordCount\":807,\"publisher\":{\"@id\":\"https:\/\/www.mpppst.gob.ve\/mpppstweb\/#organization\"},\"image\":{\"@id\":\"https:\/\/www.mpppst.gob.ve\/mpppstweb\/index.php\/2016\/02\/11\/clase-obrera-en-rebelion-ante-acoso-de-la-derecha\/#primaryimage\"},\"thumbnailUrl\":\"https:\/\/www.mpppst.gob.ve\/mpppstweb\/wp-content\/uploads\/2016\/02\/CBST.jpg\",\"articleSection\":[\"Gobierno Nacional\"],\"inLanguage\":\"es\"},{\"@type\":\"WebPage\",\"@id\":\"https:\/\/www.mpppst.gob.ve\/mpppstweb\/index.php\/2016\/02\/11\/clase-obrera-en-rebelion-ante-acoso-de-la-derecha\/\",\"url\":\"https:\/\/www.mpppst.gob.ve\/mpppstweb\/index.php\/2016\/02\/11\/clase-obrera-en-rebelion-ante-acoso-de-la-derecha\/\",\"name\":\"Clase obrera en rebeli\u00f3n ante acoso de la derecha - MPPPST\",\"isPartOf\":{\"@id\":\"https:\/\/www.mpppst.gob.ve\/mpppstweb\/#website\"},\"primaryImageOfPage\":{\"@id\":\"https:\/\/www.mpppst.gob.ve\/mpppstweb\/index.php\/2016\/02\/11\/clase-obrera-en-rebelion-ante-acoso-de-la-derecha\/#primaryimage\"},\"image\":{\"@id\":\"https:\/\/www.mpppst.gob.ve\/mpppstweb\/index.php\/2016\/02\/11\/clase-obrera-en-rebelion-ante-acoso-de-la-derecha\/#primaryimage\"},\"thumbnailUrl\":\"https:\/\/www.mpppst.gob.ve\/mpppstweb\/wp-content\/uploads\/2016\/02\/CBST.jpg\",\"datePublished\":\"2016-02-11T15:54:25+00:00\",\"dateModified\":\"2016-07-01T18:17:49+00:00\",\"breadcrumb\":{\"@id\":\"https:\/\/www.mpppst.gob.ve\/mpppstweb\/index.php\/2016\/02\/11\/clase-obrera-en-rebelion-ante-acoso-de-la-derecha\/#breadcrumb\"},\"inLanguage\":\"es\",\"potentialAction\":[{\"@type\":\"ReadAction\",\"target\":[\"https:\/\/www.mpppst.gob.ve\/mpppstweb\/index.php\/2016\/02\/11\/clase-obrera-en-rebelion-ante-acoso-de-la-derecha\/\"]}]},{\"@type\":\"ImageObject\",\"inLanguage\":\"es\",\"@id\":\"https:\/\/www.mpppst.gob.ve\/mpppstweb\/index.php\/2016\/02\/11\/clase-obrera-en-rebelion-ante-acoso-de-la-derecha\/#primaryimage\",\"url\":\"https:\/\/www.mpppst.gob.ve\/mpppstweb\/wp-content\/uploads\/2016\/02\/CBST.jpg\",\"contentUrl\":\"https:\/\/www.mpppst.gob.ve\/mpppstweb\/wp-content\/uploads\/2016\/02\/CBST.jpg\",\"width\":448,\"height\":298},{\"@type\":\"BreadcrumbList\",\"@id\":\"https:\/\/www.mpppst.gob.ve\/mpppstweb\/index.php\/2016\/02\/11\/clase-obrera-en-rebelion-ante-acoso-de-la-derecha\/#breadcrumb\",\"itemListElement\":[{\"@type\":\"ListItem\",\"position\":1,\"name\":\"Home\",\"item\":\"https:\/\/www.mpppst.gob.ve\/mpppstweb\/\"},{\"@type\":\"ListItem\",\"position\":2,\"name\":\"Clase obrera en rebeli\u00f3n ante acoso de la derecha\"}]},{\"@type\":\"WebSite\",\"@id\":\"https:\/\/www.mpppst.gob.ve\/mpppstweb\/#website\",\"url\":\"https:\/\/www.mpppst.gob.ve\/mpppstweb\/\",\"name\":\"MPPPST\",\"description\":\"Ministerio del Poder Popular para el Proceso Social de Trabajo\",\"publisher\":{\"@id\":\"https:\/\/www.mpppst.gob.ve\/mpppstweb\/#organization\"},\"potentialAction\":[{\"@type\":\"SearchAction\",\"target\":{\"@type\":\"EntryPoint\",\"urlTemplate\":\"https:\/\/www.mpppst.gob.ve\/mpppstweb\/?s={search_term_string}\"},\"query-input\":\"required name=search_term_string\"}],\"inLanguage\":\"es\"},{\"@type\":\"Organization\",\"@id\":\"https:\/\/www.mpppst.gob.ve\/mpppstweb\/#organization\",\"name\":\"mpppst\",\"url\":\"https:\/\/www.mpppst.gob.ve\/mpppstweb\/\",\"logo\":{\"@type\":\"ImageObject\",\"inLanguage\":\"es\",\"@id\":\"https:\/\/www.mpppst.gob.ve\/mpppstweb\/#\/schema\/logo\/image\/\",\"url\":\"https:\/\/www.mpppst.gob.ve\/mpppstweb\/wp-content\/uploads\/2025\/07\/cropped-cropped-g910.png\",\"contentUrl\":\"https:\/\/www.mpppst.gob.ve\/mpppstweb\/wp-content\/uploads\/2025\/07\/cropped-cropped-g910.png\",\"width\":1080,\"height\":241,\"caption\":\"mpppst\"},\"image\":{\"@id\":\"https:\/\/www.mpppst.gob.ve\/mpppstweb\/#\/schema\/logo\/image\/\"}},{\"@type\":\"Person\",\"@id\":\"https:\/\/www.mpppst.gob.ve\/mpppstweb\/#\/schema\/person\/fc187ee8ead412bd4c9304b62f900ea4\",\"name\":\"MPPPST Prensa\",\"url\":\"https:\/\/www.mpppst.gob.ve\/mpppstweb\/index.php\/author\/prensa-mpppst\/\"}]}<\/script>\n<!-- \/ Yoast SEO plugin. -->","yoast_head_json":{"title":"Clase obrera en rebeli\u00f3n ante acoso de la derecha - MPPPST","robots":{"index":"index","follow":"follow","max-snippet":"max-snippet:-1","max-image-preview":"max-image-preview:large","max-video-preview":"max-video-preview:-1"},"canonical":"https:\/\/www.mpppst.gob.ve\/mpppstweb\/index.php\/2016\/02\/11\/clase-obrera-en-rebelion-ante-acoso-de-la-derecha\/","og_locale":"es_ES","og_type":"article","og_title":"Clase obrera en rebeli\u00f3n ante acoso de la derecha - MPPPST","og_description":"La Central Bolivariana Socialista de Trabajadores rechaz\u00f3 la campa\u00f1a impulsada por la oposici\u00f3n que pretende la destituci\u00f3n del presidente Maduro.","og_url":"https:\/\/www.mpppst.gob.ve\/mpppstweb\/index.php\/2016\/02\/11\/clase-obrera-en-rebelion-ante-acoso-de-la-derecha\/","og_site_name":"MPPPST","article_published_time":"2016-02-11T15:54:25+00:00","article_modified_time":"2016-07-01T18:17:49+00:00","og_image":[{"width":448,"height":298,"url":"https:\/\/www.mpppst.gob.ve\/mpppstweb\/wp-content\/uploads\/2016\/02\/CBST.jpg","type":"image\/jpeg"}],"author":"MPPPST Prensa","twitter_card":"summary_large_image","twitter_misc":{"Escrito por":"MPPPST Prensa","Tiempo de lectura":"4 minutos"},"schema":{"@context":"https:\/\/schema.org","@graph":[{"@type":"Article","@id":"https:\/\/www.mpppst.gob.ve\/mpppstweb\/index.php\/2016\/02\/11\/clase-obrera-en-rebelion-ante-acoso-de-la-derecha\/#article","isPartOf":{"@id":"https:\/\/www.mpppst.gob.ve\/mpppstweb\/index.php\/2016\/02\/11\/clase-obrera-en-rebelion-ante-acoso-de-la-derecha\/"},"author":{"name":"MPPPST Prensa","@id":"https:\/\/www.mpppst.gob.ve\/mpppstweb\/#\/schema\/person\/fc187ee8ead412bd4c9304b62f900ea4"},"headline":"Clase obrera en rebeli\u00f3n ante acoso de la derecha","datePublished":"2016-02-11T15:54:25+00:00","dateModified":"2016-07-01T18:17:49+00:00","mainEntityOfPage":{"@id":"https:\/\/www.mpppst.gob.ve\/mpppstweb\/index.php\/2016\/02\/11\/clase-obrera-en-rebelion-ante-acoso-de-la-derecha\/"},"wordCount":807,"publisher":{"@id":"https:\/\/www.mpppst.gob.ve\/mpppstweb\/#organization"},"image":{"@id":"https:\/\/www.mpppst.gob.ve\/mpppstweb\/index.php\/2016\/02\/11\/clase-obrera-en-rebelion-ante-acoso-de-la-derecha\/#primaryimage"},"thumbnailUrl":"https:\/\/www.mpppst.gob.ve\/mpppstweb\/wp-content\/uploads\/2016\/02\/CBST.jpg","articleSection":["Gobierno Nacional"],"inLanguage":"es"},{"@type":"WebPage","@id":"https:\/\/www.mpppst.gob.ve\/mpppstweb\/index.php\/2016\/02\/11\/clase-obrera-en-rebelion-ante-acoso-de-la-derecha\/","url":"https:\/\/www.mpppst.gob.ve\/mpppstweb\/index.php\/2016\/02\/11\/clase-obrera-en-rebelion-ante-acoso-de-la-derecha\/","name":"Clase obrera en rebeli\u00f3n ante acoso de la derecha - MPPPST","isPartOf":{"@id":"https:\/\/www.mpppst.gob.ve\/mpppstweb\/#website"},"primaryImageOfPage":{"@id":"https:\/\/www.mpppst.gob.ve\/mpppstweb\/index.php\/2016\/02\/11\/clase-obrera-en-rebelion-ante-acoso-de-la-derecha\/#primaryimage"},"image":{"@id":"https:\/\/www.mpppst.gob.ve\/mpppstweb\/index.php\/2016\/02\/11\/clase-obrera-en-rebelion-ante-acoso-de-la-derecha\/#primaryimage"},"thumbnailUrl":"https:\/\/www.mpppst.gob.ve\/mpppstweb\/wp-content\/uploads\/2016\/02\/CBST.jpg","datePublished":"2016-02-11T15:54:25+00:00","dateModified":"2016-07-01T18:17:49+00:00","breadcrumb":{"@id":"https:\/\/www.mpppst.gob.ve\/mpppstweb\/index.php\/2016\/02\/11\/clase-obrera-en-rebelion-ante-acoso-de-la-derecha\/#breadcrumb"},"inLanguage":"es","potentialAction":[{"@type":"ReadAction","target":["https:\/\/www.mpppst.gob.ve\/mpppstweb\/index.php\/2016\/02\/11\/clase-obrera-en-rebelion-ante-acoso-de-la-derecha\/"]}]},{"@type":"ImageObject","inLanguage":"es","@id":"https:\/\/www.mpppst.gob.ve\/mpppstweb\/index.php\/2016\/02\/11\/clase-obrera-en-rebelion-ante-acoso-de-la-derecha\/#primaryimage","url":"https:\/\/www.mpppst.gob.ve\/mpppstweb\/wp-content\/uploads\/2016\/02\/CBST.jpg","contentUrl":"https:\/\/www.mpppst.gob.ve\/mpppstweb\/wp-content\/uploads\/2016\/02\/CBST.jpg","width":448,"height":298},{"@type":"BreadcrumbList","@id":"https:\/\/www.mpppst.gob.ve\/mpppstweb\/index.php\/2016\/02\/11\/clase-obrera-en-rebelion-ante-acoso-de-la-derecha\/#breadcrumb","itemListElement":[{"@type":"ListItem","position":1,"name":"Home","item":"https:\/\/www.mpppst.gob.ve\/mpppstweb\/"},{"@type":"ListItem","position":2,"name":"Clase obrera en rebeli\u00f3n ante acoso de la derecha"}]},{"@type":"WebSite","@id":"https:\/\/www.mpppst.gob.ve\/mpppstweb\/#website","url":"https:\/\/www.mpppst.gob.ve\/mpppstweb\/","name":"MPPPST","description":"Ministerio del Poder Popular para el Proceso Social de Trabajo","publisher":{"@id":"https:\/\/www.mpppst.gob.ve\/mpppstweb\/#organization"},"potentialAction":[{"@type":"SearchAction","target":{"@type":"EntryPoint","urlTemplate":"https:\/\/www.mpppst.gob.ve\/mpppstweb\/?s={search_term_string}"},"query-input":"required name=search_term_string"}],"inLanguage":"es"},{"@type":"Organization","@id":"https:\/\/www.mpppst.gob.ve\/mpppstweb\/#organization","name":"mpppst","url":"https:\/\/www.mpppst.gob.ve\/mpppstweb\/","logo":{"@type":"ImageObject","inLanguage":"es","@id":"https:\/\/www.mpppst.gob.ve\/mpppstweb\/#\/schema\/logo\/image\/","url":"https:\/\/www.mpppst.gob.ve\/mpppstweb\/wp-content\/uploads\/2025\/07\/cropped-cropped-g910.png","contentUrl":"https:\/\/www.mpppst.gob.ve\/mpppstweb\/wp-content\/uploads\/2025\/07\/cropped-cropped-g910.png","width":1080,"height":241,"caption":"mpppst"},"image":{"@id":"https:\/\/www.mpppst.gob.ve\/mpppstweb\/#\/schema\/logo\/image\/"}},{"@type":"Person","@id":"https:\/\/www.mpppst.gob.ve\/mpppstweb\/#\/schema\/person\/fc187ee8ead412bd4c9304b62f900ea4","name":"MPPPST Prensa","url":"https:\/\/www.mpppst.gob.ve\/mpppstweb\/index.php\/author\/prensa-mpppst\/"}]}},"_links":{"self":[{"href":"https:\/\/www.mpppst.gob.ve\/mpppstweb\/index.php\/wp-json\/wp\/v2\/posts\/4662"}],"collection":[{"href":"https:\/\/www.mpppst.gob.ve\/mpppstweb\/index.php\/wp-json\/wp\/v2\/posts"}],"about":[{"href":"https:\/\/www.mpppst.gob.ve\/mpppstweb\/index.php\/wp-json\/wp\/v2\/types\/post"}],"author":[{"embeddable":true,"href":"https:\/\/www.mpppst.gob.ve\/mpppstweb\/index.php\/wp-json\/wp\/v2\/users\/25"}],"replies":[{"embeddable":true,"href":"https:\/\/www.mpppst.gob.ve\/mpppstweb\/index.php\/wp-json\/wp\/v2\/comments?post=4662"}],"version-history":[{"count":1,"href":"https:\/\/www.mpppst.gob.ve\/mpppstweb\/index.php\/wp-json\/wp\/v2\/posts\/4662\/revisions"}],"predecessor-version":[{"id":7010,"href":"https:\/\/www.mpppst.gob.ve\/mpppstweb\/index.php\/wp-json\/wp\/v2\/posts\/4662\/revisions\/7010"}],"wp:featuredmedia":[{"embeddable":true,"href":"https:\/\/www.mpppst.gob.ve\/mpppstweb\/index.php\/wp-json\/wp\/v2\/media\/4663"}],"wp:attachment":[{"href":"https:\/\/www.mpppst.gob.ve\/mpppstweb\/index.php\/wp-json\/wp\/v2\/media?parent=4662"}],"wp:term":[{"taxonomy":"category","embeddable":true,"href":"https:\/\/www.mpppst.gob.ve\/mpppstweb\/index.php\/wp-json\/wp\/v2\/categories?post=4662"},{"taxonomy":"post_tag","embeddable":true,"href":"https:\/\/www.mpppst.gob.ve\/mpppstweb\/index.php\/wp-json\/wp\/v2\/tags?post=4662"}],"curies":[{"name":"wp","href":"https:\/\/api.w.org\/{rel}","templated":true}]}}