{"id":4665,"date":"2016-02-11T16:28:31","date_gmt":"2016-02-11T16:28:31","guid":{"rendered":"http:\/\/www.mpppst.gob.ve\/mpppstweb\/?p=4665"},"modified":"2016-07-01T18:18:05","modified_gmt":"2016-07-01T18:18:05","slug":"12-de-febrero-batalla-de-la-victoria-conozca-la-historia","status":"publish","type":"post","link":"https:\/\/www.mpppst.gob.ve\/mpppstweb\/index.php\/2016\/02\/11\/12-de-febrero-batalla-de-la-victoria-conozca-la-historia\/","title":{"rendered":"12 de Febrero, Batalla de la Victoria: Conozca la historia"},"content":{"rendered":"<p style=\"text-align: justify;\">Prensa AVN.- A finales de 1813 la poblaci\u00f3n venezolana estaba divida. As\u00ed lo explicaron Rafael Mar\u00eda Baralt y Ram\u00f3n D\u00edaz en 1841, a trav\u00e9s de su libro Resumen de la Historia de Venezuela desde el a\u00f1o 1979 hasta el de 1850. \u201cEn algunos pueblos hab\u00edan ocurrido sublevaciones peligrosas; innumerables partidas de guerrilleros despiadados recorr\u00edan y devastaban el territorio; el Apure estaba en armas para volver sobre Barinas, y (Jos\u00e9 Tom\u00e1s) Boves con 4.000 llaneros pr\u00f3ximo a caer sobre los valles de Aragua, como un azote de lo alto\u201d, cuentan Baralt y D\u00edaz.<\/p>\n<p style=\"text-align: justify;\">En este contexto, Sim\u00f3n Bol\u00edvar dispuso en Villa de Cura a Juan Vicente Campo El\u00edas, \u201cuno de sus jefes m\u00e1s valientes y a quien tem\u00eda Boves\u201d. El 3 de febrero de 1814 se encontraron Boves y Campo El\u00edas y este \u00faltimo fue vencido, por lo que Bol\u00edvar indic\u00f3 a Jos\u00e9 F\u00e9lix Ribas que apoyara la misi\u00f3n. Toda vez que Ribas estuvo al frente de sus tropas, entre los que se encontraban excelentes oficiales y unos mil estudiantes de colegios y seminarios de Caracas, inexpertos en cuanto a acciones b\u00e9licas, les dijo: \u201cNo podemos optar entre vencer o morir, es necesario vencer\u201d.<\/p>\n<p style=\"text-align: justify;\">\u201cEl 12 de febrero a las ocho de la ma\u00f1ana atac\u00f3 Boves impetuosamente a la Victoria por los caminos de villa de Cura y San Mateo. Sorprendi\u00f3 y mat\u00f3 las avanzadas que ten\u00edan los republicanos en el Pantanero, y apoder\u00e1ndose de toda la poblaci\u00f3n, los redujo al estrecho recinto de la plaza\u201d, rese\u00f1aron Baralt y D\u00edaz.<\/p>\n<p style=\"text-align: justify;\">Luego de ocho horas de combate, cuentan los historiadores que la posici\u00f3n de los patriotas empezaba a complicarse. En ese momento, apareci\u00f3 Mariano Montilla con 100 jinetes y 50 cazadores y lograron ahuyentar a los realistas.<\/p>\n<p style=\"text-align: justify;\">\u201cEste re\u00f1ido combate cost\u00f3 a los realistas una p\u00e9rdida considerable, el doble de la de los patriotas (\u2026) En \u00e9l muri\u00f3 Rivas D\u00e1vila y antes de morir supo que Ribas hab\u00eda quedado vencedor, por lo expres\u00f3: \u2018Muero contento, \u00a1viva la rep\u00fablica!\u201d.<\/p>\n<p style=\"text-align: justify;\">En reconocimiento al hero\u00edsmo de estos soldados y estudiantes, el 10 de febrero de 1947, la Asamblea Constituyente decret\u00f3 celebrar cada aniversario de la batalla como el \u201cD\u00eda de la Juventud\u201d.<\/p>\n<p style=\"text-align: justify;\">Asimismo, en honor al general Jos\u00e9 F\u00e9lix Ribas, el presidente Hugo Ch\u00e1vez cre\u00f3 en octubre del 2003, la Misi\u00f3n Ribas, coordinada por el Ministerio de Energ\u00eda y Petr\u00f3leo, con la finalidad de reinsertar a aquellas personas que no culminaron sus estudios de la tercera etapa de educaci\u00f3n media y diversificada. De esta forma, obtendr\u00edan su t\u00edtulo de bachiller integral avalado por el Ministerio de Educaci\u00f3n.<\/p>\n","protected":false},"excerpt":{"rendered":"<p>A finales de 1813 la poblaci\u00f3n venezolana estaba divida. As\u00ed lo explicaron Rafael Mar\u00eda Baralt y Ram\u00f3n D\u00edaz en 1841, a trav\u00e9s de su libro Resumen de la Historia de Venezuela desde el a\u00f1o 1979 hasta el de 1850.<\/p>\n","protected":false},"author":25,"featured_media":4666,"comment_status":"closed","ping_status":"closed","sticky":false,"template":"","format":"standard","meta":{"footnotes":""},"categories":[82],"tags":[],"yoast_head":"<!-- This site is optimized with the Yoast SEO plugin v22.5 - https:\/\/yoast.com\/wordpress\/plugins\/seo\/ -->\n<title>12 de Febrero, Batalla de la Victoria: Conozca la historia - MPPPST<\/title>\n<meta name=\"robots\" content=\"index, follow, max-snippet:-1, max-image-preview:large, max-video-preview:-1\" \/>\n<link rel=\"canonical\" href=\"https:\/\/www.mpppst.gob.ve\/mpppstweb\/index.php\/2016\/02\/11\/12-de-febrero-batalla-de-la-victoria-conozca-la-historia\/\" \/>\n<meta property=\"og:locale\" content=\"es_ES\" \/>\n<meta property=\"og:type\" content=\"article\" \/>\n<meta property=\"og:title\" content=\"12 de Febrero, Batalla de la Victoria: Conozca la historia - MPPPST\" \/>\n<meta property=\"og:description\" content=\"A finales de 1813 la poblaci\u00f3n venezolana estaba divida. As\u00ed lo explicaron Rafael Mar\u00eda Baralt y Ram\u00f3n D\u00edaz en 1841, a trav\u00e9s de su libro Resumen de la Historia de Venezuela desde el a\u00f1o 1979 hasta el de 1850.\" \/>\n<meta property=\"og:url\" content=\"https:\/\/www.mpppst.gob.ve\/mpppstweb\/index.php\/2016\/02\/11\/12-de-febrero-batalla-de-la-victoria-conozca-la-historia\/\" \/>\n<meta property=\"og:site_name\" content=\"MPPPST\" \/>\n<meta property=\"article:published_time\" content=\"2016-02-11T16:28:31+00:00\" \/>\n<meta property=\"article:modified_time\" content=\"2016-07-01T18:18:05+00:00\" \/>\n<meta property=\"og:image\" content=\"https:\/\/www.mpppst.gob.ve\/mpppstweb\/wp-content\/uploads\/2016\/02\/victoria.jpg\" \/>\n\t<meta property=\"og:image:width\" content=\"448\" \/>\n\t<meta property=\"og:image:height\" content=\"298\" \/>\n\t<meta property=\"og:image:type\" content=\"image\/jpeg\" \/>\n<meta name=\"author\" content=\"MPPPST Prensa\" \/>\n<meta name=\"twitter:card\" content=\"summary_large_image\" \/>\n<meta name=\"twitter:label1\" content=\"Escrito por\" \/>\n\t<meta name=\"twitter:data1\" content=\"MPPPST Prensa\" \/>\n\t<meta name=\"twitter:label2\" content=\"Tiempo de lectura\" \/>\n\t<meta name=\"twitter:data2\" content=\"2 minutos\" \/>\n<script type=\"application\/ld+json\" class=\"yoast-schema-graph\">{\"@context\":\"https:\/\/schema.org\",\"@graph\":[{\"@type\":\"Article\",\"@id\":\"https:\/\/www.mpppst.gob.ve\/mpppstweb\/index.php\/2016\/02\/11\/12-de-febrero-batalla-de-la-victoria-conozca-la-historia\/#article\",\"isPartOf\":{\"@id\":\"https:\/\/www.mpppst.gob.ve\/mpppstweb\/index.php\/2016\/02\/11\/12-de-febrero-batalla-de-la-victoria-conozca-la-historia\/\"},\"author\":{\"name\":\"MPPPST Prensa\",\"@id\":\"https:\/\/www.mpppst.gob.ve\/mpppstweb\/#\/schema\/person\/fc187ee8ead412bd4c9304b62f900ea4\"},\"headline\":\"12 de Febrero, Batalla de la Victoria: Conozca la historia\",\"datePublished\":\"2016-02-11T16:28:31+00:00\",\"dateModified\":\"2016-07-01T18:18:05+00:00\",\"mainEntityOfPage\":{\"@id\":\"https:\/\/www.mpppst.gob.ve\/mpppstweb\/index.php\/2016\/02\/11\/12-de-febrero-batalla-de-la-victoria-conozca-la-historia\/\"},\"wordCount\":462,\"publisher\":{\"@id\":\"https:\/\/www.mpppst.gob.ve\/mpppstweb\/#organization\"},\"image\":{\"@id\":\"https:\/\/www.mpppst.gob.ve\/mpppstweb\/index.php\/2016\/02\/11\/12-de-febrero-batalla-de-la-victoria-conozca-la-historia\/#primaryimage\"},\"thumbnailUrl\":\"https:\/\/www.mpppst.gob.ve\/mpppstweb\/wp-content\/uploads\/2016\/02\/victoria.jpg\",\"articleSection\":[\"Gobierno Nacional\"],\"inLanguage\":\"es\"},{\"@type\":\"WebPage\",\"@id\":\"https:\/\/www.mpppst.gob.ve\/mpppstweb\/index.php\/2016\/02\/11\/12-de-febrero-batalla-de-la-victoria-conozca-la-historia\/\",\"url\":\"https:\/\/www.mpppst.gob.ve\/mpppstweb\/index.php\/2016\/02\/11\/12-de-febrero-batalla-de-la-victoria-conozca-la-historia\/\",\"name\":\"12 de Febrero, Batalla de la Victoria: Conozca la historia - MPPPST\",\"isPartOf\":{\"@id\":\"https:\/\/www.mpppst.gob.ve\/mpppstweb\/#website\"},\"primaryImageOfPage\":{\"@id\":\"https:\/\/www.mpppst.gob.ve\/mpppstweb\/index.php\/2016\/02\/11\/12-de-febrero-batalla-de-la-victoria-conozca-la-historia\/#primaryimage\"},\"image\":{\"@id\":\"https:\/\/www.mpppst.gob.ve\/mpppstweb\/index.php\/2016\/02\/11\/12-de-febrero-batalla-de-la-victoria-conozca-la-historia\/#primaryimage\"},\"thumbnailUrl\":\"https:\/\/www.mpppst.gob.ve\/mpppstweb\/wp-content\/uploads\/2016\/02\/victoria.jpg\",\"datePublished\":\"2016-02-11T16:28:31+00:00\",\"dateModified\":\"2016-07-01T18:18:05+00:00\",\"breadcrumb\":{\"@id\":\"https:\/\/www.mpppst.gob.ve\/mpppstweb\/index.php\/2016\/02\/11\/12-de-febrero-batalla-de-la-victoria-conozca-la-historia\/#breadcrumb\"},\"inLanguage\":\"es\",\"potentialAction\":[{\"@type\":\"ReadAction\",\"target\":[\"https:\/\/www.mpppst.gob.ve\/mpppstweb\/index.php\/2016\/02\/11\/12-de-febrero-batalla-de-la-victoria-conozca-la-historia\/\"]}]},{\"@type\":\"ImageObject\",\"inLanguage\":\"es\",\"@id\":\"https:\/\/www.mpppst.gob.ve\/mpppstweb\/index.php\/2016\/02\/11\/12-de-febrero-batalla-de-la-victoria-conozca-la-historia\/#primaryimage\",\"url\":\"https:\/\/www.mpppst.gob.ve\/mpppstweb\/wp-content\/uploads\/2016\/02\/victoria.jpg\",\"contentUrl\":\"https:\/\/www.mpppst.gob.ve\/mpppstweb\/wp-content\/uploads\/2016\/02\/victoria.jpg\",\"width\":448,\"height\":298},{\"@type\":\"BreadcrumbList\",\"@id\":\"https:\/\/www.mpppst.gob.ve\/mpppstweb\/index.php\/2016\/02\/11\/12-de-febrero-batalla-de-la-victoria-conozca-la-historia\/#breadcrumb\",\"itemListElement\":[{\"@type\":\"ListItem\",\"position\":1,\"name\":\"Home\",\"item\":\"https:\/\/www.mpppst.gob.ve\/mpppstweb\/\"},{\"@type\":\"ListItem\",\"position\":2,\"name\":\"12 de Febrero, Batalla de la Victoria: Conozca la historia\"}]},{\"@type\":\"WebSite\",\"@id\":\"https:\/\/www.mpppst.gob.ve\/mpppstweb\/#website\",\"url\":\"https:\/\/www.mpppst.gob.ve\/mpppstweb\/\",\"name\":\"MPPPST\",\"description\":\"Ministerio del Poder Popular para el Proceso Social de Trabajo\",\"publisher\":{\"@id\":\"https:\/\/www.mpppst.gob.ve\/mpppstweb\/#organization\"},\"potentialAction\":[{\"@type\":\"SearchAction\",\"target\":{\"@type\":\"EntryPoint\",\"urlTemplate\":\"https:\/\/www.mpppst.gob.ve\/mpppstweb\/?s={search_term_string}\"},\"query-input\":\"required name=search_term_string\"}],\"inLanguage\":\"es\"},{\"@type\":\"Organization\",\"@id\":\"https:\/\/www.mpppst.gob.ve\/mpppstweb\/#organization\",\"name\":\"mpppst\",\"url\":\"https:\/\/www.mpppst.gob.ve\/mpppstweb\/\",\"logo\":{\"@type\":\"ImageObject\",\"inLanguage\":\"es\",\"@id\":\"https:\/\/www.mpppst.gob.ve\/mpppstweb\/#\/schema\/logo\/image\/\",\"url\":\"https:\/\/www.mpppst.gob.ve\/mpppstweb\/wp-content\/uploads\/2025\/07\/cropped-cropped-g910.png\",\"contentUrl\":\"https:\/\/www.mpppst.gob.ve\/mpppstweb\/wp-content\/uploads\/2025\/07\/cropped-cropped-g910.png\",\"width\":1080,\"height\":241,\"caption\":\"mpppst\"},\"image\":{\"@id\":\"https:\/\/www.mpppst.gob.ve\/mpppstweb\/#\/schema\/logo\/image\/\"}},{\"@type\":\"Person\",\"@id\":\"https:\/\/www.mpppst.gob.ve\/mpppstweb\/#\/schema\/person\/fc187ee8ead412bd4c9304b62f900ea4\",\"name\":\"MPPPST Prensa\",\"url\":\"https:\/\/www.mpppst.gob.ve\/mpppstweb\/index.php\/author\/prensa-mpppst\/\"}]}<\/script>\n<!-- \/ Yoast SEO plugin. -->","yoast_head_json":{"title":"12 de Febrero, Batalla de la Victoria: Conozca la historia - MPPPST","robots":{"index":"index","follow":"follow","max-snippet":"max-snippet:-1","max-image-preview":"max-image-preview:large","max-video-preview":"max-video-preview:-1"},"canonical":"https:\/\/www.mpppst.gob.ve\/mpppstweb\/index.php\/2016\/02\/11\/12-de-febrero-batalla-de-la-victoria-conozca-la-historia\/","og_locale":"es_ES","og_type":"article","og_title":"12 de Febrero, Batalla de la Victoria: Conozca la historia - MPPPST","og_description":"A finales de 1813 la poblaci\u00f3n venezolana estaba divida. As\u00ed lo explicaron Rafael Mar\u00eda Baralt y Ram\u00f3n D\u00edaz en 1841, a trav\u00e9s de su libro Resumen de la Historia de Venezuela desde el a\u00f1o 1979 hasta el de 1850.","og_url":"https:\/\/www.mpppst.gob.ve\/mpppstweb\/index.php\/2016\/02\/11\/12-de-febrero-batalla-de-la-victoria-conozca-la-historia\/","og_site_name":"MPPPST","article_published_time":"2016-02-11T16:28:31+00:00","article_modified_time":"2016-07-01T18:18:05+00:00","og_image":[{"width":448,"height":298,"url":"https:\/\/www.mpppst.gob.ve\/mpppstweb\/wp-content\/uploads\/2016\/02\/victoria.jpg","type":"image\/jpeg"}],"author":"MPPPST Prensa","twitter_card":"summary_large_image","twitter_misc":{"Escrito por":"MPPPST Prensa","Tiempo de lectura":"2 minutos"},"schema":{"@context":"https:\/\/schema.org","@graph":[{"@type":"Article","@id":"https:\/\/www.mpppst.gob.ve\/mpppstweb\/index.php\/2016\/02\/11\/12-de-febrero-batalla-de-la-victoria-conozca-la-historia\/#article","isPartOf":{"@id":"https:\/\/www.mpppst.gob.ve\/mpppstweb\/index.php\/2016\/02\/11\/12-de-febrero-batalla-de-la-victoria-conozca-la-historia\/"},"author":{"name":"MPPPST Prensa","@id":"https:\/\/www.mpppst.gob.ve\/mpppstweb\/#\/schema\/person\/fc187ee8ead412bd4c9304b62f900ea4"},"headline":"12 de Febrero, Batalla de la Victoria: Conozca la historia","datePublished":"2016-02-11T16:28:31+00:00","dateModified":"2016-07-01T18:18:05+00:00","mainEntityOfPage":{"@id":"https:\/\/www.mpppst.gob.ve\/mpppstweb\/index.php\/2016\/02\/11\/12-de-febrero-batalla-de-la-victoria-conozca-la-historia\/"},"wordCount":462,"publisher":{"@id":"https:\/\/www.mpppst.gob.ve\/mpppstweb\/#organization"},"image":{"@id":"https:\/\/www.mpppst.gob.ve\/mpppstweb\/index.php\/2016\/02\/11\/12-de-febrero-batalla-de-la-victoria-conozca-la-historia\/#primaryimage"},"thumbnailUrl":"https:\/\/www.mpppst.gob.ve\/mpppstweb\/wp-content\/uploads\/2016\/02\/victoria.jpg","articleSection":["Gobierno Nacional"],"inLanguage":"es"},{"@type":"WebPage","@id":"https:\/\/www.mpppst.gob.ve\/mpppstweb\/index.php\/2016\/02\/11\/12-de-febrero-batalla-de-la-victoria-conozca-la-historia\/","url":"https:\/\/www.mpppst.gob.ve\/mpppstweb\/index.php\/2016\/02\/11\/12-de-febrero-batalla-de-la-victoria-conozca-la-historia\/","name":"12 de Febrero, Batalla de la Victoria: Conozca la historia - MPPPST","isPartOf":{"@id":"https:\/\/www.mpppst.gob.ve\/mpppstweb\/#website"},"primaryImageOfPage":{"@id":"https:\/\/www.mpppst.gob.ve\/mpppstweb\/index.php\/2016\/02\/11\/12-de-febrero-batalla-de-la-victoria-conozca-la-historia\/#primaryimage"},"image":{"@id":"https:\/\/www.mpppst.gob.ve\/mpppstweb\/index.php\/2016\/02\/11\/12-de-febrero-batalla-de-la-victoria-conozca-la-historia\/#primaryimage"},"thumbnailUrl":"https:\/\/www.mpppst.gob.ve\/mpppstweb\/wp-content\/uploads\/2016\/02\/victoria.jpg","datePublished":"2016-02-11T16:28:31+00:00","dateModified":"2016-07-01T18:18:05+00:00","breadcrumb":{"@id":"https:\/\/www.mpppst.gob.ve\/mpppstweb\/index.php\/2016\/02\/11\/12-de-febrero-batalla-de-la-victoria-conozca-la-historia\/#breadcrumb"},"inLanguage":"es","potentialAction":[{"@type":"ReadAction","target":["https:\/\/www.mpppst.gob.ve\/mpppstweb\/index.php\/2016\/02\/11\/12-de-febrero-batalla-de-la-victoria-conozca-la-historia\/"]}]},{"@type":"ImageObject","inLanguage":"es","@id":"https:\/\/www.mpppst.gob.ve\/mpppstweb\/index.php\/2016\/02\/11\/12-de-febrero-batalla-de-la-victoria-conozca-la-historia\/#primaryimage","url":"https:\/\/www.mpppst.gob.ve\/mpppstweb\/wp-content\/uploads\/2016\/02\/victoria.jpg","contentUrl":"https:\/\/www.mpppst.gob.ve\/mpppstweb\/wp-content\/uploads\/2016\/02\/victoria.jpg","width":448,"height":298},{"@type":"BreadcrumbList","@id":"https:\/\/www.mpppst.gob.ve\/mpppstweb\/index.php\/2016\/02\/11\/12-de-febrero-batalla-de-la-victoria-conozca-la-historia\/#breadcrumb","itemListElement":[{"@type":"ListItem","position":1,"name":"Home","item":"https:\/\/www.mpppst.gob.ve\/mpppstweb\/"},{"@type":"ListItem","position":2,"name":"12 de Febrero, Batalla de la Victoria: Conozca la historia"}]},{"@type":"WebSite","@id":"https:\/\/www.mpppst.gob.ve\/mpppstweb\/#website","url":"https:\/\/www.mpppst.gob.ve\/mpppstweb\/","name":"MPPPST","description":"Ministerio del Poder Popular para el Proceso Social de Trabajo","publisher":{"@id":"https:\/\/www.mpppst.gob.ve\/mpppstweb\/#organization"},"potentialAction":[{"@type":"SearchAction","target":{"@type":"EntryPoint","urlTemplate":"https:\/\/www.mpppst.gob.ve\/mpppstweb\/?s={search_term_string}"},"query-input":"required name=search_term_string"}],"inLanguage":"es"},{"@type":"Organization","@id":"https:\/\/www.mpppst.gob.ve\/mpppstweb\/#organization","name":"mpppst","url":"https:\/\/www.mpppst.gob.ve\/mpppstweb\/","logo":{"@type":"ImageObject","inLanguage":"es","@id":"https:\/\/www.mpppst.gob.ve\/mpppstweb\/#\/schema\/logo\/image\/","url":"https:\/\/www.mpppst.gob.ve\/mpppstweb\/wp-content\/uploads\/2025\/07\/cropped-cropped-g910.png","contentUrl":"https:\/\/www.mpppst.gob.ve\/mpppstweb\/wp-content\/uploads\/2025\/07\/cropped-cropped-g910.png","width":1080,"height":241,"caption":"mpppst"},"image":{"@id":"https:\/\/www.mpppst.gob.ve\/mpppstweb\/#\/schema\/logo\/image\/"}},{"@type":"Person","@id":"https:\/\/www.mpppst.gob.ve\/mpppstweb\/#\/schema\/person\/fc187ee8ead412bd4c9304b62f900ea4","name":"MPPPST Prensa","url":"https:\/\/www.mpppst.gob.ve\/mpppstweb\/index.php\/author\/prensa-mpppst\/"}]}},"_links":{"self":[{"href":"https:\/\/www.mpppst.gob.ve\/mpppstweb\/index.php\/wp-json\/wp\/v2\/posts\/4665"}],"collection":[{"href":"https:\/\/www.mpppst.gob.ve\/mpppstweb\/index.php\/wp-json\/wp\/v2\/posts"}],"about":[{"href":"https:\/\/www.mpppst.gob.ve\/mpppstweb\/index.php\/wp-json\/wp\/v2\/types\/post"}],"author":[{"embeddable":true,"href":"https:\/\/www.mpppst.gob.ve\/mpppstweb\/index.php\/wp-json\/wp\/v2\/users\/25"}],"replies":[{"embeddable":true,"href":"https:\/\/www.mpppst.gob.ve\/mpppstweb\/index.php\/wp-json\/wp\/v2\/comments?post=4665"}],"version-history":[{"count":1,"href":"https:\/\/www.mpppst.gob.ve\/mpppstweb\/index.php\/wp-json\/wp\/v2\/posts\/4665\/revisions"}],"predecessor-version":[{"id":7011,"href":"https:\/\/www.mpppst.gob.ve\/mpppstweb\/index.php\/wp-json\/wp\/v2\/posts\/4665\/revisions\/7011"}],"wp:featuredmedia":[{"embeddable":true,"href":"https:\/\/www.mpppst.gob.ve\/mpppstweb\/index.php\/wp-json\/wp\/v2\/media\/4666"}],"wp:attachment":[{"href":"https:\/\/www.mpppst.gob.ve\/mpppstweb\/index.php\/wp-json\/wp\/v2\/media?parent=4665"}],"wp:term":[{"taxonomy":"category","embeddable":true,"href":"https:\/\/www.mpppst.gob.ve\/mpppstweb\/index.php\/wp-json\/wp\/v2\/categories?post=4665"},{"taxonomy":"post_tag","embeddable":true,"href":"https:\/\/www.mpppst.gob.ve\/mpppstweb\/index.php\/wp-json\/wp\/v2\/tags?post=4665"}],"curies":[{"name":"wp","href":"https:\/\/api.w.org\/{rel}","templated":true}]}}