{"id":4671,"date":"2016-02-11T18:35:51","date_gmt":"2016-02-11T18:35:51","guid":{"rendered":"http:\/\/www.mpppst.gob.ve\/mpppstweb\/?p=4671"},"modified":"2016-07-01T18:18:41","modified_gmt":"2016-07-01T18:18:41","slug":"presidente-maduro-inaugura-fabrica-socialista-de-tubos-que-generara-insumos-para-la-gmvv","status":"publish","type":"post","link":"https:\/\/www.mpppst.gob.ve\/mpppstweb\/index.php\/2016\/02\/11\/presidente-maduro-inaugura-fabrica-socialista-de-tubos-que-generara-insumos-para-la-gmvv\/","title":{"rendered":"Presidente Maduro inaugura f\u00e1brica socialista de tubos que generar\u00e1 insumos para la GMVV"},"content":{"rendered":"<p style=\"text-align: justify;\">AVN.- El presidente de la Rep\u00fablica, Nicol\u00e1s Maduro, inaugura este jueves la f\u00e1brica de tubos de policloruro de vinilo (PVC) Flor Amarillo, ubicada en Valencia, estado Carabobo, una empresa de propiedad social indirecta impulsada por la Gran Misi\u00f3n Saber y Trabajo, cuya producci\u00f3n ir\u00e1 directamente a la disposici\u00f3n de la Gran Misi\u00f3n Vivienda Venezuela (GMVV), para la construcci\u00f3n de 20.736 viviendas al a\u00f1o.<\/p>\n<p style=\"text-align: justify;\">La empresa socialista Flor Amarillo est\u00e1 conformada por seis productores, y su capacidad instalada de producci\u00f3n es de 2.160 tubos diarios y 43.200 tubos mensuales, con una inversi\u00f3n total de 220.000.000 bol\u00edvares, indica una nota de prensa del Ministerio para las Comunas y los Movimientos Sociales.<\/p>\n<p style=\"text-align: justify;\">La f\u00e1brica puede producir 2.160 tubos de PCV semanales, y dotar a la GMVV para construir al a\u00f1o cerca de 21 mil viviendas.<\/p>\n<p style=\"text-align: justify;\">Este tipo de iniciativa constituye una oportunidad para avanzar en la transformaci\u00f3n del modelo rentista a un nuevo modelo productivo diversificado, y se encuentra enmarcada en los motores econ\u00f3micos que atienden sectores centrales de la econom\u00eda para atender la coyuntura actual.<\/p>\n<p style=\"text-align: justify;\">El nuevo modelo econ\u00f3mico productivo se basa en un proceso medular que busca no solo el acondicionamiento del mercado interno, sino en la generaci\u00f3n de divisas internas y la ampliaci\u00f3n del campo de trabajo; por ello, se impulsa el trabajo comunal.<\/p>\n","protected":false},"excerpt":{"rendered":"<p> El presidente de la Rep\u00fablica, Nicol\u00e1s Maduro, inaugura este jueves la f\u00e1brica de tubos de policloruro de vinilo (PVC) Flor Amarillo<\/p>\n","protected":false},"author":25,"featured_media":4672,"comment_status":"closed","ping_status":"closed","sticky":false,"template":"","format":"standard","meta":{"footnotes":""},"categories":[82],"tags":[],"yoast_head":"<!-- This site is optimized with the Yoast SEO plugin v22.5 - https:\/\/yoast.com\/wordpress\/plugins\/seo\/ -->\n<title>Presidente Maduro inaugura f\u00e1brica socialista de tubos que generar\u00e1 insumos para la GMVV - MPPPST<\/title>\n<meta name=\"robots\" content=\"index, follow, max-snippet:-1, max-image-preview:large, max-video-preview:-1\" \/>\n<link rel=\"canonical\" href=\"https:\/\/www.mpppst.gob.ve\/mpppstweb\/index.php\/2016\/02\/11\/presidente-maduro-inaugura-fabrica-socialista-de-tubos-que-generara-insumos-para-la-gmvv\/\" \/>\n<meta property=\"og:locale\" content=\"es_ES\" \/>\n<meta property=\"og:type\" content=\"article\" \/>\n<meta property=\"og:title\" content=\"Presidente Maduro inaugura f\u00e1brica socialista de tubos que generar\u00e1 insumos para la GMVV - MPPPST\" \/>\n<meta property=\"og:description\" content=\"El presidente de la Rep\u00fablica, Nicol\u00e1s Maduro, inaugura este jueves la f\u00e1brica de tubos de policloruro de vinilo (PVC) Flor Amarillo\" \/>\n<meta property=\"og:url\" content=\"https:\/\/www.mpppst.gob.ve\/mpppstweb\/index.php\/2016\/02\/11\/presidente-maduro-inaugura-fabrica-socialista-de-tubos-que-generara-insumos-para-la-gmvv\/\" \/>\n<meta property=\"og:site_name\" content=\"MPPPST\" \/>\n<meta property=\"article:published_time\" content=\"2016-02-11T18:35:51+00:00\" \/>\n<meta property=\"article:modified_time\" content=\"2016-07-01T18:18:41+00:00\" \/>\n<meta property=\"og:image\" content=\"https:\/\/www.mpppst.gob.ve\/mpppstweb\/wp-content\/uploads\/2016\/02\/Planta-de-PVC-Flor-Amarillo-6.jpg\" \/>\n\t<meta property=\"og:image:width\" content=\"448\" \/>\n\t<meta property=\"og:image:height\" content=\"298\" \/>\n\t<meta property=\"og:image:type\" content=\"image\/jpeg\" \/>\n<meta name=\"author\" content=\"MPPPST Prensa\" \/>\n<meta name=\"twitter:card\" content=\"summary_large_image\" \/>\n<meta name=\"twitter:label1\" content=\"Escrito por\" \/>\n\t<meta name=\"twitter:data1\" content=\"MPPPST Prensa\" \/>\n\t<meta name=\"twitter:label2\" content=\"Tiempo de lectura\" \/>\n\t<meta name=\"twitter:data2\" content=\"1 minuto\" \/>\n<script type=\"application\/ld+json\" class=\"yoast-schema-graph\">{\"@context\":\"https:\/\/schema.org\",\"@graph\":[{\"@type\":\"Article\",\"@id\":\"https:\/\/www.mpppst.gob.ve\/mpppstweb\/index.php\/2016\/02\/11\/presidente-maduro-inaugura-fabrica-socialista-de-tubos-que-generara-insumos-para-la-gmvv\/#article\",\"isPartOf\":{\"@id\":\"https:\/\/www.mpppst.gob.ve\/mpppstweb\/index.php\/2016\/02\/11\/presidente-maduro-inaugura-fabrica-socialista-de-tubos-que-generara-insumos-para-la-gmvv\/\"},\"author\":{\"name\":\"MPPPST Prensa\",\"@id\":\"https:\/\/www.mpppst.gob.ve\/mpppstweb\/#\/schema\/person\/fc187ee8ead412bd4c9304b62f900ea4\"},\"headline\":\"Presidente Maduro inaugura f\u00e1brica socialista de tubos que generar\u00e1 insumos para la GMVV\",\"datePublished\":\"2016-02-11T18:35:51+00:00\",\"dateModified\":\"2016-07-01T18:18:41+00:00\",\"mainEntityOfPage\":{\"@id\":\"https:\/\/www.mpppst.gob.ve\/mpppstweb\/index.php\/2016\/02\/11\/presidente-maduro-inaugura-fabrica-socialista-de-tubos-que-generara-insumos-para-la-gmvv\/\"},\"wordCount\":243,\"publisher\":{\"@id\":\"https:\/\/www.mpppst.gob.ve\/mpppstweb\/#organization\"},\"image\":{\"@id\":\"https:\/\/www.mpppst.gob.ve\/mpppstweb\/index.php\/2016\/02\/11\/presidente-maduro-inaugura-fabrica-socialista-de-tubos-que-generara-insumos-para-la-gmvv\/#primaryimage\"},\"thumbnailUrl\":\"https:\/\/www.mpppst.gob.ve\/mpppstweb\/wp-content\/uploads\/2016\/02\/Planta-de-PVC-Flor-Amarillo-6.jpg\",\"articleSection\":[\"Gobierno Nacional\"],\"inLanguage\":\"es\"},{\"@type\":\"WebPage\",\"@id\":\"https:\/\/www.mpppst.gob.ve\/mpppstweb\/index.php\/2016\/02\/11\/presidente-maduro-inaugura-fabrica-socialista-de-tubos-que-generara-insumos-para-la-gmvv\/\",\"url\":\"https:\/\/www.mpppst.gob.ve\/mpppstweb\/index.php\/2016\/02\/11\/presidente-maduro-inaugura-fabrica-socialista-de-tubos-que-generara-insumos-para-la-gmvv\/\",\"name\":\"Presidente Maduro inaugura f\u00e1brica socialista de tubos que generar\u00e1 insumos para la GMVV - MPPPST\",\"isPartOf\":{\"@id\":\"https:\/\/www.mpppst.gob.ve\/mpppstweb\/#website\"},\"primaryImageOfPage\":{\"@id\":\"https:\/\/www.mpppst.gob.ve\/mpppstweb\/index.php\/2016\/02\/11\/presidente-maduro-inaugura-fabrica-socialista-de-tubos-que-generara-insumos-para-la-gmvv\/#primaryimage\"},\"image\":{\"@id\":\"https:\/\/www.mpppst.gob.ve\/mpppstweb\/index.php\/2016\/02\/11\/presidente-maduro-inaugura-fabrica-socialista-de-tubos-que-generara-insumos-para-la-gmvv\/#primaryimage\"},\"thumbnailUrl\":\"https:\/\/www.mpppst.gob.ve\/mpppstweb\/wp-content\/uploads\/2016\/02\/Planta-de-PVC-Flor-Amarillo-6.jpg\",\"datePublished\":\"2016-02-11T18:35:51+00:00\",\"dateModified\":\"2016-07-01T18:18:41+00:00\",\"breadcrumb\":{\"@id\":\"https:\/\/www.mpppst.gob.ve\/mpppstweb\/index.php\/2016\/02\/11\/presidente-maduro-inaugura-fabrica-socialista-de-tubos-que-generara-insumos-para-la-gmvv\/#breadcrumb\"},\"inLanguage\":\"es\",\"potentialAction\":[{\"@type\":\"ReadAction\",\"target\":[\"https:\/\/www.mpppst.gob.ve\/mpppstweb\/index.php\/2016\/02\/11\/presidente-maduro-inaugura-fabrica-socialista-de-tubos-que-generara-insumos-para-la-gmvv\/\"]}]},{\"@type\":\"ImageObject\",\"inLanguage\":\"es\",\"@id\":\"https:\/\/www.mpppst.gob.ve\/mpppstweb\/index.php\/2016\/02\/11\/presidente-maduro-inaugura-fabrica-socialista-de-tubos-que-generara-insumos-para-la-gmvv\/#primaryimage\",\"url\":\"https:\/\/www.mpppst.gob.ve\/mpppstweb\/wp-content\/uploads\/2016\/02\/Planta-de-PVC-Flor-Amarillo-6.jpg\",\"contentUrl\":\"https:\/\/www.mpppst.gob.ve\/mpppstweb\/wp-content\/uploads\/2016\/02\/Planta-de-PVC-Flor-Amarillo-6.jpg\",\"width\":448,\"height\":298},{\"@type\":\"BreadcrumbList\",\"@id\":\"https:\/\/www.mpppst.gob.ve\/mpppstweb\/index.php\/2016\/02\/11\/presidente-maduro-inaugura-fabrica-socialista-de-tubos-que-generara-insumos-para-la-gmvv\/#breadcrumb\",\"itemListElement\":[{\"@type\":\"ListItem\",\"position\":1,\"name\":\"Home\",\"item\":\"https:\/\/www.mpppst.gob.ve\/mpppstweb\/\"},{\"@type\":\"ListItem\",\"position\":2,\"name\":\"Presidente Maduro inaugura f\u00e1brica socialista de tubos que generar\u00e1 insumos para la GMVV\"}]},{\"@type\":\"WebSite\",\"@id\":\"https:\/\/www.mpppst.gob.ve\/mpppstweb\/#website\",\"url\":\"https:\/\/www.mpppst.gob.ve\/mpppstweb\/\",\"name\":\"MPPPST\",\"description\":\"Ministerio del Poder Popular para el Proceso Social de Trabajo\",\"publisher\":{\"@id\":\"https:\/\/www.mpppst.gob.ve\/mpppstweb\/#organization\"},\"potentialAction\":[{\"@type\":\"SearchAction\",\"target\":{\"@type\":\"EntryPoint\",\"urlTemplate\":\"https:\/\/www.mpppst.gob.ve\/mpppstweb\/?s={search_term_string}\"},\"query-input\":\"required name=search_term_string\"}],\"inLanguage\":\"es\"},{\"@type\":\"Organization\",\"@id\":\"https:\/\/www.mpppst.gob.ve\/mpppstweb\/#organization\",\"name\":\"mpppst\",\"url\":\"https:\/\/www.mpppst.gob.ve\/mpppstweb\/\",\"logo\":{\"@type\":\"ImageObject\",\"inLanguage\":\"es\",\"@id\":\"https:\/\/www.mpppst.gob.ve\/mpppstweb\/#\/schema\/logo\/image\/\",\"url\":\"https:\/\/www.mpppst.gob.ve\/mpppstweb\/wp-content\/uploads\/2025\/07\/cropped-cropped-g910.png\",\"contentUrl\":\"https:\/\/www.mpppst.gob.ve\/mpppstweb\/wp-content\/uploads\/2025\/07\/cropped-cropped-g910.png\",\"width\":1080,\"height\":241,\"caption\":\"mpppst\"},\"image\":{\"@id\":\"https:\/\/www.mpppst.gob.ve\/mpppstweb\/#\/schema\/logo\/image\/\"}},{\"@type\":\"Person\",\"@id\":\"https:\/\/www.mpppst.gob.ve\/mpppstweb\/#\/schema\/person\/fc187ee8ead412bd4c9304b62f900ea4\",\"name\":\"MPPPST Prensa\",\"url\":\"https:\/\/www.mpppst.gob.ve\/mpppstweb\/index.php\/author\/prensa-mpppst\/\"}]}<\/script>\n<!-- \/ Yoast SEO plugin. -->","yoast_head_json":{"title":"Presidente Maduro inaugura f\u00e1brica socialista de tubos que generar\u00e1 insumos para la GMVV - MPPPST","robots":{"index":"index","follow":"follow","max-snippet":"max-snippet:-1","max-image-preview":"max-image-preview:large","max-video-preview":"max-video-preview:-1"},"canonical":"https:\/\/www.mpppst.gob.ve\/mpppstweb\/index.php\/2016\/02\/11\/presidente-maduro-inaugura-fabrica-socialista-de-tubos-que-generara-insumos-para-la-gmvv\/","og_locale":"es_ES","og_type":"article","og_title":"Presidente Maduro inaugura f\u00e1brica socialista de tubos que generar\u00e1 insumos para la GMVV - MPPPST","og_description":"El presidente de la Rep\u00fablica, Nicol\u00e1s Maduro, inaugura este jueves la f\u00e1brica de tubos de policloruro de vinilo (PVC) Flor Amarillo","og_url":"https:\/\/www.mpppst.gob.ve\/mpppstweb\/index.php\/2016\/02\/11\/presidente-maduro-inaugura-fabrica-socialista-de-tubos-que-generara-insumos-para-la-gmvv\/","og_site_name":"MPPPST","article_published_time":"2016-02-11T18:35:51+00:00","article_modified_time":"2016-07-01T18:18:41+00:00","og_image":[{"width":448,"height":298,"url":"https:\/\/www.mpppst.gob.ve\/mpppstweb\/wp-content\/uploads\/2016\/02\/Planta-de-PVC-Flor-Amarillo-6.jpg","type":"image\/jpeg"}],"author":"MPPPST Prensa","twitter_card":"summary_large_image","twitter_misc":{"Escrito por":"MPPPST Prensa","Tiempo de lectura":"1 minuto"},"schema":{"@context":"https:\/\/schema.org","@graph":[{"@type":"Article","@id":"https:\/\/www.mpppst.gob.ve\/mpppstweb\/index.php\/2016\/02\/11\/presidente-maduro-inaugura-fabrica-socialista-de-tubos-que-generara-insumos-para-la-gmvv\/#article","isPartOf":{"@id":"https:\/\/www.mpppst.gob.ve\/mpppstweb\/index.php\/2016\/02\/11\/presidente-maduro-inaugura-fabrica-socialista-de-tubos-que-generara-insumos-para-la-gmvv\/"},"author":{"name":"MPPPST Prensa","@id":"https:\/\/www.mpppst.gob.ve\/mpppstweb\/#\/schema\/person\/fc187ee8ead412bd4c9304b62f900ea4"},"headline":"Presidente Maduro inaugura f\u00e1brica socialista de tubos que generar\u00e1 insumos para la GMVV","datePublished":"2016-02-11T18:35:51+00:00","dateModified":"2016-07-01T18:18:41+00:00","mainEntityOfPage":{"@id":"https:\/\/www.mpppst.gob.ve\/mpppstweb\/index.php\/2016\/02\/11\/presidente-maduro-inaugura-fabrica-socialista-de-tubos-que-generara-insumos-para-la-gmvv\/"},"wordCount":243,"publisher":{"@id":"https:\/\/www.mpppst.gob.ve\/mpppstweb\/#organization"},"image":{"@id":"https:\/\/www.mpppst.gob.ve\/mpppstweb\/index.php\/2016\/02\/11\/presidente-maduro-inaugura-fabrica-socialista-de-tubos-que-generara-insumos-para-la-gmvv\/#primaryimage"},"thumbnailUrl":"https:\/\/www.mpppst.gob.ve\/mpppstweb\/wp-content\/uploads\/2016\/02\/Planta-de-PVC-Flor-Amarillo-6.jpg","articleSection":["Gobierno Nacional"],"inLanguage":"es"},{"@type":"WebPage","@id":"https:\/\/www.mpppst.gob.ve\/mpppstweb\/index.php\/2016\/02\/11\/presidente-maduro-inaugura-fabrica-socialista-de-tubos-que-generara-insumos-para-la-gmvv\/","url":"https:\/\/www.mpppst.gob.ve\/mpppstweb\/index.php\/2016\/02\/11\/presidente-maduro-inaugura-fabrica-socialista-de-tubos-que-generara-insumos-para-la-gmvv\/","name":"Presidente Maduro inaugura f\u00e1brica socialista de tubos que generar\u00e1 insumos para la GMVV - MPPPST","isPartOf":{"@id":"https:\/\/www.mpppst.gob.ve\/mpppstweb\/#website"},"primaryImageOfPage":{"@id":"https:\/\/www.mpppst.gob.ve\/mpppstweb\/index.php\/2016\/02\/11\/presidente-maduro-inaugura-fabrica-socialista-de-tubos-que-generara-insumos-para-la-gmvv\/#primaryimage"},"image":{"@id":"https:\/\/www.mpppst.gob.ve\/mpppstweb\/index.php\/2016\/02\/11\/presidente-maduro-inaugura-fabrica-socialista-de-tubos-que-generara-insumos-para-la-gmvv\/#primaryimage"},"thumbnailUrl":"https:\/\/www.mpppst.gob.ve\/mpppstweb\/wp-content\/uploads\/2016\/02\/Planta-de-PVC-Flor-Amarillo-6.jpg","datePublished":"2016-02-11T18:35:51+00:00","dateModified":"2016-07-01T18:18:41+00:00","breadcrumb":{"@id":"https:\/\/www.mpppst.gob.ve\/mpppstweb\/index.php\/2016\/02\/11\/presidente-maduro-inaugura-fabrica-socialista-de-tubos-que-generara-insumos-para-la-gmvv\/#breadcrumb"},"inLanguage":"es","potentialAction":[{"@type":"ReadAction","target":["https:\/\/www.mpppst.gob.ve\/mpppstweb\/index.php\/2016\/02\/11\/presidente-maduro-inaugura-fabrica-socialista-de-tubos-que-generara-insumos-para-la-gmvv\/"]}]},{"@type":"ImageObject","inLanguage":"es","@id":"https:\/\/www.mpppst.gob.ve\/mpppstweb\/index.php\/2016\/02\/11\/presidente-maduro-inaugura-fabrica-socialista-de-tubos-que-generara-insumos-para-la-gmvv\/#primaryimage","url":"https:\/\/www.mpppst.gob.ve\/mpppstweb\/wp-content\/uploads\/2016\/02\/Planta-de-PVC-Flor-Amarillo-6.jpg","contentUrl":"https:\/\/www.mpppst.gob.ve\/mpppstweb\/wp-content\/uploads\/2016\/02\/Planta-de-PVC-Flor-Amarillo-6.jpg","width":448,"height":298},{"@type":"BreadcrumbList","@id":"https:\/\/www.mpppst.gob.ve\/mpppstweb\/index.php\/2016\/02\/11\/presidente-maduro-inaugura-fabrica-socialista-de-tubos-que-generara-insumos-para-la-gmvv\/#breadcrumb","itemListElement":[{"@type":"ListItem","position":1,"name":"Home","item":"https:\/\/www.mpppst.gob.ve\/mpppstweb\/"},{"@type":"ListItem","position":2,"name":"Presidente Maduro inaugura f\u00e1brica socialista de tubos que generar\u00e1 insumos para la GMVV"}]},{"@type":"WebSite","@id":"https:\/\/www.mpppst.gob.ve\/mpppstweb\/#website","url":"https:\/\/www.mpppst.gob.ve\/mpppstweb\/","name":"MPPPST","description":"Ministerio del Poder Popular para el Proceso Social de Trabajo","publisher":{"@id":"https:\/\/www.mpppst.gob.ve\/mpppstweb\/#organization"},"potentialAction":[{"@type":"SearchAction","target":{"@type":"EntryPoint","urlTemplate":"https:\/\/www.mpppst.gob.ve\/mpppstweb\/?s={search_term_string}"},"query-input":"required name=search_term_string"}],"inLanguage":"es"},{"@type":"Organization","@id":"https:\/\/www.mpppst.gob.ve\/mpppstweb\/#organization","name":"mpppst","url":"https:\/\/www.mpppst.gob.ve\/mpppstweb\/","logo":{"@type":"ImageObject","inLanguage":"es","@id":"https:\/\/www.mpppst.gob.ve\/mpppstweb\/#\/schema\/logo\/image\/","url":"https:\/\/www.mpppst.gob.ve\/mpppstweb\/wp-content\/uploads\/2025\/07\/cropped-cropped-g910.png","contentUrl":"https:\/\/www.mpppst.gob.ve\/mpppstweb\/wp-content\/uploads\/2025\/07\/cropped-cropped-g910.png","width":1080,"height":241,"caption":"mpppst"},"image":{"@id":"https:\/\/www.mpppst.gob.ve\/mpppstweb\/#\/schema\/logo\/image\/"}},{"@type":"Person","@id":"https:\/\/www.mpppst.gob.ve\/mpppstweb\/#\/schema\/person\/fc187ee8ead412bd4c9304b62f900ea4","name":"MPPPST Prensa","url":"https:\/\/www.mpppst.gob.ve\/mpppstweb\/index.php\/author\/prensa-mpppst\/"}]}},"_links":{"self":[{"href":"https:\/\/www.mpppst.gob.ve\/mpppstweb\/index.php\/wp-json\/wp\/v2\/posts\/4671"}],"collection":[{"href":"https:\/\/www.mpppst.gob.ve\/mpppstweb\/index.php\/wp-json\/wp\/v2\/posts"}],"about":[{"href":"https:\/\/www.mpppst.gob.ve\/mpppstweb\/index.php\/wp-json\/wp\/v2\/types\/post"}],"author":[{"embeddable":true,"href":"https:\/\/www.mpppst.gob.ve\/mpppstweb\/index.php\/wp-json\/wp\/v2\/users\/25"}],"replies":[{"embeddable":true,"href":"https:\/\/www.mpppst.gob.ve\/mpppstweb\/index.php\/wp-json\/wp\/v2\/comments?post=4671"}],"version-history":[{"count":1,"href":"https:\/\/www.mpppst.gob.ve\/mpppstweb\/index.php\/wp-json\/wp\/v2\/posts\/4671\/revisions"}],"predecessor-version":[{"id":7013,"href":"https:\/\/www.mpppst.gob.ve\/mpppstweb\/index.php\/wp-json\/wp\/v2\/posts\/4671\/revisions\/7013"}],"wp:featuredmedia":[{"embeddable":true,"href":"https:\/\/www.mpppst.gob.ve\/mpppstweb\/index.php\/wp-json\/wp\/v2\/media\/4672"}],"wp:attachment":[{"href":"https:\/\/www.mpppst.gob.ve\/mpppstweb\/index.php\/wp-json\/wp\/v2\/media?parent=4671"}],"wp:term":[{"taxonomy":"category","embeddable":true,"href":"https:\/\/www.mpppst.gob.ve\/mpppstweb\/index.php\/wp-json\/wp\/v2\/categories?post=4671"},{"taxonomy":"post_tag","embeddable":true,"href":"https:\/\/www.mpppst.gob.ve\/mpppstweb\/index.php\/wp-json\/wp\/v2\/tags?post=4671"}],"curies":[{"name":"wp","href":"https:\/\/api.w.org\/{rel}","templated":true}]}}