{"id":4691,"date":"2016-02-12T15:22:32","date_gmt":"2016-02-12T15:22:32","guid":{"rendered":"http:\/\/www.mpppst.gob.ve\/mpppstweb\/?p=4691"},"modified":"2016-07-01T18:19:08","modified_gmt":"2016-07-01T18:19:08","slug":"ministro-maldonado-somos-herederos-de-la-generacion-que-vencio-en-la-batalla-de-la-victoria","status":"publish","type":"post","link":"https:\/\/www.mpppst.gob.ve\/mpppstweb\/index.php\/2016\/02\/12\/ministro-maldonado-somos-herederos-de-la-generacion-que-vencio-en-la-batalla-de-la-victoria\/","title":{"rendered":"Ministro Maldonado: Somos herederos de la generaci\u00f3n que venci\u00f3 en la batalla de La Victoria"},"content":{"rendered":"<p style=\"text-align: justify;\">AVN.- Herederos del legado hist\u00f3rico de Jos\u00e9 F\u00e9lix Ribas y los seminaristas que lucharon contra el imperio espa\u00f1ol el 12 de febrero de 1814, en la Batalla de La Victoria, la juventud venezolana superar\u00e1 cualquier obst\u00e1culo que pueda aparecer en su horizonte, afirm\u00f3 este viernes el ministro para la Juventud y el Deporte, Mervin Maldonado.<\/p>\n<p style=\"text-align: justify;\">\u00abAs\u00ed como superamos aquellas adversidades, estamos seguros que esta juventud superar\u00e1 todas las adversidades que se le puedan presentar, en lo econ\u00f3mico, en lo comunicacional, en lo psicol\u00f3gico\u00bb, asever\u00f3 Maldonado en el marco del D\u00eda de la Juventud desde la plaza Bol\u00edvar, en Caracas, en transmisi\u00f3n de Venezolana de Televisi\u00f3n.<\/p>\n<p style=\"text-align: justify;\">Desde la emblem\u00e1tica plaza que se encuentra ubicada en el casco hist\u00f3rico de la capital venezolana, donde los j\u00f3venes de Caracas se congregan para conmemorar los 202 a\u00f1os de la Batalla de la Victoria, el ministro compar\u00f3 el tes\u00f3n de los seminaristas que siguieron a Ribas contra las fuerzas de Jos\u00e9 Tom\u00e1s Boves, con la actual generaci\u00f3n, dispuesta a bregar en favor de su pa\u00eds.<\/p>\n<p style=\"text-align: justify;\">\u00abEsos j\u00f3venes ten\u00edan lo que tiene esta generaci\u00f3n, que es una voluntad infinita, una voluntad gigante, un amor infinito, gigante por esta patria hermosa, que demanda de nosotros lo mejor de nuestro coraz\u00f3n, de nuestra conciencia, de nuestra acci\u00f3n\u00bb, recalc\u00f3.<\/p>\n<p style=\"text-align: justify;\">Maldonado exhort\u00f3 a este sector de la poblaci\u00f3n a seguir d\u00eda a d\u00eda contribuyendo en la construcci\u00f3n de una mejor Venezuela, \u00abcon el amor que lleva la juventud siempre, con la conciencia que nos distingue a los j\u00f3venes y con la firmeza que tiene esta juventud patri\u00f3tica\u00bb.<\/p>\n<p style=\"text-align: justify;\">Este viernes se celebra el D\u00eda de la Juventud en conmemoraci\u00f3n de la Batalla de La Victoria, gesta heroica donde lucharon por el ideal independentista j\u00f3venes estudiantes de los colegios y seminarios de la ciudad y de otros poblados vecinos.<\/p>\n","protected":false},"excerpt":{"rendered":"<p> La juventud venezolana superar\u00e1 cualquier obst\u00e1culo que pueda aparecer en su horizonte <\/p>\n","protected":false},"author":25,"featured_media":4692,"comment_status":"closed","ping_status":"closed","sticky":false,"template":"","format":"standard","meta":{"footnotes":""},"categories":[82],"tags":[],"yoast_head":"<!-- This site is optimized with the Yoast SEO plugin v22.5 - https:\/\/yoast.com\/wordpress\/plugins\/seo\/ -->\n<title>Ministro Maldonado: Somos herederos de la generaci\u00f3n que venci\u00f3 en la batalla de La Victoria - MPPPST<\/title>\n<meta name=\"robots\" content=\"index, follow, max-snippet:-1, max-image-preview:large, max-video-preview:-1\" \/>\n<link rel=\"canonical\" href=\"https:\/\/www.mpppst.gob.ve\/mpppstweb\/index.php\/2016\/02\/12\/ministro-maldonado-somos-herederos-de-la-generacion-que-vencio-en-la-batalla-de-la-victoria\/\" \/>\n<meta property=\"og:locale\" content=\"es_ES\" \/>\n<meta property=\"og:type\" content=\"article\" \/>\n<meta property=\"og:title\" content=\"Ministro Maldonado: Somos herederos de la generaci\u00f3n que venci\u00f3 en la batalla de La Victoria - MPPPST\" \/>\n<meta property=\"og:description\" content=\"La juventud venezolana superar\u00e1 cualquier obst\u00e1culo que pueda aparecer en su horizonte\" \/>\n<meta property=\"og:url\" content=\"https:\/\/www.mpppst.gob.ve\/mpppstweb\/index.php\/2016\/02\/12\/ministro-maldonado-somos-herederos-de-la-generacion-que-vencio-en-la-batalla-de-la-victoria\/\" \/>\n<meta property=\"og:site_name\" content=\"MPPPST\" \/>\n<meta property=\"article:published_time\" content=\"2016-02-12T15:22:32+00:00\" \/>\n<meta property=\"article:modified_time\" content=\"2016-07-01T18:19:08+00:00\" \/>\n<meta name=\"author\" content=\"MPPPST Prensa\" \/>\n<meta name=\"twitter:card\" content=\"summary_large_image\" \/>\n<meta name=\"twitter:label1\" content=\"Escrito por\" \/>\n\t<meta name=\"twitter:data1\" content=\"MPPPST Prensa\" \/>\n\t<meta name=\"twitter:label2\" content=\"Tiempo de lectura\" \/>\n\t<meta name=\"twitter:data2\" content=\"2 minutos\" \/>\n<script type=\"application\/ld+json\" class=\"yoast-schema-graph\">{\"@context\":\"https:\/\/schema.org\",\"@graph\":[{\"@type\":\"Article\",\"@id\":\"https:\/\/www.mpppst.gob.ve\/mpppstweb\/index.php\/2016\/02\/12\/ministro-maldonado-somos-herederos-de-la-generacion-que-vencio-en-la-batalla-de-la-victoria\/#article\",\"isPartOf\":{\"@id\":\"https:\/\/www.mpppst.gob.ve\/mpppstweb\/index.php\/2016\/02\/12\/ministro-maldonado-somos-herederos-de-la-generacion-que-vencio-en-la-batalla-de-la-victoria\/\"},\"author\":{\"name\":\"MPPPST Prensa\",\"@id\":\"https:\/\/www.mpppst.gob.ve\/mpppstweb\/#\/schema\/person\/fc187ee8ead412bd4c9304b62f900ea4\"},\"headline\":\"Ministro Maldonado: Somos herederos de la generaci\u00f3n que venci\u00f3 en la batalla de La Victoria\",\"datePublished\":\"2016-02-12T15:22:32+00:00\",\"dateModified\":\"2016-07-01T18:19:08+00:00\",\"mainEntityOfPage\":{\"@id\":\"https:\/\/www.mpppst.gob.ve\/mpppstweb\/index.php\/2016\/02\/12\/ministro-maldonado-somos-herederos-de-la-generacion-que-vencio-en-la-batalla-de-la-victoria\/\"},\"wordCount\":343,\"publisher\":{\"@id\":\"https:\/\/www.mpppst.gob.ve\/mpppstweb\/#organization\"},\"image\":{\"@id\":\"https:\/\/www.mpppst.gob.ve\/mpppstweb\/index.php\/2016\/02\/12\/ministro-maldonado-somos-herederos-de-la-generacion-que-vencio-en-la-batalla-de-la-victoria\/#primaryimage\"},\"thumbnailUrl\":\"\",\"articleSection\":[\"Gobierno Nacional\"],\"inLanguage\":\"es\"},{\"@type\":\"WebPage\",\"@id\":\"https:\/\/www.mpppst.gob.ve\/mpppstweb\/index.php\/2016\/02\/12\/ministro-maldonado-somos-herederos-de-la-generacion-que-vencio-en-la-batalla-de-la-victoria\/\",\"url\":\"https:\/\/www.mpppst.gob.ve\/mpppstweb\/index.php\/2016\/02\/12\/ministro-maldonado-somos-herederos-de-la-generacion-que-vencio-en-la-batalla-de-la-victoria\/\",\"name\":\"Ministro Maldonado: Somos herederos de la generaci\u00f3n que venci\u00f3 en la batalla de La Victoria - MPPPST\",\"isPartOf\":{\"@id\":\"https:\/\/www.mpppst.gob.ve\/mpppstweb\/#website\"},\"primaryImageOfPage\":{\"@id\":\"https:\/\/www.mpppst.gob.ve\/mpppstweb\/index.php\/2016\/02\/12\/ministro-maldonado-somos-herederos-de-la-generacion-que-vencio-en-la-batalla-de-la-victoria\/#primaryimage\"},\"image\":{\"@id\":\"https:\/\/www.mpppst.gob.ve\/mpppstweb\/index.php\/2016\/02\/12\/ministro-maldonado-somos-herederos-de-la-generacion-que-vencio-en-la-batalla-de-la-victoria\/#primaryimage\"},\"thumbnailUrl\":\"\",\"datePublished\":\"2016-02-12T15:22:32+00:00\",\"dateModified\":\"2016-07-01T18:19:08+00:00\",\"breadcrumb\":{\"@id\":\"https:\/\/www.mpppst.gob.ve\/mpppstweb\/index.php\/2016\/02\/12\/ministro-maldonado-somos-herederos-de-la-generacion-que-vencio-en-la-batalla-de-la-victoria\/#breadcrumb\"},\"inLanguage\":\"es\",\"potentialAction\":[{\"@type\":\"ReadAction\",\"target\":[\"https:\/\/www.mpppst.gob.ve\/mpppstweb\/index.php\/2016\/02\/12\/ministro-maldonado-somos-herederos-de-la-generacion-que-vencio-en-la-batalla-de-la-victoria\/\"]}]},{\"@type\":\"ImageObject\",\"inLanguage\":\"es\",\"@id\":\"https:\/\/www.mpppst.gob.ve\/mpppstweb\/index.php\/2016\/02\/12\/ministro-maldonado-somos-herederos-de-la-generacion-que-vencio-en-la-batalla-de-la-victoria\/#primaryimage\",\"url\":\"\",\"contentUrl\":\"\"},{\"@type\":\"BreadcrumbList\",\"@id\":\"https:\/\/www.mpppst.gob.ve\/mpppstweb\/index.php\/2016\/02\/12\/ministro-maldonado-somos-herederos-de-la-generacion-que-vencio-en-la-batalla-de-la-victoria\/#breadcrumb\",\"itemListElement\":[{\"@type\":\"ListItem\",\"position\":1,\"name\":\"Home\",\"item\":\"https:\/\/www.mpppst.gob.ve\/mpppstweb\/\"},{\"@type\":\"ListItem\",\"position\":2,\"name\":\"Ministro Maldonado: Somos herederos de la generaci\u00f3n que venci\u00f3 en la batalla de La Victoria\"}]},{\"@type\":\"WebSite\",\"@id\":\"https:\/\/www.mpppst.gob.ve\/mpppstweb\/#website\",\"url\":\"https:\/\/www.mpppst.gob.ve\/mpppstweb\/\",\"name\":\"MPPPST\",\"description\":\"Ministerio del Poder Popular para el Proceso Social de Trabajo\",\"publisher\":{\"@id\":\"https:\/\/www.mpppst.gob.ve\/mpppstweb\/#organization\"},\"potentialAction\":[{\"@type\":\"SearchAction\",\"target\":{\"@type\":\"EntryPoint\",\"urlTemplate\":\"https:\/\/www.mpppst.gob.ve\/mpppstweb\/?s={search_term_string}\"},\"query-input\":\"required name=search_term_string\"}],\"inLanguage\":\"es\"},{\"@type\":\"Organization\",\"@id\":\"https:\/\/www.mpppst.gob.ve\/mpppstweb\/#organization\",\"name\":\"mpppst\",\"url\":\"https:\/\/www.mpppst.gob.ve\/mpppstweb\/\",\"logo\":{\"@type\":\"ImageObject\",\"inLanguage\":\"es\",\"@id\":\"https:\/\/www.mpppst.gob.ve\/mpppstweb\/#\/schema\/logo\/image\/\",\"url\":\"https:\/\/www.mpppst.gob.ve\/mpppstweb\/wp-content\/uploads\/2025\/07\/cropped-cropped-g910.png\",\"contentUrl\":\"https:\/\/www.mpppst.gob.ve\/mpppstweb\/wp-content\/uploads\/2025\/07\/cropped-cropped-g910.png\",\"width\":1080,\"height\":241,\"caption\":\"mpppst\"},\"image\":{\"@id\":\"https:\/\/www.mpppst.gob.ve\/mpppstweb\/#\/schema\/logo\/image\/\"}},{\"@type\":\"Person\",\"@id\":\"https:\/\/www.mpppst.gob.ve\/mpppstweb\/#\/schema\/person\/fc187ee8ead412bd4c9304b62f900ea4\",\"name\":\"MPPPST Prensa\",\"url\":\"https:\/\/www.mpppst.gob.ve\/mpppstweb\/index.php\/author\/prensa-mpppst\/\"}]}<\/script>\n<!-- \/ Yoast SEO plugin. -->","yoast_head_json":{"title":"Ministro Maldonado: Somos herederos de la generaci\u00f3n que venci\u00f3 en la batalla de La Victoria - MPPPST","robots":{"index":"index","follow":"follow","max-snippet":"max-snippet:-1","max-image-preview":"max-image-preview:large","max-video-preview":"max-video-preview:-1"},"canonical":"https:\/\/www.mpppst.gob.ve\/mpppstweb\/index.php\/2016\/02\/12\/ministro-maldonado-somos-herederos-de-la-generacion-que-vencio-en-la-batalla-de-la-victoria\/","og_locale":"es_ES","og_type":"article","og_title":"Ministro Maldonado: Somos herederos de la generaci\u00f3n que venci\u00f3 en la batalla de La Victoria - MPPPST","og_description":"La juventud venezolana superar\u00e1 cualquier obst\u00e1culo que pueda aparecer en su horizonte","og_url":"https:\/\/www.mpppst.gob.ve\/mpppstweb\/index.php\/2016\/02\/12\/ministro-maldonado-somos-herederos-de-la-generacion-que-vencio-en-la-batalla-de-la-victoria\/","og_site_name":"MPPPST","article_published_time":"2016-02-12T15:22:32+00:00","article_modified_time":"2016-07-01T18:19:08+00:00","author":"MPPPST Prensa","twitter_card":"summary_large_image","twitter_misc":{"Escrito por":"MPPPST Prensa","Tiempo de lectura":"2 minutos"},"schema":{"@context":"https:\/\/schema.org","@graph":[{"@type":"Article","@id":"https:\/\/www.mpppst.gob.ve\/mpppstweb\/index.php\/2016\/02\/12\/ministro-maldonado-somos-herederos-de-la-generacion-que-vencio-en-la-batalla-de-la-victoria\/#article","isPartOf":{"@id":"https:\/\/www.mpppst.gob.ve\/mpppstweb\/index.php\/2016\/02\/12\/ministro-maldonado-somos-herederos-de-la-generacion-que-vencio-en-la-batalla-de-la-victoria\/"},"author":{"name":"MPPPST Prensa","@id":"https:\/\/www.mpppst.gob.ve\/mpppstweb\/#\/schema\/person\/fc187ee8ead412bd4c9304b62f900ea4"},"headline":"Ministro Maldonado: Somos herederos de la generaci\u00f3n que venci\u00f3 en la batalla de La Victoria","datePublished":"2016-02-12T15:22:32+00:00","dateModified":"2016-07-01T18:19:08+00:00","mainEntityOfPage":{"@id":"https:\/\/www.mpppst.gob.ve\/mpppstweb\/index.php\/2016\/02\/12\/ministro-maldonado-somos-herederos-de-la-generacion-que-vencio-en-la-batalla-de-la-victoria\/"},"wordCount":343,"publisher":{"@id":"https:\/\/www.mpppst.gob.ve\/mpppstweb\/#organization"},"image":{"@id":"https:\/\/www.mpppst.gob.ve\/mpppstweb\/index.php\/2016\/02\/12\/ministro-maldonado-somos-herederos-de-la-generacion-que-vencio-en-la-batalla-de-la-victoria\/#primaryimage"},"thumbnailUrl":"","articleSection":["Gobierno Nacional"],"inLanguage":"es"},{"@type":"WebPage","@id":"https:\/\/www.mpppst.gob.ve\/mpppstweb\/index.php\/2016\/02\/12\/ministro-maldonado-somos-herederos-de-la-generacion-que-vencio-en-la-batalla-de-la-victoria\/","url":"https:\/\/www.mpppst.gob.ve\/mpppstweb\/index.php\/2016\/02\/12\/ministro-maldonado-somos-herederos-de-la-generacion-que-vencio-en-la-batalla-de-la-victoria\/","name":"Ministro Maldonado: Somos herederos de la generaci\u00f3n que venci\u00f3 en la batalla de La Victoria - MPPPST","isPartOf":{"@id":"https:\/\/www.mpppst.gob.ve\/mpppstweb\/#website"},"primaryImageOfPage":{"@id":"https:\/\/www.mpppst.gob.ve\/mpppstweb\/index.php\/2016\/02\/12\/ministro-maldonado-somos-herederos-de-la-generacion-que-vencio-en-la-batalla-de-la-victoria\/#primaryimage"},"image":{"@id":"https:\/\/www.mpppst.gob.ve\/mpppstweb\/index.php\/2016\/02\/12\/ministro-maldonado-somos-herederos-de-la-generacion-que-vencio-en-la-batalla-de-la-victoria\/#primaryimage"},"thumbnailUrl":"","datePublished":"2016-02-12T15:22:32+00:00","dateModified":"2016-07-01T18:19:08+00:00","breadcrumb":{"@id":"https:\/\/www.mpppst.gob.ve\/mpppstweb\/index.php\/2016\/02\/12\/ministro-maldonado-somos-herederos-de-la-generacion-que-vencio-en-la-batalla-de-la-victoria\/#breadcrumb"},"inLanguage":"es","potentialAction":[{"@type":"ReadAction","target":["https:\/\/www.mpppst.gob.ve\/mpppstweb\/index.php\/2016\/02\/12\/ministro-maldonado-somos-herederos-de-la-generacion-que-vencio-en-la-batalla-de-la-victoria\/"]}]},{"@type":"ImageObject","inLanguage":"es","@id":"https:\/\/www.mpppst.gob.ve\/mpppstweb\/index.php\/2016\/02\/12\/ministro-maldonado-somos-herederos-de-la-generacion-que-vencio-en-la-batalla-de-la-victoria\/#primaryimage","url":"","contentUrl":""},{"@type":"BreadcrumbList","@id":"https:\/\/www.mpppst.gob.ve\/mpppstweb\/index.php\/2016\/02\/12\/ministro-maldonado-somos-herederos-de-la-generacion-que-vencio-en-la-batalla-de-la-victoria\/#breadcrumb","itemListElement":[{"@type":"ListItem","position":1,"name":"Home","item":"https:\/\/www.mpppst.gob.ve\/mpppstweb\/"},{"@type":"ListItem","position":2,"name":"Ministro Maldonado: Somos herederos de la generaci\u00f3n que venci\u00f3 en la batalla de La Victoria"}]},{"@type":"WebSite","@id":"https:\/\/www.mpppst.gob.ve\/mpppstweb\/#website","url":"https:\/\/www.mpppst.gob.ve\/mpppstweb\/","name":"MPPPST","description":"Ministerio del Poder Popular para el Proceso Social de Trabajo","publisher":{"@id":"https:\/\/www.mpppst.gob.ve\/mpppstweb\/#organization"},"potentialAction":[{"@type":"SearchAction","target":{"@type":"EntryPoint","urlTemplate":"https:\/\/www.mpppst.gob.ve\/mpppstweb\/?s={search_term_string}"},"query-input":"required name=search_term_string"}],"inLanguage":"es"},{"@type":"Organization","@id":"https:\/\/www.mpppst.gob.ve\/mpppstweb\/#organization","name":"mpppst","url":"https:\/\/www.mpppst.gob.ve\/mpppstweb\/","logo":{"@type":"ImageObject","inLanguage":"es","@id":"https:\/\/www.mpppst.gob.ve\/mpppstweb\/#\/schema\/logo\/image\/","url":"https:\/\/www.mpppst.gob.ve\/mpppstweb\/wp-content\/uploads\/2025\/07\/cropped-cropped-g910.png","contentUrl":"https:\/\/www.mpppst.gob.ve\/mpppstweb\/wp-content\/uploads\/2025\/07\/cropped-cropped-g910.png","width":1080,"height":241,"caption":"mpppst"},"image":{"@id":"https:\/\/www.mpppst.gob.ve\/mpppstweb\/#\/schema\/logo\/image\/"}},{"@type":"Person","@id":"https:\/\/www.mpppst.gob.ve\/mpppstweb\/#\/schema\/person\/fc187ee8ead412bd4c9304b62f900ea4","name":"MPPPST Prensa","url":"https:\/\/www.mpppst.gob.ve\/mpppstweb\/index.php\/author\/prensa-mpppst\/"}]}},"_links":{"self":[{"href":"https:\/\/www.mpppst.gob.ve\/mpppstweb\/index.php\/wp-json\/wp\/v2\/posts\/4691"}],"collection":[{"href":"https:\/\/www.mpppst.gob.ve\/mpppstweb\/index.php\/wp-json\/wp\/v2\/posts"}],"about":[{"href":"https:\/\/www.mpppst.gob.ve\/mpppstweb\/index.php\/wp-json\/wp\/v2\/types\/post"}],"author":[{"embeddable":true,"href":"https:\/\/www.mpppst.gob.ve\/mpppstweb\/index.php\/wp-json\/wp\/v2\/users\/25"}],"replies":[{"embeddable":true,"href":"https:\/\/www.mpppst.gob.ve\/mpppstweb\/index.php\/wp-json\/wp\/v2\/comments?post=4691"}],"version-history":[{"count":1,"href":"https:\/\/www.mpppst.gob.ve\/mpppstweb\/index.php\/wp-json\/wp\/v2\/posts\/4691\/revisions"}],"predecessor-version":[{"id":7014,"href":"https:\/\/www.mpppst.gob.ve\/mpppstweb\/index.php\/wp-json\/wp\/v2\/posts\/4691\/revisions\/7014"}],"wp:featuredmedia":[{"embeddable":true,"href":"https:\/\/www.mpppst.gob.ve\/mpppstweb\/index.php\/wp-json\/"}],"wp:attachment":[{"href":"https:\/\/www.mpppst.gob.ve\/mpppstweb\/index.php\/wp-json\/wp\/v2\/media?parent=4691"}],"wp:term":[{"taxonomy":"category","embeddable":true,"href":"https:\/\/www.mpppst.gob.ve\/mpppstweb\/index.php\/wp-json\/wp\/v2\/categories?post=4691"},{"taxonomy":"post_tag","embeddable":true,"href":"https:\/\/www.mpppst.gob.ve\/mpppstweb\/index.php\/wp-json\/wp\/v2\/tags?post=4691"}],"curies":[{"name":"wp","href":"https:\/\/api.w.org\/{rel}","templated":true}]}}