{"id":4713,"date":"2016-02-15T16:49:45","date_gmt":"2016-02-15T16:49:45","guid":{"rendered":"http:\/\/www.mpppst.gob.ve\/mpppstweb\/?p=4713"},"modified":"2016-07-01T18:19:51","modified_gmt":"2016-07-01T18:19:51","slug":"venezuela-aboga-en-la-onu-por-el-respeto-a-la-soberania-de-las-naciones-para-garantizar-la-paz","status":"publish","type":"post","link":"https:\/\/www.mpppst.gob.ve\/mpppstweb\/index.php\/2016\/02\/15\/venezuela-aboga-en-la-onu-por-el-respeto-a-la-soberania-de-las-naciones-para-garantizar-la-paz\/","title":{"rendered":"Venezuela aboga en la ONU por el respeto a la soberan\u00eda de las naciones para garantizar la paz"},"content":{"rendered":"<div>AVN.- La canciller de Venezuela, Delcy Rodr\u00edguez, manifest\u00f3 este lunes que respetar y cumplir los enunciados de la Carta de Naciones Unidas, del derecho intencional, de la igualdad soberana y del principio de no injerencia en los asuntos internos de los Estados es la base para garantizar la paz y la seguridad internacional.<\/div>\n<div>Su consideraci\u00f3n la hizo este lunes ante el Consejo de Seguridad de la Organizaci\u00f3n de las Naciones Unidas (ONU) en Nueva York, Estados Unidos, durante el debate sobre el respeto a los principios de la Carta de Naciones Unidas, propuesto por Venezuela, que por este mes preside el Consejo.<\/div>\n<div>\u00abLa igualdad soberana entre los Estados, la independencia nacional, la unidad y la integridad territorial de los Estados, la no injerencia en sus asuntos internos, la no agresi\u00f3n, el arreglo pac\u00edfico de las controversias y la cooperaci\u00f3n, as\u00ed como el derecho de los pueblos a la libre determinaci\u00f3n, al fomento de las relaciones de amistad y cooperaci\u00f3n entre las naciones, la pr\u00e1ctica de la tolerancia y la convivencia en paz como buenos vecinos son los fundamentos esenciales para la paz mundial\u00bb, asever\u00f3 la ministra para Relaciones Exteriores en transmisi\u00f3n de Telesur.<\/div>\n<div>Record\u00f3 que la Carta de Naciones Unidas se constituy\u00f3 en el primer acuerdo jur\u00eddico internacional de car\u00e1cter multilateral que prohibi\u00f3 de manera definitiva la guerra como un instrumento de pol\u00edtica exterior.<\/div>\n<div>Rodr\u00edguez recalc\u00f3 que para Venezuela tiene especial trascendencia el respeto al estado de derecho internacional, as\u00ed como la necesidad de desvelar \u00ablas formar actuales y letales de desmantelamiento de los \u00f3rdenes jur\u00eddicos nacionales e internacionales como v\u00eda para vulnerar un principio fundamental de la Carta de Naciones Unidas: el de no injerencia en los asuntos internos de los Estados soberanos\u00bb.<\/div>\n<div>Se\u00f1al\u00f3 que \u00abel mundo vive un estado de necesidad incesante de estabilidad y paz que requiere actualizar las estructuras y el marco jur\u00eddico para atender los retos y desaf\u00edos que presenta la violencia extrema, el terrorismo, la intolerancia y la proliferaci\u00f3n del odio\u00bb.<\/div>\n<div>Advirti\u00f3 que desde 2008 casi se ha multiplicado por tres el n\u00famero de guerras civiles libradas, al pasar de cuatro a 11, \u00ablo cual contrasta con la larga tendencia a la baja observada desde principios de los 90. Hoy s\u00f3lo en \u00c1frica existen ocho conflictos armados, Medio Oriente cuenta con cuatro escenarios violentos (&#8230;), que dieron paso al control de grupos terroristas de los Estados\u00bb.<\/div>\n<div>Hizo especial menci\u00f3n de la situaci\u00f3n de Palestina \u00abque a\u00fan se mantiene irresoluto despu\u00e9s de casi 70 a\u00f1os y que incide de una manera determinante en la paz y seguridad de una regi\u00f3n que durante los \u00faltimos 15 a\u00f1os ha sufrido las consecuencias de enfoques errados en el abordaje de soluciones justas e integrales, entre las que predomina el establecimiento del Estado palestino como aspecto decisivo para la paz en el Medio Oriente\u00bb.<\/div>\n<div>La canciller convoc\u00f3 a los pa\u00edses miembros de Naciones Unidas a lograr un abordaje que permita instaurar la paz como forma de relaci\u00f3n mundial, y respete los principios expresados en la Carta de las Naciones Unidas.<\/div>\n<div>\u00abVenezuela reafirma la vigencia de estos valores y llama la atenci\u00f3n ante los riesgos y amenazas que desvirt\u00faan su aplicaci\u00f3n. Adem\u00e1s, compromete a los estados miembros al cumplimiento efectivo, con miras a fortalecer la paz internacional. Mantenemos firmemente la necesidad de reconstruir el andamiaje multilateral para, imperiosamente, preservar el Estado de derecho y la regulaci\u00f3n de los poderes f\u00e1cticos que pretenden gobernar al mundo\u00bb, resalt\u00f3 Rodr\u00edguez.<\/div>\n<div>La canciller elev\u00f3 su voz en favor de los pueblos del Medio Oriente y \u00c1frica, sometidos por la dominaci\u00f3n imperial y sus estrategias para asesinar a los pueblos, provocar la migraci\u00f3n de familias enteras, en su intento por apropiarse de los recursos naturales.<\/div>\n<div>\u00abMuchos conflictos, sucedidos a lo largo de estas siete d\u00e9cadas, han podido prevenirse si las causas que lo generaron no hubieran estado vinculadas a intereses particulares de dominaci\u00f3n imperialista\u00bb, expres\u00f3 Rodr\u00edguez, quien cuestion\u00f3 que los pa\u00edses m\u00e1s desarrollados \u00abse han empe\u00f1ado en actuar contrario a lo estipulado, con actos de agresi\u00f3n que niegan los fundamentos y la esencia de esta organizaci\u00f3n, de ambici\u00f3n constante (&#8230;) apegado a estrategias y pr\u00e1cticas colonialistas que han recrudecido las desigualdades socio-econ\u00f3micas\u00bb, dijo.<\/div>\n<div>Sin embargo, alert\u00f3 que los retos que actualmente enfrenta el mundo no se enfocan exclusivamente en operaciones b\u00e9licas, pues el mundo \u2014agreg\u00f3\u2014 es v\u00edctima hoy de guerra psicol\u00f3gica, del estrangulamiento financiero y tecnol\u00f3gico, la discriminaci\u00f3n, la xenofobia, entre otros factores \u00abque impactan negativamente la estabilidad de los pa\u00edses, que vulneran su soberan\u00eda y van contra el principio de no injerencia en los asuntos internos\u00bb.<\/div>\n<div>Contrario a este escenario, resalt\u00f3 que Venezuela y Am\u00e9rica Latina toda se imponen como una regi\u00f3n de paz, como una regi\u00f3n ganada que, tras a\u00f1os de dictaduras sangrientas instauradas por gobiernos neoliberales, renaci\u00f3 con modelos de desarrollo de la mano de grandes l\u00edderes, uno de ellos Hugo Ch\u00e1vez.<\/div>\n<div>La canciller venezolana solicit\u00f3 ante el Consejo de Seguridad de la ONU defender los logros alcanzados por los pueblos de la regi\u00f3n, amenazados por el imperialismo.<\/div>\n<div>\u00abLa era neoliberal suplantada por modelos de desarrollo que viraron hacia las capacidades y tecnolog\u00edas, y potencialidades internas de nuestros pa\u00edses, dando espaldas al neocolinalismo que s\u00f3lo promovi\u00f3 el saqueo de nuestras riquezas, pretende retornar a nuestra geograf\u00eda a trav\u00e9s del uso de formas no convencionales de desmantelamiento de los estados de derecho nacionales\u00bb, alert\u00f3.<\/div>\n","protected":false},"excerpt":{"rendered":"<p>La canciller de Venezuela, Delcy Rodr\u00edguez, manifest\u00f3 que respetar y cumplir los enunciados de la Carta de Naciones Unidas, es la base para garantizar la paz y la seguridad internacional.<\/p>\n","protected":false},"author":25,"featured_media":4714,"comment_status":"closed","ping_status":"closed","sticky":false,"template":"","format":"standard","meta":{"footnotes":""},"categories":[82],"tags":[],"yoast_head":"<!-- This site is optimized with the Yoast SEO plugin v22.5 - https:\/\/yoast.com\/wordpress\/plugins\/seo\/ -->\n<title>Venezuela aboga en la ONU por el respeto a la soberan\u00eda de las naciones para garantizar la paz - MPPPST<\/title>\n<meta name=\"robots\" content=\"index, follow, max-snippet:-1, max-image-preview:large, max-video-preview:-1\" \/>\n<link rel=\"canonical\" href=\"https:\/\/www.mpppst.gob.ve\/mpppstweb\/index.php\/2016\/02\/15\/venezuela-aboga-en-la-onu-por-el-respeto-a-la-soberania-de-las-naciones-para-garantizar-la-paz\/\" \/>\n<meta property=\"og:locale\" content=\"es_ES\" \/>\n<meta property=\"og:type\" content=\"article\" \/>\n<meta property=\"og:title\" content=\"Venezuela aboga en la ONU por el respeto a la soberan\u00eda de las naciones para garantizar la paz - MPPPST\" \/>\n<meta property=\"og:description\" content=\"La canciller de Venezuela, Delcy Rodr\u00edguez, manifest\u00f3 que respetar y cumplir los enunciados de la Carta de Naciones Unidas, es la base para garantizar la paz y la seguridad internacional.\" \/>\n<meta property=\"og:url\" content=\"https:\/\/www.mpppst.gob.ve\/mpppstweb\/index.php\/2016\/02\/15\/venezuela-aboga-en-la-onu-por-el-respeto-a-la-soberania-de-las-naciones-para-garantizar-la-paz\/\" \/>\n<meta property=\"og:site_name\" content=\"MPPPST\" \/>\n<meta property=\"article:published_time\" content=\"2016-02-15T16:49:45+00:00\" \/>\n<meta property=\"article:modified_time\" content=\"2016-07-01T18:19:51+00:00\" \/>\n<meta name=\"author\" content=\"MPPPST Prensa\" \/>\n<meta name=\"twitter:card\" content=\"summary_large_image\" \/>\n<meta name=\"twitter:label1\" content=\"Escrito por\" \/>\n\t<meta name=\"twitter:data1\" content=\"MPPPST Prensa\" \/>\n\t<meta name=\"twitter:label2\" content=\"Tiempo de lectura\" \/>\n\t<meta name=\"twitter:data2\" content=\"5 minutos\" \/>\n<script type=\"application\/ld+json\" class=\"yoast-schema-graph\">{\"@context\":\"https:\/\/schema.org\",\"@graph\":[{\"@type\":\"Article\",\"@id\":\"https:\/\/www.mpppst.gob.ve\/mpppstweb\/index.php\/2016\/02\/15\/venezuela-aboga-en-la-onu-por-el-respeto-a-la-soberania-de-las-naciones-para-garantizar-la-paz\/#article\",\"isPartOf\":{\"@id\":\"https:\/\/www.mpppst.gob.ve\/mpppstweb\/index.php\/2016\/02\/15\/venezuela-aboga-en-la-onu-por-el-respeto-a-la-soberania-de-las-naciones-para-garantizar-la-paz\/\"},\"author\":{\"name\":\"MPPPST Prensa\",\"@id\":\"https:\/\/www.mpppst.gob.ve\/mpppstweb\/#\/schema\/person\/fc187ee8ead412bd4c9304b62f900ea4\"},\"headline\":\"Venezuela aboga en la ONU por el respeto a la soberan\u00eda de las naciones para garantizar la paz\",\"datePublished\":\"2016-02-15T16:49:45+00:00\",\"dateModified\":\"2016-07-01T18:19:51+00:00\",\"mainEntityOfPage\":{\"@id\":\"https:\/\/www.mpppst.gob.ve\/mpppstweb\/index.php\/2016\/02\/15\/venezuela-aboga-en-la-onu-por-el-respeto-a-la-soberania-de-las-naciones-para-garantizar-la-paz\/\"},\"wordCount\":964,\"publisher\":{\"@id\":\"https:\/\/www.mpppst.gob.ve\/mpppstweb\/#organization\"},\"image\":{\"@id\":\"https:\/\/www.mpppst.gob.ve\/mpppstweb\/index.php\/2016\/02\/15\/venezuela-aboga-en-la-onu-por-el-respeto-a-la-soberania-de-las-naciones-para-garantizar-la-paz\/#primaryimage\"},\"thumbnailUrl\":\"\",\"articleSection\":[\"Gobierno Nacional\"],\"inLanguage\":\"es\"},{\"@type\":\"WebPage\",\"@id\":\"https:\/\/www.mpppst.gob.ve\/mpppstweb\/index.php\/2016\/02\/15\/venezuela-aboga-en-la-onu-por-el-respeto-a-la-soberania-de-las-naciones-para-garantizar-la-paz\/\",\"url\":\"https:\/\/www.mpppst.gob.ve\/mpppstweb\/index.php\/2016\/02\/15\/venezuela-aboga-en-la-onu-por-el-respeto-a-la-soberania-de-las-naciones-para-garantizar-la-paz\/\",\"name\":\"Venezuela aboga en la ONU por el respeto a la soberan\u00eda de las naciones para garantizar la paz - MPPPST\",\"isPartOf\":{\"@id\":\"https:\/\/www.mpppst.gob.ve\/mpppstweb\/#website\"},\"primaryImageOfPage\":{\"@id\":\"https:\/\/www.mpppst.gob.ve\/mpppstweb\/index.php\/2016\/02\/15\/venezuela-aboga-en-la-onu-por-el-respeto-a-la-soberania-de-las-naciones-para-garantizar-la-paz\/#primaryimage\"},\"image\":{\"@id\":\"https:\/\/www.mpppst.gob.ve\/mpppstweb\/index.php\/2016\/02\/15\/venezuela-aboga-en-la-onu-por-el-respeto-a-la-soberania-de-las-naciones-para-garantizar-la-paz\/#primaryimage\"},\"thumbnailUrl\":\"\",\"datePublished\":\"2016-02-15T16:49:45+00:00\",\"dateModified\":\"2016-07-01T18:19:51+00:00\",\"breadcrumb\":{\"@id\":\"https:\/\/www.mpppst.gob.ve\/mpppstweb\/index.php\/2016\/02\/15\/venezuela-aboga-en-la-onu-por-el-respeto-a-la-soberania-de-las-naciones-para-garantizar-la-paz\/#breadcrumb\"},\"inLanguage\":\"es\",\"potentialAction\":[{\"@type\":\"ReadAction\",\"target\":[\"https:\/\/www.mpppst.gob.ve\/mpppstweb\/index.php\/2016\/02\/15\/venezuela-aboga-en-la-onu-por-el-respeto-a-la-soberania-de-las-naciones-para-garantizar-la-paz\/\"]}]},{\"@type\":\"ImageObject\",\"inLanguage\":\"es\",\"@id\":\"https:\/\/www.mpppst.gob.ve\/mpppstweb\/index.php\/2016\/02\/15\/venezuela-aboga-en-la-onu-por-el-respeto-a-la-soberania-de-las-naciones-para-garantizar-la-paz\/#primaryimage\",\"url\":\"\",\"contentUrl\":\"\"},{\"@type\":\"BreadcrumbList\",\"@id\":\"https:\/\/www.mpppst.gob.ve\/mpppstweb\/index.php\/2016\/02\/15\/venezuela-aboga-en-la-onu-por-el-respeto-a-la-soberania-de-las-naciones-para-garantizar-la-paz\/#breadcrumb\",\"itemListElement\":[{\"@type\":\"ListItem\",\"position\":1,\"name\":\"Home\",\"item\":\"https:\/\/www.mpppst.gob.ve\/mpppstweb\/\"},{\"@type\":\"ListItem\",\"position\":2,\"name\":\"Venezuela aboga en la ONU por el respeto a la soberan\u00eda de las naciones para garantizar la paz\"}]},{\"@type\":\"WebSite\",\"@id\":\"https:\/\/www.mpppst.gob.ve\/mpppstweb\/#website\",\"url\":\"https:\/\/www.mpppst.gob.ve\/mpppstweb\/\",\"name\":\"MPPPST\",\"description\":\"Ministerio del Poder Popular para el Proceso Social de Trabajo\",\"publisher\":{\"@id\":\"https:\/\/www.mpppst.gob.ve\/mpppstweb\/#organization\"},\"potentialAction\":[{\"@type\":\"SearchAction\",\"target\":{\"@type\":\"EntryPoint\",\"urlTemplate\":\"https:\/\/www.mpppst.gob.ve\/mpppstweb\/?s={search_term_string}\"},\"query-input\":\"required name=search_term_string\"}],\"inLanguage\":\"es\"},{\"@type\":\"Organization\",\"@id\":\"https:\/\/www.mpppst.gob.ve\/mpppstweb\/#organization\",\"name\":\"mpppst\",\"url\":\"https:\/\/www.mpppst.gob.ve\/mpppstweb\/\",\"logo\":{\"@type\":\"ImageObject\",\"inLanguage\":\"es\",\"@id\":\"https:\/\/www.mpppst.gob.ve\/mpppstweb\/#\/schema\/logo\/image\/\",\"url\":\"https:\/\/www.mpppst.gob.ve\/mpppstweb\/wp-content\/uploads\/2025\/07\/cropped-cropped-g910.png\",\"contentUrl\":\"https:\/\/www.mpppst.gob.ve\/mpppstweb\/wp-content\/uploads\/2025\/07\/cropped-cropped-g910.png\",\"width\":1080,\"height\":241,\"caption\":\"mpppst\"},\"image\":{\"@id\":\"https:\/\/www.mpppst.gob.ve\/mpppstweb\/#\/schema\/logo\/image\/\"}},{\"@type\":\"Person\",\"@id\":\"https:\/\/www.mpppst.gob.ve\/mpppstweb\/#\/schema\/person\/fc187ee8ead412bd4c9304b62f900ea4\",\"name\":\"MPPPST Prensa\",\"url\":\"https:\/\/www.mpppst.gob.ve\/mpppstweb\/index.php\/author\/prensa-mpppst\/\"}]}<\/script>\n<!-- \/ Yoast SEO plugin. -->","yoast_head_json":{"title":"Venezuela aboga en la ONU por el respeto a la soberan\u00eda de las naciones para garantizar la paz - MPPPST","robots":{"index":"index","follow":"follow","max-snippet":"max-snippet:-1","max-image-preview":"max-image-preview:large","max-video-preview":"max-video-preview:-1"},"canonical":"https:\/\/www.mpppst.gob.ve\/mpppstweb\/index.php\/2016\/02\/15\/venezuela-aboga-en-la-onu-por-el-respeto-a-la-soberania-de-las-naciones-para-garantizar-la-paz\/","og_locale":"es_ES","og_type":"article","og_title":"Venezuela aboga en la ONU por el respeto a la soberan\u00eda de las naciones para garantizar la paz - MPPPST","og_description":"La canciller de Venezuela, Delcy Rodr\u00edguez, manifest\u00f3 que respetar y cumplir los enunciados de la Carta de Naciones Unidas, es la base para garantizar la paz y la seguridad internacional.","og_url":"https:\/\/www.mpppst.gob.ve\/mpppstweb\/index.php\/2016\/02\/15\/venezuela-aboga-en-la-onu-por-el-respeto-a-la-soberania-de-las-naciones-para-garantizar-la-paz\/","og_site_name":"MPPPST","article_published_time":"2016-02-15T16:49:45+00:00","article_modified_time":"2016-07-01T18:19:51+00:00","author":"MPPPST Prensa","twitter_card":"summary_large_image","twitter_misc":{"Escrito por":"MPPPST Prensa","Tiempo de lectura":"5 minutos"},"schema":{"@context":"https:\/\/schema.org","@graph":[{"@type":"Article","@id":"https:\/\/www.mpppst.gob.ve\/mpppstweb\/index.php\/2016\/02\/15\/venezuela-aboga-en-la-onu-por-el-respeto-a-la-soberania-de-las-naciones-para-garantizar-la-paz\/#article","isPartOf":{"@id":"https:\/\/www.mpppst.gob.ve\/mpppstweb\/index.php\/2016\/02\/15\/venezuela-aboga-en-la-onu-por-el-respeto-a-la-soberania-de-las-naciones-para-garantizar-la-paz\/"},"author":{"name":"MPPPST Prensa","@id":"https:\/\/www.mpppst.gob.ve\/mpppstweb\/#\/schema\/person\/fc187ee8ead412bd4c9304b62f900ea4"},"headline":"Venezuela aboga en la ONU por el respeto a la soberan\u00eda de las naciones para garantizar la paz","datePublished":"2016-02-15T16:49:45+00:00","dateModified":"2016-07-01T18:19:51+00:00","mainEntityOfPage":{"@id":"https:\/\/www.mpppst.gob.ve\/mpppstweb\/index.php\/2016\/02\/15\/venezuela-aboga-en-la-onu-por-el-respeto-a-la-soberania-de-las-naciones-para-garantizar-la-paz\/"},"wordCount":964,"publisher":{"@id":"https:\/\/www.mpppst.gob.ve\/mpppstweb\/#organization"},"image":{"@id":"https:\/\/www.mpppst.gob.ve\/mpppstweb\/index.php\/2016\/02\/15\/venezuela-aboga-en-la-onu-por-el-respeto-a-la-soberania-de-las-naciones-para-garantizar-la-paz\/#primaryimage"},"thumbnailUrl":"","articleSection":["Gobierno Nacional"],"inLanguage":"es"},{"@type":"WebPage","@id":"https:\/\/www.mpppst.gob.ve\/mpppstweb\/index.php\/2016\/02\/15\/venezuela-aboga-en-la-onu-por-el-respeto-a-la-soberania-de-las-naciones-para-garantizar-la-paz\/","url":"https:\/\/www.mpppst.gob.ve\/mpppstweb\/index.php\/2016\/02\/15\/venezuela-aboga-en-la-onu-por-el-respeto-a-la-soberania-de-las-naciones-para-garantizar-la-paz\/","name":"Venezuela aboga en la ONU por el respeto a la soberan\u00eda de las naciones para garantizar la paz - MPPPST","isPartOf":{"@id":"https:\/\/www.mpppst.gob.ve\/mpppstweb\/#website"},"primaryImageOfPage":{"@id":"https:\/\/www.mpppst.gob.ve\/mpppstweb\/index.php\/2016\/02\/15\/venezuela-aboga-en-la-onu-por-el-respeto-a-la-soberania-de-las-naciones-para-garantizar-la-paz\/#primaryimage"},"image":{"@id":"https:\/\/www.mpppst.gob.ve\/mpppstweb\/index.php\/2016\/02\/15\/venezuela-aboga-en-la-onu-por-el-respeto-a-la-soberania-de-las-naciones-para-garantizar-la-paz\/#primaryimage"},"thumbnailUrl":"","datePublished":"2016-02-15T16:49:45+00:00","dateModified":"2016-07-01T18:19:51+00:00","breadcrumb":{"@id":"https:\/\/www.mpppst.gob.ve\/mpppstweb\/index.php\/2016\/02\/15\/venezuela-aboga-en-la-onu-por-el-respeto-a-la-soberania-de-las-naciones-para-garantizar-la-paz\/#breadcrumb"},"inLanguage":"es","potentialAction":[{"@type":"ReadAction","target":["https:\/\/www.mpppst.gob.ve\/mpppstweb\/index.php\/2016\/02\/15\/venezuela-aboga-en-la-onu-por-el-respeto-a-la-soberania-de-las-naciones-para-garantizar-la-paz\/"]}]},{"@type":"ImageObject","inLanguage":"es","@id":"https:\/\/www.mpppst.gob.ve\/mpppstweb\/index.php\/2016\/02\/15\/venezuela-aboga-en-la-onu-por-el-respeto-a-la-soberania-de-las-naciones-para-garantizar-la-paz\/#primaryimage","url":"","contentUrl":""},{"@type":"BreadcrumbList","@id":"https:\/\/www.mpppst.gob.ve\/mpppstweb\/index.php\/2016\/02\/15\/venezuela-aboga-en-la-onu-por-el-respeto-a-la-soberania-de-las-naciones-para-garantizar-la-paz\/#breadcrumb","itemListElement":[{"@type":"ListItem","position":1,"name":"Home","item":"https:\/\/www.mpppst.gob.ve\/mpppstweb\/"},{"@type":"ListItem","position":2,"name":"Venezuela aboga en la ONU por el respeto a la soberan\u00eda de las naciones para garantizar la paz"}]},{"@type":"WebSite","@id":"https:\/\/www.mpppst.gob.ve\/mpppstweb\/#website","url":"https:\/\/www.mpppst.gob.ve\/mpppstweb\/","name":"MPPPST","description":"Ministerio del Poder Popular para el Proceso Social de Trabajo","publisher":{"@id":"https:\/\/www.mpppst.gob.ve\/mpppstweb\/#organization"},"potentialAction":[{"@type":"SearchAction","target":{"@type":"EntryPoint","urlTemplate":"https:\/\/www.mpppst.gob.ve\/mpppstweb\/?s={search_term_string}"},"query-input":"required name=search_term_string"}],"inLanguage":"es"},{"@type":"Organization","@id":"https:\/\/www.mpppst.gob.ve\/mpppstweb\/#organization","name":"mpppst","url":"https:\/\/www.mpppst.gob.ve\/mpppstweb\/","logo":{"@type":"ImageObject","inLanguage":"es","@id":"https:\/\/www.mpppst.gob.ve\/mpppstweb\/#\/schema\/logo\/image\/","url":"https:\/\/www.mpppst.gob.ve\/mpppstweb\/wp-content\/uploads\/2025\/07\/cropped-cropped-g910.png","contentUrl":"https:\/\/www.mpppst.gob.ve\/mpppstweb\/wp-content\/uploads\/2025\/07\/cropped-cropped-g910.png","width":1080,"height":241,"caption":"mpppst"},"image":{"@id":"https:\/\/www.mpppst.gob.ve\/mpppstweb\/#\/schema\/logo\/image\/"}},{"@type":"Person","@id":"https:\/\/www.mpppst.gob.ve\/mpppstweb\/#\/schema\/person\/fc187ee8ead412bd4c9304b62f900ea4","name":"MPPPST Prensa","url":"https:\/\/www.mpppst.gob.ve\/mpppstweb\/index.php\/author\/prensa-mpppst\/"}]}},"_links":{"self":[{"href":"https:\/\/www.mpppst.gob.ve\/mpppstweb\/index.php\/wp-json\/wp\/v2\/posts\/4713"}],"collection":[{"href":"https:\/\/www.mpppst.gob.ve\/mpppstweb\/index.php\/wp-json\/wp\/v2\/posts"}],"about":[{"href":"https:\/\/www.mpppst.gob.ve\/mpppstweb\/index.php\/wp-json\/wp\/v2\/types\/post"}],"author":[{"embeddable":true,"href":"https:\/\/www.mpppst.gob.ve\/mpppstweb\/index.php\/wp-json\/wp\/v2\/users\/25"}],"replies":[{"embeddable":true,"href":"https:\/\/www.mpppst.gob.ve\/mpppstweb\/index.php\/wp-json\/wp\/v2\/comments?post=4713"}],"version-history":[{"count":1,"href":"https:\/\/www.mpppst.gob.ve\/mpppstweb\/index.php\/wp-json\/wp\/v2\/posts\/4713\/revisions"}],"predecessor-version":[{"id":7016,"href":"https:\/\/www.mpppst.gob.ve\/mpppstweb\/index.php\/wp-json\/wp\/v2\/posts\/4713\/revisions\/7016"}],"wp:featuredmedia":[{"embeddable":true,"href":"https:\/\/www.mpppst.gob.ve\/mpppstweb\/index.php\/wp-json\/"}],"wp:attachment":[{"href":"https:\/\/www.mpppst.gob.ve\/mpppstweb\/index.php\/wp-json\/wp\/v2\/media?parent=4713"}],"wp:term":[{"taxonomy":"category","embeddable":true,"href":"https:\/\/www.mpppst.gob.ve\/mpppstweb\/index.php\/wp-json\/wp\/v2\/categories?post=4713"},{"taxonomy":"post_tag","embeddable":true,"href":"https:\/\/www.mpppst.gob.ve\/mpppstweb\/index.php\/wp-json\/wp\/v2\/tags?post=4713"}],"curies":[{"name":"wp","href":"https:\/\/api.w.org\/{rel}","templated":true}]}}