{"id":4720,"date":"2016-02-16T13:32:09","date_gmt":"2016-02-16T13:32:09","guid":{"rendered":"http:\/\/www.mpppst.gob.ve\/mpppstweb\/?p=4720"},"modified":"2016-07-01T18:20:12","modified_gmt":"2016-07-01T18:20:12","slug":"detenidos-49-funcionarios-de-la-red-publica-de-alimentos","status":"publish","type":"post","link":"https:\/\/www.mpppst.gob.ve\/mpppstweb\/index.php\/2016\/02\/16\/detenidos-49-funcionarios-de-la-red-publica-de-alimentos\/","title":{"rendered":"Detenidos 49 funcionarios de la red p\u00fablica de alimentos"},"content":{"rendered":"<p>Correo del Orinoco. El ministro del Poder Popular para Relaciones Interiores, Justicia y Paz, Gustavo Gonz\u00e1lez L\u00f3pez, inform\u00f3 este lunes que al menos 49 personas han sido detenidas por traficar alimentos de las redes p\u00fablicas a establecimientos privados.<\/p>\n<p>Los detenidos se encuentran en proceso de investigaci\u00f3n por estar presuntamente incursos en delitos tipificados en las leyes venezolanas.<\/p>\n<p>En total son 49 personas detenidas: 7 en Anzo\u00e1tegui, 4 en Aragua, 5 en Bol\u00edvar, 1 en Carabobo, 4 en Distrito Capital, 2 en Lara, 2 en M\u00e9rida, 4 en Miranda, 2 en Monagas, 3 en Portuguesa, 3 en Sucre, 2 en T\u00e1chira, 4 en Vargas, 6 en Zulia.<\/p>\n<p>Gonz\u00e1lez L\u00f3pez, inform\u00f3 que en esta primera fase atacaron a las redes de corrupci\u00f3n en 40 establecimientos de Abastos Bicentenarios operativos, tres inoperativos, cinco centro de acopio principal, tres centros de acopio menores y dos centros de acopio operativos, para un total de 53 instalaciones.<\/p>\n<p>Gerentes, Sub-Gerentes, operadores t\u00e9cnicos y empleados est\u00e1n siendo investigados por el delito corrupci\u00f3n.<\/p>\n<p>El Ministro inst\u00f3 a los responsables a asumir sus responsabilidades jur\u00eddicas. \u201cQue nadie se aproveche de estas circunstancias para declararse un perseguido pol\u00edtico, ni del sector privado ni del sector p\u00fablico, porque estamos decididos a enfrentar este flagelo\u201d, agreg\u00f3.<\/p>\n<p><strong>RESPONSABLES EN EL DESV\u00cdO DE LA COMIDA<\/strong><\/p>\n<p>Gonz\u00e1lez L\u00f3pez indic\u00f3 que en Miranda fueron detenidos el gerente de Abastos Bicentenarios de Guarenas, el t\u00e9cnico de operaciones, el jefe de la carnicer\u00eda del comercio, \u201cdonde detectamos el acaparamiento de productos c\u00e1rnicos 7 mil kilos de porcino y 600 kilos de pollo, sumado a grandes cantidades de papel sanitario\u201d.<\/p>\n<p>En el estado Zulia fueron detenidos seis gerentes quienes operaban en los Abastos Bicentenario 5 de Julio (Maracaibo), Metro Sol, Costa Verde, Perij\u00e1, Cabimas y Lagunillas.<\/p>\n<p>Asimismo fueron aprehendidas dos personas en Monagas, la gerente y subgerente de Abastos Bicentenario Centro en el CC Monagas Plaza, \u201cse encontraron bultos de pa\u00f1ales, papel higi\u00e9nico, harinas, toallas sanitarias y pastas\u201d.<\/p>\n<p>Mientras que en Portuguesa fue detenido el gerente de Abastos Bicentenario de Guanare, y el gerente y subgerente de la mencionada cadena de alimentos en Acarigua.<\/p>\n<p>El ministro manifest\u00f3 que en el Distrito Capital cuatro empleados est\u00e1n siendo investigados por estar incursos en la retenci\u00f3n de productos sin despachar. Fueron encontrados 6.7 toneladas de harina de ma\u00edz, 10 toneladas de az\u00facar, 864 kilos de pasta larga y 800 kilos de margarina.<\/p>\n<p>\u201cTambi\u00e9n se consiguieron cuadernos y notas con registros telef\u00f3nicos de una red de distribuci\u00f3n de productos de la cesta b\u00e1sica, bachaqueros\u201d, explic\u00f3.<\/p>\n<p>En el estado Vargas la operaci\u00f3n arroj\u00f3 cuatro detenidos: el supervisor de v\u00edveres y encargado de la tienda, el coordinador de seguridad, y almac\u00e9n y el encargado de recibir la mercanc\u00eda, en el Abastos Bicentenarios del CC Litoral.<\/p>\n<p>En Valencia- Carabobo fue detenido el gerente de Abastos Bicentenario avenida Bol\u00edvar, \u201cpor encontrarse incurso en delitos tipificados en la Ley Contra la Corrupci\u00f3n y la Ley de Costos y Precios justos\u201d.<\/p>\n<p><strong>OPERACI\u00d3N \u201cATAQUE AL GORGOJO\u201d<\/strong><\/p>\n<p>La operaci\u00f3n \u201cAtaque al Gorgojo\u201d busca desmantelar las redes de corrupci\u00f3n que atentan contra la alimentaci\u00f3n del pueblo.<\/p>\n<p>Para esta fase de operaciones est\u00e1n siendo desplegados 965 funcionarios de la direcci\u00f3n contrainteligencia militar y del Servicio Bolivariano de Inteligencia (Sebin) en m\u00e1s de 53 establecimientos de venta y distribuci\u00f3n de alimentos del Estado.<\/p>\n<p>Gonz\u00e1lez record\u00f3 que estas acciones forman parte de las labores de inteligencia en las que fueron detenidos tres ex funcionarios de la Corporaci\u00f3n Venezolana de Alimentos (CVAL) y Abastos Bicentenario.<\/p>\n<p>\u201cEl Gobierno es y ser\u00e1 garante de la seguridad alimentaria del pueblo, a precios justos. Estaremos vigilantes para erradicar cualquier mafia que quiera lucrarse y obtener beneficios a costa de los m\u00e1s vulnerables (\u2026) cualquiera que sea ser\u00e1 descubierto y pagar\u00e1 por sus delitos\u201d, finaliz\u00f3.<\/p>\n<p>&nbsp;<\/p>\n","protected":false},"excerpt":{"rendered":"<p>El ministro del Poder Popular para Relaciones Interiores, Justicia y Paz, Gustavo Gonz\u00e1lez L\u00f3pez, inform\u00f3 que al menos 49 personas han sido detenidas por traficar alimentos de las redes p\u00fablicas a establecimientos privados.<\/p>\n","protected":false},"author":25,"featured_media":4721,"comment_status":"closed","ping_status":"closed","sticky":false,"template":"","format":"standard","meta":{"footnotes":""},"categories":[82],"tags":[],"yoast_head":"<!-- This site is optimized with the Yoast SEO plugin v22.5 - https:\/\/yoast.com\/wordpress\/plugins\/seo\/ -->\n<title>Detenidos 49 funcionarios de la red p\u00fablica de alimentos - MPPPST<\/title>\n<meta name=\"robots\" content=\"index, follow, max-snippet:-1, max-image-preview:large, max-video-preview:-1\" \/>\n<link rel=\"canonical\" href=\"https:\/\/www.mpppst.gob.ve\/mpppstweb\/index.php\/2016\/02\/16\/detenidos-49-funcionarios-de-la-red-publica-de-alimentos\/\" \/>\n<meta property=\"og:locale\" content=\"es_ES\" \/>\n<meta property=\"og:type\" content=\"article\" \/>\n<meta property=\"og:title\" content=\"Detenidos 49 funcionarios de la red p\u00fablica de alimentos - MPPPST\" \/>\n<meta property=\"og:description\" content=\"El ministro del Poder Popular para Relaciones Interiores, Justicia y Paz, Gustavo Gonz\u00e1lez L\u00f3pez, inform\u00f3 que al menos 49 personas han sido detenidas por traficar alimentos de las redes p\u00fablicas a establecimientos privados.\" \/>\n<meta property=\"og:url\" content=\"https:\/\/www.mpppst.gob.ve\/mpppstweb\/index.php\/2016\/02\/16\/detenidos-49-funcionarios-de-la-red-publica-de-alimentos\/\" \/>\n<meta property=\"og:site_name\" content=\"MPPPST\" \/>\n<meta property=\"article:published_time\" content=\"2016-02-16T13:32:09+00:00\" \/>\n<meta property=\"article:modified_time\" content=\"2016-07-01T18:20:12+00:00\" \/>\n<meta property=\"og:image\" content=\"https:\/\/www.mpppst.gob.ve\/mpppstweb\/wp-content\/uploads\/2016\/02\/Foto-Ministro.jpg\" \/>\n\t<meta property=\"og:image:width\" content=\"626\" \/>\n\t<meta property=\"og:image:height\" content=\"417\" \/>\n\t<meta property=\"og:image:type\" content=\"image\/jpeg\" \/>\n<meta name=\"author\" content=\"MPPPST Prensa\" \/>\n<meta name=\"twitter:card\" content=\"summary_large_image\" \/>\n<meta name=\"twitter:label1\" content=\"Escrito por\" \/>\n\t<meta name=\"twitter:data1\" content=\"MPPPST Prensa\" \/>\n\t<meta name=\"twitter:label2\" content=\"Tiempo de lectura\" \/>\n\t<meta name=\"twitter:data2\" content=\"3 minutos\" \/>\n<script type=\"application\/ld+json\" class=\"yoast-schema-graph\">{\"@context\":\"https:\/\/schema.org\",\"@graph\":[{\"@type\":\"Article\",\"@id\":\"https:\/\/www.mpppst.gob.ve\/mpppstweb\/index.php\/2016\/02\/16\/detenidos-49-funcionarios-de-la-red-publica-de-alimentos\/#article\",\"isPartOf\":{\"@id\":\"https:\/\/www.mpppst.gob.ve\/mpppstweb\/index.php\/2016\/02\/16\/detenidos-49-funcionarios-de-la-red-publica-de-alimentos\/\"},\"author\":{\"name\":\"MPPPST Prensa\",\"@id\":\"https:\/\/www.mpppst.gob.ve\/mpppstweb\/#\/schema\/person\/fc187ee8ead412bd4c9304b62f900ea4\"},\"headline\":\"Detenidos 49 funcionarios de la red p\u00fablica de alimentos\",\"datePublished\":\"2016-02-16T13:32:09+00:00\",\"dateModified\":\"2016-07-01T18:20:12+00:00\",\"mainEntityOfPage\":{\"@id\":\"https:\/\/www.mpppst.gob.ve\/mpppstweb\/index.php\/2016\/02\/16\/detenidos-49-funcionarios-de-la-red-publica-de-alimentos\/\"},\"wordCount\":645,\"publisher\":{\"@id\":\"https:\/\/www.mpppst.gob.ve\/mpppstweb\/#organization\"},\"image\":{\"@id\":\"https:\/\/www.mpppst.gob.ve\/mpppstweb\/index.php\/2016\/02\/16\/detenidos-49-funcionarios-de-la-red-publica-de-alimentos\/#primaryimage\"},\"thumbnailUrl\":\"https:\/\/www.mpppst.gob.ve\/mpppstweb\/wp-content\/uploads\/2016\/02\/Foto-Ministro.jpg\",\"articleSection\":[\"Gobierno Nacional\"],\"inLanguage\":\"es\"},{\"@type\":\"WebPage\",\"@id\":\"https:\/\/www.mpppst.gob.ve\/mpppstweb\/index.php\/2016\/02\/16\/detenidos-49-funcionarios-de-la-red-publica-de-alimentos\/\",\"url\":\"https:\/\/www.mpppst.gob.ve\/mpppstweb\/index.php\/2016\/02\/16\/detenidos-49-funcionarios-de-la-red-publica-de-alimentos\/\",\"name\":\"Detenidos 49 funcionarios de la red p\u00fablica de alimentos - MPPPST\",\"isPartOf\":{\"@id\":\"https:\/\/www.mpppst.gob.ve\/mpppstweb\/#website\"},\"primaryImageOfPage\":{\"@id\":\"https:\/\/www.mpppst.gob.ve\/mpppstweb\/index.php\/2016\/02\/16\/detenidos-49-funcionarios-de-la-red-publica-de-alimentos\/#primaryimage\"},\"image\":{\"@id\":\"https:\/\/www.mpppst.gob.ve\/mpppstweb\/index.php\/2016\/02\/16\/detenidos-49-funcionarios-de-la-red-publica-de-alimentos\/#primaryimage\"},\"thumbnailUrl\":\"https:\/\/www.mpppst.gob.ve\/mpppstweb\/wp-content\/uploads\/2016\/02\/Foto-Ministro.jpg\",\"datePublished\":\"2016-02-16T13:32:09+00:00\",\"dateModified\":\"2016-07-01T18:20:12+00:00\",\"breadcrumb\":{\"@id\":\"https:\/\/www.mpppst.gob.ve\/mpppstweb\/index.php\/2016\/02\/16\/detenidos-49-funcionarios-de-la-red-publica-de-alimentos\/#breadcrumb\"},\"inLanguage\":\"es\",\"potentialAction\":[{\"@type\":\"ReadAction\",\"target\":[\"https:\/\/www.mpppst.gob.ve\/mpppstweb\/index.php\/2016\/02\/16\/detenidos-49-funcionarios-de-la-red-publica-de-alimentos\/\"]}]},{\"@type\":\"ImageObject\",\"inLanguage\":\"es\",\"@id\":\"https:\/\/www.mpppst.gob.ve\/mpppstweb\/index.php\/2016\/02\/16\/detenidos-49-funcionarios-de-la-red-publica-de-alimentos\/#primaryimage\",\"url\":\"https:\/\/www.mpppst.gob.ve\/mpppstweb\/wp-content\/uploads\/2016\/02\/Foto-Ministro.jpg\",\"contentUrl\":\"https:\/\/www.mpppst.gob.ve\/mpppstweb\/wp-content\/uploads\/2016\/02\/Foto-Ministro.jpg\",\"width\":626,\"height\":417},{\"@type\":\"BreadcrumbList\",\"@id\":\"https:\/\/www.mpppst.gob.ve\/mpppstweb\/index.php\/2016\/02\/16\/detenidos-49-funcionarios-de-la-red-publica-de-alimentos\/#breadcrumb\",\"itemListElement\":[{\"@type\":\"ListItem\",\"position\":1,\"name\":\"Home\",\"item\":\"https:\/\/www.mpppst.gob.ve\/mpppstweb\/\"},{\"@type\":\"ListItem\",\"position\":2,\"name\":\"Detenidos 49 funcionarios de la red p\u00fablica de alimentos\"}]},{\"@type\":\"WebSite\",\"@id\":\"https:\/\/www.mpppst.gob.ve\/mpppstweb\/#website\",\"url\":\"https:\/\/www.mpppst.gob.ve\/mpppstweb\/\",\"name\":\"MPPPST\",\"description\":\"Ministerio del Poder Popular para el Proceso Social de Trabajo\",\"publisher\":{\"@id\":\"https:\/\/www.mpppst.gob.ve\/mpppstweb\/#organization\"},\"potentialAction\":[{\"@type\":\"SearchAction\",\"target\":{\"@type\":\"EntryPoint\",\"urlTemplate\":\"https:\/\/www.mpppst.gob.ve\/mpppstweb\/?s={search_term_string}\"},\"query-input\":\"required name=search_term_string\"}],\"inLanguage\":\"es\"},{\"@type\":\"Organization\",\"@id\":\"https:\/\/www.mpppst.gob.ve\/mpppstweb\/#organization\",\"name\":\"mpppst\",\"url\":\"https:\/\/www.mpppst.gob.ve\/mpppstweb\/\",\"logo\":{\"@type\":\"ImageObject\",\"inLanguage\":\"es\",\"@id\":\"https:\/\/www.mpppst.gob.ve\/mpppstweb\/#\/schema\/logo\/image\/\",\"url\":\"https:\/\/www.mpppst.gob.ve\/mpppstweb\/wp-content\/uploads\/2025\/07\/cropped-cropped-g910.png\",\"contentUrl\":\"https:\/\/www.mpppst.gob.ve\/mpppstweb\/wp-content\/uploads\/2025\/07\/cropped-cropped-g910.png\",\"width\":1080,\"height\":241,\"caption\":\"mpppst\"},\"image\":{\"@id\":\"https:\/\/www.mpppst.gob.ve\/mpppstweb\/#\/schema\/logo\/image\/\"}},{\"@type\":\"Person\",\"@id\":\"https:\/\/www.mpppst.gob.ve\/mpppstweb\/#\/schema\/person\/fc187ee8ead412bd4c9304b62f900ea4\",\"name\":\"MPPPST Prensa\",\"url\":\"https:\/\/www.mpppst.gob.ve\/mpppstweb\/index.php\/author\/prensa-mpppst\/\"}]}<\/script>\n<!-- \/ Yoast SEO plugin. -->","yoast_head_json":{"title":"Detenidos 49 funcionarios de la red p\u00fablica de alimentos - MPPPST","robots":{"index":"index","follow":"follow","max-snippet":"max-snippet:-1","max-image-preview":"max-image-preview:large","max-video-preview":"max-video-preview:-1"},"canonical":"https:\/\/www.mpppst.gob.ve\/mpppstweb\/index.php\/2016\/02\/16\/detenidos-49-funcionarios-de-la-red-publica-de-alimentos\/","og_locale":"es_ES","og_type":"article","og_title":"Detenidos 49 funcionarios de la red p\u00fablica de alimentos - MPPPST","og_description":"El ministro del Poder Popular para Relaciones Interiores, Justicia y Paz, Gustavo Gonz\u00e1lez L\u00f3pez, inform\u00f3 que al menos 49 personas han sido detenidas por traficar alimentos de las redes p\u00fablicas a establecimientos privados.","og_url":"https:\/\/www.mpppst.gob.ve\/mpppstweb\/index.php\/2016\/02\/16\/detenidos-49-funcionarios-de-la-red-publica-de-alimentos\/","og_site_name":"MPPPST","article_published_time":"2016-02-16T13:32:09+00:00","article_modified_time":"2016-07-01T18:20:12+00:00","og_image":[{"width":626,"height":417,"url":"https:\/\/www.mpppst.gob.ve\/mpppstweb\/wp-content\/uploads\/2016\/02\/Foto-Ministro.jpg","type":"image\/jpeg"}],"author":"MPPPST Prensa","twitter_card":"summary_large_image","twitter_misc":{"Escrito por":"MPPPST Prensa","Tiempo de lectura":"3 minutos"},"schema":{"@context":"https:\/\/schema.org","@graph":[{"@type":"Article","@id":"https:\/\/www.mpppst.gob.ve\/mpppstweb\/index.php\/2016\/02\/16\/detenidos-49-funcionarios-de-la-red-publica-de-alimentos\/#article","isPartOf":{"@id":"https:\/\/www.mpppst.gob.ve\/mpppstweb\/index.php\/2016\/02\/16\/detenidos-49-funcionarios-de-la-red-publica-de-alimentos\/"},"author":{"name":"MPPPST Prensa","@id":"https:\/\/www.mpppst.gob.ve\/mpppstweb\/#\/schema\/person\/fc187ee8ead412bd4c9304b62f900ea4"},"headline":"Detenidos 49 funcionarios de la red p\u00fablica de alimentos","datePublished":"2016-02-16T13:32:09+00:00","dateModified":"2016-07-01T18:20:12+00:00","mainEntityOfPage":{"@id":"https:\/\/www.mpppst.gob.ve\/mpppstweb\/index.php\/2016\/02\/16\/detenidos-49-funcionarios-de-la-red-publica-de-alimentos\/"},"wordCount":645,"publisher":{"@id":"https:\/\/www.mpppst.gob.ve\/mpppstweb\/#organization"},"image":{"@id":"https:\/\/www.mpppst.gob.ve\/mpppstweb\/index.php\/2016\/02\/16\/detenidos-49-funcionarios-de-la-red-publica-de-alimentos\/#primaryimage"},"thumbnailUrl":"https:\/\/www.mpppst.gob.ve\/mpppstweb\/wp-content\/uploads\/2016\/02\/Foto-Ministro.jpg","articleSection":["Gobierno Nacional"],"inLanguage":"es"},{"@type":"WebPage","@id":"https:\/\/www.mpppst.gob.ve\/mpppstweb\/index.php\/2016\/02\/16\/detenidos-49-funcionarios-de-la-red-publica-de-alimentos\/","url":"https:\/\/www.mpppst.gob.ve\/mpppstweb\/index.php\/2016\/02\/16\/detenidos-49-funcionarios-de-la-red-publica-de-alimentos\/","name":"Detenidos 49 funcionarios de la red p\u00fablica de alimentos - MPPPST","isPartOf":{"@id":"https:\/\/www.mpppst.gob.ve\/mpppstweb\/#website"},"primaryImageOfPage":{"@id":"https:\/\/www.mpppst.gob.ve\/mpppstweb\/index.php\/2016\/02\/16\/detenidos-49-funcionarios-de-la-red-publica-de-alimentos\/#primaryimage"},"image":{"@id":"https:\/\/www.mpppst.gob.ve\/mpppstweb\/index.php\/2016\/02\/16\/detenidos-49-funcionarios-de-la-red-publica-de-alimentos\/#primaryimage"},"thumbnailUrl":"https:\/\/www.mpppst.gob.ve\/mpppstweb\/wp-content\/uploads\/2016\/02\/Foto-Ministro.jpg","datePublished":"2016-02-16T13:32:09+00:00","dateModified":"2016-07-01T18:20:12+00:00","breadcrumb":{"@id":"https:\/\/www.mpppst.gob.ve\/mpppstweb\/index.php\/2016\/02\/16\/detenidos-49-funcionarios-de-la-red-publica-de-alimentos\/#breadcrumb"},"inLanguage":"es","potentialAction":[{"@type":"ReadAction","target":["https:\/\/www.mpppst.gob.ve\/mpppstweb\/index.php\/2016\/02\/16\/detenidos-49-funcionarios-de-la-red-publica-de-alimentos\/"]}]},{"@type":"ImageObject","inLanguage":"es","@id":"https:\/\/www.mpppst.gob.ve\/mpppstweb\/index.php\/2016\/02\/16\/detenidos-49-funcionarios-de-la-red-publica-de-alimentos\/#primaryimage","url":"https:\/\/www.mpppst.gob.ve\/mpppstweb\/wp-content\/uploads\/2016\/02\/Foto-Ministro.jpg","contentUrl":"https:\/\/www.mpppst.gob.ve\/mpppstweb\/wp-content\/uploads\/2016\/02\/Foto-Ministro.jpg","width":626,"height":417},{"@type":"BreadcrumbList","@id":"https:\/\/www.mpppst.gob.ve\/mpppstweb\/index.php\/2016\/02\/16\/detenidos-49-funcionarios-de-la-red-publica-de-alimentos\/#breadcrumb","itemListElement":[{"@type":"ListItem","position":1,"name":"Home","item":"https:\/\/www.mpppst.gob.ve\/mpppstweb\/"},{"@type":"ListItem","position":2,"name":"Detenidos 49 funcionarios de la red p\u00fablica de alimentos"}]},{"@type":"WebSite","@id":"https:\/\/www.mpppst.gob.ve\/mpppstweb\/#website","url":"https:\/\/www.mpppst.gob.ve\/mpppstweb\/","name":"MPPPST","description":"Ministerio del Poder Popular para el Proceso Social de Trabajo","publisher":{"@id":"https:\/\/www.mpppst.gob.ve\/mpppstweb\/#organization"},"potentialAction":[{"@type":"SearchAction","target":{"@type":"EntryPoint","urlTemplate":"https:\/\/www.mpppst.gob.ve\/mpppstweb\/?s={search_term_string}"},"query-input":"required name=search_term_string"}],"inLanguage":"es"},{"@type":"Organization","@id":"https:\/\/www.mpppst.gob.ve\/mpppstweb\/#organization","name":"mpppst","url":"https:\/\/www.mpppst.gob.ve\/mpppstweb\/","logo":{"@type":"ImageObject","inLanguage":"es","@id":"https:\/\/www.mpppst.gob.ve\/mpppstweb\/#\/schema\/logo\/image\/","url":"https:\/\/www.mpppst.gob.ve\/mpppstweb\/wp-content\/uploads\/2025\/07\/cropped-cropped-g910.png","contentUrl":"https:\/\/www.mpppst.gob.ve\/mpppstweb\/wp-content\/uploads\/2025\/07\/cropped-cropped-g910.png","width":1080,"height":241,"caption":"mpppst"},"image":{"@id":"https:\/\/www.mpppst.gob.ve\/mpppstweb\/#\/schema\/logo\/image\/"}},{"@type":"Person","@id":"https:\/\/www.mpppst.gob.ve\/mpppstweb\/#\/schema\/person\/fc187ee8ead412bd4c9304b62f900ea4","name":"MPPPST Prensa","url":"https:\/\/www.mpppst.gob.ve\/mpppstweb\/index.php\/author\/prensa-mpppst\/"}]}},"_links":{"self":[{"href":"https:\/\/www.mpppst.gob.ve\/mpppstweb\/index.php\/wp-json\/wp\/v2\/posts\/4720"}],"collection":[{"href":"https:\/\/www.mpppst.gob.ve\/mpppstweb\/index.php\/wp-json\/wp\/v2\/posts"}],"about":[{"href":"https:\/\/www.mpppst.gob.ve\/mpppstweb\/index.php\/wp-json\/wp\/v2\/types\/post"}],"author":[{"embeddable":true,"href":"https:\/\/www.mpppst.gob.ve\/mpppstweb\/index.php\/wp-json\/wp\/v2\/users\/25"}],"replies":[{"embeddable":true,"href":"https:\/\/www.mpppst.gob.ve\/mpppstweb\/index.php\/wp-json\/wp\/v2\/comments?post=4720"}],"version-history":[{"count":1,"href":"https:\/\/www.mpppst.gob.ve\/mpppstweb\/index.php\/wp-json\/wp\/v2\/posts\/4720\/revisions"}],"predecessor-version":[{"id":7017,"href":"https:\/\/www.mpppst.gob.ve\/mpppstweb\/index.php\/wp-json\/wp\/v2\/posts\/4720\/revisions\/7017"}],"wp:featuredmedia":[{"embeddable":true,"href":"https:\/\/www.mpppst.gob.ve\/mpppstweb\/index.php\/wp-json\/wp\/v2\/media\/4721"}],"wp:attachment":[{"href":"https:\/\/www.mpppst.gob.ve\/mpppstweb\/index.php\/wp-json\/wp\/v2\/media?parent=4720"}],"wp:term":[{"taxonomy":"category","embeddable":true,"href":"https:\/\/www.mpppst.gob.ve\/mpppstweb\/index.php\/wp-json\/wp\/v2\/categories?post=4720"},{"taxonomy":"post_tag","embeddable":true,"href":"https:\/\/www.mpppst.gob.ve\/mpppstweb\/index.php\/wp-json\/wp\/v2\/tags?post=4720"}],"curies":[{"name":"wp","href":"https:\/\/api.w.org\/{rel}","templated":true}]}}