{"id":4724,"date":"2016-02-16T13:39:40","date_gmt":"2016-02-16T13:39:40","guid":{"rendered":"http:\/\/www.mpppst.gob.ve\/mpppstweb\/?p=4724"},"modified":"2016-07-20T13:40:26","modified_gmt":"2016-07-20T13:40:26","slug":"el-inces-se-prepara-para-poner-a-producir-sus-140-centros-de-revision","status":"publish","type":"post","link":"https:\/\/www.mpppst.gob.ve\/mpppstweb\/index.php\/2016\/02\/16\/el-inces-se-prepara-para-poner-a-producir-sus-140-centros-de-revision\/","title":{"rendered":"El Inces se prepara para poner a producir sus 140 centros de revisi\u00f3n"},"content":{"rendered":"<p>Correo del Orinoco. El agotamiento del modelo rentista, signado por el desplome de los precios del petr\u00f3leo, han motivado al Gobierno Nacional, en conjunto con todas las instituciones que constituyen el Estado Venezolano a asumir una nueva vocaci\u00f3n productiva.<\/p>\n<p>Desde 2015 en el Instituto de Capacitaci\u00f3n y Educaci\u00f3n Socialista (Inces) se comenz\u00f3 a evaluar la necesidad de transformar la instituci\u00f3n en un instrumento fundamental orientado a formar a una clase trabajadora de ideales socialistas que se sumara en la construcci\u00f3n del nuevo modelo econ\u00f3mico productivo que requiere la naci\u00f3n.<\/p>\n<p>De acuerdo con Wuikelman Paredes, presidente del Inces, esta instituci\u00f3n se encuentra en una etapa de revisi\u00f3n de todos los procesos internos con el prop\u00f3sito de adaptarlo al desarrollo de los 13 motores productivos establecidos por el Jefe de Estado.<\/p>\n<p>\u201cHay nuevas exigencias de la realidad nacional\u201d, comenta Paredes, quien asegura que la prioridad del Inces en materia formativa est\u00e1 siendo \u201cordenada y agrupada en torno a estos motores productivos\u201d para hacer \u00e9nfasis especial en el motor agroalimentario, el principal para superar la emergencia econ\u00f3mica y dejar atr\u00e1s el rentismo petrolero.<\/p>\n<p>Cabe recordar que los mecanismos (motores) establecidos por el presidente Maduro son 14 y engloban las siguientes \u00e1reas: agroalimentario, industria farmac\u00e9utica, petroqu\u00edmica, miner\u00eda, telecomunicaciones, construcci\u00f3n, industrial, industrial-militar, el turismo, forestal, la econom\u00eda comunal y social, el de la banca, finanzas y las exportaciones y nuevas fuentes de divisas.<\/p>\n<p>En el caso del motor agroalimentario, la revisi\u00f3n que se lleva a cabo en el Inces busca establecer c\u00f3mo son las cadenas de cada uno de los rubros priorizados de alimentos, determinar las debilidades presentes en sus eslabones, y con esta informaci\u00f3n, concebir nuevos dise\u00f1os de contenido que, desde los cursos, den respuesta en el plano formativo.<\/p>\n<p>\u201cUn trabajo concreto, precisa Paredes, \u201cser\u00eda el capacitar mujeres y hombres para el mejoramiento de las semillas, los agroinsumos, o trabajar en un nuevo enfoque agroecol\u00f3gico del sistema productivo o en la formaci\u00f3n para el procesamiento de alimentos\u201d.<\/p>\n<p><strong>EN EL INCES SE PUEDE PRODUCIR<\/strong><\/p>\n<p>Paredes sostuvo que \u201cen el Inces se puede producir en una escala que corresponda a la naturaleza de una instituci\u00f3n educativa\u201d. La instituci\u00f3n \u201cha demostrado su rendimiento en la formaci\u00f3n de trabajadores\u201d y en su capacidad instalada, ya que cuenta con talleres y laboratorios en la mayor\u00eda de los centros ubicados en todo el pa\u00eds.<\/p>\n<p>Asegur\u00f3 que si se conjugan el trabajo del Inces con el de las universidades y el de \u201clas m\u00e1s de 300 escuelas t\u00e9cnicas que hay en el pa\u00eds\u201d, es posible crear una estrategia productiva que genere aportes concretos al desarrollo de los motores productivos.<\/p>\n<p>Consider\u00f3 que si en las 49 carpinter\u00edas que tiene el Inces a escala nacional y en las que poseen las escuelas t\u00e9cnicas y las universidades del pa\u00eds, se iniciara un programa de construcci\u00f3n de puertas, mesas y ventanas para la Gran Misi\u00f3n Vivienda Venezuela, pupitres para el sistema educativo y mobiliarios para las instituciones p\u00fablicas tendr\u00edamos un gran aporte al desarrollo de la naci\u00f3n.<\/p>\n<p><strong>TRABAJO EN EQUIPO<\/strong><\/p>\n<p>Paredes destaca el trabajo de articulaci\u00f3n que se realiza con otras instituciones del Estado como un punto importante dentro de las tareas asumidas por el Inces dentro del nuevo contexto nacional.<\/p>\n<p>El respecto, se refiri\u00f3 al convenio establecido con la Fundaci\u00f3n Instituto de Ingenier\u00eda para el desarrollo de procesos de innovaci\u00f3n asociados a los procesos productivos. Asimismo, el Inces ha creado lazos con Petr\u00f3leos de Venezuela para dar respuesta a las necesidades asociadas a la cadena de producci\u00f3n de hidrocarburos.<\/p>\n<p>El Inces instal\u00f3 mesas de trabajo con las industrias b\u00e1sicas integradas al Plan Guayana Socialista con el prop\u00f3sito de orientar los procesos de formaci\u00f3n del personal para las cadenas de producci\u00f3n de hierro, acero y aluminio.<\/p>\n<p>Paredes tambi\u00e9n coment\u00f3 sobre la necesidad de coordinar esfuerzos con algunas universidades para crear l\u00edneas de investigaci\u00f3n relacionadas con los sectores asociadas a los motores productivos.<\/p>\n<p><strong>CONTENIDOS EN L\u00cdNEA<\/strong><\/p>\n<p>Entre las tareas planteadas se encuentra la revisi\u00f3n de todos los contenidos de los m\u00e1s de mil cursos impartidos en la instituci\u00f3n con el prop\u00f3sito de actualizarlos, adaptarlos y hacerlos c\u00f3nsonos con los objetivos pa\u00eds.<\/p>\n<p>\u201cLa actualizaci\u00f3n comprende la reestructuraci\u00f3n de los protocolos de dise\u00f1o, de la metodolog\u00eda que acompa\u00f1a cada curso y del material did\u00e1ctico de apoyo para el facilitador y las y los participantes\u201d, explic\u00f3 Paredes.<\/p>\n<p>\u201cHemos asumido mesas de trabajo con cada una de estas instituciones y a partir de all\u00ed estamos revisando y actualizando los contenidos de los cursos y adecuando las instancia internas para dar respuestas\u201d, declar\u00f3 el presidente del Inces.<\/p>\n<p>No obstante, durante la ejecuci\u00f3n de este proceso de cambios el Inces contin\u00faa su trabajo formativo basado en el material curricular actual. El a\u00f1o pasado la instituci\u00f3n form\u00f3 m\u00e1s de 280 mil participantes egresados del conjunto de programas de formaci\u00f3n impartidos en los centros y del programa nacional de aprendices, el cual atiende al sector de la juventud comprendido en los 14 y 18 a\u00f1os de edad que se incorpora al proceso social del trabajo mediante las regulaciones establecidas en la Ley Org\u00e1nica del Trabajo, los Trabajadores y las Trabajadoras, cuya norma establece la obligaci\u00f3n de las entidades de trabajo de dotar al disc\u00edpulo de la formaci\u00f3n y de asumir su remuneraci\u00f3n (80 % del salario b\u00e1sico), adem\u00e1s de responder por todo el apoyo did\u00e1ctico que requiera el participante.<\/p>\n<p><strong>CAMBIO DE PARADIGMA<\/strong><\/p>\n<p>Es con la Revoluci\u00f3n Bolivariana que en el Inces se inici\u00f3 un proceso de adecuaci\u00f3n con el fin rescatar su objetivo inicial de formaci\u00f3n de hombres y mujeres, para su posterior incorporaci\u00f3n en la recuperaci\u00f3n del aparato productivo de la naci\u00f3n.<\/p>\n<p>Sin embargo, Paredes aclar\u00f3 que este planteamiento no es reciente, ya que, desde que fue concebida por el Maestro Luis Beltr\u00e1n Prieto Figueroa en el a\u00f1o 1959, la instituci\u00f3n se present\u00f3 \u201ccomo una herramienta p\u00fablica de formaci\u00f3n para el trabajo\u201d, para aquel entonces, orientada principalmente como un instrumento de ayuda para las maestras y los maestros rurales y para las y los j\u00f3venes que se incorporaban al proceso del trabajo, un instrumento creado para proporcionarles la formaci\u00f3n t\u00e9cnica requerida para su incorporaci\u00f3n en \u201cla dimensi\u00f3n productiva del pa\u00eds\u201d.<\/p>\n<p>\u201cLamentablemente\u201d, explica Paredes, \u201cesa intenci\u00f3n del fundador del Ince, (como era llamada la instituci\u00f3n para aquellos a\u00f1os), fue r\u00e1pidamente distorsionada, ya que durante la Cuarta Rep\u00fablica se le coloc\u00f3 al servicio del factor dominante de la \u00e9poca, y se le condicion\u00f3 a formar la mano de obra que requer\u00edan las empresas. Bajo el sistema rentista fuimos formados para asumir tareas como asalariados y nunca como emprendedores y ese aspecto junto con la cultura productiva tiene poco peso en la curr\u00edcula del Inces\u201d.<\/p>\n<p>Asegur\u00f3 que el Inces, est\u00e1 en proceso de actualizaci\u00f3n, \u201crevisamos todos los contenidos que hemos acumulados durante muchos a\u00f1os, los cuales respond\u00edan a herramientas formativas orientadas a determinados enfoques asumidos por la instituci\u00f3n en distintos momentos de su vida. Inicialmente la formaci\u00f3n por cursos respond\u00eda a las necesidades que ten\u00edan las empresas como herramientas del capital\u201d.<\/p>\n<p>En este sentido, rememora que dentro de su estructura interna los distintos centros del Ince fueron nombrados seg\u00fan las c\u00e1maras a las cuales respond\u00edan, llegando incluso a discutirse con los sectores privados, cu\u00e1les eran sus necesidades para, de acuerdo con sus realidades del momento, adaptar los planes formativos de la instituci\u00f3n. Como ejemplo destac\u00f3 los casos del Ince Turismo, el Ince Construcci\u00f3n y el Ince Textil.<\/p>\n<p>\u201cEl di\u00e1logo con la empresa privado es necesario, ahora la prioridad, el enfoque y c\u00f3mo ordenar las acciones institucionales no pueden corresponder a la decisi\u00f3n que tenga este sector\u201d.<\/p>\n<p>A\u00f1adi\u00f3 que durante muchos a\u00f1os el Inces fue una herramienta orientada a la formaci\u00f3n de la mano de obra barata para el capital que prioriz\u00f3 la capacitaci\u00f3n de participantes en \u00e1reas administrativas y de servicio, y descuid\u00f3 el sector productivo.<\/p>\n<p><strong>NUEVO CICLO ACAD\u00c9MICO<\/strong><\/p>\n<p>La necesidad de adaptarse con rapidez a la Agenda Econ\u00f3mica Bolivariana, motiv\u00f3 a la gerencia del Inces, realizar la reestructuraci\u00f3n de su cronograma de actividades. Un ejemplo es la modificaci\u00f3n hecha al inicio del ciclo acad\u00e9mico. Anteriormente, apunt\u00f3 Paredes, el ciclo acad\u00e9mico se iniciaba en Marzo; este a\u00f1o, dijo, se program\u00f3 el comienzo del periodo formativo para el mes de enero con la implementaci\u00f3n de un plan piloto que a la fecha ha garantizado la participaci\u00f3n de casi 10 mil estudiantes en aula.<\/p>\n<p>Este proceso formativo tambi\u00e9n incluye la evaluaci\u00f3n e instrucci\u00f3n del personal docente con el fin de garantizarles la capacidad t\u00e9cnica necesaria que le permita adaptarse a las necesidades en materia de educativa planteadas por la instituci\u00f3n y por el pa\u00eds.<\/p>\n<p>Explic\u00f3 que las inscripciones en el Inces son permanentes. Los cursos se activan al cumplirse con el m\u00ednimo de participante por secci\u00f3n. La formaci\u00f3n en la instituci\u00f3n, se basa en ciclos cortos, sin embargo, tambi\u00e9n se adapta a las necesidades de los proyectos, especialmente a los realizados conjuntamente con los consejos comunales. La cantidad de horas y los contenidos se establecen de acuerdo a la problem\u00e1tica a resolver en las comunidades.<\/p>\n<p><strong>CONVERSACIONES CON EL SECTOR PRIVADO<\/strong><\/p>\n<p>En cuento a la empresa privado y su participaci\u00f3n en esta etapa de la Instituci\u00f3n, Paredes inform\u00f3 que desde el a\u00f1os 2015 se han dado una serie de conversaciones con algunos sectores, como en el \u00e1rea tur\u00edstica, cuyos representantes, se manifestaron de acuerdo con la revisi\u00f3n de todos los procesos de la instituci\u00f3n. Se\u00f1al\u00f3 que representantes de otros sectores solicitaron que se profundizara la formaci\u00f3n de las y los participantes en aquellos aspectos de car\u00e1cter productivo.<\/p>\n<p>&nbsp;<\/p>\n","protected":false},"excerpt":{"rendered":"<p>Desde 2015 en el Inces se comenz\u00f3 a evaluar la necesidad de transformar la instituci\u00f3n en un instrumento fundamental orientado a formar a una clase trabajadora de ideales socialistas.<\/p>\n","protected":false},"author":25,"featured_media":4725,"comment_status":"closed","ping_status":"closed","sticky":false,"template":"","format":"standard","meta":{"footnotes":""},"categories":[82],"tags":[],"yoast_head":"<!-- This site is optimized with the Yoast SEO plugin v22.5 - https:\/\/yoast.com\/wordpress\/plugins\/seo\/ -->\n<title>El Inces se prepara para poner a producir sus 140 centros de revisi\u00f3n - MPPPST<\/title>\n<meta name=\"robots\" content=\"index, follow, max-snippet:-1, max-image-preview:large, max-video-preview:-1\" \/>\n<link rel=\"canonical\" href=\"https:\/\/www.mpppst.gob.ve\/mpppstweb\/index.php\/2016\/02\/16\/el-inces-se-prepara-para-poner-a-producir-sus-140-centros-de-revision\/\" \/>\n<meta property=\"og:locale\" content=\"es_ES\" \/>\n<meta property=\"og:type\" content=\"article\" \/>\n<meta property=\"og:title\" content=\"El Inces se prepara para poner a producir sus 140 centros de revisi\u00f3n - MPPPST\" \/>\n<meta property=\"og:description\" content=\"Desde 2015 en el Inces se comenz\u00f3 a evaluar la necesidad de transformar la instituci\u00f3n en un instrumento fundamental orientado a formar a una clase trabajadora de ideales socialistas.\" \/>\n<meta property=\"og:url\" content=\"https:\/\/www.mpppst.gob.ve\/mpppstweb\/index.php\/2016\/02\/16\/el-inces-se-prepara-para-poner-a-producir-sus-140-centros-de-revision\/\" \/>\n<meta property=\"og:site_name\" content=\"MPPPST\" \/>\n<meta property=\"article:published_time\" content=\"2016-02-16T13:39:40+00:00\" \/>\n<meta property=\"article:modified_time\" content=\"2016-07-20T13:40:26+00:00\" \/>\n<meta property=\"og:image\" content=\"https:\/\/www.mpppst.gob.ve\/mpppstweb\/wp-content\/uploads\/2016\/02\/Inces.jpg\" \/>\n\t<meta property=\"og:image:width\" content=\"600\" \/>\n\t<meta property=\"og:image:height\" content=\"400\" \/>\n\t<meta property=\"og:image:type\" content=\"image\/jpeg\" \/>\n<meta name=\"author\" content=\"MPPPST Prensa\" \/>\n<meta name=\"twitter:card\" content=\"summary_large_image\" \/>\n<meta name=\"twitter:label1\" content=\"Escrito por\" \/>\n\t<meta name=\"twitter:data1\" content=\"MPPPST Prensa\" \/>\n\t<meta name=\"twitter:label2\" content=\"Tiempo de lectura\" \/>\n\t<meta name=\"twitter:data2\" content=\"9 minutos\" \/>\n<script type=\"application\/ld+json\" class=\"yoast-schema-graph\">{\"@context\":\"https:\/\/schema.org\",\"@graph\":[{\"@type\":\"Article\",\"@id\":\"https:\/\/www.mpppst.gob.ve\/mpppstweb\/index.php\/2016\/02\/16\/el-inces-se-prepara-para-poner-a-producir-sus-140-centros-de-revision\/#article\",\"isPartOf\":{\"@id\":\"https:\/\/www.mpppst.gob.ve\/mpppstweb\/index.php\/2016\/02\/16\/el-inces-se-prepara-para-poner-a-producir-sus-140-centros-de-revision\/\"},\"author\":{\"name\":\"MPPPST Prensa\",\"@id\":\"https:\/\/www.mpppst.gob.ve\/mpppstweb\/#\/schema\/person\/fc187ee8ead412bd4c9304b62f900ea4\"},\"headline\":\"El Inces se prepara para poner a producir sus 140 centros de revisi\u00f3n\",\"datePublished\":\"2016-02-16T13:39:40+00:00\",\"dateModified\":\"2016-07-20T13:40:26+00:00\",\"mainEntityOfPage\":{\"@id\":\"https:\/\/www.mpppst.gob.ve\/mpppstweb\/index.php\/2016\/02\/16\/el-inces-se-prepara-para-poner-a-producir-sus-140-centros-de-revision\/\"},\"wordCount\":1715,\"publisher\":{\"@id\":\"https:\/\/www.mpppst.gob.ve\/mpppstweb\/#organization\"},\"image\":{\"@id\":\"https:\/\/www.mpppst.gob.ve\/mpppstweb\/index.php\/2016\/02\/16\/el-inces-se-prepara-para-poner-a-producir-sus-140-centros-de-revision\/#primaryimage\"},\"thumbnailUrl\":\"https:\/\/www.mpppst.gob.ve\/mpppstweb\/wp-content\/uploads\/2016\/02\/Inces.jpg\",\"articleSection\":[\"Gobierno Nacional\"],\"inLanguage\":\"es\"},{\"@type\":\"WebPage\",\"@id\":\"https:\/\/www.mpppst.gob.ve\/mpppstweb\/index.php\/2016\/02\/16\/el-inces-se-prepara-para-poner-a-producir-sus-140-centros-de-revision\/\",\"url\":\"https:\/\/www.mpppst.gob.ve\/mpppstweb\/index.php\/2016\/02\/16\/el-inces-se-prepara-para-poner-a-producir-sus-140-centros-de-revision\/\",\"name\":\"El Inces se prepara para poner a producir sus 140 centros de revisi\u00f3n - MPPPST\",\"isPartOf\":{\"@id\":\"https:\/\/www.mpppst.gob.ve\/mpppstweb\/#website\"},\"primaryImageOfPage\":{\"@id\":\"https:\/\/www.mpppst.gob.ve\/mpppstweb\/index.php\/2016\/02\/16\/el-inces-se-prepara-para-poner-a-producir-sus-140-centros-de-revision\/#primaryimage\"},\"image\":{\"@id\":\"https:\/\/www.mpppst.gob.ve\/mpppstweb\/index.php\/2016\/02\/16\/el-inces-se-prepara-para-poner-a-producir-sus-140-centros-de-revision\/#primaryimage\"},\"thumbnailUrl\":\"https:\/\/www.mpppst.gob.ve\/mpppstweb\/wp-content\/uploads\/2016\/02\/Inces.jpg\",\"datePublished\":\"2016-02-16T13:39:40+00:00\",\"dateModified\":\"2016-07-20T13:40:26+00:00\",\"breadcrumb\":{\"@id\":\"https:\/\/www.mpppst.gob.ve\/mpppstweb\/index.php\/2016\/02\/16\/el-inces-se-prepara-para-poner-a-producir-sus-140-centros-de-revision\/#breadcrumb\"},\"inLanguage\":\"es\",\"potentialAction\":[{\"@type\":\"ReadAction\",\"target\":[\"https:\/\/www.mpppst.gob.ve\/mpppstweb\/index.php\/2016\/02\/16\/el-inces-se-prepara-para-poner-a-producir-sus-140-centros-de-revision\/\"]}]},{\"@type\":\"ImageObject\",\"inLanguage\":\"es\",\"@id\":\"https:\/\/www.mpppst.gob.ve\/mpppstweb\/index.php\/2016\/02\/16\/el-inces-se-prepara-para-poner-a-producir-sus-140-centros-de-revision\/#primaryimage\",\"url\":\"https:\/\/www.mpppst.gob.ve\/mpppstweb\/wp-content\/uploads\/2016\/02\/Inces.jpg\",\"contentUrl\":\"https:\/\/www.mpppst.gob.ve\/mpppstweb\/wp-content\/uploads\/2016\/02\/Inces.jpg\",\"width\":600,\"height\":400},{\"@type\":\"BreadcrumbList\",\"@id\":\"https:\/\/www.mpppst.gob.ve\/mpppstweb\/index.php\/2016\/02\/16\/el-inces-se-prepara-para-poner-a-producir-sus-140-centros-de-revision\/#breadcrumb\",\"itemListElement\":[{\"@type\":\"ListItem\",\"position\":1,\"name\":\"Home\",\"item\":\"https:\/\/www.mpppst.gob.ve\/mpppstweb\/\"},{\"@type\":\"ListItem\",\"position\":2,\"name\":\"El Inces se prepara para poner a producir sus 140 centros de revisi\u00f3n\"}]},{\"@type\":\"WebSite\",\"@id\":\"https:\/\/www.mpppst.gob.ve\/mpppstweb\/#website\",\"url\":\"https:\/\/www.mpppst.gob.ve\/mpppstweb\/\",\"name\":\"MPPPST\",\"description\":\"Ministerio del Poder Popular para el Proceso Social de Trabajo\",\"publisher\":{\"@id\":\"https:\/\/www.mpppst.gob.ve\/mpppstweb\/#organization\"},\"potentialAction\":[{\"@type\":\"SearchAction\",\"target\":{\"@type\":\"EntryPoint\",\"urlTemplate\":\"https:\/\/www.mpppst.gob.ve\/mpppstweb\/?s={search_term_string}\"},\"query-input\":\"required name=search_term_string\"}],\"inLanguage\":\"es\"},{\"@type\":\"Organization\",\"@id\":\"https:\/\/www.mpppst.gob.ve\/mpppstweb\/#organization\",\"name\":\"mpppst\",\"url\":\"https:\/\/www.mpppst.gob.ve\/mpppstweb\/\",\"logo\":{\"@type\":\"ImageObject\",\"inLanguage\":\"es\",\"@id\":\"https:\/\/www.mpppst.gob.ve\/mpppstweb\/#\/schema\/logo\/image\/\",\"url\":\"https:\/\/www.mpppst.gob.ve\/mpppstweb\/wp-content\/uploads\/2025\/07\/cropped-cropped-g910.png\",\"contentUrl\":\"https:\/\/www.mpppst.gob.ve\/mpppstweb\/wp-content\/uploads\/2025\/07\/cropped-cropped-g910.png\",\"width\":1080,\"height\":241,\"caption\":\"mpppst\"},\"image\":{\"@id\":\"https:\/\/www.mpppst.gob.ve\/mpppstweb\/#\/schema\/logo\/image\/\"}},{\"@type\":\"Person\",\"@id\":\"https:\/\/www.mpppst.gob.ve\/mpppstweb\/#\/schema\/person\/fc187ee8ead412bd4c9304b62f900ea4\",\"name\":\"MPPPST Prensa\",\"url\":\"https:\/\/www.mpppst.gob.ve\/mpppstweb\/index.php\/author\/prensa-mpppst\/\"}]}<\/script>\n<!-- \/ Yoast SEO plugin. -->","yoast_head_json":{"title":"El Inces se prepara para poner a producir sus 140 centros de revisi\u00f3n - MPPPST","robots":{"index":"index","follow":"follow","max-snippet":"max-snippet:-1","max-image-preview":"max-image-preview:large","max-video-preview":"max-video-preview:-1"},"canonical":"https:\/\/www.mpppst.gob.ve\/mpppstweb\/index.php\/2016\/02\/16\/el-inces-se-prepara-para-poner-a-producir-sus-140-centros-de-revision\/","og_locale":"es_ES","og_type":"article","og_title":"El Inces se prepara para poner a producir sus 140 centros de revisi\u00f3n - MPPPST","og_description":"Desde 2015 en el Inces se comenz\u00f3 a evaluar la necesidad de transformar la instituci\u00f3n en un instrumento fundamental orientado a formar a una clase trabajadora de ideales socialistas.","og_url":"https:\/\/www.mpppst.gob.ve\/mpppstweb\/index.php\/2016\/02\/16\/el-inces-se-prepara-para-poner-a-producir-sus-140-centros-de-revision\/","og_site_name":"MPPPST","article_published_time":"2016-02-16T13:39:40+00:00","article_modified_time":"2016-07-20T13:40:26+00:00","og_image":[{"width":600,"height":400,"url":"https:\/\/www.mpppst.gob.ve\/mpppstweb\/wp-content\/uploads\/2016\/02\/Inces.jpg","type":"image\/jpeg"}],"author":"MPPPST Prensa","twitter_card":"summary_large_image","twitter_misc":{"Escrito por":"MPPPST Prensa","Tiempo de lectura":"9 minutos"},"schema":{"@context":"https:\/\/schema.org","@graph":[{"@type":"Article","@id":"https:\/\/www.mpppst.gob.ve\/mpppstweb\/index.php\/2016\/02\/16\/el-inces-se-prepara-para-poner-a-producir-sus-140-centros-de-revision\/#article","isPartOf":{"@id":"https:\/\/www.mpppst.gob.ve\/mpppstweb\/index.php\/2016\/02\/16\/el-inces-se-prepara-para-poner-a-producir-sus-140-centros-de-revision\/"},"author":{"name":"MPPPST Prensa","@id":"https:\/\/www.mpppst.gob.ve\/mpppstweb\/#\/schema\/person\/fc187ee8ead412bd4c9304b62f900ea4"},"headline":"El Inces se prepara para poner a producir sus 140 centros de revisi\u00f3n","datePublished":"2016-02-16T13:39:40+00:00","dateModified":"2016-07-20T13:40:26+00:00","mainEntityOfPage":{"@id":"https:\/\/www.mpppst.gob.ve\/mpppstweb\/index.php\/2016\/02\/16\/el-inces-se-prepara-para-poner-a-producir-sus-140-centros-de-revision\/"},"wordCount":1715,"publisher":{"@id":"https:\/\/www.mpppst.gob.ve\/mpppstweb\/#organization"},"image":{"@id":"https:\/\/www.mpppst.gob.ve\/mpppstweb\/index.php\/2016\/02\/16\/el-inces-se-prepara-para-poner-a-producir-sus-140-centros-de-revision\/#primaryimage"},"thumbnailUrl":"https:\/\/www.mpppst.gob.ve\/mpppstweb\/wp-content\/uploads\/2016\/02\/Inces.jpg","articleSection":["Gobierno Nacional"],"inLanguage":"es"},{"@type":"WebPage","@id":"https:\/\/www.mpppst.gob.ve\/mpppstweb\/index.php\/2016\/02\/16\/el-inces-se-prepara-para-poner-a-producir-sus-140-centros-de-revision\/","url":"https:\/\/www.mpppst.gob.ve\/mpppstweb\/index.php\/2016\/02\/16\/el-inces-se-prepara-para-poner-a-producir-sus-140-centros-de-revision\/","name":"El Inces se prepara para poner a producir sus 140 centros de revisi\u00f3n - MPPPST","isPartOf":{"@id":"https:\/\/www.mpppst.gob.ve\/mpppstweb\/#website"},"primaryImageOfPage":{"@id":"https:\/\/www.mpppst.gob.ve\/mpppstweb\/index.php\/2016\/02\/16\/el-inces-se-prepara-para-poner-a-producir-sus-140-centros-de-revision\/#primaryimage"},"image":{"@id":"https:\/\/www.mpppst.gob.ve\/mpppstweb\/index.php\/2016\/02\/16\/el-inces-se-prepara-para-poner-a-producir-sus-140-centros-de-revision\/#primaryimage"},"thumbnailUrl":"https:\/\/www.mpppst.gob.ve\/mpppstweb\/wp-content\/uploads\/2016\/02\/Inces.jpg","datePublished":"2016-02-16T13:39:40+00:00","dateModified":"2016-07-20T13:40:26+00:00","breadcrumb":{"@id":"https:\/\/www.mpppst.gob.ve\/mpppstweb\/index.php\/2016\/02\/16\/el-inces-se-prepara-para-poner-a-producir-sus-140-centros-de-revision\/#breadcrumb"},"inLanguage":"es","potentialAction":[{"@type":"ReadAction","target":["https:\/\/www.mpppst.gob.ve\/mpppstweb\/index.php\/2016\/02\/16\/el-inces-se-prepara-para-poner-a-producir-sus-140-centros-de-revision\/"]}]},{"@type":"ImageObject","inLanguage":"es","@id":"https:\/\/www.mpppst.gob.ve\/mpppstweb\/index.php\/2016\/02\/16\/el-inces-se-prepara-para-poner-a-producir-sus-140-centros-de-revision\/#primaryimage","url":"https:\/\/www.mpppst.gob.ve\/mpppstweb\/wp-content\/uploads\/2016\/02\/Inces.jpg","contentUrl":"https:\/\/www.mpppst.gob.ve\/mpppstweb\/wp-content\/uploads\/2016\/02\/Inces.jpg","width":600,"height":400},{"@type":"BreadcrumbList","@id":"https:\/\/www.mpppst.gob.ve\/mpppstweb\/index.php\/2016\/02\/16\/el-inces-se-prepara-para-poner-a-producir-sus-140-centros-de-revision\/#breadcrumb","itemListElement":[{"@type":"ListItem","position":1,"name":"Home","item":"https:\/\/www.mpppst.gob.ve\/mpppstweb\/"},{"@type":"ListItem","position":2,"name":"El Inces se prepara para poner a producir sus 140 centros de revisi\u00f3n"}]},{"@type":"WebSite","@id":"https:\/\/www.mpppst.gob.ve\/mpppstweb\/#website","url":"https:\/\/www.mpppst.gob.ve\/mpppstweb\/","name":"MPPPST","description":"Ministerio del Poder Popular para el Proceso Social de Trabajo","publisher":{"@id":"https:\/\/www.mpppst.gob.ve\/mpppstweb\/#organization"},"potentialAction":[{"@type":"SearchAction","target":{"@type":"EntryPoint","urlTemplate":"https:\/\/www.mpppst.gob.ve\/mpppstweb\/?s={search_term_string}"},"query-input":"required name=search_term_string"}],"inLanguage":"es"},{"@type":"Organization","@id":"https:\/\/www.mpppst.gob.ve\/mpppstweb\/#organization","name":"mpppst","url":"https:\/\/www.mpppst.gob.ve\/mpppstweb\/","logo":{"@type":"ImageObject","inLanguage":"es","@id":"https:\/\/www.mpppst.gob.ve\/mpppstweb\/#\/schema\/logo\/image\/","url":"https:\/\/www.mpppst.gob.ve\/mpppstweb\/wp-content\/uploads\/2025\/07\/cropped-cropped-g910.png","contentUrl":"https:\/\/www.mpppst.gob.ve\/mpppstweb\/wp-content\/uploads\/2025\/07\/cropped-cropped-g910.png","width":1080,"height":241,"caption":"mpppst"},"image":{"@id":"https:\/\/www.mpppst.gob.ve\/mpppstweb\/#\/schema\/logo\/image\/"}},{"@type":"Person","@id":"https:\/\/www.mpppst.gob.ve\/mpppstweb\/#\/schema\/person\/fc187ee8ead412bd4c9304b62f900ea4","name":"MPPPST Prensa","url":"https:\/\/www.mpppst.gob.ve\/mpppstweb\/index.php\/author\/prensa-mpppst\/"}]}},"_links":{"self":[{"href":"https:\/\/www.mpppst.gob.ve\/mpppstweb\/index.php\/wp-json\/wp\/v2\/posts\/4724"}],"collection":[{"href":"https:\/\/www.mpppst.gob.ve\/mpppstweb\/index.php\/wp-json\/wp\/v2\/posts"}],"about":[{"href":"https:\/\/www.mpppst.gob.ve\/mpppstweb\/index.php\/wp-json\/wp\/v2\/types\/post"}],"author":[{"embeddable":true,"href":"https:\/\/www.mpppst.gob.ve\/mpppstweb\/index.php\/wp-json\/wp\/v2\/users\/25"}],"replies":[{"embeddable":true,"href":"https:\/\/www.mpppst.gob.ve\/mpppstweb\/index.php\/wp-json\/wp\/v2\/comments?post=4724"}],"version-history":[{"count":1,"href":"https:\/\/www.mpppst.gob.ve\/mpppstweb\/index.php\/wp-json\/wp\/v2\/posts\/4724\/revisions"}],"predecessor-version":[{"id":7018,"href":"https:\/\/www.mpppst.gob.ve\/mpppstweb\/index.php\/wp-json\/wp\/v2\/posts\/4724\/revisions\/7018"}],"wp:featuredmedia":[{"embeddable":true,"href":"https:\/\/www.mpppst.gob.ve\/mpppstweb\/index.php\/wp-json\/wp\/v2\/media\/4725"}],"wp:attachment":[{"href":"https:\/\/www.mpppst.gob.ve\/mpppstweb\/index.php\/wp-json\/wp\/v2\/media?parent=4724"}],"wp:term":[{"taxonomy":"category","embeddable":true,"href":"https:\/\/www.mpppst.gob.ve\/mpppstweb\/index.php\/wp-json\/wp\/v2\/categories?post=4724"},{"taxonomy":"post_tag","embeddable":true,"href":"https:\/\/www.mpppst.gob.ve\/mpppstweb\/index.php\/wp-json\/wp\/v2\/tags?post=4724"}],"curies":[{"name":"wp","href":"https:\/\/api.w.org\/{rel}","templated":true}]}}