{"id":4734,"date":"2016-02-17T09:43:13","date_gmt":"2016-02-17T09:43:13","guid":{"rendered":"http:\/\/www.mpppst.gob.ve\/mpppstweb\/?p=4734"},"modified":"2016-07-01T18:21:23","modified_gmt":"2016-07-01T18:21:23","slug":"derecha-aprueba-en-primera-discusion-ley-de-amnesia-criminal","status":"publish","type":"post","link":"https:\/\/www.mpppst.gob.ve\/mpppstweb\/index.php\/2016\/02\/17\/derecha-aprueba-en-primera-discusion-ley-de-amnesia-criminal\/","title":{"rendered":"Derecha aprueba en primera discusi\u00f3n ley de amnesia criminal"},"content":{"rendered":"<p style=\"text-align: justify;\">La mayor\u00eda parlamentaria de la autollamada Mesa Democr\u00e1tica de la Unidad (MUD) aprobaron ayer en primera discusi\u00f3n el proyecto de Ley de Amnist\u00eda y Reconciliaci\u00f3n Nacional impulsado por el Foro Penal de Venezuela y actores pol\u00edticos de la derecha venezolana.<\/p>\n<p style=\"text-align: justify;\">Desde la tribuna de oradores, la diputada de la MUD Delsa Sol\u00f3rzano present\u00f3 el proyecto que pretende olvidar los delitos cometidos por los autores intelectuales del plan llamado La Salida, con el que resultaron heridas m\u00e1s de 800 personas y 43 fallecidos.<\/p>\n<p style=\"text-align: justify;\">\u201cNo podemos hablar de justicia mientras hayan presos pol\u00edticos en el pa\u00eds\u201d, dijo Sol\u00f3rzano.<\/p>\n<p style=\"text-align: justify;\">Durante la presentaci\u00f3n del proyecto en el Hemiciclo de Sesiones del Parlamento, la diputada enfatiz\u00f3 que \u201camnist\u00eda es olvido, tenemos que olvidar el odio, borrar de nuestra historia que se nos ha castrado por pensar diferente\u201d.<\/p>\n<p style=\"text-align: justify;\">Sol\u00f3rzano asegur\u00f3 que el instrumento incluye la amnist\u00eda laboral para que \u201ccada empleado p\u00fablico pueda formar parte de un mecanismo de reconciliaci\u00f3n\u201d.<\/p>\n<p style=\"text-align: justify;\">Adem\u00e1s declar\u00f3 que ex alcalde Antonio Ledezma y dem\u00e1s responsables de los hechos violentos de 2014 \u201cest\u00e1n presos por pensar distinto\u201d.<\/p>\n<p style=\"text-align: justify;\">Ante las declaraciones de la diputada por el estado Miranda, el representante del Bloque de la Patria El\u00edas Jaua ratific\u00f3 que dicho instrumento pretende desconocer todos los derechos p\u00fablicos y deteriora los derechos humanos.<\/p>\n<p style=\"text-align: justify;\">Record\u00f3 que la derecha busca autoperdonarse, pero que cuando se habla de amnist\u00eda no se trata de olvidar al que fue v\u00edctima de los hechos, sino de privilegiar a aquellos que sufrieron los da\u00f1os.<\/p>\n<p style=\"text-align: justify;\">\u201cLa amnist\u00eda tiene que ser el resultado donde se privilegien a las v\u00edctimas\u201d, puntualiz\u00f3.<\/p>\n<p style=\"text-align: justify;\">Dijo que adem\u00e1s de desconocer la gravedad de los hechos y las consecuencias que generaron las revueltas, la acci\u00f3n legislativa no va a unir a Venezuela.<\/p>\n<p style=\"text-align: justify;\">\u201cLas facciones contrarrevolucionarias aqu\u00ed representadas ofenden nuevamente a los sobrevivientes, a los hu\u00e9rfanos, a los padres sin asomar una sola palabra de solicitud de perd\u00f3n o un m\u00ednimo gesto de arrepentimiento, pretendiendo que se echen al olvido las acciones criminales y sus responsables\u201d, subray\u00f3.<\/p>\n<p style=\"text-align: justify;\">Jaua exhort\u00f3 a los poderes p\u00fablicos y al pueblo venezolano a desconocer la aprobaci\u00f3n de dicho proyecto de ley.<\/p>\n<p style=\"text-align: justify;\">\u201cEsta legislaci\u00f3n menoscaba los derechos humanos y marcar\u00eda un grave precedente en la lucha contra la impunidad\u201d, objet\u00f3.<\/p>\n<p style=\"text-align: justify;\">Agreg\u00f3 que para que exista una verdadera reconciliaci\u00f3n nacional se debe pedir perd\u00f3n a las v\u00edctimas, renunciar a la promoci\u00f3n y difusi\u00f3n de la violencia, al tutelaje del Reino Unido y de Espa\u00f1a, no implementar mecanismos de guerra econ\u00f3mica como forma de hacer pol\u00edtica, adem\u00e1s respetar la soberan\u00eda de la Fuerza Armada Nacional Bolivariana y los logros conquistados por el pueblo durante los 17 a\u00f1os de Revoluci\u00f3n.<\/p>\n<p style=\"text-align: justify;\">ABERRACI\u00d3N JUR\u00cdDICA<\/p>\n<p style=\"text-align: justify;\">El representante del Bloque de la Patria H\u00e9ctor Rodr\u00edguez calific\u00f3 el proyecto de Ley de Amnist\u00eda y Reconciliaci\u00f3n Nacional como una ley de amnesia criminal.<\/p>\n<p style=\"text-align: justify;\">\u201cLees esta aberraci\u00f3n de texto jur\u00eddico y te das cuenta de que lo que menos quieren es la reconciliaci\u00f3n del pa\u00eds. Ellos proponen un debate para la reconciliaci\u00f3n pero con su tono y palabras demuestran que no quieren la reconciliaci\u00f3n del pa\u00eds\u201d, manifest\u00f3 Rodr\u00edguez.<\/p>\n<p style=\"text-align: justify;\">El diputado del Gran Polo Patri\u00f3tico expuso que el proyecto de ley ampara el terrorismo, los actos de corrupci\u00f3n y el tr\u00e1fico de drogas.<\/p>\n<p style=\"text-align: justify;\">\u201cSeg\u00fan esta ley, el terrorismo no va a ser delito. Lean el art\u00edculo 15 que plantea: se concede amnist\u00eda a los hechos considerados como terrorismo. Los art\u00edculos 17 y 18 plantean que, desde el a\u00f1o 1999 hasta que se apruebe esta ley, la corrupci\u00f3n no es delito.<\/p>\n<p style=\"text-align: justify;\">El art\u00edculo 30 plantea: se concede amnist\u00eda de los hechos considerado delito de tr\u00e1fico de drogas. Quiero pensar que muchos diputados de la oposici\u00f3n no se leyeron esta aberraci\u00f3n de documento\u201d, denunci\u00f3.<\/p>\n<p style=\"text-align: justify;\">Rodr\u00edguez mantuvo que \u201cesto es un mezclote de los intereses particulares, de las presiones internas y de los financistas a los cuales les deben su campa\u00f1a electoral. S\u00e9 que muchos de ustedes no est\u00e1n de acuerdo con esta aberraci\u00f3n y no quiero generalizar\u201d.<\/p>\n<p style=\"text-align: justify;\">Adem\u00e1s el diputado del GPP llam\u00f3 a \u201cconvertir esta ley en un gran debate nacional, por la paz verdadera\u201d.<\/p>\n<p style=\"text-align: justify;\">NO A LA IMPUNIDAD<\/p>\n<p style=\"text-align: justify;\">Mientras la bancada de la Patria mostraba ante el Parlamento pancartas de las v\u00edctimas de las guarimbas, el diputado por el estado Monagas, Diosdado Cabello, asegur\u00f3 que no permitir\u00e1n que haya libertad para los responsables de los hechos violentos.<\/p>\n<p style=\"text-align: justify;\">\u201cNo va haber libertad para los asesinos, no va haber libertad para los que trafican droga, aqu\u00ed va haber paz, aqu\u00ed va haber justicia\u201d.<\/p>\n<p style=\"text-align: justify;\">Recalc\u00f3 que \u201caqu\u00ed no va a haber ley de amnesia, aqu\u00ed va a haber Patria, independencia y justicia\u201d.<\/p>\n<p style=\"text-align: justify;\">Indic\u00f3 que el documento presentado por la MUD es otro intento de derrocar el gobierno leg\u00edtimo del presidente de la Rep\u00fablica, Nicol\u00e1s Maduro.<\/p>\n<p style=\"text-align: justify;\">\u201cNosotros no queremos impunidad, no queremos que vayan a hacer fiesta para intentar dar un golpe de Estado\u201d, a\u00f1adi\u00f3.<\/p>\n<p style=\"text-align: justify;\">Del mismo modo se\u00f1al\u00f3 que el proyecto de ley se ha convertido en una mercanc\u00eda. \u201cEsta ley se ha convertido en una mercanc\u00eda, si usted quiere aparecer, tiene que pagar\u201d, remarc\u00f3.<\/p>\n<p style=\"text-align: justify;\">Cabello sostuvo que el Bloque de la Patria \u201csiempre estar\u00e1 al lado del pueblo y no ser\u00e1 la burgues\u00eda venezolana con sus amigos del imperialismo, los que van a detener esta Revoluci\u00f3n\u201d.<\/p>\n<p style=\"text-align: justify;\">Por otro lado, para cerrar el primer debate de la Ley de Amnist\u00eda, el presidente de la AN, Henry Ramos Allup, afirm\u00f3 que el jefe de Estado va \u201ca salir del poder de manera pac\u00edfica porque le han causado un gran da\u00f1o a Venezuela\u201d.<\/p>\n<p style=\"text-align: justify;\">Sobre la amnist\u00eda, Allup precis\u00f3 que incluyeron delitos en el proyecto para poder liberar al dirigente de Voluntad Popular Leopoldo L\u00f3pez.<\/p>\n<p style=\"text-align: justify;\">Asimismo expres\u00f3 que el Tribunal Supremo de Justicia est\u00e1 \u201chaciendo atrocidades para declarar nulidad a todas las acciones de la Asamblea\u201d.<\/p>\n<p style=\"text-align: justify;\">Finalmente, la bancada de la derecha venezolana aprob\u00f3 el primer debate de la Ley de Amnist\u00eda, mientras que el Bloque da la Patria salv\u00f3 el voto en honor a las v\u00edctimas de las guarimbas.<\/p>\n<p style=\"text-align: justify;\">Adem\u00e1s, durante la sesi\u00f3n acordaron la presencia del vicepresidente de la Rep\u00fablica, Arist\u00f3bulo Ist\u00fariz, para pr\u00f3ximo martes 23 de febrero a las 2:30 de la tarde en la Asamblea Nacional.<\/p>\n<p style=\"text-align: justify;\">Elogio de la violencia<\/p>\n<p style=\"text-align: justify;\">La Asamblea Nacional (AN) har\u00e1 ma\u00f1ana 18 de febrero una sesi\u00f3n especial por los dos a\u00f1os de la detenci\u00f3n de Leopoldo L\u00f3pez.<\/p>\n<p style=\"text-align: justify;\">En el evento propiciado por los diputados de la Mesa de la Unidad Democr\u00e1tica (MUD) estar\u00e1n presentes los ganadores del Premio Nobel de la Paz Lech Walesa (Polonia), Oscar Arias (Costa Rica), la hija del Obispo Desmon Tutu, Mpho Tutu (Sur\u00e1frica) y el nieto del expresidente surafricano Nelson Mandela, Ndaba Mandela.<\/p>\n<p style=\"text-align: justify;\">Seg\u00fan nota de prensa, los invitados vendr\u00e1n a Venezuela bajo el auspicio de la ONG Premio Nobel de la Paz Amnist\u00eda Internacional.<\/p>\n<p style=\"text-align: justify;\">Durante los actos de violencia ocurridos el 12 de febrero de 2014, L\u00f3pez impuls\u00f3 los actos de violencia donde resultaron 43 personas fallecidas y m\u00e1s de 800 lesionadas.<\/p>\n<p style=\"text-align: justify;\">Ante las evidencias mostradas a L\u00f3pez por el Gobierno de que hab\u00eda planes para asesinarlo por parte de la derecha, \u00e9ste acept\u00f3 la protecci\u00f3n del Estado y decidi\u00f3 entregarse el 18 de febrero a las autoridades que lo requer\u00edan por la comisi\u00f3n de varios delitos.<\/p>\n<p style=\"text-align: justify;\">Ley privatizadora<\/p>\n<p style=\"text-align: justify;\">El diputado de Primero Justicia, Julio Borges, anunci\u00f3 que ma\u00f1ana ser\u00e1 presentado ante la plenaria de la Asamblea Nacional el proyecto de Ley de Producci\u00f3n Nacional; instrumento que de ser sancionado restituir\u00eda unas 1.200 empresas y 4 millones de hect\u00e1reas de tierras expropiadas por el Gobierno Bolivariano para diversos programas sociales.<\/p>\n<p style=\"text-align: justify;\">\u201cEl jueves vamos a aprobar en su primera discusi\u00f3n la Ley de Producci\u00f3n Nacional\u201d, se\u00f1al\u00f3 Borges, quien indic\u00f3 que la propuesta busca darle un \u201cvuelco radical\u201d al actual modelo.<\/p>\n<p style=\"text-align: justify;\">FUENTE: Ciudad Caracas<\/p>\n","protected":false},"excerpt":{"rendered":"<p>La mayor\u00eda parlamentaria de la autollamada Mesa Democr\u00e1tica de la Unidad (MUD) aprobaron  en primera discusi\u00f3n el proyecto de Ley de Amnist\u00eda y Reconciliaci\u00f3n Nacional <\/p>\n","protected":false},"author":25,"featured_media":4735,"comment_status":"closed","ping_status":"closed","sticky":false,"template":"","format":"standard","meta":{"footnotes":""},"categories":[82],"tags":[],"yoast_head":"<!-- This site is optimized with the Yoast SEO plugin v22.5 - https:\/\/yoast.com\/wordpress\/plugins\/seo\/ -->\n<title>Derecha aprueba en primera discusi\u00f3n ley de amnesia criminal - MPPPST<\/title>\n<meta name=\"robots\" content=\"index, follow, max-snippet:-1, max-image-preview:large, max-video-preview:-1\" \/>\n<link rel=\"canonical\" href=\"https:\/\/www.mpppst.gob.ve\/mpppstweb\/index.php\/2016\/02\/17\/derecha-aprueba-en-primera-discusion-ley-de-amnesia-criminal\/\" \/>\n<meta property=\"og:locale\" content=\"es_ES\" \/>\n<meta property=\"og:type\" content=\"article\" \/>\n<meta property=\"og:title\" content=\"Derecha aprueba en primera discusi\u00f3n ley de amnesia criminal - MPPPST\" \/>\n<meta property=\"og:description\" content=\"La mayor\u00eda parlamentaria de la autollamada Mesa Democr\u00e1tica de la Unidad (MUD) aprobaron en primera discusi\u00f3n el proyecto de Ley de Amnist\u00eda y Reconciliaci\u00f3n Nacional\" \/>\n<meta property=\"og:url\" content=\"https:\/\/www.mpppst.gob.ve\/mpppstweb\/index.php\/2016\/02\/17\/derecha-aprueba-en-primera-discusion-ley-de-amnesia-criminal\/\" \/>\n<meta property=\"og:site_name\" content=\"MPPPST\" \/>\n<meta property=\"article:published_time\" content=\"2016-02-17T09:43:13+00:00\" \/>\n<meta property=\"article:modified_time\" content=\"2016-07-01T18:21:23+00:00\" \/>\n<meta property=\"og:image\" content=\"https:\/\/www.mpppst.gob.ve\/mpppstweb\/wp-content\/uploads\/2016\/02\/AMNIST\u00cdA.jpg\" \/>\n\t<meta property=\"og:image:width\" content=\"448\" \/>\n\t<meta property=\"og:image:height\" content=\"298\" \/>\n\t<meta property=\"og:image:type\" content=\"image\/jpeg\" \/>\n<meta name=\"author\" content=\"MPPPST Prensa\" \/>\n<meta name=\"twitter:card\" content=\"summary_large_image\" \/>\n<meta name=\"twitter:label1\" content=\"Escrito por\" \/>\n\t<meta name=\"twitter:data1\" content=\"MPPPST Prensa\" \/>\n\t<meta name=\"twitter:label2\" content=\"Tiempo de lectura\" \/>\n\t<meta name=\"twitter:data2\" content=\"7 minutos\" \/>\n<script type=\"application\/ld+json\" class=\"yoast-schema-graph\">{\"@context\":\"https:\/\/schema.org\",\"@graph\":[{\"@type\":\"Article\",\"@id\":\"https:\/\/www.mpppst.gob.ve\/mpppstweb\/index.php\/2016\/02\/17\/derecha-aprueba-en-primera-discusion-ley-de-amnesia-criminal\/#article\",\"isPartOf\":{\"@id\":\"https:\/\/www.mpppst.gob.ve\/mpppstweb\/index.php\/2016\/02\/17\/derecha-aprueba-en-primera-discusion-ley-de-amnesia-criminal\/\"},\"author\":{\"name\":\"MPPPST Prensa\",\"@id\":\"https:\/\/www.mpppst.gob.ve\/mpppstweb\/#\/schema\/person\/fc187ee8ead412bd4c9304b62f900ea4\"},\"headline\":\"Derecha aprueba en primera discusi\u00f3n ley de amnesia criminal\",\"datePublished\":\"2016-02-17T09:43:13+00:00\",\"dateModified\":\"2016-07-01T18:21:23+00:00\",\"mainEntityOfPage\":{\"@id\":\"https:\/\/www.mpppst.gob.ve\/mpppstweb\/index.php\/2016\/02\/17\/derecha-aprueba-en-primera-discusion-ley-de-amnesia-criminal\/\"},\"wordCount\":1385,\"publisher\":{\"@id\":\"https:\/\/www.mpppst.gob.ve\/mpppstweb\/#organization\"},\"image\":{\"@id\":\"https:\/\/www.mpppst.gob.ve\/mpppstweb\/index.php\/2016\/02\/17\/derecha-aprueba-en-primera-discusion-ley-de-amnesia-criminal\/#primaryimage\"},\"thumbnailUrl\":\"https:\/\/www.mpppst.gob.ve\/mpppstweb\/wp-content\/uploads\/2016\/02\/AMNIST\u00cdA.jpg\",\"articleSection\":[\"Gobierno Nacional\"],\"inLanguage\":\"es\"},{\"@type\":\"WebPage\",\"@id\":\"https:\/\/www.mpppst.gob.ve\/mpppstweb\/index.php\/2016\/02\/17\/derecha-aprueba-en-primera-discusion-ley-de-amnesia-criminal\/\",\"url\":\"https:\/\/www.mpppst.gob.ve\/mpppstweb\/index.php\/2016\/02\/17\/derecha-aprueba-en-primera-discusion-ley-de-amnesia-criminal\/\",\"name\":\"Derecha aprueba en primera discusi\u00f3n ley de amnesia criminal - MPPPST\",\"isPartOf\":{\"@id\":\"https:\/\/www.mpppst.gob.ve\/mpppstweb\/#website\"},\"primaryImageOfPage\":{\"@id\":\"https:\/\/www.mpppst.gob.ve\/mpppstweb\/index.php\/2016\/02\/17\/derecha-aprueba-en-primera-discusion-ley-de-amnesia-criminal\/#primaryimage\"},\"image\":{\"@id\":\"https:\/\/www.mpppst.gob.ve\/mpppstweb\/index.php\/2016\/02\/17\/derecha-aprueba-en-primera-discusion-ley-de-amnesia-criminal\/#primaryimage\"},\"thumbnailUrl\":\"https:\/\/www.mpppst.gob.ve\/mpppstweb\/wp-content\/uploads\/2016\/02\/AMNIST\u00cdA.jpg\",\"datePublished\":\"2016-02-17T09:43:13+00:00\",\"dateModified\":\"2016-07-01T18:21:23+00:00\",\"breadcrumb\":{\"@id\":\"https:\/\/www.mpppst.gob.ve\/mpppstweb\/index.php\/2016\/02\/17\/derecha-aprueba-en-primera-discusion-ley-de-amnesia-criminal\/#breadcrumb\"},\"inLanguage\":\"es\",\"potentialAction\":[{\"@type\":\"ReadAction\",\"target\":[\"https:\/\/www.mpppst.gob.ve\/mpppstweb\/index.php\/2016\/02\/17\/derecha-aprueba-en-primera-discusion-ley-de-amnesia-criminal\/\"]}]},{\"@type\":\"ImageObject\",\"inLanguage\":\"es\",\"@id\":\"https:\/\/www.mpppst.gob.ve\/mpppstweb\/index.php\/2016\/02\/17\/derecha-aprueba-en-primera-discusion-ley-de-amnesia-criminal\/#primaryimage\",\"url\":\"https:\/\/www.mpppst.gob.ve\/mpppstweb\/wp-content\/uploads\/2016\/02\/AMNIST\u00cdA.jpg\",\"contentUrl\":\"https:\/\/www.mpppst.gob.ve\/mpppstweb\/wp-content\/uploads\/2016\/02\/AMNIST\u00cdA.jpg\",\"width\":448,\"height\":298},{\"@type\":\"BreadcrumbList\",\"@id\":\"https:\/\/www.mpppst.gob.ve\/mpppstweb\/index.php\/2016\/02\/17\/derecha-aprueba-en-primera-discusion-ley-de-amnesia-criminal\/#breadcrumb\",\"itemListElement\":[{\"@type\":\"ListItem\",\"position\":1,\"name\":\"Home\",\"item\":\"https:\/\/www.mpppst.gob.ve\/mpppstweb\/\"},{\"@type\":\"ListItem\",\"position\":2,\"name\":\"Derecha aprueba en primera discusi\u00f3n ley de amnesia criminal\"}]},{\"@type\":\"WebSite\",\"@id\":\"https:\/\/www.mpppst.gob.ve\/mpppstweb\/#website\",\"url\":\"https:\/\/www.mpppst.gob.ve\/mpppstweb\/\",\"name\":\"MPPPST\",\"description\":\"Ministerio del Poder Popular para el Proceso Social de Trabajo\",\"publisher\":{\"@id\":\"https:\/\/www.mpppst.gob.ve\/mpppstweb\/#organization\"},\"potentialAction\":[{\"@type\":\"SearchAction\",\"target\":{\"@type\":\"EntryPoint\",\"urlTemplate\":\"https:\/\/www.mpppst.gob.ve\/mpppstweb\/?s={search_term_string}\"},\"query-input\":\"required name=search_term_string\"}],\"inLanguage\":\"es\"},{\"@type\":\"Organization\",\"@id\":\"https:\/\/www.mpppst.gob.ve\/mpppstweb\/#organization\",\"name\":\"mpppst\",\"url\":\"https:\/\/www.mpppst.gob.ve\/mpppstweb\/\",\"logo\":{\"@type\":\"ImageObject\",\"inLanguage\":\"es\",\"@id\":\"https:\/\/www.mpppst.gob.ve\/mpppstweb\/#\/schema\/logo\/image\/\",\"url\":\"https:\/\/www.mpppst.gob.ve\/mpppstweb\/wp-content\/uploads\/2025\/07\/cropped-cropped-g910.png\",\"contentUrl\":\"https:\/\/www.mpppst.gob.ve\/mpppstweb\/wp-content\/uploads\/2025\/07\/cropped-cropped-g910.png\",\"width\":1080,\"height\":241,\"caption\":\"mpppst\"},\"image\":{\"@id\":\"https:\/\/www.mpppst.gob.ve\/mpppstweb\/#\/schema\/logo\/image\/\"}},{\"@type\":\"Person\",\"@id\":\"https:\/\/www.mpppst.gob.ve\/mpppstweb\/#\/schema\/person\/fc187ee8ead412bd4c9304b62f900ea4\",\"name\":\"MPPPST Prensa\",\"url\":\"https:\/\/www.mpppst.gob.ve\/mpppstweb\/index.php\/author\/prensa-mpppst\/\"}]}<\/script>\n<!-- \/ Yoast SEO plugin. -->","yoast_head_json":{"title":"Derecha aprueba en primera discusi\u00f3n ley de amnesia criminal - MPPPST","robots":{"index":"index","follow":"follow","max-snippet":"max-snippet:-1","max-image-preview":"max-image-preview:large","max-video-preview":"max-video-preview:-1"},"canonical":"https:\/\/www.mpppst.gob.ve\/mpppstweb\/index.php\/2016\/02\/17\/derecha-aprueba-en-primera-discusion-ley-de-amnesia-criminal\/","og_locale":"es_ES","og_type":"article","og_title":"Derecha aprueba en primera discusi\u00f3n ley de amnesia criminal - MPPPST","og_description":"La mayor\u00eda parlamentaria de la autollamada Mesa Democr\u00e1tica de la Unidad (MUD) aprobaron en primera discusi\u00f3n el proyecto de Ley de Amnist\u00eda y Reconciliaci\u00f3n Nacional","og_url":"https:\/\/www.mpppst.gob.ve\/mpppstweb\/index.php\/2016\/02\/17\/derecha-aprueba-en-primera-discusion-ley-de-amnesia-criminal\/","og_site_name":"MPPPST","article_published_time":"2016-02-17T09:43:13+00:00","article_modified_time":"2016-07-01T18:21:23+00:00","og_image":[{"width":448,"height":298,"url":"https:\/\/www.mpppst.gob.ve\/mpppstweb\/wp-content\/uploads\/2016\/02\/AMNIST\u00cdA.jpg","type":"image\/jpeg"}],"author":"MPPPST Prensa","twitter_card":"summary_large_image","twitter_misc":{"Escrito por":"MPPPST Prensa","Tiempo de lectura":"7 minutos"},"schema":{"@context":"https:\/\/schema.org","@graph":[{"@type":"Article","@id":"https:\/\/www.mpppst.gob.ve\/mpppstweb\/index.php\/2016\/02\/17\/derecha-aprueba-en-primera-discusion-ley-de-amnesia-criminal\/#article","isPartOf":{"@id":"https:\/\/www.mpppst.gob.ve\/mpppstweb\/index.php\/2016\/02\/17\/derecha-aprueba-en-primera-discusion-ley-de-amnesia-criminal\/"},"author":{"name":"MPPPST Prensa","@id":"https:\/\/www.mpppst.gob.ve\/mpppstweb\/#\/schema\/person\/fc187ee8ead412bd4c9304b62f900ea4"},"headline":"Derecha aprueba en primera discusi\u00f3n ley de amnesia criminal","datePublished":"2016-02-17T09:43:13+00:00","dateModified":"2016-07-01T18:21:23+00:00","mainEntityOfPage":{"@id":"https:\/\/www.mpppst.gob.ve\/mpppstweb\/index.php\/2016\/02\/17\/derecha-aprueba-en-primera-discusion-ley-de-amnesia-criminal\/"},"wordCount":1385,"publisher":{"@id":"https:\/\/www.mpppst.gob.ve\/mpppstweb\/#organization"},"image":{"@id":"https:\/\/www.mpppst.gob.ve\/mpppstweb\/index.php\/2016\/02\/17\/derecha-aprueba-en-primera-discusion-ley-de-amnesia-criminal\/#primaryimage"},"thumbnailUrl":"https:\/\/www.mpppst.gob.ve\/mpppstweb\/wp-content\/uploads\/2016\/02\/AMNIST\u00cdA.jpg","articleSection":["Gobierno Nacional"],"inLanguage":"es"},{"@type":"WebPage","@id":"https:\/\/www.mpppst.gob.ve\/mpppstweb\/index.php\/2016\/02\/17\/derecha-aprueba-en-primera-discusion-ley-de-amnesia-criminal\/","url":"https:\/\/www.mpppst.gob.ve\/mpppstweb\/index.php\/2016\/02\/17\/derecha-aprueba-en-primera-discusion-ley-de-amnesia-criminal\/","name":"Derecha aprueba en primera discusi\u00f3n ley de amnesia criminal - MPPPST","isPartOf":{"@id":"https:\/\/www.mpppst.gob.ve\/mpppstweb\/#website"},"primaryImageOfPage":{"@id":"https:\/\/www.mpppst.gob.ve\/mpppstweb\/index.php\/2016\/02\/17\/derecha-aprueba-en-primera-discusion-ley-de-amnesia-criminal\/#primaryimage"},"image":{"@id":"https:\/\/www.mpppst.gob.ve\/mpppstweb\/index.php\/2016\/02\/17\/derecha-aprueba-en-primera-discusion-ley-de-amnesia-criminal\/#primaryimage"},"thumbnailUrl":"https:\/\/www.mpppst.gob.ve\/mpppstweb\/wp-content\/uploads\/2016\/02\/AMNIST\u00cdA.jpg","datePublished":"2016-02-17T09:43:13+00:00","dateModified":"2016-07-01T18:21:23+00:00","breadcrumb":{"@id":"https:\/\/www.mpppst.gob.ve\/mpppstweb\/index.php\/2016\/02\/17\/derecha-aprueba-en-primera-discusion-ley-de-amnesia-criminal\/#breadcrumb"},"inLanguage":"es","potentialAction":[{"@type":"ReadAction","target":["https:\/\/www.mpppst.gob.ve\/mpppstweb\/index.php\/2016\/02\/17\/derecha-aprueba-en-primera-discusion-ley-de-amnesia-criminal\/"]}]},{"@type":"ImageObject","inLanguage":"es","@id":"https:\/\/www.mpppst.gob.ve\/mpppstweb\/index.php\/2016\/02\/17\/derecha-aprueba-en-primera-discusion-ley-de-amnesia-criminal\/#primaryimage","url":"https:\/\/www.mpppst.gob.ve\/mpppstweb\/wp-content\/uploads\/2016\/02\/AMNIST\u00cdA.jpg","contentUrl":"https:\/\/www.mpppst.gob.ve\/mpppstweb\/wp-content\/uploads\/2016\/02\/AMNIST\u00cdA.jpg","width":448,"height":298},{"@type":"BreadcrumbList","@id":"https:\/\/www.mpppst.gob.ve\/mpppstweb\/index.php\/2016\/02\/17\/derecha-aprueba-en-primera-discusion-ley-de-amnesia-criminal\/#breadcrumb","itemListElement":[{"@type":"ListItem","position":1,"name":"Home","item":"https:\/\/www.mpppst.gob.ve\/mpppstweb\/"},{"@type":"ListItem","position":2,"name":"Derecha aprueba en primera discusi\u00f3n ley de amnesia criminal"}]},{"@type":"WebSite","@id":"https:\/\/www.mpppst.gob.ve\/mpppstweb\/#website","url":"https:\/\/www.mpppst.gob.ve\/mpppstweb\/","name":"MPPPST","description":"Ministerio del Poder Popular para el Proceso Social de Trabajo","publisher":{"@id":"https:\/\/www.mpppst.gob.ve\/mpppstweb\/#organization"},"potentialAction":[{"@type":"SearchAction","target":{"@type":"EntryPoint","urlTemplate":"https:\/\/www.mpppst.gob.ve\/mpppstweb\/?s={search_term_string}"},"query-input":"required name=search_term_string"}],"inLanguage":"es"},{"@type":"Organization","@id":"https:\/\/www.mpppst.gob.ve\/mpppstweb\/#organization","name":"mpppst","url":"https:\/\/www.mpppst.gob.ve\/mpppstweb\/","logo":{"@type":"ImageObject","inLanguage":"es","@id":"https:\/\/www.mpppst.gob.ve\/mpppstweb\/#\/schema\/logo\/image\/","url":"https:\/\/www.mpppst.gob.ve\/mpppstweb\/wp-content\/uploads\/2025\/07\/cropped-cropped-g910.png","contentUrl":"https:\/\/www.mpppst.gob.ve\/mpppstweb\/wp-content\/uploads\/2025\/07\/cropped-cropped-g910.png","width":1080,"height":241,"caption":"mpppst"},"image":{"@id":"https:\/\/www.mpppst.gob.ve\/mpppstweb\/#\/schema\/logo\/image\/"}},{"@type":"Person","@id":"https:\/\/www.mpppst.gob.ve\/mpppstweb\/#\/schema\/person\/fc187ee8ead412bd4c9304b62f900ea4","name":"MPPPST Prensa","url":"https:\/\/www.mpppst.gob.ve\/mpppstweb\/index.php\/author\/prensa-mpppst\/"}]}},"_links":{"self":[{"href":"https:\/\/www.mpppst.gob.ve\/mpppstweb\/index.php\/wp-json\/wp\/v2\/posts\/4734"}],"collection":[{"href":"https:\/\/www.mpppst.gob.ve\/mpppstweb\/index.php\/wp-json\/wp\/v2\/posts"}],"about":[{"href":"https:\/\/www.mpppst.gob.ve\/mpppstweb\/index.php\/wp-json\/wp\/v2\/types\/post"}],"author":[{"embeddable":true,"href":"https:\/\/www.mpppst.gob.ve\/mpppstweb\/index.php\/wp-json\/wp\/v2\/users\/25"}],"replies":[{"embeddable":true,"href":"https:\/\/www.mpppst.gob.ve\/mpppstweb\/index.php\/wp-json\/wp\/v2\/comments?post=4734"}],"version-history":[{"count":1,"href":"https:\/\/www.mpppst.gob.ve\/mpppstweb\/index.php\/wp-json\/wp\/v2\/posts\/4734\/revisions"}],"predecessor-version":[{"id":7021,"href":"https:\/\/www.mpppst.gob.ve\/mpppstweb\/index.php\/wp-json\/wp\/v2\/posts\/4734\/revisions\/7021"}],"wp:featuredmedia":[{"embeddable":true,"href":"https:\/\/www.mpppst.gob.ve\/mpppstweb\/index.php\/wp-json\/wp\/v2\/media\/4735"}],"wp:attachment":[{"href":"https:\/\/www.mpppst.gob.ve\/mpppstweb\/index.php\/wp-json\/wp\/v2\/media?parent=4734"}],"wp:term":[{"taxonomy":"category","embeddable":true,"href":"https:\/\/www.mpppst.gob.ve\/mpppstweb\/index.php\/wp-json\/wp\/v2\/categories?post=4734"},{"taxonomy":"post_tag","embeddable":true,"href":"https:\/\/www.mpppst.gob.ve\/mpppstweb\/index.php\/wp-json\/wp\/v2\/tags?post=4734"}],"curies":[{"name":"wp","href":"https:\/\/api.w.org\/{rel}","templated":true}]}}