{"id":4742,"date":"2016-02-17T10:57:57","date_gmt":"2016-02-17T10:57:57","guid":{"rendered":"http:\/\/www.mpppst.gob.ve\/mpppstweb\/?p=4742"},"modified":"2016-07-01T18:22:00","modified_gmt":"2016-07-01T18:22:00","slug":"nuestro-esequibo-y-la-expoliacion-de-exxon-mobil-a-proposito-del-50-aniversario-del-acuerdo-de-ginebra","status":"publish","type":"post","link":"https:\/\/www.mpppst.gob.ve\/mpppstweb\/index.php\/2016\/02\/17\/nuestro-esequibo-y-la-expoliacion-de-exxon-mobil-a-proposito-del-50-aniversario-del-acuerdo-de-ginebra\/","title":{"rendered":"Nuestro Esequibo y la expoliaci\u00f3n de Exxon Mobil (A prop\u00f3sito del 50 aniversario del Acuerdo de Ginebra)"},"content":{"rendered":"<p style=\"text-align: justify;\">Por Marbelys Mav\u00e1rez<\/p>\n<p style=\"text-align: justify;\">La Guyana Esequiba, tambi\u00e9n conocida como Territorio del Esequibo, o sencillamente como El Esequibo, es el nombre que se otorga a una parte del llamado escudo guayan\u00e9s comprendida entre el oeste del r\u00edo Esequibo hasta el hito en la cima del monte Roraima. Efectivamente esta zona, o territorio, tiene unas bondades que se tornan muy atractivas para las transnacionales, y de forma especial para Exxon Mobil, que no desmaya en sus intentos por socavar la soberan\u00eda venezolana. Ya sobre este tema existen no pocos\u00a0 precedentes.<\/p>\n<p style=\"text-align: justify;\">Dicho territorio cuenta con una extensi\u00f3n de 159.540 km\u00b2 que la Rep\u00fablica Cooperativa de Guyana hist\u00f3ricamente se ha encargado de administrar como propio, pero cuya soberan\u00eda es reclamada por Venezuela, basada en el Acuerdo de Ginebra del 17 de febrero de 1966, que hoy cumple 50 a\u00f1os. Solamente la parte oriental de isla fluvial de Anacoco en el r\u00edo Cuyun\u00ed se encuentra bajo la soberan\u00eda de Venezuela, pero ha sido protestada por Guyana.<\/p>\n<p style=\"text-align: justify;\">Venezuela reclama el territorio como propio y, en sus mapas, el \u00e1rea suele aparecer rayada oblicuamente o con la leyenda de <em>Zona En Reclamaci\u00f3n<\/em>. Por su parte, quienes viven en El Esequibo ven un mapa que da cuenta, solamente, de ese territorio. Y es la imagen que imprimen en sus billetes.<\/p>\n<p style=\"text-align: justify;\">No obstante, sujeto al Acuerdo de Ginebra de 17 de febrero de 1966, el territorio es reclamado como parte integrante de la jurisdicci\u00f3n de los estados Bol\u00edvar y Delta Amacuro de Venezuela.<\/p>\n<p style=\"text-align: justify;\"><strong>Aspectos de inter\u00e9s sobre Guyana y el hist\u00f3rico litigio:<\/strong><\/p>\n<p style=\"text-align: justify;\">-El litigio con Guyana hace recordar el arbitraje que introdujo la transnacional petrolera Exxon Mobil en el a\u00f1o 2007, cuando demand\u00f3 al Estado venezolano alegando perjuicios que, supuestamente, le caus\u00f3 el proceso de migraci\u00f3n a empresas mixtas a partir de la nacionalizaci\u00f3n de la industria petrolera. En aquella oportunidad Exxon Mobil no solo realiz\u00f3 la demanda en New York y en Londres, sino que esta acci\u00f3n contemplaba inmovilizar las cuentas de PDVSA, am\u00e9n de abrir varias acciones en contra de la estatal petrolera venezolana\u00a0 de forma simult\u00e1nea. En este caso se\u00a0 declar\u00f3 la no existencia de\u00a0 jurisdicci\u00f3n para tratar este caso.<\/p>\n<p style=\"text-align: justify;\">&#8211; Vale destacar que los ingleses fueron quienes conquistaron territorio en Guyana, tal como lo hicieron en Las Malvinas. Incluso, quer\u00edan expandirse\u00a0 hasta el Orinoco.<\/p>\n<p style=\"text-align: justify;\">&#8211; El r\u00edo Esequibo es uno de los r\u00edos m\u00e1s largos y caudalosos de Am\u00e9rica del Sur que desemboca en el <strong>oc\u00e9ano Atl\u00e1ntico<\/strong><\/p>\n<p style=\"text-align: justify;\">-El canciller Marcos Falc\u00f3n Brice\u00f1o denunci\u00f3 el Laudo Arbitral de 1899, el 12 de noviembre de 1962. El pa\u00eds, poco a poco, fue conociendo y asumiendo la reclamaci\u00f3n como un deber patrio.<\/p>\n<p style=\"text-align: justify;\">&#8211; A partir de 1965 el Estado venezolano aplic\u00f3 varias <strong>acciones simb\u00f3licas<\/strong>. Un ejemplo de ello es la incorporaci\u00f3n del territorio en el mapa de Venezuela con la observaci\u00f3n de que ese territorio es \u201cZona en Reclamaci\u00f3n\u201d. Luego de la firma del Acuerdo de Ginebra, se dieron otras reivindicaciones durante el gobierno de Ra\u00fal Leoni (1964-1968): la toma de la Isla de Anacoco en 1966. Adem\u00e1s, se iniciaba en aquellos a\u00f1os un movimiento cultural en torno a la reclamaci\u00f3n, expres\u00e1ndose en art\u00edculos de opini\u00f3n, de radio, televisi\u00f3n, y en el panorama musical venezolano.<\/p>\n<p style=\"text-align: justify;\">-Sin embargo, luego de la aplicaci\u00f3n del Protocolo de Puerto Espa\u00f1a en 1970, que congelaba la reclamaci\u00f3n durante 12 a\u00f1os, este despertar de conciencia del pueblo venezolano fue perdiendo aire, hasta que a mediados de los a\u00f1os 80 fue revitalizado por la negativa del gobierno de Luis Herrera Campins de renovar aquel protocolo. Comerciales, afiches, calcoman\u00edas, franelas con frases como \u201cEl Esequibo es Nuestro\u201d y en temas musicales como El Esequibo del Grupo T\u00e9mpano hicieron que esta generaci\u00f3n de venezolanos pusiera inter\u00e9s a este olvidado tema.<\/p>\n<p style=\"text-align: justify;\">&#8211; Hay un asunto que debemos advertir: A los venezolanos deber\u00eda preocuparle m\u00e1s este asunto por la salida al Oc\u00e9ano Atl\u00e1ntico, que por el tema petrolero.<\/p>\n<p style=\"text-align: justify;\">&#8211; Pero adem\u00e1s en el territorio en reclamaci\u00f3n hay de todo: \u201cAgua, oro, petr\u00f3leo, diamantes y dem\u00e1s minerales\u201d.<\/p>\n<p style=\"text-align: justify;\"><strong>\u00a0&#8211;<\/strong>Guyana ha sido muy agresiva otorgando la concesi\u00f3n a Exxon Mobil para que realice exploraciones. En este caso Guayana viol\u00f3 el acuerdo de Ginebra de 1966.<\/p>\n<p style=\"text-align: justify;\">-Entre las incoherencias hist\u00f3ricas, el expresidente Marco P\u00e9rez Jim\u00e9nez en 1957 instal\u00f3 un consulado que posteriormente fue oficializado por el gobierno de R\u00f3mulo Betancourt. Era una forma de reconocer que tal territorio pertenec\u00eda a\u00a0 de otra jurisdicci\u00f3n, o Estado. \u00a1Fue un error garrafal!<\/p>\n<p style=\"text-align: justify;\">\u00bfQu\u00e9 podr\u00edamos hacer cuando hoy se cumplen 50 a\u00f1os de la firma del Acuerdo de Ginebra: generar un proceso de di\u00e1logo, de encuentro, de intercambio, nada de esto puede ni debe ser abrupto. Debe ser, a mi juicio, \u00a0un acercamiento arm\u00f3nico entre nacionales. As\u00ed debemos asumirlo<strong>\u2026<\/strong> No por imposici\u00f3n, no por decreto. Debemos empezar a hacer presencia all\u00ed, realizar actos culturales, llevar nuestras manifestaciones folkl\u00f3ricas, que haga presencia lo que nos identifica como pueblo venezolano y lo que nos une.<\/p>\n<p style=\"text-align: justify;\">-Otra propuesta consiste en evaluar la posibilidad de otorgar a 200 mil ciudadanos que habitan en este lugar la c\u00e9dula venezolana.<\/p>\n<p style=\"text-align: justify;\">&#8211; Tambi\u00e9n es importante, am\u00e9n de necesario, \u00a0que historiadores, especialistas en la materia, internacionalistas, polit\u00f3logos, e incluso ge\u00f3grafos se encarguen de explicar a la poblaci\u00f3n qu\u00e9 ha ocurrido hist\u00f3ricamente con este tema. E insistir que se trata de un territorio venezolano. Y que los intereses de una transnacional \u00a0no pueden estar por encima de\u00a0 los de un Estado.\u00a0 Esto, en el siglo XXI, es francamente inaceptable.<\/p>\n<p style=\"text-align: justify;\">\u00a0Prensa MPPPST<\/p>\n","protected":false},"excerpt":{"rendered":"<p>La Guyana Esequiba, tambi\u00e9n conocida como Territorio del Esequibo, o sencillamente como El Esequibo, es el nombre que se otorga a una parte del llamado escudo guayan\u00e9s.<\/p>\n","protected":false},"author":25,"featured_media":4743,"comment_status":"closed","ping_status":"closed","sticky":false,"template":"","format":"standard","meta":{"footnotes":""},"categories":[82],"tags":[],"yoast_head":"<!-- This site is optimized with the Yoast SEO plugin v22.5 - https:\/\/yoast.com\/wordpress\/plugins\/seo\/ -->\n<title>Nuestro Esequibo y la expoliaci\u00f3n de Exxon Mobil (A prop\u00f3sito del 50 aniversario del Acuerdo de Ginebra) - MPPPST<\/title>\n<meta name=\"robots\" content=\"index, follow, max-snippet:-1, max-image-preview:large, max-video-preview:-1\" \/>\n<link rel=\"canonical\" href=\"https:\/\/www.mpppst.gob.ve\/mpppstweb\/index.php\/2016\/02\/17\/nuestro-esequibo-y-la-expoliacion-de-exxon-mobil-a-proposito-del-50-aniversario-del-acuerdo-de-ginebra\/\" \/>\n<meta property=\"og:locale\" content=\"es_ES\" \/>\n<meta property=\"og:type\" content=\"article\" \/>\n<meta property=\"og:title\" content=\"Nuestro Esequibo y la expoliaci\u00f3n de Exxon Mobil (A prop\u00f3sito del 50 aniversario del Acuerdo de Ginebra) - MPPPST\" \/>\n<meta property=\"og:description\" content=\"La Guyana Esequiba, tambi\u00e9n conocida como Territorio del Esequibo, o sencillamente como El Esequibo, es el nombre que se otorga a una parte del llamado escudo guayan\u00e9s.\" \/>\n<meta property=\"og:url\" content=\"https:\/\/www.mpppst.gob.ve\/mpppstweb\/index.php\/2016\/02\/17\/nuestro-esequibo-y-la-expoliacion-de-exxon-mobil-a-proposito-del-50-aniversario-del-acuerdo-de-ginebra\/\" \/>\n<meta property=\"og:site_name\" content=\"MPPPST\" \/>\n<meta property=\"article:published_time\" content=\"2016-02-17T10:57:57+00:00\" \/>\n<meta property=\"article:modified_time\" content=\"2016-07-01T18:22:00+00:00\" \/>\n<meta property=\"og:image\" content=\"https:\/\/www.mpppst.gob.ve\/mpppstweb\/wp-content\/uploads\/2016\/02\/367261c2-8806-4748-bae6-fdd6604785fd.jpg\" \/>\n\t<meta property=\"og:image:width\" content=\"448\" \/>\n\t<meta property=\"og:image:height\" content=\"329\" \/>\n\t<meta property=\"og:image:type\" content=\"image\/jpeg\" \/>\n<meta name=\"author\" content=\"MPPPST Prensa\" \/>\n<meta name=\"twitter:card\" content=\"summary_large_image\" \/>\n<meta name=\"twitter:label1\" content=\"Escrito por\" \/>\n\t<meta name=\"twitter:data1\" content=\"MPPPST Prensa\" \/>\n\t<meta name=\"twitter:label2\" content=\"Tiempo de lectura\" \/>\n\t<meta name=\"twitter:data2\" content=\"5 minutos\" \/>\n<script type=\"application\/ld+json\" class=\"yoast-schema-graph\">{\"@context\":\"https:\/\/schema.org\",\"@graph\":[{\"@type\":\"Article\",\"@id\":\"https:\/\/www.mpppst.gob.ve\/mpppstweb\/index.php\/2016\/02\/17\/nuestro-esequibo-y-la-expoliacion-de-exxon-mobil-a-proposito-del-50-aniversario-del-acuerdo-de-ginebra\/#article\",\"isPartOf\":{\"@id\":\"https:\/\/www.mpppst.gob.ve\/mpppstweb\/index.php\/2016\/02\/17\/nuestro-esequibo-y-la-expoliacion-de-exxon-mobil-a-proposito-del-50-aniversario-del-acuerdo-de-ginebra\/\"},\"author\":{\"name\":\"MPPPST Prensa\",\"@id\":\"https:\/\/www.mpppst.gob.ve\/mpppstweb\/#\/schema\/person\/fc187ee8ead412bd4c9304b62f900ea4\"},\"headline\":\"Nuestro Esequibo y la expoliaci\u00f3n de Exxon Mobil (A prop\u00f3sito del 50 aniversario del Acuerdo de Ginebra)\",\"datePublished\":\"2016-02-17T10:57:57+00:00\",\"dateModified\":\"2016-07-01T18:22:00+00:00\",\"mainEntityOfPage\":{\"@id\":\"https:\/\/www.mpppst.gob.ve\/mpppstweb\/index.php\/2016\/02\/17\/nuestro-esequibo-y-la-expoliacion-de-exxon-mobil-a-proposito-del-50-aniversario-del-acuerdo-de-ginebra\/\"},\"wordCount\":978,\"publisher\":{\"@id\":\"https:\/\/www.mpppst.gob.ve\/mpppstweb\/#organization\"},\"image\":{\"@id\":\"https:\/\/www.mpppst.gob.ve\/mpppstweb\/index.php\/2016\/02\/17\/nuestro-esequibo-y-la-expoliacion-de-exxon-mobil-a-proposito-del-50-aniversario-del-acuerdo-de-ginebra\/#primaryimage\"},\"thumbnailUrl\":\"https:\/\/www.mpppst.gob.ve\/mpppstweb\/wp-content\/uploads\/2016\/02\/367261c2-8806-4748-bae6-fdd6604785fd.jpg\",\"articleSection\":[\"Gobierno Nacional\"],\"inLanguage\":\"es\"},{\"@type\":\"WebPage\",\"@id\":\"https:\/\/www.mpppst.gob.ve\/mpppstweb\/index.php\/2016\/02\/17\/nuestro-esequibo-y-la-expoliacion-de-exxon-mobil-a-proposito-del-50-aniversario-del-acuerdo-de-ginebra\/\",\"url\":\"https:\/\/www.mpppst.gob.ve\/mpppstweb\/index.php\/2016\/02\/17\/nuestro-esequibo-y-la-expoliacion-de-exxon-mobil-a-proposito-del-50-aniversario-del-acuerdo-de-ginebra\/\",\"name\":\"Nuestro Esequibo y la expoliaci\u00f3n de Exxon Mobil (A prop\u00f3sito del 50 aniversario del Acuerdo de Ginebra) - MPPPST\",\"isPartOf\":{\"@id\":\"https:\/\/www.mpppst.gob.ve\/mpppstweb\/#website\"},\"primaryImageOfPage\":{\"@id\":\"https:\/\/www.mpppst.gob.ve\/mpppstweb\/index.php\/2016\/02\/17\/nuestro-esequibo-y-la-expoliacion-de-exxon-mobil-a-proposito-del-50-aniversario-del-acuerdo-de-ginebra\/#primaryimage\"},\"image\":{\"@id\":\"https:\/\/www.mpppst.gob.ve\/mpppstweb\/index.php\/2016\/02\/17\/nuestro-esequibo-y-la-expoliacion-de-exxon-mobil-a-proposito-del-50-aniversario-del-acuerdo-de-ginebra\/#primaryimage\"},\"thumbnailUrl\":\"https:\/\/www.mpppst.gob.ve\/mpppstweb\/wp-content\/uploads\/2016\/02\/367261c2-8806-4748-bae6-fdd6604785fd.jpg\",\"datePublished\":\"2016-02-17T10:57:57+00:00\",\"dateModified\":\"2016-07-01T18:22:00+00:00\",\"breadcrumb\":{\"@id\":\"https:\/\/www.mpppst.gob.ve\/mpppstweb\/index.php\/2016\/02\/17\/nuestro-esequibo-y-la-expoliacion-de-exxon-mobil-a-proposito-del-50-aniversario-del-acuerdo-de-ginebra\/#breadcrumb\"},\"inLanguage\":\"es\",\"potentialAction\":[{\"@type\":\"ReadAction\",\"target\":[\"https:\/\/www.mpppst.gob.ve\/mpppstweb\/index.php\/2016\/02\/17\/nuestro-esequibo-y-la-expoliacion-de-exxon-mobil-a-proposito-del-50-aniversario-del-acuerdo-de-ginebra\/\"]}]},{\"@type\":\"ImageObject\",\"inLanguage\":\"es\",\"@id\":\"https:\/\/www.mpppst.gob.ve\/mpppstweb\/index.php\/2016\/02\/17\/nuestro-esequibo-y-la-expoliacion-de-exxon-mobil-a-proposito-del-50-aniversario-del-acuerdo-de-ginebra\/#primaryimage\",\"url\":\"https:\/\/www.mpppst.gob.ve\/mpppstweb\/wp-content\/uploads\/2016\/02\/367261c2-8806-4748-bae6-fdd6604785fd.jpg\",\"contentUrl\":\"https:\/\/www.mpppst.gob.ve\/mpppstweb\/wp-content\/uploads\/2016\/02\/367261c2-8806-4748-bae6-fdd6604785fd.jpg\",\"width\":448,\"height\":329},{\"@type\":\"BreadcrumbList\",\"@id\":\"https:\/\/www.mpppst.gob.ve\/mpppstweb\/index.php\/2016\/02\/17\/nuestro-esequibo-y-la-expoliacion-de-exxon-mobil-a-proposito-del-50-aniversario-del-acuerdo-de-ginebra\/#breadcrumb\",\"itemListElement\":[{\"@type\":\"ListItem\",\"position\":1,\"name\":\"Home\",\"item\":\"https:\/\/www.mpppst.gob.ve\/mpppstweb\/\"},{\"@type\":\"ListItem\",\"position\":2,\"name\":\"Nuestro Esequibo y la expoliaci\u00f3n de Exxon Mobil (A prop\u00f3sito del 50 aniversario del Acuerdo de Ginebra)\"}]},{\"@type\":\"WebSite\",\"@id\":\"https:\/\/www.mpppst.gob.ve\/mpppstweb\/#website\",\"url\":\"https:\/\/www.mpppst.gob.ve\/mpppstweb\/\",\"name\":\"MPPPST\",\"description\":\"Ministerio del Poder Popular para el Proceso Social de Trabajo\",\"publisher\":{\"@id\":\"https:\/\/www.mpppst.gob.ve\/mpppstweb\/#organization\"},\"potentialAction\":[{\"@type\":\"SearchAction\",\"target\":{\"@type\":\"EntryPoint\",\"urlTemplate\":\"https:\/\/www.mpppst.gob.ve\/mpppstweb\/?s={search_term_string}\"},\"query-input\":\"required name=search_term_string\"}],\"inLanguage\":\"es\"},{\"@type\":\"Organization\",\"@id\":\"https:\/\/www.mpppst.gob.ve\/mpppstweb\/#organization\",\"name\":\"mpppst\",\"url\":\"https:\/\/www.mpppst.gob.ve\/mpppstweb\/\",\"logo\":{\"@type\":\"ImageObject\",\"inLanguage\":\"es\",\"@id\":\"https:\/\/www.mpppst.gob.ve\/mpppstweb\/#\/schema\/logo\/image\/\",\"url\":\"https:\/\/www.mpppst.gob.ve\/mpppstweb\/wp-content\/uploads\/2025\/07\/cropped-cropped-g910.png\",\"contentUrl\":\"https:\/\/www.mpppst.gob.ve\/mpppstweb\/wp-content\/uploads\/2025\/07\/cropped-cropped-g910.png\",\"width\":1080,\"height\":241,\"caption\":\"mpppst\"},\"image\":{\"@id\":\"https:\/\/www.mpppst.gob.ve\/mpppstweb\/#\/schema\/logo\/image\/\"}},{\"@type\":\"Person\",\"@id\":\"https:\/\/www.mpppst.gob.ve\/mpppstweb\/#\/schema\/person\/fc187ee8ead412bd4c9304b62f900ea4\",\"name\":\"MPPPST Prensa\",\"url\":\"https:\/\/www.mpppst.gob.ve\/mpppstweb\/index.php\/author\/prensa-mpppst\/\"}]}<\/script>\n<!-- \/ Yoast SEO plugin. -->","yoast_head_json":{"title":"Nuestro Esequibo y la expoliaci\u00f3n de Exxon Mobil (A prop\u00f3sito del 50 aniversario del Acuerdo de Ginebra) - MPPPST","robots":{"index":"index","follow":"follow","max-snippet":"max-snippet:-1","max-image-preview":"max-image-preview:large","max-video-preview":"max-video-preview:-1"},"canonical":"https:\/\/www.mpppst.gob.ve\/mpppstweb\/index.php\/2016\/02\/17\/nuestro-esequibo-y-la-expoliacion-de-exxon-mobil-a-proposito-del-50-aniversario-del-acuerdo-de-ginebra\/","og_locale":"es_ES","og_type":"article","og_title":"Nuestro Esequibo y la expoliaci\u00f3n de Exxon Mobil (A prop\u00f3sito del 50 aniversario del Acuerdo de Ginebra) - MPPPST","og_description":"La Guyana Esequiba, tambi\u00e9n conocida como Territorio del Esequibo, o sencillamente como El Esequibo, es el nombre que se otorga a una parte del llamado escudo guayan\u00e9s.","og_url":"https:\/\/www.mpppst.gob.ve\/mpppstweb\/index.php\/2016\/02\/17\/nuestro-esequibo-y-la-expoliacion-de-exxon-mobil-a-proposito-del-50-aniversario-del-acuerdo-de-ginebra\/","og_site_name":"MPPPST","article_published_time":"2016-02-17T10:57:57+00:00","article_modified_time":"2016-07-01T18:22:00+00:00","og_image":[{"width":448,"height":329,"url":"https:\/\/www.mpppst.gob.ve\/mpppstweb\/wp-content\/uploads\/2016\/02\/367261c2-8806-4748-bae6-fdd6604785fd.jpg","type":"image\/jpeg"}],"author":"MPPPST Prensa","twitter_card":"summary_large_image","twitter_misc":{"Escrito por":"MPPPST Prensa","Tiempo de lectura":"5 minutos"},"schema":{"@context":"https:\/\/schema.org","@graph":[{"@type":"Article","@id":"https:\/\/www.mpppst.gob.ve\/mpppstweb\/index.php\/2016\/02\/17\/nuestro-esequibo-y-la-expoliacion-de-exxon-mobil-a-proposito-del-50-aniversario-del-acuerdo-de-ginebra\/#article","isPartOf":{"@id":"https:\/\/www.mpppst.gob.ve\/mpppstweb\/index.php\/2016\/02\/17\/nuestro-esequibo-y-la-expoliacion-de-exxon-mobil-a-proposito-del-50-aniversario-del-acuerdo-de-ginebra\/"},"author":{"name":"MPPPST Prensa","@id":"https:\/\/www.mpppst.gob.ve\/mpppstweb\/#\/schema\/person\/fc187ee8ead412bd4c9304b62f900ea4"},"headline":"Nuestro Esequibo y la expoliaci\u00f3n de Exxon Mobil (A prop\u00f3sito del 50 aniversario del Acuerdo de Ginebra)","datePublished":"2016-02-17T10:57:57+00:00","dateModified":"2016-07-01T18:22:00+00:00","mainEntityOfPage":{"@id":"https:\/\/www.mpppst.gob.ve\/mpppstweb\/index.php\/2016\/02\/17\/nuestro-esequibo-y-la-expoliacion-de-exxon-mobil-a-proposito-del-50-aniversario-del-acuerdo-de-ginebra\/"},"wordCount":978,"publisher":{"@id":"https:\/\/www.mpppst.gob.ve\/mpppstweb\/#organization"},"image":{"@id":"https:\/\/www.mpppst.gob.ve\/mpppstweb\/index.php\/2016\/02\/17\/nuestro-esequibo-y-la-expoliacion-de-exxon-mobil-a-proposito-del-50-aniversario-del-acuerdo-de-ginebra\/#primaryimage"},"thumbnailUrl":"https:\/\/www.mpppst.gob.ve\/mpppstweb\/wp-content\/uploads\/2016\/02\/367261c2-8806-4748-bae6-fdd6604785fd.jpg","articleSection":["Gobierno Nacional"],"inLanguage":"es"},{"@type":"WebPage","@id":"https:\/\/www.mpppst.gob.ve\/mpppstweb\/index.php\/2016\/02\/17\/nuestro-esequibo-y-la-expoliacion-de-exxon-mobil-a-proposito-del-50-aniversario-del-acuerdo-de-ginebra\/","url":"https:\/\/www.mpppst.gob.ve\/mpppstweb\/index.php\/2016\/02\/17\/nuestro-esequibo-y-la-expoliacion-de-exxon-mobil-a-proposito-del-50-aniversario-del-acuerdo-de-ginebra\/","name":"Nuestro Esequibo y la expoliaci\u00f3n de Exxon Mobil (A prop\u00f3sito del 50 aniversario del Acuerdo de Ginebra) - MPPPST","isPartOf":{"@id":"https:\/\/www.mpppst.gob.ve\/mpppstweb\/#website"},"primaryImageOfPage":{"@id":"https:\/\/www.mpppst.gob.ve\/mpppstweb\/index.php\/2016\/02\/17\/nuestro-esequibo-y-la-expoliacion-de-exxon-mobil-a-proposito-del-50-aniversario-del-acuerdo-de-ginebra\/#primaryimage"},"image":{"@id":"https:\/\/www.mpppst.gob.ve\/mpppstweb\/index.php\/2016\/02\/17\/nuestro-esequibo-y-la-expoliacion-de-exxon-mobil-a-proposito-del-50-aniversario-del-acuerdo-de-ginebra\/#primaryimage"},"thumbnailUrl":"https:\/\/www.mpppst.gob.ve\/mpppstweb\/wp-content\/uploads\/2016\/02\/367261c2-8806-4748-bae6-fdd6604785fd.jpg","datePublished":"2016-02-17T10:57:57+00:00","dateModified":"2016-07-01T18:22:00+00:00","breadcrumb":{"@id":"https:\/\/www.mpppst.gob.ve\/mpppstweb\/index.php\/2016\/02\/17\/nuestro-esequibo-y-la-expoliacion-de-exxon-mobil-a-proposito-del-50-aniversario-del-acuerdo-de-ginebra\/#breadcrumb"},"inLanguage":"es","potentialAction":[{"@type":"ReadAction","target":["https:\/\/www.mpppst.gob.ve\/mpppstweb\/index.php\/2016\/02\/17\/nuestro-esequibo-y-la-expoliacion-de-exxon-mobil-a-proposito-del-50-aniversario-del-acuerdo-de-ginebra\/"]}]},{"@type":"ImageObject","inLanguage":"es","@id":"https:\/\/www.mpppst.gob.ve\/mpppstweb\/index.php\/2016\/02\/17\/nuestro-esequibo-y-la-expoliacion-de-exxon-mobil-a-proposito-del-50-aniversario-del-acuerdo-de-ginebra\/#primaryimage","url":"https:\/\/www.mpppst.gob.ve\/mpppstweb\/wp-content\/uploads\/2016\/02\/367261c2-8806-4748-bae6-fdd6604785fd.jpg","contentUrl":"https:\/\/www.mpppst.gob.ve\/mpppstweb\/wp-content\/uploads\/2016\/02\/367261c2-8806-4748-bae6-fdd6604785fd.jpg","width":448,"height":329},{"@type":"BreadcrumbList","@id":"https:\/\/www.mpppst.gob.ve\/mpppstweb\/index.php\/2016\/02\/17\/nuestro-esequibo-y-la-expoliacion-de-exxon-mobil-a-proposito-del-50-aniversario-del-acuerdo-de-ginebra\/#breadcrumb","itemListElement":[{"@type":"ListItem","position":1,"name":"Home","item":"https:\/\/www.mpppst.gob.ve\/mpppstweb\/"},{"@type":"ListItem","position":2,"name":"Nuestro Esequibo y la expoliaci\u00f3n de Exxon Mobil (A prop\u00f3sito del 50 aniversario del Acuerdo de Ginebra)"}]},{"@type":"WebSite","@id":"https:\/\/www.mpppst.gob.ve\/mpppstweb\/#website","url":"https:\/\/www.mpppst.gob.ve\/mpppstweb\/","name":"MPPPST","description":"Ministerio del Poder Popular para el Proceso Social de Trabajo","publisher":{"@id":"https:\/\/www.mpppst.gob.ve\/mpppstweb\/#organization"},"potentialAction":[{"@type":"SearchAction","target":{"@type":"EntryPoint","urlTemplate":"https:\/\/www.mpppst.gob.ve\/mpppstweb\/?s={search_term_string}"},"query-input":"required name=search_term_string"}],"inLanguage":"es"},{"@type":"Organization","@id":"https:\/\/www.mpppst.gob.ve\/mpppstweb\/#organization","name":"mpppst","url":"https:\/\/www.mpppst.gob.ve\/mpppstweb\/","logo":{"@type":"ImageObject","inLanguage":"es","@id":"https:\/\/www.mpppst.gob.ve\/mpppstweb\/#\/schema\/logo\/image\/","url":"https:\/\/www.mpppst.gob.ve\/mpppstweb\/wp-content\/uploads\/2025\/07\/cropped-cropped-g910.png","contentUrl":"https:\/\/www.mpppst.gob.ve\/mpppstweb\/wp-content\/uploads\/2025\/07\/cropped-cropped-g910.png","width":1080,"height":241,"caption":"mpppst"},"image":{"@id":"https:\/\/www.mpppst.gob.ve\/mpppstweb\/#\/schema\/logo\/image\/"}},{"@type":"Person","@id":"https:\/\/www.mpppst.gob.ve\/mpppstweb\/#\/schema\/person\/fc187ee8ead412bd4c9304b62f900ea4","name":"MPPPST Prensa","url":"https:\/\/www.mpppst.gob.ve\/mpppstweb\/index.php\/author\/prensa-mpppst\/"}]}},"_links":{"self":[{"href":"https:\/\/www.mpppst.gob.ve\/mpppstweb\/index.php\/wp-json\/wp\/v2\/posts\/4742"}],"collection":[{"href":"https:\/\/www.mpppst.gob.ve\/mpppstweb\/index.php\/wp-json\/wp\/v2\/posts"}],"about":[{"href":"https:\/\/www.mpppst.gob.ve\/mpppstweb\/index.php\/wp-json\/wp\/v2\/types\/post"}],"author":[{"embeddable":true,"href":"https:\/\/www.mpppst.gob.ve\/mpppstweb\/index.php\/wp-json\/wp\/v2\/users\/25"}],"replies":[{"embeddable":true,"href":"https:\/\/www.mpppst.gob.ve\/mpppstweb\/index.php\/wp-json\/wp\/v2\/comments?post=4742"}],"version-history":[{"count":1,"href":"https:\/\/www.mpppst.gob.ve\/mpppstweb\/index.php\/wp-json\/wp\/v2\/posts\/4742\/revisions"}],"predecessor-version":[{"id":7023,"href":"https:\/\/www.mpppst.gob.ve\/mpppstweb\/index.php\/wp-json\/wp\/v2\/posts\/4742\/revisions\/7023"}],"wp:featuredmedia":[{"embeddable":true,"href":"https:\/\/www.mpppst.gob.ve\/mpppstweb\/index.php\/wp-json\/wp\/v2\/media\/4743"}],"wp:attachment":[{"href":"https:\/\/www.mpppst.gob.ve\/mpppstweb\/index.php\/wp-json\/wp\/v2\/media?parent=4742"}],"wp:term":[{"taxonomy":"category","embeddable":true,"href":"https:\/\/www.mpppst.gob.ve\/mpppstweb\/index.php\/wp-json\/wp\/v2\/categories?post=4742"},{"taxonomy":"post_tag","embeddable":true,"href":"https:\/\/www.mpppst.gob.ve\/mpppstweb\/index.php\/wp-json\/wp\/v2\/tags?post=4742"}],"curies":[{"name":"wp","href":"https:\/\/api.w.org\/{rel}","templated":true}]}}