{"id":4753,"date":"2016-02-17T16:56:31","date_gmt":"2016-02-17T16:56:31","guid":{"rendered":"http:\/\/www.mpppst.gob.ve\/mpppstweb\/?p=4753"},"modified":"2016-07-20T13:40:15","modified_gmt":"2016-07-20T13:40:15","slug":"pueblo-venezolano-apoya-agenda-economica-del-gobierno-revolucionario","status":"publish","type":"post","link":"https:\/\/www.mpppst.gob.ve\/mpppstweb\/index.php\/2016\/02\/17\/pueblo-venezolano-apoya-agenda-economica-del-gobierno-revolucionario\/","title":{"rendered":"Pueblo venezolano apoya agenda econ\u00f3mica del Gobierno Revolucionario"},"content":{"rendered":"<p style=\"text-align: justify;\">Caracas, 17 de febrero de 2016, (MPPPST).- El pueblo venezolano se concentr\u00f3 en todas las plazas Bol\u00edvar de Venezuela con el fin de apoyar \u00a0las medidas econ\u00f3micas que dict\u00f3 el presidente de la Rep\u00fablica, Nicol\u00e1s Maduro, para salir al paso a la situaci\u00f3n econ\u00f3mica del pa\u00eds.<\/p>\n<p style=\"text-align: justify;\">En la plaza Bol\u00edvar de Caracas una multitud se reuni\u00f3 en respaldo de la Revoluci\u00f3n Bolivariana para apoyar las pol\u00edticas implementadas por el Presidente Maduro para favorecer al pueblo venezolano.<\/p>\n<p style=\"text-align: justify;\">V\u00edctor Hern\u00e1ndez, trabajador del Seniat destac\u00f3 que \u201choy el pueblo m\u00e1s que nunca sigue firme defendiendo el legado del Comandante Hugo Ch\u00e1vez y apoyando la gesti\u00f3n del Presidente Obrero Nicol\u00e1s Maduro. Estas medidas son para defender al pueblo de la guerra econ\u00f3mica que nos ha afectado tanto\u201d.<\/p>\n<p style=\"text-align: justify;\">Hern\u00e1ndez destac\u00f3 adem\u00e1s que en estos a\u00f1os de Revoluci\u00f3n el Gobierno Nacional se ha encargado de proteger al pueblo venezolano de los ataques intensos de la derecha. \u201cEstas medidas ayudar\u00e1n a mejorar la situaci\u00f3n econ\u00f3mica que nos afecta a todos los venezolanos\u201d.<\/p>\n<p style=\"text-align: justify;\">Por su parte, Dayana Brice\u00f1o, \u00a0trabajadora del Metro de Caracas, destac\u00f3 que las medidas son necesarias para vencer la guerra econ\u00f3mica que afecta en estos momentos al pa\u00eds.<\/p>\n<p style=\"text-align: justify;\">\u201cLas medidas son muy necesarias para estabilizar la econom\u00eda, por ejemplo el costo de la gasolina debe subirse para que esas ganancias puedan ser utilizadas en beneficio de todos los venezolanos\u201d.<\/p>\n<p style=\"text-align: justify;\">Carlos Torres, quien labora en el Instituto Venezolano de los Seguros Sociales puntualiz\u00f3 que estas nuevas acciones son para abordar la emergencia econ\u00f3mica que atraviesa el pa\u00eds. \u201cSe deben buscar nuevas alternativas, por la baja de los precios del petr\u00f3leo y por la guerra econ\u00f3mica que ha afectado a todos los venezolanos. Es por eso que toda medida que sea para mejorar esta situaci\u00f3n se aplaude\u201d.<\/p>\n<p style=\"text-align: justify;\">El presidente de la Rep\u00fablica, Nicol\u00e1s Maduro al inicio de su discurso destac\u00f3 la voluntad del pueblo venezolano para enfrentar las situaciones duras, complejas y dif\u00edciles que ha vivido Venezuela en los \u00faltimos dos a\u00f1os. \u201cNo podr\u00e1n quebrantar el car\u00e1cter de un pueblo que est\u00e1 decidido a luchar, a vencer y a avanzar por encima de cualquier obst\u00e1culo\u201d, destac\u00f3\u00a0 el jefe de Estado.<\/p>\n<p style=\"text-align: justify;\">Redacci\u00f3n: Carlos Palacios<\/p>\n<p style=\"text-align: justify;\">Fotograf\u00eda: F\u00e9lix Ordaz<\/p>\n","protected":false},"excerpt":{"rendered":"<p>El pueblo venezolano se concentr\u00f3 en todas las plazas Bol\u00edvar de Venezuela.<\/p>\n","protected":false},"author":25,"featured_media":4754,"comment_status":"closed","ping_status":"closed","sticky":false,"template":"","format":"standard","meta":{"footnotes":""},"categories":[82],"tags":[],"yoast_head":"<!-- This site is optimized with the Yoast SEO plugin v22.5 - https:\/\/yoast.com\/wordpress\/plugins\/seo\/ -->\n<title>Pueblo venezolano apoya agenda econ\u00f3mica del Gobierno Revolucionario - MPPPST<\/title>\n<meta name=\"robots\" content=\"index, follow, max-snippet:-1, max-image-preview:large, max-video-preview:-1\" \/>\n<link rel=\"canonical\" href=\"https:\/\/www.mpppst.gob.ve\/mpppstweb\/index.php\/2016\/02\/17\/pueblo-venezolano-apoya-agenda-economica-del-gobierno-revolucionario\/\" \/>\n<meta property=\"og:locale\" content=\"es_ES\" \/>\n<meta property=\"og:type\" content=\"article\" \/>\n<meta property=\"og:title\" content=\"Pueblo venezolano apoya agenda econ\u00f3mica del Gobierno Revolucionario - MPPPST\" \/>\n<meta property=\"og:description\" content=\"El pueblo venezolano se concentr\u00f3 en todas las plazas Bol\u00edvar de Venezuela.\" \/>\n<meta property=\"og:url\" content=\"https:\/\/www.mpppst.gob.ve\/mpppstweb\/index.php\/2016\/02\/17\/pueblo-venezolano-apoya-agenda-economica-del-gobierno-revolucionario\/\" \/>\n<meta property=\"og:site_name\" content=\"MPPPST\" \/>\n<meta property=\"article:published_time\" content=\"2016-02-17T16:56:31+00:00\" \/>\n<meta property=\"article:modified_time\" content=\"2016-07-20T13:40:15+00:00\" \/>\n<meta name=\"author\" content=\"MPPPST Prensa\" \/>\n<meta name=\"twitter:card\" content=\"summary_large_image\" \/>\n<meta name=\"twitter:label1\" content=\"Escrito por\" \/>\n\t<meta name=\"twitter:data1\" content=\"MPPPST Prensa\" \/>\n\t<meta name=\"twitter:label2\" content=\"Tiempo de lectura\" \/>\n\t<meta name=\"twitter:data2\" content=\"2 minutos\" \/>\n<script type=\"application\/ld+json\" class=\"yoast-schema-graph\">{\"@context\":\"https:\/\/schema.org\",\"@graph\":[{\"@type\":\"Article\",\"@id\":\"https:\/\/www.mpppst.gob.ve\/mpppstweb\/index.php\/2016\/02\/17\/pueblo-venezolano-apoya-agenda-economica-del-gobierno-revolucionario\/#article\",\"isPartOf\":{\"@id\":\"https:\/\/www.mpppst.gob.ve\/mpppstweb\/index.php\/2016\/02\/17\/pueblo-venezolano-apoya-agenda-economica-del-gobierno-revolucionario\/\"},\"author\":{\"name\":\"MPPPST Prensa\",\"@id\":\"https:\/\/www.mpppst.gob.ve\/mpppstweb\/#\/schema\/person\/fc187ee8ead412bd4c9304b62f900ea4\"},\"headline\":\"Pueblo venezolano apoya agenda econ\u00f3mica del Gobierno Revolucionario\",\"datePublished\":\"2016-02-17T16:56:31+00:00\",\"dateModified\":\"2016-07-20T13:40:15+00:00\",\"mainEntityOfPage\":{\"@id\":\"https:\/\/www.mpppst.gob.ve\/mpppstweb\/index.php\/2016\/02\/17\/pueblo-venezolano-apoya-agenda-economica-del-gobierno-revolucionario\/\"},\"wordCount\":410,\"publisher\":{\"@id\":\"https:\/\/www.mpppst.gob.ve\/mpppstweb\/#organization\"},\"image\":{\"@id\":\"https:\/\/www.mpppst.gob.ve\/mpppstweb\/index.php\/2016\/02\/17\/pueblo-venezolano-apoya-agenda-economica-del-gobierno-revolucionario\/#primaryimage\"},\"thumbnailUrl\":\"\",\"articleSection\":[\"Gobierno Nacional\"],\"inLanguage\":\"es\"},{\"@type\":\"WebPage\",\"@id\":\"https:\/\/www.mpppst.gob.ve\/mpppstweb\/index.php\/2016\/02\/17\/pueblo-venezolano-apoya-agenda-economica-del-gobierno-revolucionario\/\",\"url\":\"https:\/\/www.mpppst.gob.ve\/mpppstweb\/index.php\/2016\/02\/17\/pueblo-venezolano-apoya-agenda-economica-del-gobierno-revolucionario\/\",\"name\":\"Pueblo venezolano apoya agenda econ\u00f3mica del Gobierno Revolucionario - MPPPST\",\"isPartOf\":{\"@id\":\"https:\/\/www.mpppst.gob.ve\/mpppstweb\/#website\"},\"primaryImageOfPage\":{\"@id\":\"https:\/\/www.mpppst.gob.ve\/mpppstweb\/index.php\/2016\/02\/17\/pueblo-venezolano-apoya-agenda-economica-del-gobierno-revolucionario\/#primaryimage\"},\"image\":{\"@id\":\"https:\/\/www.mpppst.gob.ve\/mpppstweb\/index.php\/2016\/02\/17\/pueblo-venezolano-apoya-agenda-economica-del-gobierno-revolucionario\/#primaryimage\"},\"thumbnailUrl\":\"\",\"datePublished\":\"2016-02-17T16:56:31+00:00\",\"dateModified\":\"2016-07-20T13:40:15+00:00\",\"breadcrumb\":{\"@id\":\"https:\/\/www.mpppst.gob.ve\/mpppstweb\/index.php\/2016\/02\/17\/pueblo-venezolano-apoya-agenda-economica-del-gobierno-revolucionario\/#breadcrumb\"},\"inLanguage\":\"es\",\"potentialAction\":[{\"@type\":\"ReadAction\",\"target\":[\"https:\/\/www.mpppst.gob.ve\/mpppstweb\/index.php\/2016\/02\/17\/pueblo-venezolano-apoya-agenda-economica-del-gobierno-revolucionario\/\"]}]},{\"@type\":\"ImageObject\",\"inLanguage\":\"es\",\"@id\":\"https:\/\/www.mpppst.gob.ve\/mpppstweb\/index.php\/2016\/02\/17\/pueblo-venezolano-apoya-agenda-economica-del-gobierno-revolucionario\/#primaryimage\",\"url\":\"\",\"contentUrl\":\"\"},{\"@type\":\"BreadcrumbList\",\"@id\":\"https:\/\/www.mpppst.gob.ve\/mpppstweb\/index.php\/2016\/02\/17\/pueblo-venezolano-apoya-agenda-economica-del-gobierno-revolucionario\/#breadcrumb\",\"itemListElement\":[{\"@type\":\"ListItem\",\"position\":1,\"name\":\"Home\",\"item\":\"https:\/\/www.mpppst.gob.ve\/mpppstweb\/\"},{\"@type\":\"ListItem\",\"position\":2,\"name\":\"Pueblo venezolano apoya agenda econ\u00f3mica del Gobierno Revolucionario\"}]},{\"@type\":\"WebSite\",\"@id\":\"https:\/\/www.mpppst.gob.ve\/mpppstweb\/#website\",\"url\":\"https:\/\/www.mpppst.gob.ve\/mpppstweb\/\",\"name\":\"MPPPST\",\"description\":\"Ministerio del Poder Popular para el Proceso Social de Trabajo\",\"publisher\":{\"@id\":\"https:\/\/www.mpppst.gob.ve\/mpppstweb\/#organization\"},\"potentialAction\":[{\"@type\":\"SearchAction\",\"target\":{\"@type\":\"EntryPoint\",\"urlTemplate\":\"https:\/\/www.mpppst.gob.ve\/mpppstweb\/?s={search_term_string}\"},\"query-input\":\"required name=search_term_string\"}],\"inLanguage\":\"es\"},{\"@type\":\"Organization\",\"@id\":\"https:\/\/www.mpppst.gob.ve\/mpppstweb\/#organization\",\"name\":\"mpppst\",\"url\":\"https:\/\/www.mpppst.gob.ve\/mpppstweb\/\",\"logo\":{\"@type\":\"ImageObject\",\"inLanguage\":\"es\",\"@id\":\"https:\/\/www.mpppst.gob.ve\/mpppstweb\/#\/schema\/logo\/image\/\",\"url\":\"https:\/\/www.mpppst.gob.ve\/mpppstweb\/wp-content\/uploads\/2025\/07\/cropped-cropped-g910.png\",\"contentUrl\":\"https:\/\/www.mpppst.gob.ve\/mpppstweb\/wp-content\/uploads\/2025\/07\/cropped-cropped-g910.png\",\"width\":1080,\"height\":241,\"caption\":\"mpppst\"},\"image\":{\"@id\":\"https:\/\/www.mpppst.gob.ve\/mpppstweb\/#\/schema\/logo\/image\/\"}},{\"@type\":\"Person\",\"@id\":\"https:\/\/www.mpppst.gob.ve\/mpppstweb\/#\/schema\/person\/fc187ee8ead412bd4c9304b62f900ea4\",\"name\":\"MPPPST Prensa\",\"url\":\"https:\/\/www.mpppst.gob.ve\/mpppstweb\/index.php\/author\/prensa-mpppst\/\"}]}<\/script>\n<!-- \/ Yoast SEO plugin. -->","yoast_head_json":{"title":"Pueblo venezolano apoya agenda econ\u00f3mica del Gobierno Revolucionario - MPPPST","robots":{"index":"index","follow":"follow","max-snippet":"max-snippet:-1","max-image-preview":"max-image-preview:large","max-video-preview":"max-video-preview:-1"},"canonical":"https:\/\/www.mpppst.gob.ve\/mpppstweb\/index.php\/2016\/02\/17\/pueblo-venezolano-apoya-agenda-economica-del-gobierno-revolucionario\/","og_locale":"es_ES","og_type":"article","og_title":"Pueblo venezolano apoya agenda econ\u00f3mica del Gobierno Revolucionario - MPPPST","og_description":"El pueblo venezolano se concentr\u00f3 en todas las plazas Bol\u00edvar de Venezuela.","og_url":"https:\/\/www.mpppst.gob.ve\/mpppstweb\/index.php\/2016\/02\/17\/pueblo-venezolano-apoya-agenda-economica-del-gobierno-revolucionario\/","og_site_name":"MPPPST","article_published_time":"2016-02-17T16:56:31+00:00","article_modified_time":"2016-07-20T13:40:15+00:00","author":"MPPPST Prensa","twitter_card":"summary_large_image","twitter_misc":{"Escrito por":"MPPPST Prensa","Tiempo de lectura":"2 minutos"},"schema":{"@context":"https:\/\/schema.org","@graph":[{"@type":"Article","@id":"https:\/\/www.mpppst.gob.ve\/mpppstweb\/index.php\/2016\/02\/17\/pueblo-venezolano-apoya-agenda-economica-del-gobierno-revolucionario\/#article","isPartOf":{"@id":"https:\/\/www.mpppst.gob.ve\/mpppstweb\/index.php\/2016\/02\/17\/pueblo-venezolano-apoya-agenda-economica-del-gobierno-revolucionario\/"},"author":{"name":"MPPPST Prensa","@id":"https:\/\/www.mpppst.gob.ve\/mpppstweb\/#\/schema\/person\/fc187ee8ead412bd4c9304b62f900ea4"},"headline":"Pueblo venezolano apoya agenda econ\u00f3mica del Gobierno Revolucionario","datePublished":"2016-02-17T16:56:31+00:00","dateModified":"2016-07-20T13:40:15+00:00","mainEntityOfPage":{"@id":"https:\/\/www.mpppst.gob.ve\/mpppstweb\/index.php\/2016\/02\/17\/pueblo-venezolano-apoya-agenda-economica-del-gobierno-revolucionario\/"},"wordCount":410,"publisher":{"@id":"https:\/\/www.mpppst.gob.ve\/mpppstweb\/#organization"},"image":{"@id":"https:\/\/www.mpppst.gob.ve\/mpppstweb\/index.php\/2016\/02\/17\/pueblo-venezolano-apoya-agenda-economica-del-gobierno-revolucionario\/#primaryimage"},"thumbnailUrl":"","articleSection":["Gobierno Nacional"],"inLanguage":"es"},{"@type":"WebPage","@id":"https:\/\/www.mpppst.gob.ve\/mpppstweb\/index.php\/2016\/02\/17\/pueblo-venezolano-apoya-agenda-economica-del-gobierno-revolucionario\/","url":"https:\/\/www.mpppst.gob.ve\/mpppstweb\/index.php\/2016\/02\/17\/pueblo-venezolano-apoya-agenda-economica-del-gobierno-revolucionario\/","name":"Pueblo venezolano apoya agenda econ\u00f3mica del Gobierno Revolucionario - MPPPST","isPartOf":{"@id":"https:\/\/www.mpppst.gob.ve\/mpppstweb\/#website"},"primaryImageOfPage":{"@id":"https:\/\/www.mpppst.gob.ve\/mpppstweb\/index.php\/2016\/02\/17\/pueblo-venezolano-apoya-agenda-economica-del-gobierno-revolucionario\/#primaryimage"},"image":{"@id":"https:\/\/www.mpppst.gob.ve\/mpppstweb\/index.php\/2016\/02\/17\/pueblo-venezolano-apoya-agenda-economica-del-gobierno-revolucionario\/#primaryimage"},"thumbnailUrl":"","datePublished":"2016-02-17T16:56:31+00:00","dateModified":"2016-07-20T13:40:15+00:00","breadcrumb":{"@id":"https:\/\/www.mpppst.gob.ve\/mpppstweb\/index.php\/2016\/02\/17\/pueblo-venezolano-apoya-agenda-economica-del-gobierno-revolucionario\/#breadcrumb"},"inLanguage":"es","potentialAction":[{"@type":"ReadAction","target":["https:\/\/www.mpppst.gob.ve\/mpppstweb\/index.php\/2016\/02\/17\/pueblo-venezolano-apoya-agenda-economica-del-gobierno-revolucionario\/"]}]},{"@type":"ImageObject","inLanguage":"es","@id":"https:\/\/www.mpppst.gob.ve\/mpppstweb\/index.php\/2016\/02\/17\/pueblo-venezolano-apoya-agenda-economica-del-gobierno-revolucionario\/#primaryimage","url":"","contentUrl":""},{"@type":"BreadcrumbList","@id":"https:\/\/www.mpppst.gob.ve\/mpppstweb\/index.php\/2016\/02\/17\/pueblo-venezolano-apoya-agenda-economica-del-gobierno-revolucionario\/#breadcrumb","itemListElement":[{"@type":"ListItem","position":1,"name":"Home","item":"https:\/\/www.mpppst.gob.ve\/mpppstweb\/"},{"@type":"ListItem","position":2,"name":"Pueblo venezolano apoya agenda econ\u00f3mica del Gobierno Revolucionario"}]},{"@type":"WebSite","@id":"https:\/\/www.mpppst.gob.ve\/mpppstweb\/#website","url":"https:\/\/www.mpppst.gob.ve\/mpppstweb\/","name":"MPPPST","description":"Ministerio del Poder Popular para el Proceso Social de Trabajo","publisher":{"@id":"https:\/\/www.mpppst.gob.ve\/mpppstweb\/#organization"},"potentialAction":[{"@type":"SearchAction","target":{"@type":"EntryPoint","urlTemplate":"https:\/\/www.mpppst.gob.ve\/mpppstweb\/?s={search_term_string}"},"query-input":"required name=search_term_string"}],"inLanguage":"es"},{"@type":"Organization","@id":"https:\/\/www.mpppst.gob.ve\/mpppstweb\/#organization","name":"mpppst","url":"https:\/\/www.mpppst.gob.ve\/mpppstweb\/","logo":{"@type":"ImageObject","inLanguage":"es","@id":"https:\/\/www.mpppst.gob.ve\/mpppstweb\/#\/schema\/logo\/image\/","url":"https:\/\/www.mpppst.gob.ve\/mpppstweb\/wp-content\/uploads\/2025\/07\/cropped-cropped-g910.png","contentUrl":"https:\/\/www.mpppst.gob.ve\/mpppstweb\/wp-content\/uploads\/2025\/07\/cropped-cropped-g910.png","width":1080,"height":241,"caption":"mpppst"},"image":{"@id":"https:\/\/www.mpppst.gob.ve\/mpppstweb\/#\/schema\/logo\/image\/"}},{"@type":"Person","@id":"https:\/\/www.mpppst.gob.ve\/mpppstweb\/#\/schema\/person\/fc187ee8ead412bd4c9304b62f900ea4","name":"MPPPST Prensa","url":"https:\/\/www.mpppst.gob.ve\/mpppstweb\/index.php\/author\/prensa-mpppst\/"}]}},"_links":{"self":[{"href":"https:\/\/www.mpppst.gob.ve\/mpppstweb\/index.php\/wp-json\/wp\/v2\/posts\/4753"}],"collection":[{"href":"https:\/\/www.mpppst.gob.ve\/mpppstweb\/index.php\/wp-json\/wp\/v2\/posts"}],"about":[{"href":"https:\/\/www.mpppst.gob.ve\/mpppstweb\/index.php\/wp-json\/wp\/v2\/types\/post"}],"author":[{"embeddable":true,"href":"https:\/\/www.mpppst.gob.ve\/mpppstweb\/index.php\/wp-json\/wp\/v2\/users\/25"}],"replies":[{"embeddable":true,"href":"https:\/\/www.mpppst.gob.ve\/mpppstweb\/index.php\/wp-json\/wp\/v2\/comments?post=4753"}],"version-history":[{"count":1,"href":"https:\/\/www.mpppst.gob.ve\/mpppstweb\/index.php\/wp-json\/wp\/v2\/posts\/4753\/revisions"}],"predecessor-version":[{"id":7024,"href":"https:\/\/www.mpppst.gob.ve\/mpppstweb\/index.php\/wp-json\/wp\/v2\/posts\/4753\/revisions\/7024"}],"wp:featuredmedia":[{"embeddable":true,"href":"https:\/\/www.mpppst.gob.ve\/mpppstweb\/index.php\/wp-json\/"}],"wp:attachment":[{"href":"https:\/\/www.mpppst.gob.ve\/mpppstweb\/index.php\/wp-json\/wp\/v2\/media?parent=4753"}],"wp:term":[{"taxonomy":"category","embeddable":true,"href":"https:\/\/www.mpppst.gob.ve\/mpppstweb\/index.php\/wp-json\/wp\/v2\/categories?post=4753"},{"taxonomy":"post_tag","embeddable":true,"href":"https:\/\/www.mpppst.gob.ve\/mpppstweb\/index.php\/wp-json\/wp\/v2\/tags?post=4753"}],"curies":[{"name":"wp","href":"https:\/\/api.w.org\/{rel}","templated":true}]}}