{"id":4759,"date":"2016-02-17T18:58:33","date_gmt":"2016-02-17T18:58:33","guid":{"rendered":"http:\/\/www.mpppst.gob.ve\/mpppstweb\/?p=4759"},"modified":"2016-07-01T18:23:21","modified_gmt":"2016-07-01T18:23:21","slug":"aumento-salarial-entrara-en-vigencia-el-1-de-marzo","status":"publish","type":"post","link":"https:\/\/www.mpppst.gob.ve\/mpppstweb\/index.php\/2016\/02\/17\/aumento-salarial-entrara-en-vigencia-el-1-de-marzo\/","title":{"rendered":"Aumento salarial entrar\u00e1 en vigencia el 1 de marzo"},"content":{"rendered":"<p style=\"text-align: justify;\">Caracas, 17 Feb. AVN.- El aumento de salario del 20% m\u00e1s el ajuste en un 2.5% en la base del bono de alimentaci\u00f3n entrar\u00e1 en vigencia a partir del primero de marzo de 2016, inform\u00f3 este mi\u00e9rcoles el presidente de la Rep\u00fablica, Nicol\u00e1s Maduro, en cadena nacional de radio y televisi\u00f3n, desde el palacio de Gobierno en Caracas.<\/p>\n<p style=\"text-align: justify;\">Se trata del primer incremento salarial de 2016 y el n\u00famero 39 en 17 a\u00f1os de Gobierno Bolivariano, destac\u00f3 el jefe de Estado.<\/p>\n<p style=\"text-align: justify;\">Con este aumento, el salario m\u00ednimo integral que se ubicaba en 16.399 bol\u00edvares, se ubicar\u00e1 en 24.853 bol\u00edvares; mientras que el bono de alimentaci\u00f3n pasar\u00e1 de 6.750 bol\u00edvares a 13.255 bol\u00edvares.<\/p>\n<p style=\"text-align: justify;\">Las acciones emprendidas por el Ejecutivo Nacional tienen como objetivo superar la emergencia econ\u00f3mica que afecta al pa\u00eds, en particular por la ca\u00edda de los precios del petr\u00f3leo, que tiene su peor ciclo de precios bajos en los \u00faltimos 45 a\u00f1os.<\/p>\n","protected":false},"excerpt":{"rendered":"<p>El aumento de salario del 20% m\u00e1s el ajuste en un 2.5% en la base del bono de alimentaci\u00f3n entrar\u00e1 en vigencia a partir del primero de marzo de 2016<\/p>\n","protected":false},"author":25,"featured_media":4760,"comment_status":"closed","ping_status":"closed","sticky":false,"template":"","format":"standard","meta":{"footnotes":""},"categories":[82],"tags":[],"yoast_head":"<!-- This site is optimized with the Yoast SEO plugin v22.5 - https:\/\/yoast.com\/wordpress\/plugins\/seo\/ -->\n<title>Aumento salarial entrar\u00e1 en vigencia el 1 de marzo - MPPPST<\/title>\n<meta name=\"robots\" content=\"index, follow, max-snippet:-1, max-image-preview:large, max-video-preview:-1\" \/>\n<link rel=\"canonical\" href=\"https:\/\/www.mpppst.gob.ve\/mpppstweb\/index.php\/2016\/02\/17\/aumento-salarial-entrara-en-vigencia-el-1-de-marzo\/\" \/>\n<meta property=\"og:locale\" content=\"es_ES\" \/>\n<meta property=\"og:type\" content=\"article\" \/>\n<meta property=\"og:title\" content=\"Aumento salarial entrar\u00e1 en vigencia el 1 de marzo - MPPPST\" \/>\n<meta property=\"og:description\" content=\"El aumento de salario del 20% m\u00e1s el ajuste en un 2.5% en la base del bono de alimentaci\u00f3n entrar\u00e1 en vigencia a partir del primero de marzo de 2016\" \/>\n<meta property=\"og:url\" content=\"https:\/\/www.mpppst.gob.ve\/mpppstweb\/index.php\/2016\/02\/17\/aumento-salarial-entrara-en-vigencia-el-1-de-marzo\/\" \/>\n<meta property=\"og:site_name\" content=\"MPPPST\" \/>\n<meta property=\"article:published_time\" content=\"2016-02-17T18:58:33+00:00\" \/>\n<meta property=\"article:modified_time\" content=\"2016-07-01T18:23:21+00:00\" \/>\n<meta property=\"og:image\" content=\"https:\/\/www.mpppst.gob.ve\/mpppstweb\/wp-content\/uploads\/2016\/02\/alocucion-5.jpg\" \/>\n\t<meta property=\"og:image:width\" content=\"448\" \/>\n\t<meta property=\"og:image:height\" content=\"305\" \/>\n\t<meta property=\"og:image:type\" content=\"image\/jpeg\" \/>\n<meta name=\"author\" content=\"MPPPST Prensa\" \/>\n<meta name=\"twitter:card\" content=\"summary_large_image\" \/>\n<meta name=\"twitter:label1\" content=\"Escrito por\" \/>\n\t<meta name=\"twitter:data1\" content=\"MPPPST Prensa\" \/>\n\t<meta name=\"twitter:label2\" content=\"Tiempo de lectura\" \/>\n\t<meta name=\"twitter:data2\" content=\"1 minuto\" \/>\n<script type=\"application\/ld+json\" class=\"yoast-schema-graph\">{\"@context\":\"https:\/\/schema.org\",\"@graph\":[{\"@type\":\"Article\",\"@id\":\"https:\/\/www.mpppst.gob.ve\/mpppstweb\/index.php\/2016\/02\/17\/aumento-salarial-entrara-en-vigencia-el-1-de-marzo\/#article\",\"isPartOf\":{\"@id\":\"https:\/\/www.mpppst.gob.ve\/mpppstweb\/index.php\/2016\/02\/17\/aumento-salarial-entrara-en-vigencia-el-1-de-marzo\/\"},\"author\":{\"name\":\"MPPPST Prensa\",\"@id\":\"https:\/\/www.mpppst.gob.ve\/mpppstweb\/#\/schema\/person\/fc187ee8ead412bd4c9304b62f900ea4\"},\"headline\":\"Aumento salarial entrar\u00e1 en vigencia el 1 de marzo\",\"datePublished\":\"2016-02-17T18:58:33+00:00\",\"dateModified\":\"2016-07-01T18:23:21+00:00\",\"mainEntityOfPage\":{\"@id\":\"https:\/\/www.mpppst.gob.ve\/mpppstweb\/index.php\/2016\/02\/17\/aumento-salarial-entrara-en-vigencia-el-1-de-marzo\/\"},\"wordCount\":169,\"publisher\":{\"@id\":\"https:\/\/www.mpppst.gob.ve\/mpppstweb\/#organization\"},\"image\":{\"@id\":\"https:\/\/www.mpppst.gob.ve\/mpppstweb\/index.php\/2016\/02\/17\/aumento-salarial-entrara-en-vigencia-el-1-de-marzo\/#primaryimage\"},\"thumbnailUrl\":\"https:\/\/www.mpppst.gob.ve\/mpppstweb\/wp-content\/uploads\/2016\/02\/alocucion-5.jpg\",\"articleSection\":[\"Gobierno Nacional\"],\"inLanguage\":\"es\"},{\"@type\":\"WebPage\",\"@id\":\"https:\/\/www.mpppst.gob.ve\/mpppstweb\/index.php\/2016\/02\/17\/aumento-salarial-entrara-en-vigencia-el-1-de-marzo\/\",\"url\":\"https:\/\/www.mpppst.gob.ve\/mpppstweb\/index.php\/2016\/02\/17\/aumento-salarial-entrara-en-vigencia-el-1-de-marzo\/\",\"name\":\"Aumento salarial entrar\u00e1 en vigencia el 1 de marzo - MPPPST\",\"isPartOf\":{\"@id\":\"https:\/\/www.mpppst.gob.ve\/mpppstweb\/#website\"},\"primaryImageOfPage\":{\"@id\":\"https:\/\/www.mpppst.gob.ve\/mpppstweb\/index.php\/2016\/02\/17\/aumento-salarial-entrara-en-vigencia-el-1-de-marzo\/#primaryimage\"},\"image\":{\"@id\":\"https:\/\/www.mpppst.gob.ve\/mpppstweb\/index.php\/2016\/02\/17\/aumento-salarial-entrara-en-vigencia-el-1-de-marzo\/#primaryimage\"},\"thumbnailUrl\":\"https:\/\/www.mpppst.gob.ve\/mpppstweb\/wp-content\/uploads\/2016\/02\/alocucion-5.jpg\",\"datePublished\":\"2016-02-17T18:58:33+00:00\",\"dateModified\":\"2016-07-01T18:23:21+00:00\",\"breadcrumb\":{\"@id\":\"https:\/\/www.mpppst.gob.ve\/mpppstweb\/index.php\/2016\/02\/17\/aumento-salarial-entrara-en-vigencia-el-1-de-marzo\/#breadcrumb\"},\"inLanguage\":\"es\",\"potentialAction\":[{\"@type\":\"ReadAction\",\"target\":[\"https:\/\/www.mpppst.gob.ve\/mpppstweb\/index.php\/2016\/02\/17\/aumento-salarial-entrara-en-vigencia-el-1-de-marzo\/\"]}]},{\"@type\":\"ImageObject\",\"inLanguage\":\"es\",\"@id\":\"https:\/\/www.mpppst.gob.ve\/mpppstweb\/index.php\/2016\/02\/17\/aumento-salarial-entrara-en-vigencia-el-1-de-marzo\/#primaryimage\",\"url\":\"https:\/\/www.mpppst.gob.ve\/mpppstweb\/wp-content\/uploads\/2016\/02\/alocucion-5.jpg\",\"contentUrl\":\"https:\/\/www.mpppst.gob.ve\/mpppstweb\/wp-content\/uploads\/2016\/02\/alocucion-5.jpg\",\"width\":448,\"height\":305},{\"@type\":\"BreadcrumbList\",\"@id\":\"https:\/\/www.mpppst.gob.ve\/mpppstweb\/index.php\/2016\/02\/17\/aumento-salarial-entrara-en-vigencia-el-1-de-marzo\/#breadcrumb\",\"itemListElement\":[{\"@type\":\"ListItem\",\"position\":1,\"name\":\"Home\",\"item\":\"https:\/\/www.mpppst.gob.ve\/mpppstweb\/\"},{\"@type\":\"ListItem\",\"position\":2,\"name\":\"Aumento salarial entrar\u00e1 en vigencia el 1 de marzo\"}]},{\"@type\":\"WebSite\",\"@id\":\"https:\/\/www.mpppst.gob.ve\/mpppstweb\/#website\",\"url\":\"https:\/\/www.mpppst.gob.ve\/mpppstweb\/\",\"name\":\"MPPPST\",\"description\":\"Ministerio del Poder Popular para el Proceso Social de Trabajo\",\"publisher\":{\"@id\":\"https:\/\/www.mpppst.gob.ve\/mpppstweb\/#organization\"},\"potentialAction\":[{\"@type\":\"SearchAction\",\"target\":{\"@type\":\"EntryPoint\",\"urlTemplate\":\"https:\/\/www.mpppst.gob.ve\/mpppstweb\/?s={search_term_string}\"},\"query-input\":\"required name=search_term_string\"}],\"inLanguage\":\"es\"},{\"@type\":\"Organization\",\"@id\":\"https:\/\/www.mpppst.gob.ve\/mpppstweb\/#organization\",\"name\":\"mpppst\",\"url\":\"https:\/\/www.mpppst.gob.ve\/mpppstweb\/\",\"logo\":{\"@type\":\"ImageObject\",\"inLanguage\":\"es\",\"@id\":\"https:\/\/www.mpppst.gob.ve\/mpppstweb\/#\/schema\/logo\/image\/\",\"url\":\"https:\/\/www.mpppst.gob.ve\/mpppstweb\/wp-content\/uploads\/2025\/07\/cropped-cropped-g910.png\",\"contentUrl\":\"https:\/\/www.mpppst.gob.ve\/mpppstweb\/wp-content\/uploads\/2025\/07\/cropped-cropped-g910.png\",\"width\":1080,\"height\":241,\"caption\":\"mpppst\"},\"image\":{\"@id\":\"https:\/\/www.mpppst.gob.ve\/mpppstweb\/#\/schema\/logo\/image\/\"}},{\"@type\":\"Person\",\"@id\":\"https:\/\/www.mpppst.gob.ve\/mpppstweb\/#\/schema\/person\/fc187ee8ead412bd4c9304b62f900ea4\",\"name\":\"MPPPST Prensa\",\"url\":\"https:\/\/www.mpppst.gob.ve\/mpppstweb\/index.php\/author\/prensa-mpppst\/\"}]}<\/script>\n<!-- \/ Yoast SEO plugin. -->","yoast_head_json":{"title":"Aumento salarial entrar\u00e1 en vigencia el 1 de marzo - MPPPST","robots":{"index":"index","follow":"follow","max-snippet":"max-snippet:-1","max-image-preview":"max-image-preview:large","max-video-preview":"max-video-preview:-1"},"canonical":"https:\/\/www.mpppst.gob.ve\/mpppstweb\/index.php\/2016\/02\/17\/aumento-salarial-entrara-en-vigencia-el-1-de-marzo\/","og_locale":"es_ES","og_type":"article","og_title":"Aumento salarial entrar\u00e1 en vigencia el 1 de marzo - MPPPST","og_description":"El aumento de salario del 20% m\u00e1s el ajuste en un 2.5% en la base del bono de alimentaci\u00f3n entrar\u00e1 en vigencia a partir del primero de marzo de 2016","og_url":"https:\/\/www.mpppst.gob.ve\/mpppstweb\/index.php\/2016\/02\/17\/aumento-salarial-entrara-en-vigencia-el-1-de-marzo\/","og_site_name":"MPPPST","article_published_time":"2016-02-17T18:58:33+00:00","article_modified_time":"2016-07-01T18:23:21+00:00","og_image":[{"width":448,"height":305,"url":"https:\/\/www.mpppst.gob.ve\/mpppstweb\/wp-content\/uploads\/2016\/02\/alocucion-5.jpg","type":"image\/jpeg"}],"author":"MPPPST Prensa","twitter_card":"summary_large_image","twitter_misc":{"Escrito por":"MPPPST Prensa","Tiempo de lectura":"1 minuto"},"schema":{"@context":"https:\/\/schema.org","@graph":[{"@type":"Article","@id":"https:\/\/www.mpppst.gob.ve\/mpppstweb\/index.php\/2016\/02\/17\/aumento-salarial-entrara-en-vigencia-el-1-de-marzo\/#article","isPartOf":{"@id":"https:\/\/www.mpppst.gob.ve\/mpppstweb\/index.php\/2016\/02\/17\/aumento-salarial-entrara-en-vigencia-el-1-de-marzo\/"},"author":{"name":"MPPPST Prensa","@id":"https:\/\/www.mpppst.gob.ve\/mpppstweb\/#\/schema\/person\/fc187ee8ead412bd4c9304b62f900ea4"},"headline":"Aumento salarial entrar\u00e1 en vigencia el 1 de marzo","datePublished":"2016-02-17T18:58:33+00:00","dateModified":"2016-07-01T18:23:21+00:00","mainEntityOfPage":{"@id":"https:\/\/www.mpppst.gob.ve\/mpppstweb\/index.php\/2016\/02\/17\/aumento-salarial-entrara-en-vigencia-el-1-de-marzo\/"},"wordCount":169,"publisher":{"@id":"https:\/\/www.mpppst.gob.ve\/mpppstweb\/#organization"},"image":{"@id":"https:\/\/www.mpppst.gob.ve\/mpppstweb\/index.php\/2016\/02\/17\/aumento-salarial-entrara-en-vigencia-el-1-de-marzo\/#primaryimage"},"thumbnailUrl":"https:\/\/www.mpppst.gob.ve\/mpppstweb\/wp-content\/uploads\/2016\/02\/alocucion-5.jpg","articleSection":["Gobierno Nacional"],"inLanguage":"es"},{"@type":"WebPage","@id":"https:\/\/www.mpppst.gob.ve\/mpppstweb\/index.php\/2016\/02\/17\/aumento-salarial-entrara-en-vigencia-el-1-de-marzo\/","url":"https:\/\/www.mpppst.gob.ve\/mpppstweb\/index.php\/2016\/02\/17\/aumento-salarial-entrara-en-vigencia-el-1-de-marzo\/","name":"Aumento salarial entrar\u00e1 en vigencia el 1 de marzo - MPPPST","isPartOf":{"@id":"https:\/\/www.mpppst.gob.ve\/mpppstweb\/#website"},"primaryImageOfPage":{"@id":"https:\/\/www.mpppst.gob.ve\/mpppstweb\/index.php\/2016\/02\/17\/aumento-salarial-entrara-en-vigencia-el-1-de-marzo\/#primaryimage"},"image":{"@id":"https:\/\/www.mpppst.gob.ve\/mpppstweb\/index.php\/2016\/02\/17\/aumento-salarial-entrara-en-vigencia-el-1-de-marzo\/#primaryimage"},"thumbnailUrl":"https:\/\/www.mpppst.gob.ve\/mpppstweb\/wp-content\/uploads\/2016\/02\/alocucion-5.jpg","datePublished":"2016-02-17T18:58:33+00:00","dateModified":"2016-07-01T18:23:21+00:00","breadcrumb":{"@id":"https:\/\/www.mpppst.gob.ve\/mpppstweb\/index.php\/2016\/02\/17\/aumento-salarial-entrara-en-vigencia-el-1-de-marzo\/#breadcrumb"},"inLanguage":"es","potentialAction":[{"@type":"ReadAction","target":["https:\/\/www.mpppst.gob.ve\/mpppstweb\/index.php\/2016\/02\/17\/aumento-salarial-entrara-en-vigencia-el-1-de-marzo\/"]}]},{"@type":"ImageObject","inLanguage":"es","@id":"https:\/\/www.mpppst.gob.ve\/mpppstweb\/index.php\/2016\/02\/17\/aumento-salarial-entrara-en-vigencia-el-1-de-marzo\/#primaryimage","url":"https:\/\/www.mpppst.gob.ve\/mpppstweb\/wp-content\/uploads\/2016\/02\/alocucion-5.jpg","contentUrl":"https:\/\/www.mpppst.gob.ve\/mpppstweb\/wp-content\/uploads\/2016\/02\/alocucion-5.jpg","width":448,"height":305},{"@type":"BreadcrumbList","@id":"https:\/\/www.mpppst.gob.ve\/mpppstweb\/index.php\/2016\/02\/17\/aumento-salarial-entrara-en-vigencia-el-1-de-marzo\/#breadcrumb","itemListElement":[{"@type":"ListItem","position":1,"name":"Home","item":"https:\/\/www.mpppst.gob.ve\/mpppstweb\/"},{"@type":"ListItem","position":2,"name":"Aumento salarial entrar\u00e1 en vigencia el 1 de marzo"}]},{"@type":"WebSite","@id":"https:\/\/www.mpppst.gob.ve\/mpppstweb\/#website","url":"https:\/\/www.mpppst.gob.ve\/mpppstweb\/","name":"MPPPST","description":"Ministerio del Poder Popular para el Proceso Social de Trabajo","publisher":{"@id":"https:\/\/www.mpppst.gob.ve\/mpppstweb\/#organization"},"potentialAction":[{"@type":"SearchAction","target":{"@type":"EntryPoint","urlTemplate":"https:\/\/www.mpppst.gob.ve\/mpppstweb\/?s={search_term_string}"},"query-input":"required name=search_term_string"}],"inLanguage":"es"},{"@type":"Organization","@id":"https:\/\/www.mpppst.gob.ve\/mpppstweb\/#organization","name":"mpppst","url":"https:\/\/www.mpppst.gob.ve\/mpppstweb\/","logo":{"@type":"ImageObject","inLanguage":"es","@id":"https:\/\/www.mpppst.gob.ve\/mpppstweb\/#\/schema\/logo\/image\/","url":"https:\/\/www.mpppst.gob.ve\/mpppstweb\/wp-content\/uploads\/2025\/07\/cropped-cropped-g910.png","contentUrl":"https:\/\/www.mpppst.gob.ve\/mpppstweb\/wp-content\/uploads\/2025\/07\/cropped-cropped-g910.png","width":1080,"height":241,"caption":"mpppst"},"image":{"@id":"https:\/\/www.mpppst.gob.ve\/mpppstweb\/#\/schema\/logo\/image\/"}},{"@type":"Person","@id":"https:\/\/www.mpppst.gob.ve\/mpppstweb\/#\/schema\/person\/fc187ee8ead412bd4c9304b62f900ea4","name":"MPPPST Prensa","url":"https:\/\/www.mpppst.gob.ve\/mpppstweb\/index.php\/author\/prensa-mpppst\/"}]}},"_links":{"self":[{"href":"https:\/\/www.mpppst.gob.ve\/mpppstweb\/index.php\/wp-json\/wp\/v2\/posts\/4759"}],"collection":[{"href":"https:\/\/www.mpppst.gob.ve\/mpppstweb\/index.php\/wp-json\/wp\/v2\/posts"}],"about":[{"href":"https:\/\/www.mpppst.gob.ve\/mpppstweb\/index.php\/wp-json\/wp\/v2\/types\/post"}],"author":[{"embeddable":true,"href":"https:\/\/www.mpppst.gob.ve\/mpppstweb\/index.php\/wp-json\/wp\/v2\/users\/25"}],"replies":[{"embeddable":true,"href":"https:\/\/www.mpppst.gob.ve\/mpppstweb\/index.php\/wp-json\/wp\/v2\/comments?post=4759"}],"version-history":[{"count":1,"href":"https:\/\/www.mpppst.gob.ve\/mpppstweb\/index.php\/wp-json\/wp\/v2\/posts\/4759\/revisions"}],"predecessor-version":[{"id":7026,"href":"https:\/\/www.mpppst.gob.ve\/mpppstweb\/index.php\/wp-json\/wp\/v2\/posts\/4759\/revisions\/7026"}],"wp:featuredmedia":[{"embeddable":true,"href":"https:\/\/www.mpppst.gob.ve\/mpppstweb\/index.php\/wp-json\/wp\/v2\/media\/4760"}],"wp:attachment":[{"href":"https:\/\/www.mpppst.gob.ve\/mpppstweb\/index.php\/wp-json\/wp\/v2\/media?parent=4759"}],"wp:term":[{"taxonomy":"category","embeddable":true,"href":"https:\/\/www.mpppst.gob.ve\/mpppstweb\/index.php\/wp-json\/wp\/v2\/categories?post=4759"},{"taxonomy":"post_tag","embeddable":true,"href":"https:\/\/www.mpppst.gob.ve\/mpppstweb\/index.php\/wp-json\/wp\/v2\/tags?post=4759"}],"curies":[{"name":"wp","href":"https:\/\/api.w.org\/{rel}","templated":true}]}}