{"id":4774,"date":"2016-02-18T09:18:37","date_gmt":"2016-02-18T09:18:37","guid":{"rendered":"http:\/\/www.mpppst.gob.ve\/mpppstweb\/?p=4774"},"modified":"2016-07-01T18:23:51","modified_gmt":"2016-07-01T18:23:51","slug":"lineas-economicas-de-maduro-vs-paquetazo-de-carlos-andres-perez","status":"publish","type":"post","link":"https:\/\/www.mpppst.gob.ve\/mpppstweb\/index.php\/2016\/02\/18\/lineas-economicas-de-maduro-vs-paquetazo-de-carlos-andres-perez\/","title":{"rendered":"L\u00edneas econ\u00f3micas de Maduro vs. paquetazo de Carlos Andr\u00e9s P\u00e9rez"},"content":{"rendered":"<p style=\"text-align: justify;\"><strong>Telesur.- <\/strong>Hace 27 a\u00f1os, el estallido social conocido como el \u00abCaracazo\u00bb represent\u00f3 un descontento popular ante las pol\u00edticas econ\u00f3micas. Hoy, s\u00f3lo representa una tendencia en una red social. El presidente de Venezuela, Nicol\u00e1s Maduro, anunci\u00f3 este mi\u00e9rcoles un ajuste al subsidio para la gasolina, debido a la ca\u00edda abrupta de los precios internacionales del petr\u00f3leo. Al respecto, la oposici\u00f3n venezolana ha promovido una matriz para cuestionar la medida y la compara con los hechos registrados en 1989, cuando el entonces presidente Carlos Andr\u00e9s P\u00e9rez (CAP), anunci\u00f3 el aumento de la gasolina respondiendo a las recetas del Fondo Monetario Internacional. \u00bfEn qu\u00e9 se diferencia este ajuste del subsidio a las medidas tomadas por CAP en aquel entonces? Se lo explicamos a continuaci\u00f3n:<\/p>\n<p style=\"text-align: justify;\">1.- El ajuste del subsidio de la gasolina en las condiciones actuales es una acci\u00f3n necesaria para seguir evitando un subsidio insostenible que est\u00e1 alrededor de siete mil 500 millones de d\u00f3lares anuales. El nuevo ajuste de precios se aplicar\u00e1 desde el 19 de febrero y los recursos ser\u00e1n destinados a las misiones sociales.<\/p>\n<p style=\"text-align: justify;\">2.- En el Gobierno de CAP, el ajuste del precio del combustible se hizo para poder generar recursos fiscales y pagar la deuda que ten\u00eda como el Fondo Monetario Internacional (FMI). Con esto, se aplic\u00f3 el llamado \u201cpaquetazo\u201d, a trav\u00e9s del cual los venezolanos ten\u00edan que sacar de su bolsillo para cancelar la deuda externa que adquiri\u00f3 el Gobierno, generando hambre y miseria.<\/p>\n<p style=\"text-align: justify;\">3.- Ese paquetazo permit\u00eda al Gobierno corregir indicadores macroecon\u00f3micos para obtener nuevos desembolsos del FMI, (una promesa de cr\u00e9dito \u201cstand by\u201d por $ 1.500.000.000).<\/p>\n<p style=\"text-align: justify;\">4.- Al contrario de esas medidas aplicadas por CAP para beneficiar al FMI, en la actualidad el Gobierno que encabeza el presidente Nicol\u00e1s Maduro, estar\u00eda considerando medidas complementarias que beneficien a toda la poblaci\u00f3n.<\/p>\n<p style=\"text-align: justify;\">5.- El Gobierno venezolano redujo el subsidio a la gasolina y los recursos obtenidos se destinar\u00e1n al sistema de Misiones, es decir, inversi\u00f3n p\u00fablica no para cancelar deudas.<\/p>\n<p style=\"text-align: justify;\">6.- En el Gobierno de CAP el aumento de los precios de las gasolinas provoc\u00f3 la subida de los precios de los alimentos y el transporte p\u00fablico mientras que el Presidente indic\u00f3 que el 30 por ciento de la recaudaci\u00f3n tributaria y los ingresos que generen la venta de gasolina se destinar\u00e1 a la Misi\u00f3n Transporte.<\/p>\n","protected":false},"excerpt":{"rendered":"<p>Diferencias entre las l\u00edneas econ\u00f3micas dictadas por el presidente Nicol\u00e1s Maduro y el paquetazo de Carlos Andr\u00e9s P\u00e9rez.<\/p>\n","protected":false},"author":25,"featured_media":4775,"comment_status":"closed","ping_status":"closed","sticky":false,"template":"","format":"standard","meta":{"footnotes":""},"categories":[82],"tags":[],"yoast_head":"<!-- This site is optimized with the Yoast SEO plugin v22.5 - https:\/\/yoast.com\/wordpress\/plugins\/seo\/ -->\n<title>L\u00edneas econ\u00f3micas de Maduro vs. paquetazo de Carlos Andr\u00e9s P\u00e9rez - MPPPST<\/title>\n<meta name=\"robots\" content=\"index, follow, max-snippet:-1, max-image-preview:large, max-video-preview:-1\" \/>\n<link rel=\"canonical\" href=\"https:\/\/www.mpppst.gob.ve\/mpppstweb\/index.php\/2016\/02\/18\/lineas-economicas-de-maduro-vs-paquetazo-de-carlos-andres-perez\/\" \/>\n<meta property=\"og:locale\" content=\"es_ES\" \/>\n<meta property=\"og:type\" content=\"article\" \/>\n<meta property=\"og:title\" content=\"L\u00edneas econ\u00f3micas de Maduro vs. paquetazo de Carlos Andr\u00e9s P\u00e9rez - MPPPST\" \/>\n<meta property=\"og:description\" content=\"Diferencias entre las l\u00edneas econ\u00f3micas dictadas por el presidente Nicol\u00e1s Maduro y el paquetazo de Carlos Andr\u00e9s P\u00e9rez.\" \/>\n<meta property=\"og:url\" content=\"https:\/\/www.mpppst.gob.ve\/mpppstweb\/index.php\/2016\/02\/18\/lineas-economicas-de-maduro-vs-paquetazo-de-carlos-andres-perez\/\" \/>\n<meta property=\"og:site_name\" content=\"MPPPST\" \/>\n<meta property=\"article:published_time\" content=\"2016-02-18T09:18:37+00:00\" \/>\n<meta property=\"article:modified_time\" content=\"2016-07-01T18:23:51+00:00\" \/>\n<meta name=\"author\" content=\"MPPPST Prensa\" \/>\n<meta name=\"twitter:card\" content=\"summary_large_image\" \/>\n<meta name=\"twitter:label1\" content=\"Escrito por\" \/>\n\t<meta name=\"twitter:data1\" content=\"MPPPST Prensa\" \/>\n\t<meta name=\"twitter:label2\" content=\"Tiempo de lectura\" \/>\n\t<meta name=\"twitter:data2\" content=\"2 minutos\" \/>\n<script type=\"application\/ld+json\" class=\"yoast-schema-graph\">{\"@context\":\"https:\/\/schema.org\",\"@graph\":[{\"@type\":\"Article\",\"@id\":\"https:\/\/www.mpppst.gob.ve\/mpppstweb\/index.php\/2016\/02\/18\/lineas-economicas-de-maduro-vs-paquetazo-de-carlos-andres-perez\/#article\",\"isPartOf\":{\"@id\":\"https:\/\/www.mpppst.gob.ve\/mpppstweb\/index.php\/2016\/02\/18\/lineas-economicas-de-maduro-vs-paquetazo-de-carlos-andres-perez\/\"},\"author\":{\"name\":\"MPPPST Prensa\",\"@id\":\"https:\/\/www.mpppst.gob.ve\/mpppstweb\/#\/schema\/person\/fc187ee8ead412bd4c9304b62f900ea4\"},\"headline\":\"L\u00edneas econ\u00f3micas de Maduro vs. paquetazo de Carlos Andr\u00e9s P\u00e9rez\",\"datePublished\":\"2016-02-18T09:18:37+00:00\",\"dateModified\":\"2016-07-01T18:23:51+00:00\",\"mainEntityOfPage\":{\"@id\":\"https:\/\/www.mpppst.gob.ve\/mpppstweb\/index.php\/2016\/02\/18\/lineas-economicas-de-maduro-vs-paquetazo-de-carlos-andres-perez\/\"},\"wordCount\":418,\"publisher\":{\"@id\":\"https:\/\/www.mpppst.gob.ve\/mpppstweb\/#organization\"},\"image\":{\"@id\":\"https:\/\/www.mpppst.gob.ve\/mpppstweb\/index.php\/2016\/02\/18\/lineas-economicas-de-maduro-vs-paquetazo-de-carlos-andres-perez\/#primaryimage\"},\"thumbnailUrl\":\"\",\"articleSection\":[\"Gobierno Nacional\"],\"inLanguage\":\"es\"},{\"@type\":\"WebPage\",\"@id\":\"https:\/\/www.mpppst.gob.ve\/mpppstweb\/index.php\/2016\/02\/18\/lineas-economicas-de-maduro-vs-paquetazo-de-carlos-andres-perez\/\",\"url\":\"https:\/\/www.mpppst.gob.ve\/mpppstweb\/index.php\/2016\/02\/18\/lineas-economicas-de-maduro-vs-paquetazo-de-carlos-andres-perez\/\",\"name\":\"L\u00edneas econ\u00f3micas de Maduro vs. paquetazo de Carlos Andr\u00e9s P\u00e9rez - MPPPST\",\"isPartOf\":{\"@id\":\"https:\/\/www.mpppst.gob.ve\/mpppstweb\/#website\"},\"primaryImageOfPage\":{\"@id\":\"https:\/\/www.mpppst.gob.ve\/mpppstweb\/index.php\/2016\/02\/18\/lineas-economicas-de-maduro-vs-paquetazo-de-carlos-andres-perez\/#primaryimage\"},\"image\":{\"@id\":\"https:\/\/www.mpppst.gob.ve\/mpppstweb\/index.php\/2016\/02\/18\/lineas-economicas-de-maduro-vs-paquetazo-de-carlos-andres-perez\/#primaryimage\"},\"thumbnailUrl\":\"\",\"datePublished\":\"2016-02-18T09:18:37+00:00\",\"dateModified\":\"2016-07-01T18:23:51+00:00\",\"breadcrumb\":{\"@id\":\"https:\/\/www.mpppst.gob.ve\/mpppstweb\/index.php\/2016\/02\/18\/lineas-economicas-de-maduro-vs-paquetazo-de-carlos-andres-perez\/#breadcrumb\"},\"inLanguage\":\"es\",\"potentialAction\":[{\"@type\":\"ReadAction\",\"target\":[\"https:\/\/www.mpppst.gob.ve\/mpppstweb\/index.php\/2016\/02\/18\/lineas-economicas-de-maduro-vs-paquetazo-de-carlos-andres-perez\/\"]}]},{\"@type\":\"ImageObject\",\"inLanguage\":\"es\",\"@id\":\"https:\/\/www.mpppst.gob.ve\/mpppstweb\/index.php\/2016\/02\/18\/lineas-economicas-de-maduro-vs-paquetazo-de-carlos-andres-perez\/#primaryimage\",\"url\":\"\",\"contentUrl\":\"\"},{\"@type\":\"BreadcrumbList\",\"@id\":\"https:\/\/www.mpppst.gob.ve\/mpppstweb\/index.php\/2016\/02\/18\/lineas-economicas-de-maduro-vs-paquetazo-de-carlos-andres-perez\/#breadcrumb\",\"itemListElement\":[{\"@type\":\"ListItem\",\"position\":1,\"name\":\"Home\",\"item\":\"https:\/\/www.mpppst.gob.ve\/mpppstweb\/\"},{\"@type\":\"ListItem\",\"position\":2,\"name\":\"L\u00edneas econ\u00f3micas de Maduro vs. paquetazo de Carlos Andr\u00e9s P\u00e9rez\"}]},{\"@type\":\"WebSite\",\"@id\":\"https:\/\/www.mpppst.gob.ve\/mpppstweb\/#website\",\"url\":\"https:\/\/www.mpppst.gob.ve\/mpppstweb\/\",\"name\":\"MPPPST\",\"description\":\"Ministerio del Poder Popular para el Proceso Social de Trabajo\",\"publisher\":{\"@id\":\"https:\/\/www.mpppst.gob.ve\/mpppstweb\/#organization\"},\"potentialAction\":[{\"@type\":\"SearchAction\",\"target\":{\"@type\":\"EntryPoint\",\"urlTemplate\":\"https:\/\/www.mpppst.gob.ve\/mpppstweb\/?s={search_term_string}\"},\"query-input\":\"required name=search_term_string\"}],\"inLanguage\":\"es\"},{\"@type\":\"Organization\",\"@id\":\"https:\/\/www.mpppst.gob.ve\/mpppstweb\/#organization\",\"name\":\"mpppst\",\"url\":\"https:\/\/www.mpppst.gob.ve\/mpppstweb\/\",\"logo\":{\"@type\":\"ImageObject\",\"inLanguage\":\"es\",\"@id\":\"https:\/\/www.mpppst.gob.ve\/mpppstweb\/#\/schema\/logo\/image\/\",\"url\":\"https:\/\/www.mpppst.gob.ve\/mpppstweb\/wp-content\/uploads\/2025\/07\/cropped-cropped-g910.png\",\"contentUrl\":\"https:\/\/www.mpppst.gob.ve\/mpppstweb\/wp-content\/uploads\/2025\/07\/cropped-cropped-g910.png\",\"width\":1080,\"height\":241,\"caption\":\"mpppst\"},\"image\":{\"@id\":\"https:\/\/www.mpppst.gob.ve\/mpppstweb\/#\/schema\/logo\/image\/\"}},{\"@type\":\"Person\",\"@id\":\"https:\/\/www.mpppst.gob.ve\/mpppstweb\/#\/schema\/person\/fc187ee8ead412bd4c9304b62f900ea4\",\"name\":\"MPPPST Prensa\",\"url\":\"https:\/\/www.mpppst.gob.ve\/mpppstweb\/index.php\/author\/prensa-mpppst\/\"}]}<\/script>\n<!-- \/ Yoast SEO plugin. -->","yoast_head_json":{"title":"L\u00edneas econ\u00f3micas de Maduro vs. paquetazo de Carlos Andr\u00e9s P\u00e9rez - MPPPST","robots":{"index":"index","follow":"follow","max-snippet":"max-snippet:-1","max-image-preview":"max-image-preview:large","max-video-preview":"max-video-preview:-1"},"canonical":"https:\/\/www.mpppst.gob.ve\/mpppstweb\/index.php\/2016\/02\/18\/lineas-economicas-de-maduro-vs-paquetazo-de-carlos-andres-perez\/","og_locale":"es_ES","og_type":"article","og_title":"L\u00edneas econ\u00f3micas de Maduro vs. paquetazo de Carlos Andr\u00e9s P\u00e9rez - MPPPST","og_description":"Diferencias entre las l\u00edneas econ\u00f3micas dictadas por el presidente Nicol\u00e1s Maduro y el paquetazo de Carlos Andr\u00e9s P\u00e9rez.","og_url":"https:\/\/www.mpppst.gob.ve\/mpppstweb\/index.php\/2016\/02\/18\/lineas-economicas-de-maduro-vs-paquetazo-de-carlos-andres-perez\/","og_site_name":"MPPPST","article_published_time":"2016-02-18T09:18:37+00:00","article_modified_time":"2016-07-01T18:23:51+00:00","author":"MPPPST Prensa","twitter_card":"summary_large_image","twitter_misc":{"Escrito por":"MPPPST Prensa","Tiempo de lectura":"2 minutos"},"schema":{"@context":"https:\/\/schema.org","@graph":[{"@type":"Article","@id":"https:\/\/www.mpppst.gob.ve\/mpppstweb\/index.php\/2016\/02\/18\/lineas-economicas-de-maduro-vs-paquetazo-de-carlos-andres-perez\/#article","isPartOf":{"@id":"https:\/\/www.mpppst.gob.ve\/mpppstweb\/index.php\/2016\/02\/18\/lineas-economicas-de-maduro-vs-paquetazo-de-carlos-andres-perez\/"},"author":{"name":"MPPPST Prensa","@id":"https:\/\/www.mpppst.gob.ve\/mpppstweb\/#\/schema\/person\/fc187ee8ead412bd4c9304b62f900ea4"},"headline":"L\u00edneas econ\u00f3micas de Maduro vs. paquetazo de Carlos Andr\u00e9s P\u00e9rez","datePublished":"2016-02-18T09:18:37+00:00","dateModified":"2016-07-01T18:23:51+00:00","mainEntityOfPage":{"@id":"https:\/\/www.mpppst.gob.ve\/mpppstweb\/index.php\/2016\/02\/18\/lineas-economicas-de-maduro-vs-paquetazo-de-carlos-andres-perez\/"},"wordCount":418,"publisher":{"@id":"https:\/\/www.mpppst.gob.ve\/mpppstweb\/#organization"},"image":{"@id":"https:\/\/www.mpppst.gob.ve\/mpppstweb\/index.php\/2016\/02\/18\/lineas-economicas-de-maduro-vs-paquetazo-de-carlos-andres-perez\/#primaryimage"},"thumbnailUrl":"","articleSection":["Gobierno Nacional"],"inLanguage":"es"},{"@type":"WebPage","@id":"https:\/\/www.mpppst.gob.ve\/mpppstweb\/index.php\/2016\/02\/18\/lineas-economicas-de-maduro-vs-paquetazo-de-carlos-andres-perez\/","url":"https:\/\/www.mpppst.gob.ve\/mpppstweb\/index.php\/2016\/02\/18\/lineas-economicas-de-maduro-vs-paquetazo-de-carlos-andres-perez\/","name":"L\u00edneas econ\u00f3micas de Maduro vs. paquetazo de Carlos Andr\u00e9s P\u00e9rez - MPPPST","isPartOf":{"@id":"https:\/\/www.mpppst.gob.ve\/mpppstweb\/#website"},"primaryImageOfPage":{"@id":"https:\/\/www.mpppst.gob.ve\/mpppstweb\/index.php\/2016\/02\/18\/lineas-economicas-de-maduro-vs-paquetazo-de-carlos-andres-perez\/#primaryimage"},"image":{"@id":"https:\/\/www.mpppst.gob.ve\/mpppstweb\/index.php\/2016\/02\/18\/lineas-economicas-de-maduro-vs-paquetazo-de-carlos-andres-perez\/#primaryimage"},"thumbnailUrl":"","datePublished":"2016-02-18T09:18:37+00:00","dateModified":"2016-07-01T18:23:51+00:00","breadcrumb":{"@id":"https:\/\/www.mpppst.gob.ve\/mpppstweb\/index.php\/2016\/02\/18\/lineas-economicas-de-maduro-vs-paquetazo-de-carlos-andres-perez\/#breadcrumb"},"inLanguage":"es","potentialAction":[{"@type":"ReadAction","target":["https:\/\/www.mpppst.gob.ve\/mpppstweb\/index.php\/2016\/02\/18\/lineas-economicas-de-maduro-vs-paquetazo-de-carlos-andres-perez\/"]}]},{"@type":"ImageObject","inLanguage":"es","@id":"https:\/\/www.mpppst.gob.ve\/mpppstweb\/index.php\/2016\/02\/18\/lineas-economicas-de-maduro-vs-paquetazo-de-carlos-andres-perez\/#primaryimage","url":"","contentUrl":""},{"@type":"BreadcrumbList","@id":"https:\/\/www.mpppst.gob.ve\/mpppstweb\/index.php\/2016\/02\/18\/lineas-economicas-de-maduro-vs-paquetazo-de-carlos-andres-perez\/#breadcrumb","itemListElement":[{"@type":"ListItem","position":1,"name":"Home","item":"https:\/\/www.mpppst.gob.ve\/mpppstweb\/"},{"@type":"ListItem","position":2,"name":"L\u00edneas econ\u00f3micas de Maduro vs. paquetazo de Carlos Andr\u00e9s P\u00e9rez"}]},{"@type":"WebSite","@id":"https:\/\/www.mpppst.gob.ve\/mpppstweb\/#website","url":"https:\/\/www.mpppst.gob.ve\/mpppstweb\/","name":"MPPPST","description":"Ministerio del Poder Popular para el Proceso Social de Trabajo","publisher":{"@id":"https:\/\/www.mpppst.gob.ve\/mpppstweb\/#organization"},"potentialAction":[{"@type":"SearchAction","target":{"@type":"EntryPoint","urlTemplate":"https:\/\/www.mpppst.gob.ve\/mpppstweb\/?s={search_term_string}"},"query-input":"required name=search_term_string"}],"inLanguage":"es"},{"@type":"Organization","@id":"https:\/\/www.mpppst.gob.ve\/mpppstweb\/#organization","name":"mpppst","url":"https:\/\/www.mpppst.gob.ve\/mpppstweb\/","logo":{"@type":"ImageObject","inLanguage":"es","@id":"https:\/\/www.mpppst.gob.ve\/mpppstweb\/#\/schema\/logo\/image\/","url":"https:\/\/www.mpppst.gob.ve\/mpppstweb\/wp-content\/uploads\/2025\/07\/cropped-cropped-g910.png","contentUrl":"https:\/\/www.mpppst.gob.ve\/mpppstweb\/wp-content\/uploads\/2025\/07\/cropped-cropped-g910.png","width":1080,"height":241,"caption":"mpppst"},"image":{"@id":"https:\/\/www.mpppst.gob.ve\/mpppstweb\/#\/schema\/logo\/image\/"}},{"@type":"Person","@id":"https:\/\/www.mpppst.gob.ve\/mpppstweb\/#\/schema\/person\/fc187ee8ead412bd4c9304b62f900ea4","name":"MPPPST Prensa","url":"https:\/\/www.mpppst.gob.ve\/mpppstweb\/index.php\/author\/prensa-mpppst\/"}]}},"_links":{"self":[{"href":"https:\/\/www.mpppst.gob.ve\/mpppstweb\/index.php\/wp-json\/wp\/v2\/posts\/4774"}],"collection":[{"href":"https:\/\/www.mpppst.gob.ve\/mpppstweb\/index.php\/wp-json\/wp\/v2\/posts"}],"about":[{"href":"https:\/\/www.mpppst.gob.ve\/mpppstweb\/index.php\/wp-json\/wp\/v2\/types\/post"}],"author":[{"embeddable":true,"href":"https:\/\/www.mpppst.gob.ve\/mpppstweb\/index.php\/wp-json\/wp\/v2\/users\/25"}],"replies":[{"embeddable":true,"href":"https:\/\/www.mpppst.gob.ve\/mpppstweb\/index.php\/wp-json\/wp\/v2\/comments?post=4774"}],"version-history":[{"count":1,"href":"https:\/\/www.mpppst.gob.ve\/mpppstweb\/index.php\/wp-json\/wp\/v2\/posts\/4774\/revisions"}],"predecessor-version":[{"id":7027,"href":"https:\/\/www.mpppst.gob.ve\/mpppstweb\/index.php\/wp-json\/wp\/v2\/posts\/4774\/revisions\/7027"}],"wp:featuredmedia":[{"embeddable":true,"href":"https:\/\/www.mpppst.gob.ve\/mpppstweb\/index.php\/wp-json\/"}],"wp:attachment":[{"href":"https:\/\/www.mpppst.gob.ve\/mpppstweb\/index.php\/wp-json\/wp\/v2\/media?parent=4774"}],"wp:term":[{"taxonomy":"category","embeddable":true,"href":"https:\/\/www.mpppst.gob.ve\/mpppstweb\/index.php\/wp-json\/wp\/v2\/categories?post=4774"},{"taxonomy":"post_tag","embeddable":true,"href":"https:\/\/www.mpppst.gob.ve\/mpppstweb\/index.php\/wp-json\/wp\/v2\/tags?post=4774"}],"curies":[{"name":"wp","href":"https:\/\/api.w.org\/{rel}","templated":true}]}}