{"id":4779,"date":"2016-02-18T10:18:13","date_gmt":"2016-02-18T10:18:13","guid":{"rendered":"http:\/\/www.mpppst.gob.ve\/mpppstweb\/?p=4779"},"modified":"2016-07-01T18:24:07","modified_gmt":"2016-07-01T18:24:07","slug":"clase-trabajadora-progresista-respaldo-anuncios-de-maduro","status":"publish","type":"post","link":"https:\/\/www.mpppst.gob.ve\/mpppstweb\/index.php\/2016\/02\/18\/clase-trabajadora-progresista-respaldo-anuncios-de-maduro\/","title":{"rendered":"Clase trabajadora progresista respald\u00f3 anuncios de Maduro"},"content":{"rendered":"<p style=\"text-align: justify;\">Correo del Orinoco.- Las trabajadoras y trabajadores progresistas respaldan de manera \u201ccontundente\u201d las medidas econ\u00f3micas anunciadas por el presidente Nicol\u00e1s Maduro, con la finalidad de avanzar hacia una econom\u00eda productiva que no dependa del petr\u00f3leo.<\/p>\n<p style=\"text-align: justify;\">\u201cEstamos consciente de todo el esfuerzo que el Primer Mandatario est\u00e1 haciendo para garantizar la sustentabilidad de la Patria y derrotar la guerra econ\u00f3mica promovida la derecha ap\u00e1trida que ahora es mayor\u00eda en la Asamblea Nacional\u201d, sostuvo Wills Rangel, presidente de la Central Bolivariana Socialista de Trabajadores (CBST).<\/p>\n<p style=\"text-align: justify;\">Rangel indic\u00f3 que la clase trabajadora rechaza la denominada ley de impunidad, aprobada por la mayor\u00eda opositora en la Asamblea Nacional. \u201cCreemos que este es un golpe de Estado de la derecha al pa\u00eds. Pretenden traer a los 20 mil trabajadores que apu\u00f1alaron la Patria en 2002 y 2003, mediante el paro petrolero que montaron en Petr\u00f3leos de Venezuela (Pdvsa)\u201d, denunci\u00f3.<\/p>\n<p style=\"text-align: justify;\"><strong>\u00a0<\/strong><strong>NO LA IMPUNIDAD<\/strong><\/p>\n<p style=\"text-align: justify;\"><strong>\u00a0<\/strong>Las 17 federaciones, sindicatos nacionales agremiados y las 24 agrupaciones regionales de la central estar\u00e1n atentos para que no haya impunidad y castigue a los culpables de cometer delitos. El organismo tambi\u00e9n apoy\u00f3 la Operaci\u00f3n Gorgojo, una acci\u00f3n que calific\u00f3 de \u201ccontundente contra la corrupci\u00f3n\u201d en la red de producci\u00f3n, comercializaci\u00f3n y distribuci\u00f3n.<\/p>\n<p style=\"text-align: justify;\">Rangel pidi\u00f3 que las autoridades no solo ataquen el problema en los trabajadores, sino en el tren directivo. \u201cEs necesario profundizar en los administradores y los que dirigen a los entes del Estado. Porque no es posible que los empleados act\u00faen impunemente, sin que tenga c\u00f3mplices en los cargos gerenciales\u201d, apunt\u00f3 el dirigente laboral.<\/p>\n<p style=\"text-align: justify;\">El presidente de la CBST inst\u00f3 a las organizaciones sindicales a profundizar las acciones dirigidas a impulsar la producci\u00f3n. Para contribuir a lograrlo, la central pondr\u00e1n los \u201cespacios sindicales a la orden\u201d, para que sean instrumentos de impulso al trabajo creador, indic\u00f3 Rangel.<\/p>\n<p style=\"text-align: justify;\"><strong>\u00a0<\/strong><strong>DESPLIEGUE NACIONAL<\/strong><\/p>\n<p style=\"text-align: justify;\">La CBST hizo un llamado a toda la clase trabajadora para que participe en el Gran Congreso de la Patria obrera, indic\u00f3 Carla Van Stranhlen, integrante de la juventud trabajadora.<\/p>\n<p style=\"text-align: justify;\">Se efectuar\u00e1 un despliegue por los 24 estados, en los que participar\u00e1n sindicatos, trabajadores, agrupaciones laborales que se incorporar\u00e1n a este congreso que tendr\u00e1 plenarias por estado y posteriormente, se realizar\u00e1 una gran convenci\u00f3n, previsto para el 17 de abril de 2016, explic\u00f3 la dirigente juvenil laboral.<\/p>\n<p style=\"text-align: justify;\">Se van a realizar congresos por sectores productivos para contribuir con el avance de los 14 motores. Adem\u00e1s ser\u00e1n incorporadas las empresas p\u00fablicas y privadas, agreg\u00f3 Van Stranhlen.<\/p>\n<p style=\"text-align: justify;\">\n","protected":false},"excerpt":{"rendered":"<p>Las trabajadoras y trabajadores progresistas respaldan de manera \u201ccontundente\u201d las medidas econ\u00f3micas anunciadas por el presidente Nicol\u00e1s Maduro<\/p>\n","protected":false},"author":25,"featured_media":4780,"comment_status":"closed","ping_status":"closed","sticky":false,"template":"","format":"standard","meta":{"footnotes":""},"categories":[82],"tags":[],"yoast_head":"<!-- This site is optimized with the Yoast SEO plugin v22.5 - https:\/\/yoast.com\/wordpress\/plugins\/seo\/ -->\n<title>Clase trabajadora progresista respald\u00f3 anuncios de Maduro - MPPPST<\/title>\n<meta name=\"robots\" content=\"index, follow, max-snippet:-1, max-image-preview:large, max-video-preview:-1\" \/>\n<link rel=\"canonical\" href=\"https:\/\/www.mpppst.gob.ve\/mpppstweb\/index.php\/2016\/02\/18\/clase-trabajadora-progresista-respaldo-anuncios-de-maduro\/\" \/>\n<meta property=\"og:locale\" content=\"es_ES\" \/>\n<meta property=\"og:type\" content=\"article\" \/>\n<meta property=\"og:title\" content=\"Clase trabajadora progresista respald\u00f3 anuncios de Maduro - MPPPST\" \/>\n<meta property=\"og:description\" content=\"Las trabajadoras y trabajadores progresistas respaldan de manera \u201ccontundente\u201d las medidas econ\u00f3micas anunciadas por el presidente Nicol\u00e1s Maduro\" \/>\n<meta property=\"og:url\" content=\"https:\/\/www.mpppst.gob.ve\/mpppstweb\/index.php\/2016\/02\/18\/clase-trabajadora-progresista-respaldo-anuncios-de-maduro\/\" \/>\n<meta property=\"og:site_name\" content=\"MPPPST\" \/>\n<meta property=\"article:published_time\" content=\"2016-02-18T10:18:13+00:00\" \/>\n<meta property=\"article:modified_time\" content=\"2016-07-01T18:24:07+00:00\" \/>\n<meta property=\"og:image\" content=\"https:\/\/www.mpppst.gob.ve\/mpppstweb\/wp-content\/uploads\/2016\/02\/RUEDA-DE-PRENSA-CON-WILLS-RANGEL-PRESIDENTE-DE-LA-CBST-LFRANCO-2-600.jpg\" \/>\n\t<meta property=\"og:image:width\" content=\"448\" \/>\n\t<meta property=\"og:image:height\" content=\"298\" \/>\n\t<meta property=\"og:image:type\" content=\"image\/jpeg\" \/>\n<meta name=\"author\" content=\"MPPPST Prensa\" \/>\n<meta name=\"twitter:card\" content=\"summary_large_image\" \/>\n<meta name=\"twitter:label1\" content=\"Escrito por\" \/>\n\t<meta name=\"twitter:data1\" content=\"MPPPST Prensa\" \/>\n\t<meta name=\"twitter:label2\" content=\"Tiempo de lectura\" \/>\n\t<meta name=\"twitter:data2\" content=\"2 minutos\" \/>\n<script type=\"application\/ld+json\" class=\"yoast-schema-graph\">{\"@context\":\"https:\/\/schema.org\",\"@graph\":[{\"@type\":\"Article\",\"@id\":\"https:\/\/www.mpppst.gob.ve\/mpppstweb\/index.php\/2016\/02\/18\/clase-trabajadora-progresista-respaldo-anuncios-de-maduro\/#article\",\"isPartOf\":{\"@id\":\"https:\/\/www.mpppst.gob.ve\/mpppstweb\/index.php\/2016\/02\/18\/clase-trabajadora-progresista-respaldo-anuncios-de-maduro\/\"},\"author\":{\"name\":\"MPPPST Prensa\",\"@id\":\"https:\/\/www.mpppst.gob.ve\/mpppstweb\/#\/schema\/person\/fc187ee8ead412bd4c9304b62f900ea4\"},\"headline\":\"Clase trabajadora progresista respald\u00f3 anuncios de Maduro\",\"datePublished\":\"2016-02-18T10:18:13+00:00\",\"dateModified\":\"2016-07-01T18:24:07+00:00\",\"mainEntityOfPage\":{\"@id\":\"https:\/\/www.mpppst.gob.ve\/mpppstweb\/index.php\/2016\/02\/18\/clase-trabajadora-progresista-respaldo-anuncios-de-maduro\/\"},\"wordCount\":432,\"publisher\":{\"@id\":\"https:\/\/www.mpppst.gob.ve\/mpppstweb\/#organization\"},\"image\":{\"@id\":\"https:\/\/www.mpppst.gob.ve\/mpppstweb\/index.php\/2016\/02\/18\/clase-trabajadora-progresista-respaldo-anuncios-de-maduro\/#primaryimage\"},\"thumbnailUrl\":\"https:\/\/www.mpppst.gob.ve\/mpppstweb\/wp-content\/uploads\/2016\/02\/RUEDA-DE-PRENSA-CON-WILLS-RANGEL-PRESIDENTE-DE-LA-CBST-LFRANCO-2-600.jpg\",\"articleSection\":[\"Gobierno Nacional\"],\"inLanguage\":\"es\"},{\"@type\":\"WebPage\",\"@id\":\"https:\/\/www.mpppst.gob.ve\/mpppstweb\/index.php\/2016\/02\/18\/clase-trabajadora-progresista-respaldo-anuncios-de-maduro\/\",\"url\":\"https:\/\/www.mpppst.gob.ve\/mpppstweb\/index.php\/2016\/02\/18\/clase-trabajadora-progresista-respaldo-anuncios-de-maduro\/\",\"name\":\"Clase trabajadora progresista respald\u00f3 anuncios de Maduro - MPPPST\",\"isPartOf\":{\"@id\":\"https:\/\/www.mpppst.gob.ve\/mpppstweb\/#website\"},\"primaryImageOfPage\":{\"@id\":\"https:\/\/www.mpppst.gob.ve\/mpppstweb\/index.php\/2016\/02\/18\/clase-trabajadora-progresista-respaldo-anuncios-de-maduro\/#primaryimage\"},\"image\":{\"@id\":\"https:\/\/www.mpppst.gob.ve\/mpppstweb\/index.php\/2016\/02\/18\/clase-trabajadora-progresista-respaldo-anuncios-de-maduro\/#primaryimage\"},\"thumbnailUrl\":\"https:\/\/www.mpppst.gob.ve\/mpppstweb\/wp-content\/uploads\/2016\/02\/RUEDA-DE-PRENSA-CON-WILLS-RANGEL-PRESIDENTE-DE-LA-CBST-LFRANCO-2-600.jpg\",\"datePublished\":\"2016-02-18T10:18:13+00:00\",\"dateModified\":\"2016-07-01T18:24:07+00:00\",\"breadcrumb\":{\"@id\":\"https:\/\/www.mpppst.gob.ve\/mpppstweb\/index.php\/2016\/02\/18\/clase-trabajadora-progresista-respaldo-anuncios-de-maduro\/#breadcrumb\"},\"inLanguage\":\"es\",\"potentialAction\":[{\"@type\":\"ReadAction\",\"target\":[\"https:\/\/www.mpppst.gob.ve\/mpppstweb\/index.php\/2016\/02\/18\/clase-trabajadora-progresista-respaldo-anuncios-de-maduro\/\"]}]},{\"@type\":\"ImageObject\",\"inLanguage\":\"es\",\"@id\":\"https:\/\/www.mpppst.gob.ve\/mpppstweb\/index.php\/2016\/02\/18\/clase-trabajadora-progresista-respaldo-anuncios-de-maduro\/#primaryimage\",\"url\":\"https:\/\/www.mpppst.gob.ve\/mpppstweb\/wp-content\/uploads\/2016\/02\/RUEDA-DE-PRENSA-CON-WILLS-RANGEL-PRESIDENTE-DE-LA-CBST-LFRANCO-2-600.jpg\",\"contentUrl\":\"https:\/\/www.mpppst.gob.ve\/mpppstweb\/wp-content\/uploads\/2016\/02\/RUEDA-DE-PRENSA-CON-WILLS-RANGEL-PRESIDENTE-DE-LA-CBST-LFRANCO-2-600.jpg\",\"width\":448,\"height\":298},{\"@type\":\"BreadcrumbList\",\"@id\":\"https:\/\/www.mpppst.gob.ve\/mpppstweb\/index.php\/2016\/02\/18\/clase-trabajadora-progresista-respaldo-anuncios-de-maduro\/#breadcrumb\",\"itemListElement\":[{\"@type\":\"ListItem\",\"position\":1,\"name\":\"Home\",\"item\":\"https:\/\/www.mpppst.gob.ve\/mpppstweb\/\"},{\"@type\":\"ListItem\",\"position\":2,\"name\":\"Clase trabajadora progresista respald\u00f3 anuncios de Maduro\"}]},{\"@type\":\"WebSite\",\"@id\":\"https:\/\/www.mpppst.gob.ve\/mpppstweb\/#website\",\"url\":\"https:\/\/www.mpppst.gob.ve\/mpppstweb\/\",\"name\":\"MPPPST\",\"description\":\"Ministerio del Poder Popular para el Proceso Social de Trabajo\",\"publisher\":{\"@id\":\"https:\/\/www.mpppst.gob.ve\/mpppstweb\/#organization\"},\"potentialAction\":[{\"@type\":\"SearchAction\",\"target\":{\"@type\":\"EntryPoint\",\"urlTemplate\":\"https:\/\/www.mpppst.gob.ve\/mpppstweb\/?s={search_term_string}\"},\"query-input\":\"required name=search_term_string\"}],\"inLanguage\":\"es\"},{\"@type\":\"Organization\",\"@id\":\"https:\/\/www.mpppst.gob.ve\/mpppstweb\/#organization\",\"name\":\"mpppst\",\"url\":\"https:\/\/www.mpppst.gob.ve\/mpppstweb\/\",\"logo\":{\"@type\":\"ImageObject\",\"inLanguage\":\"es\",\"@id\":\"https:\/\/www.mpppst.gob.ve\/mpppstweb\/#\/schema\/logo\/image\/\",\"url\":\"https:\/\/www.mpppst.gob.ve\/mpppstweb\/wp-content\/uploads\/2025\/07\/cropped-cropped-g910.png\",\"contentUrl\":\"https:\/\/www.mpppst.gob.ve\/mpppstweb\/wp-content\/uploads\/2025\/07\/cropped-cropped-g910.png\",\"width\":1080,\"height\":241,\"caption\":\"mpppst\"},\"image\":{\"@id\":\"https:\/\/www.mpppst.gob.ve\/mpppstweb\/#\/schema\/logo\/image\/\"}},{\"@type\":\"Person\",\"@id\":\"https:\/\/www.mpppst.gob.ve\/mpppstweb\/#\/schema\/person\/fc187ee8ead412bd4c9304b62f900ea4\",\"name\":\"MPPPST Prensa\",\"url\":\"https:\/\/www.mpppst.gob.ve\/mpppstweb\/index.php\/author\/prensa-mpppst\/\"}]}<\/script>\n<!-- \/ Yoast SEO plugin. -->","yoast_head_json":{"title":"Clase trabajadora progresista respald\u00f3 anuncios de Maduro - MPPPST","robots":{"index":"index","follow":"follow","max-snippet":"max-snippet:-1","max-image-preview":"max-image-preview:large","max-video-preview":"max-video-preview:-1"},"canonical":"https:\/\/www.mpppst.gob.ve\/mpppstweb\/index.php\/2016\/02\/18\/clase-trabajadora-progresista-respaldo-anuncios-de-maduro\/","og_locale":"es_ES","og_type":"article","og_title":"Clase trabajadora progresista respald\u00f3 anuncios de Maduro - MPPPST","og_description":"Las trabajadoras y trabajadores progresistas respaldan de manera \u201ccontundente\u201d las medidas econ\u00f3micas anunciadas por el presidente Nicol\u00e1s Maduro","og_url":"https:\/\/www.mpppst.gob.ve\/mpppstweb\/index.php\/2016\/02\/18\/clase-trabajadora-progresista-respaldo-anuncios-de-maduro\/","og_site_name":"MPPPST","article_published_time":"2016-02-18T10:18:13+00:00","article_modified_time":"2016-07-01T18:24:07+00:00","og_image":[{"width":448,"height":298,"url":"https:\/\/www.mpppst.gob.ve\/mpppstweb\/wp-content\/uploads\/2016\/02\/RUEDA-DE-PRENSA-CON-WILLS-RANGEL-PRESIDENTE-DE-LA-CBST-LFRANCO-2-600.jpg","type":"image\/jpeg"}],"author":"MPPPST Prensa","twitter_card":"summary_large_image","twitter_misc":{"Escrito por":"MPPPST Prensa","Tiempo de lectura":"2 minutos"},"schema":{"@context":"https:\/\/schema.org","@graph":[{"@type":"Article","@id":"https:\/\/www.mpppst.gob.ve\/mpppstweb\/index.php\/2016\/02\/18\/clase-trabajadora-progresista-respaldo-anuncios-de-maduro\/#article","isPartOf":{"@id":"https:\/\/www.mpppst.gob.ve\/mpppstweb\/index.php\/2016\/02\/18\/clase-trabajadora-progresista-respaldo-anuncios-de-maduro\/"},"author":{"name":"MPPPST Prensa","@id":"https:\/\/www.mpppst.gob.ve\/mpppstweb\/#\/schema\/person\/fc187ee8ead412bd4c9304b62f900ea4"},"headline":"Clase trabajadora progresista respald\u00f3 anuncios de Maduro","datePublished":"2016-02-18T10:18:13+00:00","dateModified":"2016-07-01T18:24:07+00:00","mainEntityOfPage":{"@id":"https:\/\/www.mpppst.gob.ve\/mpppstweb\/index.php\/2016\/02\/18\/clase-trabajadora-progresista-respaldo-anuncios-de-maduro\/"},"wordCount":432,"publisher":{"@id":"https:\/\/www.mpppst.gob.ve\/mpppstweb\/#organization"},"image":{"@id":"https:\/\/www.mpppst.gob.ve\/mpppstweb\/index.php\/2016\/02\/18\/clase-trabajadora-progresista-respaldo-anuncios-de-maduro\/#primaryimage"},"thumbnailUrl":"https:\/\/www.mpppst.gob.ve\/mpppstweb\/wp-content\/uploads\/2016\/02\/RUEDA-DE-PRENSA-CON-WILLS-RANGEL-PRESIDENTE-DE-LA-CBST-LFRANCO-2-600.jpg","articleSection":["Gobierno Nacional"],"inLanguage":"es"},{"@type":"WebPage","@id":"https:\/\/www.mpppst.gob.ve\/mpppstweb\/index.php\/2016\/02\/18\/clase-trabajadora-progresista-respaldo-anuncios-de-maduro\/","url":"https:\/\/www.mpppst.gob.ve\/mpppstweb\/index.php\/2016\/02\/18\/clase-trabajadora-progresista-respaldo-anuncios-de-maduro\/","name":"Clase trabajadora progresista respald\u00f3 anuncios de Maduro - MPPPST","isPartOf":{"@id":"https:\/\/www.mpppst.gob.ve\/mpppstweb\/#website"},"primaryImageOfPage":{"@id":"https:\/\/www.mpppst.gob.ve\/mpppstweb\/index.php\/2016\/02\/18\/clase-trabajadora-progresista-respaldo-anuncios-de-maduro\/#primaryimage"},"image":{"@id":"https:\/\/www.mpppst.gob.ve\/mpppstweb\/index.php\/2016\/02\/18\/clase-trabajadora-progresista-respaldo-anuncios-de-maduro\/#primaryimage"},"thumbnailUrl":"https:\/\/www.mpppst.gob.ve\/mpppstweb\/wp-content\/uploads\/2016\/02\/RUEDA-DE-PRENSA-CON-WILLS-RANGEL-PRESIDENTE-DE-LA-CBST-LFRANCO-2-600.jpg","datePublished":"2016-02-18T10:18:13+00:00","dateModified":"2016-07-01T18:24:07+00:00","breadcrumb":{"@id":"https:\/\/www.mpppst.gob.ve\/mpppstweb\/index.php\/2016\/02\/18\/clase-trabajadora-progresista-respaldo-anuncios-de-maduro\/#breadcrumb"},"inLanguage":"es","potentialAction":[{"@type":"ReadAction","target":["https:\/\/www.mpppst.gob.ve\/mpppstweb\/index.php\/2016\/02\/18\/clase-trabajadora-progresista-respaldo-anuncios-de-maduro\/"]}]},{"@type":"ImageObject","inLanguage":"es","@id":"https:\/\/www.mpppst.gob.ve\/mpppstweb\/index.php\/2016\/02\/18\/clase-trabajadora-progresista-respaldo-anuncios-de-maduro\/#primaryimage","url":"https:\/\/www.mpppst.gob.ve\/mpppstweb\/wp-content\/uploads\/2016\/02\/RUEDA-DE-PRENSA-CON-WILLS-RANGEL-PRESIDENTE-DE-LA-CBST-LFRANCO-2-600.jpg","contentUrl":"https:\/\/www.mpppst.gob.ve\/mpppstweb\/wp-content\/uploads\/2016\/02\/RUEDA-DE-PRENSA-CON-WILLS-RANGEL-PRESIDENTE-DE-LA-CBST-LFRANCO-2-600.jpg","width":448,"height":298},{"@type":"BreadcrumbList","@id":"https:\/\/www.mpppst.gob.ve\/mpppstweb\/index.php\/2016\/02\/18\/clase-trabajadora-progresista-respaldo-anuncios-de-maduro\/#breadcrumb","itemListElement":[{"@type":"ListItem","position":1,"name":"Home","item":"https:\/\/www.mpppst.gob.ve\/mpppstweb\/"},{"@type":"ListItem","position":2,"name":"Clase trabajadora progresista respald\u00f3 anuncios de Maduro"}]},{"@type":"WebSite","@id":"https:\/\/www.mpppst.gob.ve\/mpppstweb\/#website","url":"https:\/\/www.mpppst.gob.ve\/mpppstweb\/","name":"MPPPST","description":"Ministerio del Poder Popular para el Proceso Social de Trabajo","publisher":{"@id":"https:\/\/www.mpppst.gob.ve\/mpppstweb\/#organization"},"potentialAction":[{"@type":"SearchAction","target":{"@type":"EntryPoint","urlTemplate":"https:\/\/www.mpppst.gob.ve\/mpppstweb\/?s={search_term_string}"},"query-input":"required name=search_term_string"}],"inLanguage":"es"},{"@type":"Organization","@id":"https:\/\/www.mpppst.gob.ve\/mpppstweb\/#organization","name":"mpppst","url":"https:\/\/www.mpppst.gob.ve\/mpppstweb\/","logo":{"@type":"ImageObject","inLanguage":"es","@id":"https:\/\/www.mpppst.gob.ve\/mpppstweb\/#\/schema\/logo\/image\/","url":"https:\/\/www.mpppst.gob.ve\/mpppstweb\/wp-content\/uploads\/2025\/07\/cropped-cropped-g910.png","contentUrl":"https:\/\/www.mpppst.gob.ve\/mpppstweb\/wp-content\/uploads\/2025\/07\/cropped-cropped-g910.png","width":1080,"height":241,"caption":"mpppst"},"image":{"@id":"https:\/\/www.mpppst.gob.ve\/mpppstweb\/#\/schema\/logo\/image\/"}},{"@type":"Person","@id":"https:\/\/www.mpppst.gob.ve\/mpppstweb\/#\/schema\/person\/fc187ee8ead412bd4c9304b62f900ea4","name":"MPPPST Prensa","url":"https:\/\/www.mpppst.gob.ve\/mpppstweb\/index.php\/author\/prensa-mpppst\/"}]}},"_links":{"self":[{"href":"https:\/\/www.mpppst.gob.ve\/mpppstweb\/index.php\/wp-json\/wp\/v2\/posts\/4779"}],"collection":[{"href":"https:\/\/www.mpppst.gob.ve\/mpppstweb\/index.php\/wp-json\/wp\/v2\/posts"}],"about":[{"href":"https:\/\/www.mpppst.gob.ve\/mpppstweb\/index.php\/wp-json\/wp\/v2\/types\/post"}],"author":[{"embeddable":true,"href":"https:\/\/www.mpppst.gob.ve\/mpppstweb\/index.php\/wp-json\/wp\/v2\/users\/25"}],"replies":[{"embeddable":true,"href":"https:\/\/www.mpppst.gob.ve\/mpppstweb\/index.php\/wp-json\/wp\/v2\/comments?post=4779"}],"version-history":[{"count":1,"href":"https:\/\/www.mpppst.gob.ve\/mpppstweb\/index.php\/wp-json\/wp\/v2\/posts\/4779\/revisions"}],"predecessor-version":[{"id":7028,"href":"https:\/\/www.mpppst.gob.ve\/mpppstweb\/index.php\/wp-json\/wp\/v2\/posts\/4779\/revisions\/7028"}],"wp:featuredmedia":[{"embeddable":true,"href":"https:\/\/www.mpppst.gob.ve\/mpppstweb\/index.php\/wp-json\/wp\/v2\/media\/4780"}],"wp:attachment":[{"href":"https:\/\/www.mpppst.gob.ve\/mpppstweb\/index.php\/wp-json\/wp\/v2\/media?parent=4779"}],"wp:term":[{"taxonomy":"category","embeddable":true,"href":"https:\/\/www.mpppst.gob.ve\/mpppstweb\/index.php\/wp-json\/wp\/v2\/categories?post=4779"},{"taxonomy":"post_tag","embeddable":true,"href":"https:\/\/www.mpppst.gob.ve\/mpppstweb\/index.php\/wp-json\/wp\/v2\/tags?post=4779"}],"curies":[{"name":"wp","href":"https:\/\/api.w.org\/{rel}","templated":true}]}}