{"id":4782,"date":"2016-02-18T10:25:25","date_gmt":"2016-02-18T10:25:25","guid":{"rendered":"http:\/\/www.mpppst.gob.ve\/mpppstweb\/?p=4782"},"modified":"2016-07-01T18:24:32","modified_gmt":"2016-07-01T18:24:32","slug":"nuevas-acciones-economicas-para-proteger-empleo-y-salarios","status":"publish","type":"post","link":"https:\/\/www.mpppst.gob.ve\/mpppstweb\/index.php\/2016\/02\/18\/nuevas-acciones-economicas-para-proteger-empleo-y-salarios\/","title":{"rendered":"Nuevas acciones econ\u00f3micas para proteger empleo y salarios"},"content":{"rendered":"<p style=\"text-align: justify;\">Correo del Orinoco.- El presidente de la Rep\u00fablica, Nicol\u00e1s Maduro, vino \u201cpor la goma\u201d y decret\u00f3 nuevos precios para el d\u00f3lar y la gasolina, aparte de un aumento de sueldos, anuncios hechos durante una reuni\u00f3n del Gabinete Ejecutivo por la Agenda Bolivariana en el Palacio de Miraflores en Caracas. Respecto al tema de los sueldos decret\u00f3 un aumento de 20%, por lo que el m\u00ednimo pasar\u00e1 de 8.649 bol\u00edvares a 11.578. El bono de alimentaci\u00f3n pasar\u00e1 de 1,5 a 2,5%, lo que implica que subir\u00e1 de 6.750 a 13.265 bol\u00edvares. Con la suma de ambos factores el ingreso integral m\u00ednimo para las trabajadoras y los trabajadores pasa de 16.399 a 24.853 bol\u00edvares. El incremento salarial incluye tambi\u00e9n a las pensionadas y a los pensionados y estar\u00e1 vigente desde el 1 de marzo. Respecto al nuevo sistema de divisas, la banda protegida de 6,30 pasar\u00e1 a 10 bol\u00edvares por d\u00f3lar; aparte se mantiene un sistema flotante que partir\u00e1 desde los 200,7 bol\u00edvares que marca actualmente el Simadi. El nuevo valor de la divisa servir\u00e1 para proteger las \u00e1reas sociales e invertir en la producci\u00f3n de rubros clave. Estos nuevos precios regir\u00e1n desde hoy. En cuanto a los nuevos precios de la gasolina, se\u00f1al\u00f3 que ser\u00e1n de un bol\u00edvar por litro la de 91 octanos y de seis la de 95: \u201cEst\u00e1bamos pagando para llenar los tanques de gasolina. El 70% del parque automotor utiliza la gasolina de 95 y no les hace falta. Que les echen gasolina de 91. \u00bfCu\u00e1nto cuesta una cerveza, cu\u00e1nto cuesta una empanada? Cobrar la gasolina es ganar, ganar\u201d. Indic\u00f3 que \u201cla gasolina venezolana es la m\u00e1s barata del mundo. En Estados Unidos un litro de gasolina tiene valor de 0,78 y 1,5 d\u00f3lares por barril. Ha llegado la hora de que instalemos un sistema que garantice el acceso al derivado de los hidrocarburos a precios justos venezolanos pero que garanticen el pago de lo que se invierte para producir esa gasolina e inclusive el funcionamiento sano de Petr\u00f3leos de Venezuela (Pdvsa)\u201d. Agreg\u00f3 que 30% de los nuevos recursos que generar\u00e1n los nuevos precios de la gasolina, que se har\u00e1n efectivos desde ma\u00f1ana, se destinar\u00e1n a fortalecer la Misi\u00f3n Transporte. Estos precios estar\u00e1n bajo observaci\u00f3n y no se descarta una nueva disminuci\u00f3n del subsidio al combustible.<\/p>\n<p style=\"text-align: justify;\">\u00a0<strong>VARIOS CAMINOS<\/strong><\/p>\n<p style=\"text-align: justify;\">\u00a0Aparte de estos puntos el Jefe del Estado se\u00f1al\u00f3 otras estrategias econ\u00f3micas. Entre los objetivos de acci\u00f3n fijados por el Motor Agroalimentario, \u201cest\u00e1 el incrementar la producci\u00f3n de diferentes productos en los campos de la ciudad. Tenemos que ir hacia el incremento en la producci\u00f3n de yuca, ma\u00edz, la leche, la carne; todo. Todos los servicios y bienes\u201d, Record\u00f3 que este mes \u201cse activar\u00e1 el Plan productivo de los 100 d\u00edas, que motivar\u00e1 la siembra de productos en los hogares venezolanos, en la zona urbana. Que se prendan un mill\u00f3n de motores productivos en todas las universidades, en todos los colegios, en todas las f\u00e1bricas\u201d. Otra l\u00ednea de trabajo est\u00e1 orientada a promover los nuevos sistemas del motor distributivo, comercializador y fijador de precios, \u201cpara proteger los derechos e ingresos de las familias venezolanas. Indic\u00f3 que era necesario renovar el sistema distributivo que se encuentra afectado por el c\u00e1ncer del caos y de la guerra econ\u00f3mica\u201d, orquestada por sectores de la derecha nacional e internacional\u201d. En materia de salud inform\u00f3 que el Motor Farmac\u00e9utico sostendr\u00e1 un encuentro para concretar acciones que permitan aumentar la producci\u00f3n y distribuci\u00f3n de f\u00e1rmacos en el pa\u00eds: \u201cSe deben aprovechar las alianzas que sostiene Venezuela en materia de salud con pa\u00edses como Brasil, Nicaragua y Cuba para aumentar la producci\u00f3n de f\u00e1rmacos en las plantas del pa\u00eds y para garantizar la llegada y distribuci\u00f3n de medicinas a nivel nacional. Hay que producir aqu\u00ed y combinar las alianzas con India, Brasil, Cuba, Nicaragua, China, Ir\u00e1n. Las alianzas con nuestros hermanos del mundo\u201d. El Presidente afirm\u00f3 que el turismo es clave para lograr el ingreso de divisas, por lo que invit\u00f3 a inversionistas internacionales de Europa, Asia y Am\u00e9rica a participar en el desarrollo del sector turismo en Venezuela.<\/p>\n<p style=\"text-align: justify;\"><strong>\u00a0<\/strong><strong>REESTRUCTURAR MISI\u00d3N ALIMENTACI\u00d3N<\/strong><\/p>\n<p style=\"text-align: justify;\"><strong>\u00a0<\/strong>\u00a0\u201cHay que cambiarlo todo, camaradas. Todos los procesos distributivos, p\u00fablicos y privados. Todos hay que cambiarlos\u201d, fueron las palabras tajantes en cuanto a este tema, como acci\u00f3n para combatir flagelos como la corrupci\u00f3n y el amiguismo. El Jefe del Estado llam\u00f3 a su Gabinete Ejecutivo a atacar los problemas detectados para activar la capacidad productiva del pa\u00eds: \u201cHay que ir articulando cada vez con mayor precisi\u00f3n, con mayor fuerza\u201d. De ah\u00ed que anunci\u00f3 la reestructuraci\u00f3n total de la Misi\u00f3n Alimentaci\u00f3n y de todos sus componentes, que actuar\u00e1 sobre tres corporaciones clave: PDMercal, Casa y Ceval para transformarlas en una gran corporaci\u00f3n. El plan incluye, adem\u00e1s, la activaci\u00f3n de un nuevo modelo de gerencia y producci\u00f3n m\u00e1s simple, que permita unificar la capacidad productiva y log\u00edstica de estas tres corporaciones, que pasar\u00e1n a trabajar como una sola. Llam\u00f3 a los Consejos Populares de Gobierno a participar activamente en este proceso. La Red de Abastos Bicentenario tambi\u00e9n ser\u00e1 reestructurada para convertirla en un centro de distribuci\u00f3n eficiente. Se\u00f1al\u00f3 el Presidente que la corrupci\u00f3n hab\u00eda podrido esos centros. Destac\u00f3 que es necesario garantizar que los alimentos cosechados por las manos del pueblo se puedan expender de forma directa en estos establecimientos ubicados en toda la naci\u00f3n: \u201cNo es la empresa privada, sino la Misi\u00f3n Alimentaci\u00f3n la que ir\u00e1 ordenando y reordenando nuevos metabolismos\u201d. Tambi\u00e9n anunci\u00f3 la organizaci\u00f3n del sistema de bodegueros de todo el pa\u00eds para fortalecer la distribuci\u00f3n de alimentos en las comunidades y en los mercados comunales. Indic\u00f3 que en el pa\u00eds existen casi 12 mil bodegueras y bodegueros quienes se encargan de \u201cllevarle a la comunidad directa los productos alimentarios. Tenemos que orientar toda la fuerza que tenemos de esos 12 mil sistemas y rutas hacia todos los mercados comunales, que sean sustentables, tengan el car\u00e1cter productivo y rindan el servicio al pueblo\u201d.<\/p>\n<p style=\"text-align: justify;\">\u00a0<strong>CAMPA\u00d1A ADMIRABLE<\/strong><\/p>\n<p style=\"text-align: justify;\">\u00a0Por otra parte, Maduro se\u00f1al\u00f3 que la ca\u00edda de los precios del petr\u00f3leo ha sido un fen\u00f3meno sostenido desde hace m\u00e1s de cuatro a\u00f1os, lo cual ha ocasionado que los recursos percibidos por la renta petrolera hayan bajado de los 34.367 millones de d\u00f3lares obtenidos en 2011 a los 12.567 millones de d\u00f3lares registrados en 2015: \u201cHa sido una ca\u00edda estrepitosa del ingreso nacional en un pa\u00eds eminentemente rentista\u201d. Agreg\u00f3 que el ingreso de divisas por concepto de venta petrolera en enero de 2016 fue de 77 millones de d\u00f3lares, mientras que en el mismo mes de 2010 se ubicaba en 3.317 millones, lo que equivale a una ca\u00edda superior a 4.300%. Ante esta crisis de precios petroleros \u201clos tributos internos aportaron 90% de los ingresos de la naci\u00f3n en el 2015. Son tributos internos para mantener educaci\u00f3n, obras p\u00fablicas, viviendas, salarios, empleos, pensiones\u201d, afirm\u00f3. Destac\u00f3 que gracias a la reforma tributaria implementada en diciembre de 2015 por la v\u00eda Habilitante, \u201ceste a\u00f1o ingresar\u00e1n a la naci\u00f3n recaudaciones por un monto de 400 mil millones de bol\u00edvares, que permitir\u00e1n sostener las inversiones sociales, de infraestructura y obras p\u00fablicas. En la inversi\u00f3n p\u00fablica y de gasto p\u00fablico\u201d se incluyen \u201ctributos de riqueza externa y petr\u00f3leo. S\u00ed se puede, liberarnos de la renta petrolera, y vamos a poder. Solo nosotros podemos echar adelante al pa\u00eds\u201d. Inform\u00f3 que se avanzar\u00e1 en la implementaci\u00f3n de un nuevo sistema tributario, que se enfocar\u00e1 en derrotar la evasi\u00f3n y el fraude fiscal a trav\u00e9s de un modelo de facturaci\u00f3n electr\u00f3nica. Record\u00f3 que el acuerdo de mantener congelados los niveles actuales de producci\u00f3n de petr\u00f3leo por parte de Venezuela, Arabia Saudita, Catar y Rusia ya comienza a dar avances fruct\u00edferos para recuperar el mercado del crudo: \u201cHa empezado a fructificar un acuerdo para la recuperaci\u00f3n del mercado petrolero\u201d.<\/p>\n<p style=\"text-align: justify;\">\u00a0<strong>CRIOLLA, CRIOLLITA<\/strong><\/p>\n<p style=\"text-align: justify;\">\u00a0El Jefe del Estado llam\u00f3 a todas las fuerzas pol\u00edticas y sociales del pa\u00eds a orientar su trabajo para impulsar el desarrollo de la Agenda Econ\u00f3mica Bolivariana, conformada por 14 motores de acci\u00f3n para fortalecer el aparato productivo: \u201cUna agenda econ\u00f3mica bolivariana, criolla, criollita, hecha con el esp\u00edritu de Bol\u00edvar, del pensamiento del presidente Ch\u00e1vez, de un proceso de consulta nacional\u201d. Resalt\u00f3 el Mandatario que \u201cla patria bolivariana camina con un proyecto humanista, amoroso, basado en las ideas del Libertador Sim\u00f3n Bol\u00edvar y la fuerza del comandante Hugo Ch\u00e1vez: el plan de la patria. Nosotros s\u00ed tenemos un proyecto de patria y pa\u00eds, y las circunstancias las navegamos con un proyecto claro que debemos defender y apoyar\u201d. El enemigo \u201ca vencer por el pueblo venezolano es la guerra econ\u00f3mica, instaurada por sectores de derecha y agentes internacionales que han debilitado la econom\u00eda nacional desde el a\u00f1o 2013. El sistema de guerra econ\u00f3mica instalado es el enemigo a vencer. Es un mecanismo que se instaur\u00f3 desde el exterior para atacar la moneda y que cre\u00f3 un sistema de fijaci\u00f3n de la moneda en relaci\u00f3n con el d\u00f3lar ficticio que le ha hecho un gran da\u00f1o a Venezuela desde el a\u00f1o 2013, 2014 y 2015\u201d, reflexion\u00f3 Maduro.<\/p>\n<p style=\"text-align: justify;\"><strong>\u00a0<\/strong><strong>ECONOM\u00cdA SANA<\/strong><\/p>\n<p style=\"text-align: justify;\"><strong>\u00a0<\/strong>El Presidente resalt\u00f3 que el esfuerzo central de la Agenda Bolivariana se orienta en la construcci\u00f3n de una econom\u00eda sana, con m\u00e9todos certeros en cuenta a producci\u00f3n, comercializaci\u00f3n, distribuci\u00f3n y fijaci\u00f3n de precios. Indic\u00f3 que se fortalecer\u00e1 el Consejo Nacional de Econom\u00eda Productiva \u201cpara ampliar sus acciones como punto de di\u00e1logo, convocatoria y debate entre todos los sectores del pa\u00eds. Desde el pasado el 17 de enero este organismo realiza intensas sesiones de trabajo para evaluar la situaci\u00f3n actual del pa\u00eds y establecer propuestas para impulsar el nuevo modelo productivo\u201d. Destac\u00f3 la convicci\u00f3n y voluntad del pueblo venezolano \u201cpara enfrentar las acciones de guerra econ\u00f3mica que ha perpetrado la derecha desde hace dos a\u00f1os con el prop\u00f3sito de socavar su temple y fortaleza. Las situaciones duras, complejas y dif\u00edciles no podr\u00e1n quebrantar el car\u00e1cter de un pueblo que est\u00e1 decidido a luchar, a vencer, a avanzar por encima de cualquier obst\u00e1culo\u201d.<\/p>\n<p style=\"text-align: justify;\">\n<p style=\"text-align: justify;\">\n","protected":false},"excerpt":{"rendered":"<p>Respecto al tema de los sueldos decret\u00f3 un aumento de 20%, por lo que el m\u00ednimo pasar\u00e1 de 8.649 bol\u00edvares a 11.578<\/p>\n","protected":false},"author":25,"featured_media":4783,"comment_status":"closed","ping_status":"closed","sticky":false,"template":"","format":"standard","meta":{"footnotes":""},"categories":[82],"tags":[],"yoast_head":"<!-- This site is optimized with the Yoast SEO plugin v22.5 - https:\/\/yoast.com\/wordpress\/plugins\/seo\/ -->\n<title>Nuevas acciones econ\u00f3micas para proteger empleo y salarios - MPPPST<\/title>\n<meta name=\"robots\" content=\"index, follow, max-snippet:-1, max-image-preview:large, max-video-preview:-1\" \/>\n<link rel=\"canonical\" href=\"https:\/\/www.mpppst.gob.ve\/mpppstweb\/index.php\/2016\/02\/18\/nuevas-acciones-economicas-para-proteger-empleo-y-salarios\/\" \/>\n<meta property=\"og:locale\" content=\"es_ES\" \/>\n<meta property=\"og:type\" content=\"article\" \/>\n<meta property=\"og:title\" content=\"Nuevas acciones econ\u00f3micas para proteger empleo y salarios - MPPPST\" \/>\n<meta property=\"og:description\" content=\"Respecto al tema de los sueldos decret\u00f3 un aumento de 20%, por lo que el m\u00ednimo pasar\u00e1 de 8.649 bol\u00edvares a 11.578\" \/>\n<meta property=\"og:url\" content=\"https:\/\/www.mpppst.gob.ve\/mpppstweb\/index.php\/2016\/02\/18\/nuevas-acciones-economicas-para-proteger-empleo-y-salarios\/\" \/>\n<meta property=\"og:site_name\" content=\"MPPPST\" \/>\n<meta property=\"article:published_time\" content=\"2016-02-18T10:25:25+00:00\" \/>\n<meta property=\"article:modified_time\" content=\"2016-07-01T18:24:32+00:00\" \/>\n<meta name=\"author\" content=\"MPPPST Prensa\" \/>\n<meta name=\"twitter:card\" content=\"summary_large_image\" \/>\n<meta name=\"twitter:label1\" content=\"Escrito por\" \/>\n\t<meta name=\"twitter:data1\" content=\"MPPPST Prensa\" \/>\n\t<meta name=\"twitter:label2\" content=\"Tiempo de lectura\" \/>\n\t<meta name=\"twitter:data2\" content=\"9 minutos\" \/>\n<script type=\"application\/ld+json\" class=\"yoast-schema-graph\">{\"@context\":\"https:\/\/schema.org\",\"@graph\":[{\"@type\":\"Article\",\"@id\":\"https:\/\/www.mpppst.gob.ve\/mpppstweb\/index.php\/2016\/02\/18\/nuevas-acciones-economicas-para-proteger-empleo-y-salarios\/#article\",\"isPartOf\":{\"@id\":\"https:\/\/www.mpppst.gob.ve\/mpppstweb\/index.php\/2016\/02\/18\/nuevas-acciones-economicas-para-proteger-empleo-y-salarios\/\"},\"author\":{\"name\":\"MPPPST Prensa\",\"@id\":\"https:\/\/www.mpppst.gob.ve\/mpppstweb\/#\/schema\/person\/fc187ee8ead412bd4c9304b62f900ea4\"},\"headline\":\"Nuevas acciones econ\u00f3micas para proteger empleo y salarios\",\"datePublished\":\"2016-02-18T10:25:25+00:00\",\"dateModified\":\"2016-07-01T18:24:32+00:00\",\"mainEntityOfPage\":{\"@id\":\"https:\/\/www.mpppst.gob.ve\/mpppstweb\/index.php\/2016\/02\/18\/nuevas-acciones-economicas-para-proteger-empleo-y-salarios\/\"},\"wordCount\":1776,\"publisher\":{\"@id\":\"https:\/\/www.mpppst.gob.ve\/mpppstweb\/#organization\"},\"image\":{\"@id\":\"https:\/\/www.mpppst.gob.ve\/mpppstweb\/index.php\/2016\/02\/18\/nuevas-acciones-economicas-para-proteger-empleo-y-salarios\/#primaryimage\"},\"thumbnailUrl\":\"\",\"articleSection\":[\"Gobierno Nacional\"],\"inLanguage\":\"es\"},{\"@type\":\"WebPage\",\"@id\":\"https:\/\/www.mpppst.gob.ve\/mpppstweb\/index.php\/2016\/02\/18\/nuevas-acciones-economicas-para-proteger-empleo-y-salarios\/\",\"url\":\"https:\/\/www.mpppst.gob.ve\/mpppstweb\/index.php\/2016\/02\/18\/nuevas-acciones-economicas-para-proteger-empleo-y-salarios\/\",\"name\":\"Nuevas acciones econ\u00f3micas para proteger empleo y salarios - MPPPST\",\"isPartOf\":{\"@id\":\"https:\/\/www.mpppst.gob.ve\/mpppstweb\/#website\"},\"primaryImageOfPage\":{\"@id\":\"https:\/\/www.mpppst.gob.ve\/mpppstweb\/index.php\/2016\/02\/18\/nuevas-acciones-economicas-para-proteger-empleo-y-salarios\/#primaryimage\"},\"image\":{\"@id\":\"https:\/\/www.mpppst.gob.ve\/mpppstweb\/index.php\/2016\/02\/18\/nuevas-acciones-economicas-para-proteger-empleo-y-salarios\/#primaryimage\"},\"thumbnailUrl\":\"\",\"datePublished\":\"2016-02-18T10:25:25+00:00\",\"dateModified\":\"2016-07-01T18:24:32+00:00\",\"breadcrumb\":{\"@id\":\"https:\/\/www.mpppst.gob.ve\/mpppstweb\/index.php\/2016\/02\/18\/nuevas-acciones-economicas-para-proteger-empleo-y-salarios\/#breadcrumb\"},\"inLanguage\":\"es\",\"potentialAction\":[{\"@type\":\"ReadAction\",\"target\":[\"https:\/\/www.mpppst.gob.ve\/mpppstweb\/index.php\/2016\/02\/18\/nuevas-acciones-economicas-para-proteger-empleo-y-salarios\/\"]}]},{\"@type\":\"ImageObject\",\"inLanguage\":\"es\",\"@id\":\"https:\/\/www.mpppst.gob.ve\/mpppstweb\/index.php\/2016\/02\/18\/nuevas-acciones-economicas-para-proteger-empleo-y-salarios\/#primaryimage\",\"url\":\"\",\"contentUrl\":\"\"},{\"@type\":\"BreadcrumbList\",\"@id\":\"https:\/\/www.mpppst.gob.ve\/mpppstweb\/index.php\/2016\/02\/18\/nuevas-acciones-economicas-para-proteger-empleo-y-salarios\/#breadcrumb\",\"itemListElement\":[{\"@type\":\"ListItem\",\"position\":1,\"name\":\"Home\",\"item\":\"https:\/\/www.mpppst.gob.ve\/mpppstweb\/\"},{\"@type\":\"ListItem\",\"position\":2,\"name\":\"Nuevas acciones econ\u00f3micas para proteger empleo y salarios\"}]},{\"@type\":\"WebSite\",\"@id\":\"https:\/\/www.mpppst.gob.ve\/mpppstweb\/#website\",\"url\":\"https:\/\/www.mpppst.gob.ve\/mpppstweb\/\",\"name\":\"MPPPST\",\"description\":\"Ministerio del Poder Popular para el Proceso Social de Trabajo\",\"publisher\":{\"@id\":\"https:\/\/www.mpppst.gob.ve\/mpppstweb\/#organization\"},\"potentialAction\":[{\"@type\":\"SearchAction\",\"target\":{\"@type\":\"EntryPoint\",\"urlTemplate\":\"https:\/\/www.mpppst.gob.ve\/mpppstweb\/?s={search_term_string}\"},\"query-input\":\"required name=search_term_string\"}],\"inLanguage\":\"es\"},{\"@type\":\"Organization\",\"@id\":\"https:\/\/www.mpppst.gob.ve\/mpppstweb\/#organization\",\"name\":\"mpppst\",\"url\":\"https:\/\/www.mpppst.gob.ve\/mpppstweb\/\",\"logo\":{\"@type\":\"ImageObject\",\"inLanguage\":\"es\",\"@id\":\"https:\/\/www.mpppst.gob.ve\/mpppstweb\/#\/schema\/logo\/image\/\",\"url\":\"https:\/\/www.mpppst.gob.ve\/mpppstweb\/wp-content\/uploads\/2025\/07\/cropped-cropped-g910.png\",\"contentUrl\":\"https:\/\/www.mpppst.gob.ve\/mpppstweb\/wp-content\/uploads\/2025\/07\/cropped-cropped-g910.png\",\"width\":1080,\"height\":241,\"caption\":\"mpppst\"},\"image\":{\"@id\":\"https:\/\/www.mpppst.gob.ve\/mpppstweb\/#\/schema\/logo\/image\/\"}},{\"@type\":\"Person\",\"@id\":\"https:\/\/www.mpppst.gob.ve\/mpppstweb\/#\/schema\/person\/fc187ee8ead412bd4c9304b62f900ea4\",\"name\":\"MPPPST Prensa\",\"url\":\"https:\/\/www.mpppst.gob.ve\/mpppstweb\/index.php\/author\/prensa-mpppst\/\"}]}<\/script>\n<!-- \/ Yoast SEO plugin. -->","yoast_head_json":{"title":"Nuevas acciones econ\u00f3micas para proteger empleo y salarios - MPPPST","robots":{"index":"index","follow":"follow","max-snippet":"max-snippet:-1","max-image-preview":"max-image-preview:large","max-video-preview":"max-video-preview:-1"},"canonical":"https:\/\/www.mpppst.gob.ve\/mpppstweb\/index.php\/2016\/02\/18\/nuevas-acciones-economicas-para-proteger-empleo-y-salarios\/","og_locale":"es_ES","og_type":"article","og_title":"Nuevas acciones econ\u00f3micas para proteger empleo y salarios - MPPPST","og_description":"Respecto al tema de los sueldos decret\u00f3 un aumento de 20%, por lo que el m\u00ednimo pasar\u00e1 de 8.649 bol\u00edvares a 11.578","og_url":"https:\/\/www.mpppst.gob.ve\/mpppstweb\/index.php\/2016\/02\/18\/nuevas-acciones-economicas-para-proteger-empleo-y-salarios\/","og_site_name":"MPPPST","article_published_time":"2016-02-18T10:25:25+00:00","article_modified_time":"2016-07-01T18:24:32+00:00","author":"MPPPST Prensa","twitter_card":"summary_large_image","twitter_misc":{"Escrito por":"MPPPST Prensa","Tiempo de lectura":"9 minutos"},"schema":{"@context":"https:\/\/schema.org","@graph":[{"@type":"Article","@id":"https:\/\/www.mpppst.gob.ve\/mpppstweb\/index.php\/2016\/02\/18\/nuevas-acciones-economicas-para-proteger-empleo-y-salarios\/#article","isPartOf":{"@id":"https:\/\/www.mpppst.gob.ve\/mpppstweb\/index.php\/2016\/02\/18\/nuevas-acciones-economicas-para-proteger-empleo-y-salarios\/"},"author":{"name":"MPPPST Prensa","@id":"https:\/\/www.mpppst.gob.ve\/mpppstweb\/#\/schema\/person\/fc187ee8ead412bd4c9304b62f900ea4"},"headline":"Nuevas acciones econ\u00f3micas para proteger empleo y salarios","datePublished":"2016-02-18T10:25:25+00:00","dateModified":"2016-07-01T18:24:32+00:00","mainEntityOfPage":{"@id":"https:\/\/www.mpppst.gob.ve\/mpppstweb\/index.php\/2016\/02\/18\/nuevas-acciones-economicas-para-proteger-empleo-y-salarios\/"},"wordCount":1776,"publisher":{"@id":"https:\/\/www.mpppst.gob.ve\/mpppstweb\/#organization"},"image":{"@id":"https:\/\/www.mpppst.gob.ve\/mpppstweb\/index.php\/2016\/02\/18\/nuevas-acciones-economicas-para-proteger-empleo-y-salarios\/#primaryimage"},"thumbnailUrl":"","articleSection":["Gobierno Nacional"],"inLanguage":"es"},{"@type":"WebPage","@id":"https:\/\/www.mpppst.gob.ve\/mpppstweb\/index.php\/2016\/02\/18\/nuevas-acciones-economicas-para-proteger-empleo-y-salarios\/","url":"https:\/\/www.mpppst.gob.ve\/mpppstweb\/index.php\/2016\/02\/18\/nuevas-acciones-economicas-para-proteger-empleo-y-salarios\/","name":"Nuevas acciones econ\u00f3micas para proteger empleo y salarios - MPPPST","isPartOf":{"@id":"https:\/\/www.mpppst.gob.ve\/mpppstweb\/#website"},"primaryImageOfPage":{"@id":"https:\/\/www.mpppst.gob.ve\/mpppstweb\/index.php\/2016\/02\/18\/nuevas-acciones-economicas-para-proteger-empleo-y-salarios\/#primaryimage"},"image":{"@id":"https:\/\/www.mpppst.gob.ve\/mpppstweb\/index.php\/2016\/02\/18\/nuevas-acciones-economicas-para-proteger-empleo-y-salarios\/#primaryimage"},"thumbnailUrl":"","datePublished":"2016-02-18T10:25:25+00:00","dateModified":"2016-07-01T18:24:32+00:00","breadcrumb":{"@id":"https:\/\/www.mpppst.gob.ve\/mpppstweb\/index.php\/2016\/02\/18\/nuevas-acciones-economicas-para-proteger-empleo-y-salarios\/#breadcrumb"},"inLanguage":"es","potentialAction":[{"@type":"ReadAction","target":["https:\/\/www.mpppst.gob.ve\/mpppstweb\/index.php\/2016\/02\/18\/nuevas-acciones-economicas-para-proteger-empleo-y-salarios\/"]}]},{"@type":"ImageObject","inLanguage":"es","@id":"https:\/\/www.mpppst.gob.ve\/mpppstweb\/index.php\/2016\/02\/18\/nuevas-acciones-economicas-para-proteger-empleo-y-salarios\/#primaryimage","url":"","contentUrl":""},{"@type":"BreadcrumbList","@id":"https:\/\/www.mpppst.gob.ve\/mpppstweb\/index.php\/2016\/02\/18\/nuevas-acciones-economicas-para-proteger-empleo-y-salarios\/#breadcrumb","itemListElement":[{"@type":"ListItem","position":1,"name":"Home","item":"https:\/\/www.mpppst.gob.ve\/mpppstweb\/"},{"@type":"ListItem","position":2,"name":"Nuevas acciones econ\u00f3micas para proteger empleo y salarios"}]},{"@type":"WebSite","@id":"https:\/\/www.mpppst.gob.ve\/mpppstweb\/#website","url":"https:\/\/www.mpppst.gob.ve\/mpppstweb\/","name":"MPPPST","description":"Ministerio del Poder Popular para el Proceso Social de Trabajo","publisher":{"@id":"https:\/\/www.mpppst.gob.ve\/mpppstweb\/#organization"},"potentialAction":[{"@type":"SearchAction","target":{"@type":"EntryPoint","urlTemplate":"https:\/\/www.mpppst.gob.ve\/mpppstweb\/?s={search_term_string}"},"query-input":"required name=search_term_string"}],"inLanguage":"es"},{"@type":"Organization","@id":"https:\/\/www.mpppst.gob.ve\/mpppstweb\/#organization","name":"mpppst","url":"https:\/\/www.mpppst.gob.ve\/mpppstweb\/","logo":{"@type":"ImageObject","inLanguage":"es","@id":"https:\/\/www.mpppst.gob.ve\/mpppstweb\/#\/schema\/logo\/image\/","url":"https:\/\/www.mpppst.gob.ve\/mpppstweb\/wp-content\/uploads\/2025\/07\/cropped-cropped-g910.png","contentUrl":"https:\/\/www.mpppst.gob.ve\/mpppstweb\/wp-content\/uploads\/2025\/07\/cropped-cropped-g910.png","width":1080,"height":241,"caption":"mpppst"},"image":{"@id":"https:\/\/www.mpppst.gob.ve\/mpppstweb\/#\/schema\/logo\/image\/"}},{"@type":"Person","@id":"https:\/\/www.mpppst.gob.ve\/mpppstweb\/#\/schema\/person\/fc187ee8ead412bd4c9304b62f900ea4","name":"MPPPST Prensa","url":"https:\/\/www.mpppst.gob.ve\/mpppstweb\/index.php\/author\/prensa-mpppst\/"}]}},"_links":{"self":[{"href":"https:\/\/www.mpppst.gob.ve\/mpppstweb\/index.php\/wp-json\/wp\/v2\/posts\/4782"}],"collection":[{"href":"https:\/\/www.mpppst.gob.ve\/mpppstweb\/index.php\/wp-json\/wp\/v2\/posts"}],"about":[{"href":"https:\/\/www.mpppst.gob.ve\/mpppstweb\/index.php\/wp-json\/wp\/v2\/types\/post"}],"author":[{"embeddable":true,"href":"https:\/\/www.mpppst.gob.ve\/mpppstweb\/index.php\/wp-json\/wp\/v2\/users\/25"}],"replies":[{"embeddable":true,"href":"https:\/\/www.mpppst.gob.ve\/mpppstweb\/index.php\/wp-json\/wp\/v2\/comments?post=4782"}],"version-history":[{"count":1,"href":"https:\/\/www.mpppst.gob.ve\/mpppstweb\/index.php\/wp-json\/wp\/v2\/posts\/4782\/revisions"}],"predecessor-version":[{"id":7029,"href":"https:\/\/www.mpppst.gob.ve\/mpppstweb\/index.php\/wp-json\/wp\/v2\/posts\/4782\/revisions\/7029"}],"wp:featuredmedia":[{"embeddable":true,"href":"https:\/\/www.mpppst.gob.ve\/mpppstweb\/index.php\/wp-json\/"}],"wp:attachment":[{"href":"https:\/\/www.mpppst.gob.ve\/mpppstweb\/index.php\/wp-json\/wp\/v2\/media?parent=4782"}],"wp:term":[{"taxonomy":"category","embeddable":true,"href":"https:\/\/www.mpppst.gob.ve\/mpppstweb\/index.php\/wp-json\/wp\/v2\/categories?post=4782"},{"taxonomy":"post_tag","embeddable":true,"href":"https:\/\/www.mpppst.gob.ve\/mpppstweb\/index.php\/wp-json\/wp\/v2\/tags?post=4782"}],"curies":[{"name":"wp","href":"https:\/\/api.w.org\/{rel}","templated":true}]}}