{"id":4795,"date":"2016-02-19T14:43:13","date_gmt":"2016-02-19T14:43:13","guid":{"rendered":"http:\/\/www.mpppst.gob.ve\/mpppstweb\/?p=4795"},"modified":"2016-07-01T18:25:15","modified_gmt":"2016-07-01T18:25:15","slug":"clase-trabajadora-respaldo-incremento-salarial-anunciado-por-el-presidente-nicolas-maduro","status":"publish","type":"post","link":"https:\/\/www.mpppst.gob.ve\/mpppstweb\/index.php\/2016\/02\/19\/clase-trabajadora-respaldo-incremento-salarial-anunciado-por-el-presidente-nicolas-maduro\/","title":{"rendered":"Clase trabajadora respald\u00f3 incremento salarial anunciado por el presidente Nicol\u00e1s Maduro"},"content":{"rendered":"<p style=\"text-align: justify;\">Correo del Orinoco.- El aumento salarial decretado por el presidente Nicol\u00e1s Maduro sostendr\u00e1 el poder adquisitivo de la clase trabajadora para contrarrestar la especulaci\u00f3n, sostuvo Franklin Rond\u00f3n, vicepresidente de la Central Bolivariana Socialista de Trabajadores (CBST) \u201cEn momentos de dificultades econ\u00f3micos por la baja de los precios del petr\u00f3leo, hay un Gobierno que est\u00e1 asumiendo su compromiso con la clase trabajadora, los ind\u00edgenas y los excluidos\u201d, agreg\u00f3 el tambi\u00e9n presidente de la Federaci\u00f3n Nacional de Trabajadores del Sector P\u00fablico (Fentrasep), en referencia a los anuncios econ\u00f3micos del Primer Mandatario. El Presidente decret\u00f3 un aumento del salario m\u00ednimo de 20%, para ubicarse en 11.578 bol\u00edvares a partir del 1 de marzo. Adem\u00e1s elev\u00f3 el ticket de alimentaci\u00f3n a 13.275 bol\u00edvares, lo que significa que el ingreso legal de los trabajadores se ubica en el orden de los 24.853 bol\u00edvares mensuales, indic\u00f3 Rond\u00f3n. Destac\u00f3 el esfuerzo del Ejecutivo Nacional en la discusi\u00f3n de las convenciones colectivas de los sectores p\u00fablico, el\u00e9ctrico, construcci\u00f3n, petrolero y educativo, algunas de las cuales ya han sido aprobadas y esperan por su homologaci\u00f3n. \u201cLe damos un respaldo absoluto a los anuncios del presidente Nicol\u00e1s Maduro\u201d, apunt\u00f3.<\/p>\n<p style=\"text-align: justify;\">PARA LA DERECHA<\/p>\n<p style=\"text-align: justify;\">A pesar de la guerra que hace la derecha venezolana para buscar desestabilizaci\u00f3n, el Gobierno est\u00e1 haciendo esfuerzos por darle respuestas a los problemas inmediatos del pa\u00eds. \u201cAqu\u00ed hay dos modelos que se est\u00e1n discutiendo, el del capitalismo y el del socialismo que representa los intereses populares y de la clase trabajadora\u201d, recalc\u00f3 el dirigente. Ante las amenazas de la burgues\u00eda llam\u00f3 a la unidad revolucionaria, elevar la producci\u00f3n y respaldar las acciones del Primer Mandatario. \u201cLa clase trabajadora est\u00e1 decidida a hacer frente a estas amenazas de la derecha en defensa de la Revoluci\u00f3n\u201d, remarc\u00f3 Rond\u00f3n.<\/p>\n<p style=\"text-align: justify;\">PARTICIPACI\u00d3N POPULAR<\/p>\n<p style=\"text-align: justify;\">Rond\u00f3n se mostr\u00f3 partidario de la reestructuraci\u00f3n de la Misi\u00f3n Alimentaci\u00f3n anunciada por el presidente de la Rep\u00fablica y pidi\u00f3 que se incorpore a los Consejos Comunales en los centros de distribuci\u00f3n. Con respecto a la reducci\u00f3n del subsidio a la gasolina, Rond\u00f3n indic\u00f3 que sigue siendo una de las m\u00e1s baratas del mundo, por lo que consider\u00f3 que no hay raz\u00f3n para que los sectores de la oligarqu\u00eda y del sector empresarial tengan que aumentar los precios. Hizo un llamado a estos sectores del pa\u00eds a asumir una posici\u00f3n de reflexi\u00f3n y ponderaci\u00f3n. \u201cEse ajuste de la gasolina es una recaudaci\u00f3n de dinero que va a significar mayores beneficios para el pueblo, mayores becas para estudio, mayor infraestructura en salud, en educaci\u00f3n, jubilaciones y pensiones para nuestros viejitos\u201d. Adem\u00e1s respald\u00f3 la iniciativa gubernamental del Sistema Centralizado y Estandarizado de las Compras P\u00fablicas porque significar\u00e1 un importante ahorro del presupuesto y se estimular\u00e1 la producci\u00f3n del pa\u00eds.<\/p>\n","protected":false},"excerpt":{"rendered":"<p>El aumento salarial decretado por el presidente Nicol\u00e1s Maduro sostendr\u00e1 el poder adquisitivo de la clase trabajadora para contrarrestar la especulaci\u00f3n<\/p>\n","protected":false},"author":25,"featured_media":4796,"comment_status":"closed","ping_status":"closed","sticky":false,"template":"","format":"standard","meta":{"footnotes":""},"categories":[82],"tags":[],"yoast_head":"<!-- This site is optimized with the Yoast SEO plugin v22.5 - https:\/\/yoast.com\/wordpress\/plugins\/seo\/ -->\n<title>Clase trabajadora respald\u00f3 incremento salarial anunciado por el presidente Nicol\u00e1s Maduro - MPPPST<\/title>\n<meta name=\"robots\" content=\"index, follow, max-snippet:-1, max-image-preview:large, max-video-preview:-1\" \/>\n<link rel=\"canonical\" href=\"https:\/\/www.mpppst.gob.ve\/mpppstweb\/index.php\/2016\/02\/19\/clase-trabajadora-respaldo-incremento-salarial-anunciado-por-el-presidente-nicolas-maduro\/\" \/>\n<meta property=\"og:locale\" content=\"es_ES\" \/>\n<meta property=\"og:type\" content=\"article\" \/>\n<meta property=\"og:title\" content=\"Clase trabajadora respald\u00f3 incremento salarial anunciado por el presidente Nicol\u00e1s Maduro - MPPPST\" \/>\n<meta property=\"og:description\" content=\"El aumento salarial decretado por el presidente Nicol\u00e1s Maduro sostendr\u00e1 el poder adquisitivo de la clase trabajadora para contrarrestar la especulaci\u00f3n\" \/>\n<meta property=\"og:url\" content=\"https:\/\/www.mpppst.gob.ve\/mpppstweb\/index.php\/2016\/02\/19\/clase-trabajadora-respaldo-incremento-salarial-anunciado-por-el-presidente-nicolas-maduro\/\" \/>\n<meta property=\"og:site_name\" content=\"MPPPST\" \/>\n<meta property=\"article:published_time\" content=\"2016-02-19T14:43:13+00:00\" \/>\n<meta property=\"article:modified_time\" content=\"2016-07-01T18:25:15+00:00\" \/>\n<meta property=\"og:image\" content=\"https:\/\/www.mpppst.gob.ve\/mpppstweb\/wp-content\/uploads\/2016\/02\/Franklin-Rondon.jpg\" \/>\n\t<meta property=\"og:image:width\" content=\"448\" \/>\n\t<meta property=\"og:image:height\" content=\"248\" \/>\n\t<meta property=\"og:image:type\" content=\"image\/jpeg\" \/>\n<meta name=\"author\" content=\"MPPPST Prensa\" \/>\n<meta name=\"twitter:card\" content=\"summary_large_image\" \/>\n<meta name=\"twitter:label1\" content=\"Escrito por\" \/>\n\t<meta name=\"twitter:data1\" content=\"MPPPST Prensa\" \/>\n\t<meta name=\"twitter:label2\" content=\"Tiempo de lectura\" \/>\n\t<meta name=\"twitter:data2\" content=\"2 minutos\" \/>\n<script type=\"application\/ld+json\" class=\"yoast-schema-graph\">{\"@context\":\"https:\/\/schema.org\",\"@graph\":[{\"@type\":\"Article\",\"@id\":\"https:\/\/www.mpppst.gob.ve\/mpppstweb\/index.php\/2016\/02\/19\/clase-trabajadora-respaldo-incremento-salarial-anunciado-por-el-presidente-nicolas-maduro\/#article\",\"isPartOf\":{\"@id\":\"https:\/\/www.mpppst.gob.ve\/mpppstweb\/index.php\/2016\/02\/19\/clase-trabajadora-respaldo-incremento-salarial-anunciado-por-el-presidente-nicolas-maduro\/\"},\"author\":{\"name\":\"MPPPST Prensa\",\"@id\":\"https:\/\/www.mpppst.gob.ve\/mpppstweb\/#\/schema\/person\/fc187ee8ead412bd4c9304b62f900ea4\"},\"headline\":\"Clase trabajadora respald\u00f3 incremento salarial anunciado por el presidente Nicol\u00e1s Maduro\",\"datePublished\":\"2016-02-19T14:43:13+00:00\",\"dateModified\":\"2016-07-01T18:25:15+00:00\",\"mainEntityOfPage\":{\"@id\":\"https:\/\/www.mpppst.gob.ve\/mpppstweb\/index.php\/2016\/02\/19\/clase-trabajadora-respaldo-incremento-salarial-anunciado-por-el-presidente-nicolas-maduro\/\"},\"wordCount\":508,\"publisher\":{\"@id\":\"https:\/\/www.mpppst.gob.ve\/mpppstweb\/#organization\"},\"image\":{\"@id\":\"https:\/\/www.mpppst.gob.ve\/mpppstweb\/index.php\/2016\/02\/19\/clase-trabajadora-respaldo-incremento-salarial-anunciado-por-el-presidente-nicolas-maduro\/#primaryimage\"},\"thumbnailUrl\":\"https:\/\/www.mpppst.gob.ve\/mpppstweb\/wp-content\/uploads\/2016\/02\/Franklin-Rondon.jpg\",\"articleSection\":[\"Gobierno Nacional\"],\"inLanguage\":\"es\"},{\"@type\":\"WebPage\",\"@id\":\"https:\/\/www.mpppst.gob.ve\/mpppstweb\/index.php\/2016\/02\/19\/clase-trabajadora-respaldo-incremento-salarial-anunciado-por-el-presidente-nicolas-maduro\/\",\"url\":\"https:\/\/www.mpppst.gob.ve\/mpppstweb\/index.php\/2016\/02\/19\/clase-trabajadora-respaldo-incremento-salarial-anunciado-por-el-presidente-nicolas-maduro\/\",\"name\":\"Clase trabajadora respald\u00f3 incremento salarial anunciado por el presidente Nicol\u00e1s Maduro - MPPPST\",\"isPartOf\":{\"@id\":\"https:\/\/www.mpppst.gob.ve\/mpppstweb\/#website\"},\"primaryImageOfPage\":{\"@id\":\"https:\/\/www.mpppst.gob.ve\/mpppstweb\/index.php\/2016\/02\/19\/clase-trabajadora-respaldo-incremento-salarial-anunciado-por-el-presidente-nicolas-maduro\/#primaryimage\"},\"image\":{\"@id\":\"https:\/\/www.mpppst.gob.ve\/mpppstweb\/index.php\/2016\/02\/19\/clase-trabajadora-respaldo-incremento-salarial-anunciado-por-el-presidente-nicolas-maduro\/#primaryimage\"},\"thumbnailUrl\":\"https:\/\/www.mpppst.gob.ve\/mpppstweb\/wp-content\/uploads\/2016\/02\/Franklin-Rondon.jpg\",\"datePublished\":\"2016-02-19T14:43:13+00:00\",\"dateModified\":\"2016-07-01T18:25:15+00:00\",\"breadcrumb\":{\"@id\":\"https:\/\/www.mpppst.gob.ve\/mpppstweb\/index.php\/2016\/02\/19\/clase-trabajadora-respaldo-incremento-salarial-anunciado-por-el-presidente-nicolas-maduro\/#breadcrumb\"},\"inLanguage\":\"es\",\"potentialAction\":[{\"@type\":\"ReadAction\",\"target\":[\"https:\/\/www.mpppst.gob.ve\/mpppstweb\/index.php\/2016\/02\/19\/clase-trabajadora-respaldo-incremento-salarial-anunciado-por-el-presidente-nicolas-maduro\/\"]}]},{\"@type\":\"ImageObject\",\"inLanguage\":\"es\",\"@id\":\"https:\/\/www.mpppst.gob.ve\/mpppstweb\/index.php\/2016\/02\/19\/clase-trabajadora-respaldo-incremento-salarial-anunciado-por-el-presidente-nicolas-maduro\/#primaryimage\",\"url\":\"https:\/\/www.mpppst.gob.ve\/mpppstweb\/wp-content\/uploads\/2016\/02\/Franklin-Rondon.jpg\",\"contentUrl\":\"https:\/\/www.mpppst.gob.ve\/mpppstweb\/wp-content\/uploads\/2016\/02\/Franklin-Rondon.jpg\",\"width\":448,\"height\":248},{\"@type\":\"BreadcrumbList\",\"@id\":\"https:\/\/www.mpppst.gob.ve\/mpppstweb\/index.php\/2016\/02\/19\/clase-trabajadora-respaldo-incremento-salarial-anunciado-por-el-presidente-nicolas-maduro\/#breadcrumb\",\"itemListElement\":[{\"@type\":\"ListItem\",\"position\":1,\"name\":\"Home\",\"item\":\"https:\/\/www.mpppst.gob.ve\/mpppstweb\/\"},{\"@type\":\"ListItem\",\"position\":2,\"name\":\"Clase trabajadora respald\u00f3 incremento salarial anunciado por el presidente Nicol\u00e1s Maduro\"}]},{\"@type\":\"WebSite\",\"@id\":\"https:\/\/www.mpppst.gob.ve\/mpppstweb\/#website\",\"url\":\"https:\/\/www.mpppst.gob.ve\/mpppstweb\/\",\"name\":\"MPPPST\",\"description\":\"Ministerio del Poder Popular para el Proceso Social de Trabajo\",\"publisher\":{\"@id\":\"https:\/\/www.mpppst.gob.ve\/mpppstweb\/#organization\"},\"potentialAction\":[{\"@type\":\"SearchAction\",\"target\":{\"@type\":\"EntryPoint\",\"urlTemplate\":\"https:\/\/www.mpppst.gob.ve\/mpppstweb\/?s={search_term_string}\"},\"query-input\":\"required name=search_term_string\"}],\"inLanguage\":\"es\"},{\"@type\":\"Organization\",\"@id\":\"https:\/\/www.mpppst.gob.ve\/mpppstweb\/#organization\",\"name\":\"mpppst\",\"url\":\"https:\/\/www.mpppst.gob.ve\/mpppstweb\/\",\"logo\":{\"@type\":\"ImageObject\",\"inLanguage\":\"es\",\"@id\":\"https:\/\/www.mpppst.gob.ve\/mpppstweb\/#\/schema\/logo\/image\/\",\"url\":\"https:\/\/www.mpppst.gob.ve\/mpppstweb\/wp-content\/uploads\/2025\/07\/cropped-cropped-g910.png\",\"contentUrl\":\"https:\/\/www.mpppst.gob.ve\/mpppstweb\/wp-content\/uploads\/2025\/07\/cropped-cropped-g910.png\",\"width\":1080,\"height\":241,\"caption\":\"mpppst\"},\"image\":{\"@id\":\"https:\/\/www.mpppst.gob.ve\/mpppstweb\/#\/schema\/logo\/image\/\"}},{\"@type\":\"Person\",\"@id\":\"https:\/\/www.mpppst.gob.ve\/mpppstweb\/#\/schema\/person\/fc187ee8ead412bd4c9304b62f900ea4\",\"name\":\"MPPPST Prensa\",\"url\":\"https:\/\/www.mpppst.gob.ve\/mpppstweb\/index.php\/author\/prensa-mpppst\/\"}]}<\/script>\n<!-- \/ Yoast SEO plugin. -->","yoast_head_json":{"title":"Clase trabajadora respald\u00f3 incremento salarial anunciado por el presidente Nicol\u00e1s Maduro - MPPPST","robots":{"index":"index","follow":"follow","max-snippet":"max-snippet:-1","max-image-preview":"max-image-preview:large","max-video-preview":"max-video-preview:-1"},"canonical":"https:\/\/www.mpppst.gob.ve\/mpppstweb\/index.php\/2016\/02\/19\/clase-trabajadora-respaldo-incremento-salarial-anunciado-por-el-presidente-nicolas-maduro\/","og_locale":"es_ES","og_type":"article","og_title":"Clase trabajadora respald\u00f3 incremento salarial anunciado por el presidente Nicol\u00e1s Maduro - MPPPST","og_description":"El aumento salarial decretado por el presidente Nicol\u00e1s Maduro sostendr\u00e1 el poder adquisitivo de la clase trabajadora para contrarrestar la especulaci\u00f3n","og_url":"https:\/\/www.mpppst.gob.ve\/mpppstweb\/index.php\/2016\/02\/19\/clase-trabajadora-respaldo-incremento-salarial-anunciado-por-el-presidente-nicolas-maduro\/","og_site_name":"MPPPST","article_published_time":"2016-02-19T14:43:13+00:00","article_modified_time":"2016-07-01T18:25:15+00:00","og_image":[{"width":448,"height":248,"url":"https:\/\/www.mpppst.gob.ve\/mpppstweb\/wp-content\/uploads\/2016\/02\/Franklin-Rondon.jpg","type":"image\/jpeg"}],"author":"MPPPST Prensa","twitter_card":"summary_large_image","twitter_misc":{"Escrito por":"MPPPST Prensa","Tiempo de lectura":"2 minutos"},"schema":{"@context":"https:\/\/schema.org","@graph":[{"@type":"Article","@id":"https:\/\/www.mpppst.gob.ve\/mpppstweb\/index.php\/2016\/02\/19\/clase-trabajadora-respaldo-incremento-salarial-anunciado-por-el-presidente-nicolas-maduro\/#article","isPartOf":{"@id":"https:\/\/www.mpppst.gob.ve\/mpppstweb\/index.php\/2016\/02\/19\/clase-trabajadora-respaldo-incremento-salarial-anunciado-por-el-presidente-nicolas-maduro\/"},"author":{"name":"MPPPST Prensa","@id":"https:\/\/www.mpppst.gob.ve\/mpppstweb\/#\/schema\/person\/fc187ee8ead412bd4c9304b62f900ea4"},"headline":"Clase trabajadora respald\u00f3 incremento salarial anunciado por el presidente Nicol\u00e1s Maduro","datePublished":"2016-02-19T14:43:13+00:00","dateModified":"2016-07-01T18:25:15+00:00","mainEntityOfPage":{"@id":"https:\/\/www.mpppst.gob.ve\/mpppstweb\/index.php\/2016\/02\/19\/clase-trabajadora-respaldo-incremento-salarial-anunciado-por-el-presidente-nicolas-maduro\/"},"wordCount":508,"publisher":{"@id":"https:\/\/www.mpppst.gob.ve\/mpppstweb\/#organization"},"image":{"@id":"https:\/\/www.mpppst.gob.ve\/mpppstweb\/index.php\/2016\/02\/19\/clase-trabajadora-respaldo-incremento-salarial-anunciado-por-el-presidente-nicolas-maduro\/#primaryimage"},"thumbnailUrl":"https:\/\/www.mpppst.gob.ve\/mpppstweb\/wp-content\/uploads\/2016\/02\/Franklin-Rondon.jpg","articleSection":["Gobierno Nacional"],"inLanguage":"es"},{"@type":"WebPage","@id":"https:\/\/www.mpppst.gob.ve\/mpppstweb\/index.php\/2016\/02\/19\/clase-trabajadora-respaldo-incremento-salarial-anunciado-por-el-presidente-nicolas-maduro\/","url":"https:\/\/www.mpppst.gob.ve\/mpppstweb\/index.php\/2016\/02\/19\/clase-trabajadora-respaldo-incremento-salarial-anunciado-por-el-presidente-nicolas-maduro\/","name":"Clase trabajadora respald\u00f3 incremento salarial anunciado por el presidente Nicol\u00e1s Maduro - MPPPST","isPartOf":{"@id":"https:\/\/www.mpppst.gob.ve\/mpppstweb\/#website"},"primaryImageOfPage":{"@id":"https:\/\/www.mpppst.gob.ve\/mpppstweb\/index.php\/2016\/02\/19\/clase-trabajadora-respaldo-incremento-salarial-anunciado-por-el-presidente-nicolas-maduro\/#primaryimage"},"image":{"@id":"https:\/\/www.mpppst.gob.ve\/mpppstweb\/index.php\/2016\/02\/19\/clase-trabajadora-respaldo-incremento-salarial-anunciado-por-el-presidente-nicolas-maduro\/#primaryimage"},"thumbnailUrl":"https:\/\/www.mpppst.gob.ve\/mpppstweb\/wp-content\/uploads\/2016\/02\/Franklin-Rondon.jpg","datePublished":"2016-02-19T14:43:13+00:00","dateModified":"2016-07-01T18:25:15+00:00","breadcrumb":{"@id":"https:\/\/www.mpppst.gob.ve\/mpppstweb\/index.php\/2016\/02\/19\/clase-trabajadora-respaldo-incremento-salarial-anunciado-por-el-presidente-nicolas-maduro\/#breadcrumb"},"inLanguage":"es","potentialAction":[{"@type":"ReadAction","target":["https:\/\/www.mpppst.gob.ve\/mpppstweb\/index.php\/2016\/02\/19\/clase-trabajadora-respaldo-incremento-salarial-anunciado-por-el-presidente-nicolas-maduro\/"]}]},{"@type":"ImageObject","inLanguage":"es","@id":"https:\/\/www.mpppst.gob.ve\/mpppstweb\/index.php\/2016\/02\/19\/clase-trabajadora-respaldo-incremento-salarial-anunciado-por-el-presidente-nicolas-maduro\/#primaryimage","url":"https:\/\/www.mpppst.gob.ve\/mpppstweb\/wp-content\/uploads\/2016\/02\/Franklin-Rondon.jpg","contentUrl":"https:\/\/www.mpppst.gob.ve\/mpppstweb\/wp-content\/uploads\/2016\/02\/Franklin-Rondon.jpg","width":448,"height":248},{"@type":"BreadcrumbList","@id":"https:\/\/www.mpppst.gob.ve\/mpppstweb\/index.php\/2016\/02\/19\/clase-trabajadora-respaldo-incremento-salarial-anunciado-por-el-presidente-nicolas-maduro\/#breadcrumb","itemListElement":[{"@type":"ListItem","position":1,"name":"Home","item":"https:\/\/www.mpppst.gob.ve\/mpppstweb\/"},{"@type":"ListItem","position":2,"name":"Clase trabajadora respald\u00f3 incremento salarial anunciado por el presidente Nicol\u00e1s Maduro"}]},{"@type":"WebSite","@id":"https:\/\/www.mpppst.gob.ve\/mpppstweb\/#website","url":"https:\/\/www.mpppst.gob.ve\/mpppstweb\/","name":"MPPPST","description":"Ministerio del Poder Popular para el Proceso Social de Trabajo","publisher":{"@id":"https:\/\/www.mpppst.gob.ve\/mpppstweb\/#organization"},"potentialAction":[{"@type":"SearchAction","target":{"@type":"EntryPoint","urlTemplate":"https:\/\/www.mpppst.gob.ve\/mpppstweb\/?s={search_term_string}"},"query-input":"required name=search_term_string"}],"inLanguage":"es"},{"@type":"Organization","@id":"https:\/\/www.mpppst.gob.ve\/mpppstweb\/#organization","name":"mpppst","url":"https:\/\/www.mpppst.gob.ve\/mpppstweb\/","logo":{"@type":"ImageObject","inLanguage":"es","@id":"https:\/\/www.mpppst.gob.ve\/mpppstweb\/#\/schema\/logo\/image\/","url":"https:\/\/www.mpppst.gob.ve\/mpppstweb\/wp-content\/uploads\/2025\/07\/cropped-cropped-g910.png","contentUrl":"https:\/\/www.mpppst.gob.ve\/mpppstweb\/wp-content\/uploads\/2025\/07\/cropped-cropped-g910.png","width":1080,"height":241,"caption":"mpppst"},"image":{"@id":"https:\/\/www.mpppst.gob.ve\/mpppstweb\/#\/schema\/logo\/image\/"}},{"@type":"Person","@id":"https:\/\/www.mpppst.gob.ve\/mpppstweb\/#\/schema\/person\/fc187ee8ead412bd4c9304b62f900ea4","name":"MPPPST Prensa","url":"https:\/\/www.mpppst.gob.ve\/mpppstweb\/index.php\/author\/prensa-mpppst\/"}]}},"_links":{"self":[{"href":"https:\/\/www.mpppst.gob.ve\/mpppstweb\/index.php\/wp-json\/wp\/v2\/posts\/4795"}],"collection":[{"href":"https:\/\/www.mpppst.gob.ve\/mpppstweb\/index.php\/wp-json\/wp\/v2\/posts"}],"about":[{"href":"https:\/\/www.mpppst.gob.ve\/mpppstweb\/index.php\/wp-json\/wp\/v2\/types\/post"}],"author":[{"embeddable":true,"href":"https:\/\/www.mpppst.gob.ve\/mpppstweb\/index.php\/wp-json\/wp\/v2\/users\/25"}],"replies":[{"embeddable":true,"href":"https:\/\/www.mpppst.gob.ve\/mpppstweb\/index.php\/wp-json\/wp\/v2\/comments?post=4795"}],"version-history":[{"count":1,"href":"https:\/\/www.mpppst.gob.ve\/mpppstweb\/index.php\/wp-json\/wp\/v2\/posts\/4795\/revisions"}],"predecessor-version":[{"id":7031,"href":"https:\/\/www.mpppst.gob.ve\/mpppstweb\/index.php\/wp-json\/wp\/v2\/posts\/4795\/revisions\/7031"}],"wp:featuredmedia":[{"embeddable":true,"href":"https:\/\/www.mpppst.gob.ve\/mpppstweb\/index.php\/wp-json\/wp\/v2\/media\/4796"}],"wp:attachment":[{"href":"https:\/\/www.mpppst.gob.ve\/mpppstweb\/index.php\/wp-json\/wp\/v2\/media?parent=4795"}],"wp:term":[{"taxonomy":"category","embeddable":true,"href":"https:\/\/www.mpppst.gob.ve\/mpppstweb\/index.php\/wp-json\/wp\/v2\/categories?post=4795"},{"taxonomy":"post_tag","embeddable":true,"href":"https:\/\/www.mpppst.gob.ve\/mpppstweb\/index.php\/wp-json\/wp\/v2\/tags?post=4795"}],"curies":[{"name":"wp","href":"https:\/\/api.w.org\/{rel}","templated":true}]}}