{"id":4802,"date":"2016-02-21T14:24:57","date_gmt":"2016-02-21T14:24:57","guid":{"rendered":"http:\/\/www.mpppst.gob.ve\/mpppstweb\/?p=4802"},"modified":"2016-07-20T13:39:32","modified_gmt":"2016-07-20T13:39:32","slug":"ministro-oswaldo-vera-la-clase-obrera-vamos-a-enfrentar-en-la-calle-ley-privatizadora","status":"publish","type":"post","link":"https:\/\/www.mpppst.gob.ve\/mpppstweb\/index.php\/2016\/02\/21\/ministro-oswaldo-vera-la-clase-obrera-vamos-a-enfrentar-en-la-calle-ley-privatizadora\/","title":{"rendered":"Ministro Oswaldo Vera: \u201cLa clase obrera vamos a enfrentar en la calle ley privatizadora\u201d"},"content":{"rendered":"<p style=\"text-align: justify;\">Correo del Orinoco. El\u00a0ministro del Poder Popular para el Proceso Social del Trabajo, Oswaldo Vera, exclam\u00f3 este s\u00e1bado que la clase obrera venezolana enfrentar\u00e1, en la calle, la \u2018ley de privatizaci\u00f3n\u2019 que la bancada opositora quiere aprobar en la Asamblea Nacional.<\/p>\n<p style=\"text-align: justify;\">Desde el parque Ezequiel Zamora, el titular del ente rector expres\u00f3 que una de las conclusiones de la asamblea popular en defensa de la propiedad social y los derechos del pueblo, es el compromiso de la clase obrera, de ponerse \u201cal frente de la lucha en esta guerra econ\u00f3mica\u201d.<\/p>\n<p style=\"text-align: justify;\">Explic\u00f3 que en la asamblea popular, que se llev\u00f3 a cabo en El Calvario, \u201cse juntaron la clase obrera, los campesinos, los ind\u00edgenas y la poblaci\u00f3n en general\u201d y agreg\u00f3 que, en particular, se discuti\u00f3 la propuesta de Ley para la Activaci\u00f3n y el Fortalecimiento para la Producci\u00f3n Nacional\u2019.<\/p>\n<p style=\"text-align: justify;\">\u201cEsa Ley ha sido catalogada por la clase obrera como la Ley de Privatizaci\u00f3n\u201d, afirm\u00f3 el ministro Vera.<\/p>\n<p style=\"text-align: justify;\">Destac\u00f3 que acordaron un conjunto de acciones. \u201cLa primera es la movilizaci\u00f3n y para el d\u00eda martes o el d\u00eda jueves, cuando sea presentada esa ley (\u2026) los trabajadores y trabajadoras , la clase obrera vamos a rodear la Asamblea Nacional para enfrentar en la calle esa ley\u201d.<\/p>\n<p style=\"text-align: justify;\">A\u00f1adi\u00f3 que tambi\u00e9n se realizar\u00edan movilizaciones en cada estado, \u201cen cada f\u00e1brica, vamos a abrir un amplio debate, para entender lo que estamos viviendo\u201d, afirm\u00f3.<\/p>\n<p style=\"text-align: justify;\">Record\u00f3 que en otros momentos de la historia venezolana, cuando se han tomado decisiones de privatizar, \u201clos que hemos pagado esas decisiones, siempre hemos sido la clase trabajadora. Ya lo vivimos en la d\u00e9cada del ochenta y de los noventa\u201d.<\/p>\n<p style=\"text-align: justify;\">Indic\u00f3 que tomaron la decisi\u00f3n de respaldar de manera contundente las acciones del Gobierno Bolivariano, \u201cy agradecemos como se ha venido defendiendo el valor del trabajo, lo que es la estabilidad, lo que tiene que ver con el salario y lo que tiene que ver con las pensiones\u201d, a pesar de como ha descendido el precio del barril de petr\u00f3leo.<\/p>\n<p style=\"text-align: justify;\">\u201cEl Gobierno Bolivariano garantiza la estabilidad. Esa es la diferencia entre los dos sistemas (el capitalismo y el socialismo)\u201d, concluy\u00f3.<\/p>\n","protected":false},"excerpt":{"rendered":"<p>El ministro del Poder Popular para el Proceso Social del Trabajo, Oswaldo Vera, exclam\u00f3 que la clase obrera  enfrentar\u00e1, en la calle, la \u2018ley de privatizaci\u00f3n\u2019 que la oposici\u00f3n quiere aprobar en la AN.<\/p>\n","protected":false},"author":25,"featured_media":4809,"comment_status":"closed","ping_status":"closed","sticky":false,"template":"","format":"standard","meta":{"footnotes":""},"categories":[82],"tags":[],"yoast_head":"<!-- This site is optimized with the Yoast SEO plugin v22.5 - https:\/\/yoast.com\/wordpress\/plugins\/seo\/ -->\n<title>Ministro Oswaldo Vera: \u201cLa clase obrera vamos a enfrentar en la calle ley privatizadora\u201d - MPPPST<\/title>\n<meta name=\"robots\" content=\"index, follow, max-snippet:-1, max-image-preview:large, max-video-preview:-1\" \/>\n<link rel=\"canonical\" href=\"https:\/\/www.mpppst.gob.ve\/mpppstweb\/index.php\/2016\/02\/21\/ministro-oswaldo-vera-la-clase-obrera-vamos-a-enfrentar-en-la-calle-ley-privatizadora\/\" \/>\n<meta property=\"og:locale\" content=\"es_ES\" \/>\n<meta property=\"og:type\" content=\"article\" \/>\n<meta property=\"og:title\" content=\"Ministro Oswaldo Vera: \u201cLa clase obrera vamos a enfrentar en la calle ley privatizadora\u201d - MPPPST\" \/>\n<meta property=\"og:description\" content=\"El ministro del Poder Popular para el Proceso Social del Trabajo, Oswaldo Vera, exclam\u00f3 que la clase obrera enfrentar\u00e1, en la calle, la \u2018ley de privatizaci\u00f3n\u2019 que la oposici\u00f3n quiere aprobar en la AN.\" \/>\n<meta property=\"og:url\" content=\"https:\/\/www.mpppst.gob.ve\/mpppstweb\/index.php\/2016\/02\/21\/ministro-oswaldo-vera-la-clase-obrera-vamos-a-enfrentar-en-la-calle-ley-privatizadora\/\" \/>\n<meta property=\"og:site_name\" content=\"MPPPST\" \/>\n<meta property=\"article:published_time\" content=\"2016-02-21T14:24:57+00:00\" \/>\n<meta property=\"article:modified_time\" content=\"2016-07-20T13:39:32+00:00\" \/>\n<meta property=\"og:image\" content=\"https:\/\/www.mpppst.gob.ve\/mpppstweb\/wp-content\/uploads\/2016\/02\/asamblea_trabajadores1456005900-1.jpg\" \/>\n\t<meta property=\"og:image:width\" content=\"600\" \/>\n\t<meta property=\"og:image:height\" content=\"386\" \/>\n\t<meta property=\"og:image:type\" content=\"image\/jpeg\" \/>\n<meta name=\"author\" content=\"MPPPST Prensa\" \/>\n<meta name=\"twitter:card\" content=\"summary_large_image\" \/>\n<meta name=\"twitter:label1\" content=\"Escrito por\" \/>\n\t<meta name=\"twitter:data1\" content=\"MPPPST Prensa\" \/>\n\t<meta name=\"twitter:label2\" content=\"Tiempo de lectura\" \/>\n\t<meta name=\"twitter:data2\" content=\"2 minutos\" \/>\n<script type=\"application\/ld+json\" class=\"yoast-schema-graph\">{\"@context\":\"https:\/\/schema.org\",\"@graph\":[{\"@type\":\"Article\",\"@id\":\"https:\/\/www.mpppst.gob.ve\/mpppstweb\/index.php\/2016\/02\/21\/ministro-oswaldo-vera-la-clase-obrera-vamos-a-enfrentar-en-la-calle-ley-privatizadora\/#article\",\"isPartOf\":{\"@id\":\"https:\/\/www.mpppst.gob.ve\/mpppstweb\/index.php\/2016\/02\/21\/ministro-oswaldo-vera-la-clase-obrera-vamos-a-enfrentar-en-la-calle-ley-privatizadora\/\"},\"author\":{\"name\":\"MPPPST Prensa\",\"@id\":\"https:\/\/www.mpppst.gob.ve\/mpppstweb\/#\/schema\/person\/fc187ee8ead412bd4c9304b62f900ea4\"},\"headline\":\"Ministro Oswaldo Vera: \u201cLa clase obrera vamos a enfrentar en la calle ley privatizadora\u201d\",\"datePublished\":\"2016-02-21T14:24:57+00:00\",\"dateModified\":\"2016-07-20T13:39:32+00:00\",\"mainEntityOfPage\":{\"@id\":\"https:\/\/www.mpppst.gob.ve\/mpppstweb\/index.php\/2016\/02\/21\/ministro-oswaldo-vera-la-clase-obrera-vamos-a-enfrentar-en-la-calle-ley-privatizadora\/\"},\"wordCount\":381,\"publisher\":{\"@id\":\"https:\/\/www.mpppst.gob.ve\/mpppstweb\/#organization\"},\"image\":{\"@id\":\"https:\/\/www.mpppst.gob.ve\/mpppstweb\/index.php\/2016\/02\/21\/ministro-oswaldo-vera-la-clase-obrera-vamos-a-enfrentar-en-la-calle-ley-privatizadora\/#primaryimage\"},\"thumbnailUrl\":\"https:\/\/www.mpppst.gob.ve\/mpppstweb\/wp-content\/uploads\/2016\/02\/asamblea_trabajadores1456005900-1.jpg\",\"articleSection\":[\"Gobierno Nacional\"],\"inLanguage\":\"es\"},{\"@type\":\"WebPage\",\"@id\":\"https:\/\/www.mpppst.gob.ve\/mpppstweb\/index.php\/2016\/02\/21\/ministro-oswaldo-vera-la-clase-obrera-vamos-a-enfrentar-en-la-calle-ley-privatizadora\/\",\"url\":\"https:\/\/www.mpppst.gob.ve\/mpppstweb\/index.php\/2016\/02\/21\/ministro-oswaldo-vera-la-clase-obrera-vamos-a-enfrentar-en-la-calle-ley-privatizadora\/\",\"name\":\"Ministro Oswaldo Vera: \u201cLa clase obrera vamos a enfrentar en la calle ley privatizadora\u201d - MPPPST\",\"isPartOf\":{\"@id\":\"https:\/\/www.mpppst.gob.ve\/mpppstweb\/#website\"},\"primaryImageOfPage\":{\"@id\":\"https:\/\/www.mpppst.gob.ve\/mpppstweb\/index.php\/2016\/02\/21\/ministro-oswaldo-vera-la-clase-obrera-vamos-a-enfrentar-en-la-calle-ley-privatizadora\/#primaryimage\"},\"image\":{\"@id\":\"https:\/\/www.mpppst.gob.ve\/mpppstweb\/index.php\/2016\/02\/21\/ministro-oswaldo-vera-la-clase-obrera-vamos-a-enfrentar-en-la-calle-ley-privatizadora\/#primaryimage\"},\"thumbnailUrl\":\"https:\/\/www.mpppst.gob.ve\/mpppstweb\/wp-content\/uploads\/2016\/02\/asamblea_trabajadores1456005900-1.jpg\",\"datePublished\":\"2016-02-21T14:24:57+00:00\",\"dateModified\":\"2016-07-20T13:39:32+00:00\",\"breadcrumb\":{\"@id\":\"https:\/\/www.mpppst.gob.ve\/mpppstweb\/index.php\/2016\/02\/21\/ministro-oswaldo-vera-la-clase-obrera-vamos-a-enfrentar-en-la-calle-ley-privatizadora\/#breadcrumb\"},\"inLanguage\":\"es\",\"potentialAction\":[{\"@type\":\"ReadAction\",\"target\":[\"https:\/\/www.mpppst.gob.ve\/mpppstweb\/index.php\/2016\/02\/21\/ministro-oswaldo-vera-la-clase-obrera-vamos-a-enfrentar-en-la-calle-ley-privatizadora\/\"]}]},{\"@type\":\"ImageObject\",\"inLanguage\":\"es\",\"@id\":\"https:\/\/www.mpppst.gob.ve\/mpppstweb\/index.php\/2016\/02\/21\/ministro-oswaldo-vera-la-clase-obrera-vamos-a-enfrentar-en-la-calle-ley-privatizadora\/#primaryimage\",\"url\":\"https:\/\/www.mpppst.gob.ve\/mpppstweb\/wp-content\/uploads\/2016\/02\/asamblea_trabajadores1456005900-1.jpg\",\"contentUrl\":\"https:\/\/www.mpppst.gob.ve\/mpppstweb\/wp-content\/uploads\/2016\/02\/asamblea_trabajadores1456005900-1.jpg\",\"width\":600,\"height\":386},{\"@type\":\"BreadcrumbList\",\"@id\":\"https:\/\/www.mpppst.gob.ve\/mpppstweb\/index.php\/2016\/02\/21\/ministro-oswaldo-vera-la-clase-obrera-vamos-a-enfrentar-en-la-calle-ley-privatizadora\/#breadcrumb\",\"itemListElement\":[{\"@type\":\"ListItem\",\"position\":1,\"name\":\"Home\",\"item\":\"https:\/\/www.mpppst.gob.ve\/mpppstweb\/\"},{\"@type\":\"ListItem\",\"position\":2,\"name\":\"Ministro Oswaldo Vera: \u201cLa clase obrera vamos a enfrentar en la calle ley privatizadora\u201d\"}]},{\"@type\":\"WebSite\",\"@id\":\"https:\/\/www.mpppst.gob.ve\/mpppstweb\/#website\",\"url\":\"https:\/\/www.mpppst.gob.ve\/mpppstweb\/\",\"name\":\"MPPPST\",\"description\":\"Ministerio del Poder Popular para el Proceso Social de Trabajo\",\"publisher\":{\"@id\":\"https:\/\/www.mpppst.gob.ve\/mpppstweb\/#organization\"},\"potentialAction\":[{\"@type\":\"SearchAction\",\"target\":{\"@type\":\"EntryPoint\",\"urlTemplate\":\"https:\/\/www.mpppst.gob.ve\/mpppstweb\/?s={search_term_string}\"},\"query-input\":\"required name=search_term_string\"}],\"inLanguage\":\"es\"},{\"@type\":\"Organization\",\"@id\":\"https:\/\/www.mpppst.gob.ve\/mpppstweb\/#organization\",\"name\":\"mpppst\",\"url\":\"https:\/\/www.mpppst.gob.ve\/mpppstweb\/\",\"logo\":{\"@type\":\"ImageObject\",\"inLanguage\":\"es\",\"@id\":\"https:\/\/www.mpppst.gob.ve\/mpppstweb\/#\/schema\/logo\/image\/\",\"url\":\"https:\/\/www.mpppst.gob.ve\/mpppstweb\/wp-content\/uploads\/2025\/07\/cropped-cropped-g910.png\",\"contentUrl\":\"https:\/\/www.mpppst.gob.ve\/mpppstweb\/wp-content\/uploads\/2025\/07\/cropped-cropped-g910.png\",\"width\":1080,\"height\":241,\"caption\":\"mpppst\"},\"image\":{\"@id\":\"https:\/\/www.mpppst.gob.ve\/mpppstweb\/#\/schema\/logo\/image\/\"}},{\"@type\":\"Person\",\"@id\":\"https:\/\/www.mpppst.gob.ve\/mpppstweb\/#\/schema\/person\/fc187ee8ead412bd4c9304b62f900ea4\",\"name\":\"MPPPST Prensa\",\"url\":\"https:\/\/www.mpppst.gob.ve\/mpppstweb\/index.php\/author\/prensa-mpppst\/\"}]}<\/script>\n<!-- \/ Yoast SEO plugin. -->","yoast_head_json":{"title":"Ministro Oswaldo Vera: \u201cLa clase obrera vamos a enfrentar en la calle ley privatizadora\u201d - MPPPST","robots":{"index":"index","follow":"follow","max-snippet":"max-snippet:-1","max-image-preview":"max-image-preview:large","max-video-preview":"max-video-preview:-1"},"canonical":"https:\/\/www.mpppst.gob.ve\/mpppstweb\/index.php\/2016\/02\/21\/ministro-oswaldo-vera-la-clase-obrera-vamos-a-enfrentar-en-la-calle-ley-privatizadora\/","og_locale":"es_ES","og_type":"article","og_title":"Ministro Oswaldo Vera: \u201cLa clase obrera vamos a enfrentar en la calle ley privatizadora\u201d - MPPPST","og_description":"El ministro del Poder Popular para el Proceso Social del Trabajo, Oswaldo Vera, exclam\u00f3 que la clase obrera enfrentar\u00e1, en la calle, la \u2018ley de privatizaci\u00f3n\u2019 que la oposici\u00f3n quiere aprobar en la AN.","og_url":"https:\/\/www.mpppst.gob.ve\/mpppstweb\/index.php\/2016\/02\/21\/ministro-oswaldo-vera-la-clase-obrera-vamos-a-enfrentar-en-la-calle-ley-privatizadora\/","og_site_name":"MPPPST","article_published_time":"2016-02-21T14:24:57+00:00","article_modified_time":"2016-07-20T13:39:32+00:00","og_image":[{"width":600,"height":386,"url":"https:\/\/www.mpppst.gob.ve\/mpppstweb\/wp-content\/uploads\/2016\/02\/asamblea_trabajadores1456005900-1.jpg","type":"image\/jpeg"}],"author":"MPPPST Prensa","twitter_card":"summary_large_image","twitter_misc":{"Escrito por":"MPPPST Prensa","Tiempo de lectura":"2 minutos"},"schema":{"@context":"https:\/\/schema.org","@graph":[{"@type":"Article","@id":"https:\/\/www.mpppst.gob.ve\/mpppstweb\/index.php\/2016\/02\/21\/ministro-oswaldo-vera-la-clase-obrera-vamos-a-enfrentar-en-la-calle-ley-privatizadora\/#article","isPartOf":{"@id":"https:\/\/www.mpppst.gob.ve\/mpppstweb\/index.php\/2016\/02\/21\/ministro-oswaldo-vera-la-clase-obrera-vamos-a-enfrentar-en-la-calle-ley-privatizadora\/"},"author":{"name":"MPPPST Prensa","@id":"https:\/\/www.mpppst.gob.ve\/mpppstweb\/#\/schema\/person\/fc187ee8ead412bd4c9304b62f900ea4"},"headline":"Ministro Oswaldo Vera: \u201cLa clase obrera vamos a enfrentar en la calle ley privatizadora\u201d","datePublished":"2016-02-21T14:24:57+00:00","dateModified":"2016-07-20T13:39:32+00:00","mainEntityOfPage":{"@id":"https:\/\/www.mpppst.gob.ve\/mpppstweb\/index.php\/2016\/02\/21\/ministro-oswaldo-vera-la-clase-obrera-vamos-a-enfrentar-en-la-calle-ley-privatizadora\/"},"wordCount":381,"publisher":{"@id":"https:\/\/www.mpppst.gob.ve\/mpppstweb\/#organization"},"image":{"@id":"https:\/\/www.mpppst.gob.ve\/mpppstweb\/index.php\/2016\/02\/21\/ministro-oswaldo-vera-la-clase-obrera-vamos-a-enfrentar-en-la-calle-ley-privatizadora\/#primaryimage"},"thumbnailUrl":"https:\/\/www.mpppst.gob.ve\/mpppstweb\/wp-content\/uploads\/2016\/02\/asamblea_trabajadores1456005900-1.jpg","articleSection":["Gobierno Nacional"],"inLanguage":"es"},{"@type":"WebPage","@id":"https:\/\/www.mpppst.gob.ve\/mpppstweb\/index.php\/2016\/02\/21\/ministro-oswaldo-vera-la-clase-obrera-vamos-a-enfrentar-en-la-calle-ley-privatizadora\/","url":"https:\/\/www.mpppst.gob.ve\/mpppstweb\/index.php\/2016\/02\/21\/ministro-oswaldo-vera-la-clase-obrera-vamos-a-enfrentar-en-la-calle-ley-privatizadora\/","name":"Ministro Oswaldo Vera: \u201cLa clase obrera vamos a enfrentar en la calle ley privatizadora\u201d - MPPPST","isPartOf":{"@id":"https:\/\/www.mpppst.gob.ve\/mpppstweb\/#website"},"primaryImageOfPage":{"@id":"https:\/\/www.mpppst.gob.ve\/mpppstweb\/index.php\/2016\/02\/21\/ministro-oswaldo-vera-la-clase-obrera-vamos-a-enfrentar-en-la-calle-ley-privatizadora\/#primaryimage"},"image":{"@id":"https:\/\/www.mpppst.gob.ve\/mpppstweb\/index.php\/2016\/02\/21\/ministro-oswaldo-vera-la-clase-obrera-vamos-a-enfrentar-en-la-calle-ley-privatizadora\/#primaryimage"},"thumbnailUrl":"https:\/\/www.mpppst.gob.ve\/mpppstweb\/wp-content\/uploads\/2016\/02\/asamblea_trabajadores1456005900-1.jpg","datePublished":"2016-02-21T14:24:57+00:00","dateModified":"2016-07-20T13:39:32+00:00","breadcrumb":{"@id":"https:\/\/www.mpppst.gob.ve\/mpppstweb\/index.php\/2016\/02\/21\/ministro-oswaldo-vera-la-clase-obrera-vamos-a-enfrentar-en-la-calle-ley-privatizadora\/#breadcrumb"},"inLanguage":"es","potentialAction":[{"@type":"ReadAction","target":["https:\/\/www.mpppst.gob.ve\/mpppstweb\/index.php\/2016\/02\/21\/ministro-oswaldo-vera-la-clase-obrera-vamos-a-enfrentar-en-la-calle-ley-privatizadora\/"]}]},{"@type":"ImageObject","inLanguage":"es","@id":"https:\/\/www.mpppst.gob.ve\/mpppstweb\/index.php\/2016\/02\/21\/ministro-oswaldo-vera-la-clase-obrera-vamos-a-enfrentar-en-la-calle-ley-privatizadora\/#primaryimage","url":"https:\/\/www.mpppst.gob.ve\/mpppstweb\/wp-content\/uploads\/2016\/02\/asamblea_trabajadores1456005900-1.jpg","contentUrl":"https:\/\/www.mpppst.gob.ve\/mpppstweb\/wp-content\/uploads\/2016\/02\/asamblea_trabajadores1456005900-1.jpg","width":600,"height":386},{"@type":"BreadcrumbList","@id":"https:\/\/www.mpppst.gob.ve\/mpppstweb\/index.php\/2016\/02\/21\/ministro-oswaldo-vera-la-clase-obrera-vamos-a-enfrentar-en-la-calle-ley-privatizadora\/#breadcrumb","itemListElement":[{"@type":"ListItem","position":1,"name":"Home","item":"https:\/\/www.mpppst.gob.ve\/mpppstweb\/"},{"@type":"ListItem","position":2,"name":"Ministro Oswaldo Vera: \u201cLa clase obrera vamos a enfrentar en la calle ley privatizadora\u201d"}]},{"@type":"WebSite","@id":"https:\/\/www.mpppst.gob.ve\/mpppstweb\/#website","url":"https:\/\/www.mpppst.gob.ve\/mpppstweb\/","name":"MPPPST","description":"Ministerio del Poder Popular para el Proceso Social de Trabajo","publisher":{"@id":"https:\/\/www.mpppst.gob.ve\/mpppstweb\/#organization"},"potentialAction":[{"@type":"SearchAction","target":{"@type":"EntryPoint","urlTemplate":"https:\/\/www.mpppst.gob.ve\/mpppstweb\/?s={search_term_string}"},"query-input":"required name=search_term_string"}],"inLanguage":"es"},{"@type":"Organization","@id":"https:\/\/www.mpppst.gob.ve\/mpppstweb\/#organization","name":"mpppst","url":"https:\/\/www.mpppst.gob.ve\/mpppstweb\/","logo":{"@type":"ImageObject","inLanguage":"es","@id":"https:\/\/www.mpppst.gob.ve\/mpppstweb\/#\/schema\/logo\/image\/","url":"https:\/\/www.mpppst.gob.ve\/mpppstweb\/wp-content\/uploads\/2025\/07\/cropped-cropped-g910.png","contentUrl":"https:\/\/www.mpppst.gob.ve\/mpppstweb\/wp-content\/uploads\/2025\/07\/cropped-cropped-g910.png","width":1080,"height":241,"caption":"mpppst"},"image":{"@id":"https:\/\/www.mpppst.gob.ve\/mpppstweb\/#\/schema\/logo\/image\/"}},{"@type":"Person","@id":"https:\/\/www.mpppst.gob.ve\/mpppstweb\/#\/schema\/person\/fc187ee8ead412bd4c9304b62f900ea4","name":"MPPPST Prensa","url":"https:\/\/www.mpppst.gob.ve\/mpppstweb\/index.php\/author\/prensa-mpppst\/"}]}},"_links":{"self":[{"href":"https:\/\/www.mpppst.gob.ve\/mpppstweb\/index.php\/wp-json\/wp\/v2\/posts\/4802"}],"collection":[{"href":"https:\/\/www.mpppst.gob.ve\/mpppstweb\/index.php\/wp-json\/wp\/v2\/posts"}],"about":[{"href":"https:\/\/www.mpppst.gob.ve\/mpppstweb\/index.php\/wp-json\/wp\/v2\/types\/post"}],"author":[{"embeddable":true,"href":"https:\/\/www.mpppst.gob.ve\/mpppstweb\/index.php\/wp-json\/wp\/v2\/users\/25"}],"replies":[{"embeddable":true,"href":"https:\/\/www.mpppst.gob.ve\/mpppstweb\/index.php\/wp-json\/wp\/v2\/comments?post=4802"}],"version-history":[{"count":1,"href":"https:\/\/www.mpppst.gob.ve\/mpppstweb\/index.php\/wp-json\/wp\/v2\/posts\/4802\/revisions"}],"predecessor-version":[{"id":7032,"href":"https:\/\/www.mpppst.gob.ve\/mpppstweb\/index.php\/wp-json\/wp\/v2\/posts\/4802\/revisions\/7032"}],"wp:featuredmedia":[{"embeddable":true,"href":"https:\/\/www.mpppst.gob.ve\/mpppstweb\/index.php\/wp-json\/wp\/v2\/media\/4809"}],"wp:attachment":[{"href":"https:\/\/www.mpppst.gob.ve\/mpppstweb\/index.php\/wp-json\/wp\/v2\/media?parent=4802"}],"wp:term":[{"taxonomy":"category","embeddable":true,"href":"https:\/\/www.mpppst.gob.ve\/mpppstweb\/index.php\/wp-json\/wp\/v2\/categories?post=4802"},{"taxonomy":"post_tag","embeddable":true,"href":"https:\/\/www.mpppst.gob.ve\/mpppstweb\/index.php\/wp-json\/wp\/v2\/tags?post=4802"}],"curies":[{"name":"wp","href":"https:\/\/api.w.org\/{rel}","templated":true}]}}