{"id":4810,"date":"2016-02-21T15:20:30","date_gmt":"2016-02-21T15:20:30","guid":{"rendered":"http:\/\/www.mpppst.gob.ve\/mpppstweb\/?p=4810"},"modified":"2016-07-01T18:25:51","modified_gmt":"2016-07-01T18:25:51","slug":"congreso-de-la-patria-obrera-defiende-sus-conquistas-laborales-en-la-calle","status":"publish","type":"post","link":"https:\/\/www.mpppst.gob.ve\/mpppstweb\/index.php\/2016\/02\/21\/congreso-de-la-patria-obrera-defiende-sus-conquistas-laborales-en-la-calle\/","title":{"rendered":"Congreso de la Patria Obrera defiende sus conquistas laborales en la calle"},"content":{"rendered":"<p align=\"JUSTIFY\"><span style=\"color: #000000;\"><span style=\"font-family: Arial, sans-serif;\">Prensa (MPPPST). El 20 de Febrero, en el parque Ezequiel Zamora, \u201cEl Calvario\u201d, el pueblo de forma decidida se manifest\u00f3 en defensa de las conquistas sociales alcanzadas durante los 17 a\u00f1os de Revoluci\u00f3n, actividad en la que particip\u00f3 el presidente de la Rep\u00fablica Nicol\u00e1s Maduro y el Ministro del Poder Popular para el Proceso Social de Trabajo, Oswaldo Vera.<\/span><\/span><\/p>\n<p align=\"JUSTIFY\"><span style=\"color: #000000;\"><span style=\"font-family: Arial, sans-serif;\">Desde muy temprano trabajadores de las empresas recuperadas, campesinos y pescadores, Campamento de Pioneros, de las comunas, se concentraron en el parque Ezequiel Zamora, para instalar el Congreso de la Patria Obrera en defensa de los derechos del Pueblo y en rechazo a la pretensi\u00f3n de devolver las empresas recuperadas por la revoluci\u00f3n a manos de la empresa privada, que est\u00e1 proponiendo la ultraderecha venezolana en un Proyecto de Ley que circula en la Asamblea Nacional. <\/span><\/span><\/p>\n<p align=\"JUSTIFY\"><span style=\"color: #000000;\"><span style=\"font-family: Arial, sans-serif;\"><b>Pueblo activo en la calle <\/b><\/span><\/span><\/p>\n<p align=\"JUSTIFY\"><span style=\"color: #000000;\"><span style=\"font-family: Arial, sans-serif;\">El Ministro del Poder Popular para el Proceso Social de Trabajo, Oswaldo Vera, sostuvo que la clase trabajadora se movilizar\u00e1 activamente en la calle cada vez que la Ley de privatizaci\u00f3n concebida por la derecha nacional vaya a discusi\u00f3n. <\/span><\/span><span style=\"color: #444444;\"><span style=\"font-family: Arial, sans-serif;\"><span style=\"font-size: medium;\">\u201c<\/span><\/span><\/span><span style=\"color: #000000;\"><span style=\"font-family: Arial, sans-serif;\"><span style=\"font-size: medium;\">R<\/span><\/span><\/span><span style=\"color: #000000;\"><span style=\"font-family: Arial, sans-serif;\">ecordando cuando fuimos con El Comandante Hugo Ch\u00e1vez para defender nuestras prestaciones sociales, vamos a enfrentar en la calle esta propuesta <\/span><\/span><span style=\"color: #000000;\"><span style=\"font-family: Arial, sans-serif;\">cada vez que esa Ley vaya a discusi\u00f3n. Vamos a aplicar la movilizaci\u00f3<\/span><\/span><strong><span style=\"color: #000000;\"><span style=\"font-family: Arial, sans-serif;\">n<\/span><\/span><\/strong><span style=\"color: #000000;\"><span style=\"font-family: Arial, sans-serif;\">\u201c. <\/span><\/span><\/p>\n<p align=\"JUSTIFY\"><span style=\"color: #000000;\"><span style=\"font-family: Arial, sans-serif;\">Vera sostuvo adem\u00e1s que la clase obrera se pone a la orden del presidente de la Rep\u00fablica, Nicol\u00e1s Maduro, para impulsar los objetivos planteados en la Agenda Econ\u00f3mica Bolivariana, con el fin de avanzar en el fortalecimiento de la uni\u00f3n nacional.<\/span><\/span><\/p>\n<p align=\"JUSTIFY\"><span style=\"color: #000000;\"><span style=\"font-family: Arial, sans-serif;\">El presidente de la empresa Venezolana del Vidrio (Venvidrio), Ghimi Santini destac\u00f3 que esta asamblea es una demostraci\u00f3n de apoyo al presidente Nicol\u00e1s Maduro, en contra del proyecto de Ley que se introdujo en la Asamblea Nacional por parte de la derecha parlamentaria para revertir el proceso de cambio, nacionalizaci\u00f3n y socializaci\u00f3n de los medios de producci\u00f3n, que ha emprendido la Revoluci\u00f3n Bolivariana. <\/span><\/span><\/p>\n<p align=\"JUSTIFY\"><span style=\"color: #000000;\"><span style=\"font-family: Arial, sans-serif;\"><b>La oposici\u00f3n busca el retorno del capitalismo macabro <\/b><\/span><\/span><\/p>\n<p align=\"JUSTIFY\"><span style=\"color: #000000;\">\u201c<span style=\"font-family: Arial, sans-serif;\">Hoy nos encontramos con una masa grande de nuestros trabajadores que apoyan la posici\u00f3n de nuestro gobierno de mantener las empresas nacionalizadas, estamos en contra de esa ley ap\u00e1trida que est\u00e1n introduciendo los diputados de la derecha que tiene como finalidad macabra, retornar al capitalismo que tanto da\u00f1o ha hecho a la poblaci\u00f3n\u201d, puntualiz\u00f3 Santini.<\/span><\/span><\/p>\n<p align=\"JUSTIFY\"><span style=\"color: #000000;\"><span style=\"font-family: Arial, sans-serif;\">Por su parte, Richard Blanco, vocero sindical de la empresa Venvidrio, realiz\u00f3 un llamado a todas las empresas recuperadas por el Gobierno Nacional para mantenerse en pie de lucha y defender los logros alcanzados en revoluci\u00f3n. \u201cNo podemos permitir que las empresas recuperadas por la Revoluci\u00f3n Bolivariana vuelvan a privatizarse. Por eso debemos movilizarnos todos juntos para detener las intenciones privatizadoras de los diputados de la derecha de la Asamblea Nacional.\u201d<\/span><\/span><\/p>\n<p align=\"JUSTIFY\"><span style=\"color: #000000;\"><span style=\"font-family: Arial, sans-serif;\">Juan Arias, comisionado presidencial para el sistema de Empresas Ocupadas, Recuperadas y Nacionalizadas, Creadas y Aliadas, destac\u00f3 que todas las empresas recuperadas por el Estado venezolano est\u00e1n funcionando para el pueblo venezolano.<\/span><\/span><\/p>\n<p align=\"JUSTIFY\"><span style=\"color: #000000;\">\u201c<span style=\"font-family: Arial, sans-serif;\">Las industrias Diana, Sanitarias Maracay por nombrar solo dos empresas pueden ofrecer sus productos de muy buena calidad y a excelente precio porque estamos en revoluci\u00f3n de otro modo no ser\u00eda posible\u201d. <\/span><\/span><\/p>\n<p align=\"JUSTIFY\"><span style=\"color: #000000;\"><span style=\"font-family: Arial, sans-serif;\">Arias sostuvo que ahora las empresas recuperadas deben de producir cada vez m\u00e1s y mejor para satisfacer las necesidades del pueblo ante la guerra econ\u00f3mica que ha afectado a todos los venezolanos. <\/span><\/span><\/p>\n<p align=\"JUSTIFY\"><span style=\"font-family: Arial, sans-serif;\"><b>Acciones que tomar\u00e1 la clase obrera empoderada <\/b><\/span><\/p>\n<p align=\"JUSTIFY\"><span style=\"font-family: Arial, sans-serif;\">La primera decisi\u00f3n tomada por la clase obrera fue la de crear un plan de trabajo compuesto de cuatro l\u00edneas estrat\u00e9gicas. Las mismas fueron dadas a conocer por el ministro del Poder Popular del Proceso Social para el Trabajo, Oswaldo Vera. <\/span><\/p>\n<ol>\n<li>\n<p align=\"JUSTIFY\"><span style=\"font-family: Arial, sans-serif;\">La primera de estas acciones es la movilizaci\u00f3n en rechazo a la Ley de Amnist\u00eda que impulsa la derecha desde la Asamblea Nacional.\u00bbLos trabajadores, la clase obrera, vamos a rodear la Asamblea Nacional para enfrentar en la calle esta Ley con un debate amplio\u00bb, expres\u00f3 Vera, quien convoc\u00f3 al pueblo a impulsar el debate sobre este proyecto de ley en \u00abcada estado del pa\u00eds, en cada f\u00e1brica\u00bb.<\/span><\/p>\n<\/li>\n<li>\n<p align=\"JUSTIFY\"><span style=\"font-family: Arial, sans-serif;\">La segunda l\u00ednea se basa en el compromiso de los trabajadores en apoyar las acciones econ\u00f3micas fijadas por el presidente Nicol\u00e1s Maduro el pasado mi\u00e9rcoles. <\/span><\/p>\n<\/li>\n<li>\n<p align=\"JUSTIFY\"><span style=\"font-family: Arial, sans-serif;\">Trabajo continuo para garantizar los modelos de producci\u00f3n de productos y su distribuci\u00f3n. \u00abLos trabajadores vamos a garantizar la vigilancia de distribuci\u00f3n de los productos, y que estos lleguen a cada uno de los centros de venta\u00bb, dijo.<\/span><\/p>\n<\/li>\n<li>\n<p align=\"JUSTIFY\"><span style=\"font-family: Arial, sans-serif;\">Por \u00faltimo, Vera indic\u00f3 que el Consejo Presidencial de la Clase Obrera se unir\u00e1 a la convocatoria del presidente Nicol\u00e1s Maduro y el Congreso de la Patria. \u00abSer\u00e1 desde este consejo donde se recoja el conjunto de planteamientos, y as\u00ed asumiremos la conducci\u00f3n y planificaci\u00f3n\u00bb.<\/span><\/p>\n<\/li>\n<\/ol>\n<p align=\"JUSTIFY\"><span style=\"color: #000000;\"><span style=\"font-family: Arial, sans-serif;\">Redacci\u00f3n: Carlos Palacios<\/span><\/span><\/p>\n","protected":false},"excerpt":{"rendered":"<p>El 20 de Febrero, en el parque Ezequiel Zamora, \u201cEl Calvario\u201d, el pueblo de forma decidida se manifest\u00f3 en defensa de las conquistas sociales alcanzadas durante los 17 a\u00f1os de Revoluci\u00f3n.<\/p>\n","protected":false},"author":25,"featured_media":4814,"comment_status":"closed","ping_status":"closed","sticky":false,"template":"","format":"standard","meta":{"footnotes":""},"categories":[82],"tags":[],"yoast_head":"<!-- This site is optimized with the Yoast SEO plugin v22.5 - https:\/\/yoast.com\/wordpress\/plugins\/seo\/ -->\n<title>Congreso de la Patria Obrera defiende sus conquistas laborales en la calle - MPPPST<\/title>\n<meta name=\"robots\" content=\"index, follow, max-snippet:-1, max-image-preview:large, max-video-preview:-1\" \/>\n<link rel=\"canonical\" href=\"https:\/\/www.mpppst.gob.ve\/mpppstweb\/index.php\/2016\/02\/21\/congreso-de-la-patria-obrera-defiende-sus-conquistas-laborales-en-la-calle\/\" \/>\n<meta property=\"og:locale\" content=\"es_ES\" \/>\n<meta property=\"og:type\" content=\"article\" \/>\n<meta property=\"og:title\" content=\"Congreso de la Patria Obrera defiende sus conquistas laborales en la calle - MPPPST\" \/>\n<meta property=\"og:description\" content=\"El 20 de Febrero, en el parque Ezequiel Zamora, \u201cEl Calvario\u201d, el pueblo de forma decidida se manifest\u00f3 en defensa de las conquistas sociales alcanzadas durante los 17 a\u00f1os de Revoluci\u00f3n.\" \/>\n<meta property=\"og:url\" content=\"https:\/\/www.mpppst.gob.ve\/mpppstweb\/index.php\/2016\/02\/21\/congreso-de-la-patria-obrera-defiende-sus-conquistas-laborales-en-la-calle\/\" \/>\n<meta property=\"og:site_name\" content=\"MPPPST\" \/>\n<meta property=\"article:published_time\" content=\"2016-02-21T15:20:30+00:00\" \/>\n<meta property=\"article:modified_time\" content=\"2016-07-01T18:25:51+00:00\" \/>\n<meta name=\"author\" content=\"MPPPST Prensa\" \/>\n<meta name=\"twitter:card\" content=\"summary_large_image\" \/>\n<meta name=\"twitter:label1\" content=\"Escrito por\" \/>\n\t<meta name=\"twitter:data1\" content=\"MPPPST Prensa\" \/>\n\t<meta name=\"twitter:label2\" content=\"Tiempo de lectura\" \/>\n\t<meta name=\"twitter:data2\" content=\"4 minutos\" \/>\n<script type=\"application\/ld+json\" class=\"yoast-schema-graph\">{\"@context\":\"https:\/\/schema.org\",\"@graph\":[{\"@type\":\"Article\",\"@id\":\"https:\/\/www.mpppst.gob.ve\/mpppstweb\/index.php\/2016\/02\/21\/congreso-de-la-patria-obrera-defiende-sus-conquistas-laborales-en-la-calle\/#article\",\"isPartOf\":{\"@id\":\"https:\/\/www.mpppst.gob.ve\/mpppstweb\/index.php\/2016\/02\/21\/congreso-de-la-patria-obrera-defiende-sus-conquistas-laborales-en-la-calle\/\"},\"author\":{\"name\":\"MPPPST Prensa\",\"@id\":\"https:\/\/www.mpppst.gob.ve\/mpppstweb\/#\/schema\/person\/fc187ee8ead412bd4c9304b62f900ea4\"},\"headline\":\"Congreso de la Patria Obrera defiende sus conquistas laborales en la calle\",\"datePublished\":\"2016-02-21T15:20:30+00:00\",\"dateModified\":\"2016-07-01T18:25:51+00:00\",\"mainEntityOfPage\":{\"@id\":\"https:\/\/www.mpppst.gob.ve\/mpppstweb\/index.php\/2016\/02\/21\/congreso-de-la-patria-obrera-defiende-sus-conquistas-laborales-en-la-calle\/\"},\"wordCount\":838,\"publisher\":{\"@id\":\"https:\/\/www.mpppst.gob.ve\/mpppstweb\/#organization\"},\"image\":{\"@id\":\"https:\/\/www.mpppst.gob.ve\/mpppstweb\/index.php\/2016\/02\/21\/congreso-de-la-patria-obrera-defiende-sus-conquistas-laborales-en-la-calle\/#primaryimage\"},\"thumbnailUrl\":\"\",\"articleSection\":[\"Gobierno Nacional\"],\"inLanguage\":\"es\"},{\"@type\":\"WebPage\",\"@id\":\"https:\/\/www.mpppst.gob.ve\/mpppstweb\/index.php\/2016\/02\/21\/congreso-de-la-patria-obrera-defiende-sus-conquistas-laborales-en-la-calle\/\",\"url\":\"https:\/\/www.mpppst.gob.ve\/mpppstweb\/index.php\/2016\/02\/21\/congreso-de-la-patria-obrera-defiende-sus-conquistas-laborales-en-la-calle\/\",\"name\":\"Congreso de la Patria Obrera defiende sus conquistas laborales en la calle - MPPPST\",\"isPartOf\":{\"@id\":\"https:\/\/www.mpppst.gob.ve\/mpppstweb\/#website\"},\"primaryImageOfPage\":{\"@id\":\"https:\/\/www.mpppst.gob.ve\/mpppstweb\/index.php\/2016\/02\/21\/congreso-de-la-patria-obrera-defiende-sus-conquistas-laborales-en-la-calle\/#primaryimage\"},\"image\":{\"@id\":\"https:\/\/www.mpppst.gob.ve\/mpppstweb\/index.php\/2016\/02\/21\/congreso-de-la-patria-obrera-defiende-sus-conquistas-laborales-en-la-calle\/#primaryimage\"},\"thumbnailUrl\":\"\",\"datePublished\":\"2016-02-21T15:20:30+00:00\",\"dateModified\":\"2016-07-01T18:25:51+00:00\",\"breadcrumb\":{\"@id\":\"https:\/\/www.mpppst.gob.ve\/mpppstweb\/index.php\/2016\/02\/21\/congreso-de-la-patria-obrera-defiende-sus-conquistas-laborales-en-la-calle\/#breadcrumb\"},\"inLanguage\":\"es\",\"potentialAction\":[{\"@type\":\"ReadAction\",\"target\":[\"https:\/\/www.mpppst.gob.ve\/mpppstweb\/index.php\/2016\/02\/21\/congreso-de-la-patria-obrera-defiende-sus-conquistas-laborales-en-la-calle\/\"]}]},{\"@type\":\"ImageObject\",\"inLanguage\":\"es\",\"@id\":\"https:\/\/www.mpppst.gob.ve\/mpppstweb\/index.php\/2016\/02\/21\/congreso-de-la-patria-obrera-defiende-sus-conquistas-laborales-en-la-calle\/#primaryimage\",\"url\":\"\",\"contentUrl\":\"\"},{\"@type\":\"BreadcrumbList\",\"@id\":\"https:\/\/www.mpppst.gob.ve\/mpppstweb\/index.php\/2016\/02\/21\/congreso-de-la-patria-obrera-defiende-sus-conquistas-laborales-en-la-calle\/#breadcrumb\",\"itemListElement\":[{\"@type\":\"ListItem\",\"position\":1,\"name\":\"Home\",\"item\":\"https:\/\/www.mpppst.gob.ve\/mpppstweb\/\"},{\"@type\":\"ListItem\",\"position\":2,\"name\":\"Congreso de la Patria Obrera defiende sus conquistas laborales en la calle\"}]},{\"@type\":\"WebSite\",\"@id\":\"https:\/\/www.mpppst.gob.ve\/mpppstweb\/#website\",\"url\":\"https:\/\/www.mpppst.gob.ve\/mpppstweb\/\",\"name\":\"MPPPST\",\"description\":\"Ministerio del Poder Popular para el Proceso Social de Trabajo\",\"publisher\":{\"@id\":\"https:\/\/www.mpppst.gob.ve\/mpppstweb\/#organization\"},\"potentialAction\":[{\"@type\":\"SearchAction\",\"target\":{\"@type\":\"EntryPoint\",\"urlTemplate\":\"https:\/\/www.mpppst.gob.ve\/mpppstweb\/?s={search_term_string}\"},\"query-input\":\"required name=search_term_string\"}],\"inLanguage\":\"es\"},{\"@type\":\"Organization\",\"@id\":\"https:\/\/www.mpppst.gob.ve\/mpppstweb\/#organization\",\"name\":\"mpppst\",\"url\":\"https:\/\/www.mpppst.gob.ve\/mpppstweb\/\",\"logo\":{\"@type\":\"ImageObject\",\"inLanguage\":\"es\",\"@id\":\"https:\/\/www.mpppst.gob.ve\/mpppstweb\/#\/schema\/logo\/image\/\",\"url\":\"https:\/\/www.mpppst.gob.ve\/mpppstweb\/wp-content\/uploads\/2025\/07\/cropped-cropped-g910.png\",\"contentUrl\":\"https:\/\/www.mpppst.gob.ve\/mpppstweb\/wp-content\/uploads\/2025\/07\/cropped-cropped-g910.png\",\"width\":1080,\"height\":241,\"caption\":\"mpppst\"},\"image\":{\"@id\":\"https:\/\/www.mpppst.gob.ve\/mpppstweb\/#\/schema\/logo\/image\/\"}},{\"@type\":\"Person\",\"@id\":\"https:\/\/www.mpppst.gob.ve\/mpppstweb\/#\/schema\/person\/fc187ee8ead412bd4c9304b62f900ea4\",\"name\":\"MPPPST Prensa\",\"url\":\"https:\/\/www.mpppst.gob.ve\/mpppstweb\/index.php\/author\/prensa-mpppst\/\"}]}<\/script>\n<!-- \/ Yoast SEO plugin. -->","yoast_head_json":{"title":"Congreso de la Patria Obrera defiende sus conquistas laborales en la calle - MPPPST","robots":{"index":"index","follow":"follow","max-snippet":"max-snippet:-1","max-image-preview":"max-image-preview:large","max-video-preview":"max-video-preview:-1"},"canonical":"https:\/\/www.mpppst.gob.ve\/mpppstweb\/index.php\/2016\/02\/21\/congreso-de-la-patria-obrera-defiende-sus-conquistas-laborales-en-la-calle\/","og_locale":"es_ES","og_type":"article","og_title":"Congreso de la Patria Obrera defiende sus conquistas laborales en la calle - MPPPST","og_description":"El 20 de Febrero, en el parque Ezequiel Zamora, \u201cEl Calvario\u201d, el pueblo de forma decidida se manifest\u00f3 en defensa de las conquistas sociales alcanzadas durante los 17 a\u00f1os de Revoluci\u00f3n.","og_url":"https:\/\/www.mpppst.gob.ve\/mpppstweb\/index.php\/2016\/02\/21\/congreso-de-la-patria-obrera-defiende-sus-conquistas-laborales-en-la-calle\/","og_site_name":"MPPPST","article_published_time":"2016-02-21T15:20:30+00:00","article_modified_time":"2016-07-01T18:25:51+00:00","author":"MPPPST Prensa","twitter_card":"summary_large_image","twitter_misc":{"Escrito por":"MPPPST Prensa","Tiempo de lectura":"4 minutos"},"schema":{"@context":"https:\/\/schema.org","@graph":[{"@type":"Article","@id":"https:\/\/www.mpppst.gob.ve\/mpppstweb\/index.php\/2016\/02\/21\/congreso-de-la-patria-obrera-defiende-sus-conquistas-laborales-en-la-calle\/#article","isPartOf":{"@id":"https:\/\/www.mpppst.gob.ve\/mpppstweb\/index.php\/2016\/02\/21\/congreso-de-la-patria-obrera-defiende-sus-conquistas-laborales-en-la-calle\/"},"author":{"name":"MPPPST Prensa","@id":"https:\/\/www.mpppst.gob.ve\/mpppstweb\/#\/schema\/person\/fc187ee8ead412bd4c9304b62f900ea4"},"headline":"Congreso de la Patria Obrera defiende sus conquistas laborales en la calle","datePublished":"2016-02-21T15:20:30+00:00","dateModified":"2016-07-01T18:25:51+00:00","mainEntityOfPage":{"@id":"https:\/\/www.mpppst.gob.ve\/mpppstweb\/index.php\/2016\/02\/21\/congreso-de-la-patria-obrera-defiende-sus-conquistas-laborales-en-la-calle\/"},"wordCount":838,"publisher":{"@id":"https:\/\/www.mpppst.gob.ve\/mpppstweb\/#organization"},"image":{"@id":"https:\/\/www.mpppst.gob.ve\/mpppstweb\/index.php\/2016\/02\/21\/congreso-de-la-patria-obrera-defiende-sus-conquistas-laborales-en-la-calle\/#primaryimage"},"thumbnailUrl":"","articleSection":["Gobierno Nacional"],"inLanguage":"es"},{"@type":"WebPage","@id":"https:\/\/www.mpppst.gob.ve\/mpppstweb\/index.php\/2016\/02\/21\/congreso-de-la-patria-obrera-defiende-sus-conquistas-laborales-en-la-calle\/","url":"https:\/\/www.mpppst.gob.ve\/mpppstweb\/index.php\/2016\/02\/21\/congreso-de-la-patria-obrera-defiende-sus-conquistas-laborales-en-la-calle\/","name":"Congreso de la Patria Obrera defiende sus conquistas laborales en la calle - MPPPST","isPartOf":{"@id":"https:\/\/www.mpppst.gob.ve\/mpppstweb\/#website"},"primaryImageOfPage":{"@id":"https:\/\/www.mpppst.gob.ve\/mpppstweb\/index.php\/2016\/02\/21\/congreso-de-la-patria-obrera-defiende-sus-conquistas-laborales-en-la-calle\/#primaryimage"},"image":{"@id":"https:\/\/www.mpppst.gob.ve\/mpppstweb\/index.php\/2016\/02\/21\/congreso-de-la-patria-obrera-defiende-sus-conquistas-laborales-en-la-calle\/#primaryimage"},"thumbnailUrl":"","datePublished":"2016-02-21T15:20:30+00:00","dateModified":"2016-07-01T18:25:51+00:00","breadcrumb":{"@id":"https:\/\/www.mpppst.gob.ve\/mpppstweb\/index.php\/2016\/02\/21\/congreso-de-la-patria-obrera-defiende-sus-conquistas-laborales-en-la-calle\/#breadcrumb"},"inLanguage":"es","potentialAction":[{"@type":"ReadAction","target":["https:\/\/www.mpppst.gob.ve\/mpppstweb\/index.php\/2016\/02\/21\/congreso-de-la-patria-obrera-defiende-sus-conquistas-laborales-en-la-calle\/"]}]},{"@type":"ImageObject","inLanguage":"es","@id":"https:\/\/www.mpppst.gob.ve\/mpppstweb\/index.php\/2016\/02\/21\/congreso-de-la-patria-obrera-defiende-sus-conquistas-laborales-en-la-calle\/#primaryimage","url":"","contentUrl":""},{"@type":"BreadcrumbList","@id":"https:\/\/www.mpppst.gob.ve\/mpppstweb\/index.php\/2016\/02\/21\/congreso-de-la-patria-obrera-defiende-sus-conquistas-laborales-en-la-calle\/#breadcrumb","itemListElement":[{"@type":"ListItem","position":1,"name":"Home","item":"https:\/\/www.mpppst.gob.ve\/mpppstweb\/"},{"@type":"ListItem","position":2,"name":"Congreso de la Patria Obrera defiende sus conquistas laborales en la calle"}]},{"@type":"WebSite","@id":"https:\/\/www.mpppst.gob.ve\/mpppstweb\/#website","url":"https:\/\/www.mpppst.gob.ve\/mpppstweb\/","name":"MPPPST","description":"Ministerio del Poder Popular para el Proceso Social de Trabajo","publisher":{"@id":"https:\/\/www.mpppst.gob.ve\/mpppstweb\/#organization"},"potentialAction":[{"@type":"SearchAction","target":{"@type":"EntryPoint","urlTemplate":"https:\/\/www.mpppst.gob.ve\/mpppstweb\/?s={search_term_string}"},"query-input":"required name=search_term_string"}],"inLanguage":"es"},{"@type":"Organization","@id":"https:\/\/www.mpppst.gob.ve\/mpppstweb\/#organization","name":"mpppst","url":"https:\/\/www.mpppst.gob.ve\/mpppstweb\/","logo":{"@type":"ImageObject","inLanguage":"es","@id":"https:\/\/www.mpppst.gob.ve\/mpppstweb\/#\/schema\/logo\/image\/","url":"https:\/\/www.mpppst.gob.ve\/mpppstweb\/wp-content\/uploads\/2025\/07\/cropped-cropped-g910.png","contentUrl":"https:\/\/www.mpppst.gob.ve\/mpppstweb\/wp-content\/uploads\/2025\/07\/cropped-cropped-g910.png","width":1080,"height":241,"caption":"mpppst"},"image":{"@id":"https:\/\/www.mpppst.gob.ve\/mpppstweb\/#\/schema\/logo\/image\/"}},{"@type":"Person","@id":"https:\/\/www.mpppst.gob.ve\/mpppstweb\/#\/schema\/person\/fc187ee8ead412bd4c9304b62f900ea4","name":"MPPPST Prensa","url":"https:\/\/www.mpppst.gob.ve\/mpppstweb\/index.php\/author\/prensa-mpppst\/"}]}},"_links":{"self":[{"href":"https:\/\/www.mpppst.gob.ve\/mpppstweb\/index.php\/wp-json\/wp\/v2\/posts\/4810"}],"collection":[{"href":"https:\/\/www.mpppst.gob.ve\/mpppstweb\/index.php\/wp-json\/wp\/v2\/posts"}],"about":[{"href":"https:\/\/www.mpppst.gob.ve\/mpppstweb\/index.php\/wp-json\/wp\/v2\/types\/post"}],"author":[{"embeddable":true,"href":"https:\/\/www.mpppst.gob.ve\/mpppstweb\/index.php\/wp-json\/wp\/v2\/users\/25"}],"replies":[{"embeddable":true,"href":"https:\/\/www.mpppst.gob.ve\/mpppstweb\/index.php\/wp-json\/wp\/v2\/comments?post=4810"}],"version-history":[{"count":1,"href":"https:\/\/www.mpppst.gob.ve\/mpppstweb\/index.php\/wp-json\/wp\/v2\/posts\/4810\/revisions"}],"predecessor-version":[{"id":7033,"href":"https:\/\/www.mpppst.gob.ve\/mpppstweb\/index.php\/wp-json\/wp\/v2\/posts\/4810\/revisions\/7033"}],"wp:featuredmedia":[{"embeddable":true,"href":"https:\/\/www.mpppst.gob.ve\/mpppstweb\/index.php\/wp-json\/"}],"wp:attachment":[{"href":"https:\/\/www.mpppst.gob.ve\/mpppstweb\/index.php\/wp-json\/wp\/v2\/media?parent=4810"}],"wp:term":[{"taxonomy":"category","embeddable":true,"href":"https:\/\/www.mpppst.gob.ve\/mpppstweb\/index.php\/wp-json\/wp\/v2\/categories?post=4810"},{"taxonomy":"post_tag","embeddable":true,"href":"https:\/\/www.mpppst.gob.ve\/mpppstweb\/index.php\/wp-json\/wp\/v2\/tags?post=4810"}],"curies":[{"name":"wp","href":"https:\/\/api.w.org\/{rel}","templated":true}]}}