{"id":4822,"date":"2016-02-22T11:29:45","date_gmt":"2016-02-22T11:29:45","guid":{"rendered":"http:\/\/www.mpppst.gob.ve\/mpppstweb\/?p=4822"},"modified":"2016-07-20T13:39:18","modified_gmt":"2016-07-20T13:39:18","slug":"la-clase-trabajadora-esta-comprometida-con-la-productividad-del-pais","status":"publish","type":"post","link":"https:\/\/www.mpppst.gob.ve\/mpppstweb\/index.php\/2016\/02\/22\/la-clase-trabajadora-esta-comprometida-con-la-productividad-del-pais\/","title":{"rendered":"La clase trabajadora est\u00e1 comprometida con la productividad del pa\u00eds"},"content":{"rendered":"<p>Correo del Orinoco. El coordinador general de la Central Bolivariana de Trabajadores, Carlos L\u00f3pez, asegur\u00f3 este lunes que la clase trabajadora est\u00e1 comprometida con la productividad del pa\u00eds y las iniciativas del Gobierno Bolivariano para combatir la guerra econ\u00f3mica.<\/p>\n<p>En este sentido, anunci\u00f3 que este lunes se instala en el estado Zulia, el encuentro nacional de trabajadoras y trabajadores de las empresas recuperadas por el Estado, para coordinar el salto de la producci\u00f3n que se requiere para atender las necesidades del pueblo y romper la dependencia de la renta petrolera.<\/p>\n<p>\u201cSi tenemos un pa\u00eds soberano que puede aumentar la producci\u00f3n y no depender exclusivamente de la renta petrolera para el desarrollo, indudablemente estamos eliminando cualquier posibilidad de desarrollo de una guerra econ\u00f3mica. Aunque en lo t\u00e1ctico y lo inmediato, la guerra econ\u00f3mica se derrota con las medidas contundentes que se han venido dando, como el ataque a la corrupci\u00f3n\u201d, dijo.<\/p>\n<p><strong>TRABAJADORES PROTEGIDOS<\/strong><\/p>\n<p>Destac\u00f3 L\u00f3pez, durante su participaci\u00f3n en el programa El Desayuno, transmitido por Venezolana de Televisi\u00f3n, que s\u00f3lo en Revoluci\u00f3n es posible que la masa trabajadora est\u00e9 protegida en tiempos de crisis: se mantiene el empleo, aumenta el salario, se garantizan los beneficios; mientras que en otros pa\u00edses se desprotege al trabajador.<\/p>\n<p>Record\u00f3 que con el reciente aumento anunciado por el presidente de la Rep\u00fablica Bolivariana de Venezuela, Nicol\u00e1s Maduro, los trabajadores no amparados en la contrataci\u00f3n colectiva recibir\u00e1n un ingreso m\u00ednimo de 24 mil 800 bol\u00edvares mensuales.<\/p>\n<p>Aproximadamente cuatro millones de trabajadores en Venezuela est\u00e1n amparados por convenciones colectivas, por tanto cuentan con una protecci\u00f3n m\u00e1s amplia y que se ha venido renovando gracias a la disposici\u00f3n del Gobierno nacional.<\/p>\n<p>\u201cLa gente puede decir que el salario m\u00ednimo no es suficiente, pero lo ser\u00e1 en la medida que se apliquen las acciones emprendidas por el Gobierno\u201d, dijo apuntando algunas como la mejora del sistema de distribuci\u00f3n de alimentos a trav\u00e9s de la red p\u00fablica.<\/p>\n<p><strong>TRABAJADORES NO SON GUARIMBEROS<\/strong><\/p>\n<p>Asimismo enfatiz\u00f3 L\u00f3pez que a pesar de los embates de la guerra econ\u00f3mica que ha tocado a todas las familias venezolanas, los trabajadores se han mantenido en pie de lucha sin caer en las provocaciones de la oposici\u00f3n.<\/p>\n<p>Indic\u00f3 que la clase trabajadora no se ha plegado a los llamado de guarimbas o acciones desestabilizadoras de la ultraderecha, sino que m\u00e1s bien se ha mantenido trabajando por la producci\u00f3n nacional.<\/p>\n<p>En este contexto inform\u00f3 que en la Central Bolivariana se est\u00e1 preparando un plan para activar la conciencia de la masa trabajadora y no caiga en provocaciones de la derecha.<\/p>\n<p><strong>PARTICIPACI\u00d3N EN LA ADMINISTRACI\u00d3N<\/strong><\/p>\n<p>Una de las metas del movimiento de trabajadores es impulsar la participaci\u00f3n de la clase obrera en la direcci\u00f3n de las empresas b\u00e1sicas, con conciencia productiva, siendo activo en la planificaci\u00f3n, administraci\u00f3n y supervisi\u00f3n, como una v\u00eda para potenciar las empresas recuperadas que no han obtenido resultados significativos a\u00fan.<\/p>\n<p>Para concluir, L\u00f3pez record\u00f3 que el pr\u00f3ximo lunes inicia el Congreso de la Patria de la clase obrera, con 38 congresos estadales o sectoriales, que se traducir\u00e1n en unas mil 900 asambleas durante dos meses de discusi\u00f3n, que terminar\u00e1 el 8 de abril, a pocos d\u00edas antes del gran consejo nacional.<\/p>\n<p>&nbsp;<\/p>\n","protected":false},"excerpt":{"rendered":"<p>El coordinador general de la Central Bolivariana de Trabajadores, Carlos L\u00f3pez, asegur\u00f3 este lunes que la clase trabajadora est\u00e1 comprometida con la productividad del pa\u00eds.<\/p>\n","protected":false},"author":25,"featured_media":4823,"comment_status":"closed","ping_status":"closed","sticky":false,"template":"","format":"standard","meta":{"footnotes":""},"categories":[82],"tags":[],"yoast_head":"<!-- This site is optimized with the Yoast SEO plugin v22.5 - https:\/\/yoast.com\/wordpress\/plugins\/seo\/ -->\n<title>La clase trabajadora est\u00e1 comprometida con la productividad del pa\u00eds - MPPPST<\/title>\n<meta name=\"robots\" content=\"index, follow, max-snippet:-1, max-image-preview:large, max-video-preview:-1\" \/>\n<link rel=\"canonical\" href=\"https:\/\/www.mpppst.gob.ve\/mpppstweb\/index.php\/2016\/02\/22\/la-clase-trabajadora-esta-comprometida-con-la-productividad-del-pais\/\" \/>\n<meta property=\"og:locale\" content=\"es_ES\" \/>\n<meta property=\"og:type\" content=\"article\" \/>\n<meta property=\"og:title\" content=\"La clase trabajadora est\u00e1 comprometida con la productividad del pa\u00eds - MPPPST\" \/>\n<meta property=\"og:description\" content=\"El coordinador general de la Central Bolivariana de Trabajadores, Carlos L\u00f3pez, asegur\u00f3 este lunes que la clase trabajadora est\u00e1 comprometida con la productividad del pa\u00eds.\" \/>\n<meta property=\"og:url\" content=\"https:\/\/www.mpppst.gob.ve\/mpppstweb\/index.php\/2016\/02\/22\/la-clase-trabajadora-esta-comprometida-con-la-productividad-del-pais\/\" \/>\n<meta property=\"og:site_name\" content=\"MPPPST\" \/>\n<meta property=\"article:published_time\" content=\"2016-02-22T11:29:45+00:00\" \/>\n<meta property=\"article:modified_time\" content=\"2016-07-20T13:39:18+00:00\" \/>\n<meta property=\"og:image\" content=\"https:\/\/www.mpppst.gob.ve\/mpppstweb\/wp-content\/uploads\/2016\/02\/Foto-Carlos-Lopez.jpg\" \/>\n\t<meta property=\"og:image:width\" content=\"600\" \/>\n\t<meta property=\"og:image:height\" content=\"409\" \/>\n\t<meta property=\"og:image:type\" content=\"image\/jpeg\" \/>\n<meta name=\"author\" content=\"MPPPST Prensa\" \/>\n<meta name=\"twitter:card\" content=\"summary_large_image\" \/>\n<meta name=\"twitter:label1\" content=\"Escrito por\" \/>\n\t<meta name=\"twitter:data1\" content=\"MPPPST Prensa\" \/>\n\t<meta name=\"twitter:label2\" content=\"Tiempo de lectura\" \/>\n\t<meta name=\"twitter:data2\" content=\"3 minutos\" \/>\n<script type=\"application\/ld+json\" class=\"yoast-schema-graph\">{\"@context\":\"https:\/\/schema.org\",\"@graph\":[{\"@type\":\"Article\",\"@id\":\"https:\/\/www.mpppst.gob.ve\/mpppstweb\/index.php\/2016\/02\/22\/la-clase-trabajadora-esta-comprometida-con-la-productividad-del-pais\/#article\",\"isPartOf\":{\"@id\":\"https:\/\/www.mpppst.gob.ve\/mpppstweb\/index.php\/2016\/02\/22\/la-clase-trabajadora-esta-comprometida-con-la-productividad-del-pais\/\"},\"author\":{\"name\":\"MPPPST Prensa\",\"@id\":\"https:\/\/www.mpppst.gob.ve\/mpppstweb\/#\/schema\/person\/fc187ee8ead412bd4c9304b62f900ea4\"},\"headline\":\"La clase trabajadora est\u00e1 comprometida con la productividad del pa\u00eds\",\"datePublished\":\"2016-02-22T11:29:45+00:00\",\"dateModified\":\"2016-07-20T13:39:18+00:00\",\"mainEntityOfPage\":{\"@id\":\"https:\/\/www.mpppst.gob.ve\/mpppstweb\/index.php\/2016\/02\/22\/la-clase-trabajadora-esta-comprometida-con-la-productividad-del-pais\/\"},\"wordCount\":581,\"publisher\":{\"@id\":\"https:\/\/www.mpppst.gob.ve\/mpppstweb\/#organization\"},\"image\":{\"@id\":\"https:\/\/www.mpppst.gob.ve\/mpppstweb\/index.php\/2016\/02\/22\/la-clase-trabajadora-esta-comprometida-con-la-productividad-del-pais\/#primaryimage\"},\"thumbnailUrl\":\"https:\/\/www.mpppst.gob.ve\/mpppstweb\/wp-content\/uploads\/2016\/02\/Foto-Carlos-Lopez.jpg\",\"articleSection\":[\"Gobierno Nacional\"],\"inLanguage\":\"es\"},{\"@type\":\"WebPage\",\"@id\":\"https:\/\/www.mpppst.gob.ve\/mpppstweb\/index.php\/2016\/02\/22\/la-clase-trabajadora-esta-comprometida-con-la-productividad-del-pais\/\",\"url\":\"https:\/\/www.mpppst.gob.ve\/mpppstweb\/index.php\/2016\/02\/22\/la-clase-trabajadora-esta-comprometida-con-la-productividad-del-pais\/\",\"name\":\"La clase trabajadora est\u00e1 comprometida con la productividad del pa\u00eds - MPPPST\",\"isPartOf\":{\"@id\":\"https:\/\/www.mpppst.gob.ve\/mpppstweb\/#website\"},\"primaryImageOfPage\":{\"@id\":\"https:\/\/www.mpppst.gob.ve\/mpppstweb\/index.php\/2016\/02\/22\/la-clase-trabajadora-esta-comprometida-con-la-productividad-del-pais\/#primaryimage\"},\"image\":{\"@id\":\"https:\/\/www.mpppst.gob.ve\/mpppstweb\/index.php\/2016\/02\/22\/la-clase-trabajadora-esta-comprometida-con-la-productividad-del-pais\/#primaryimage\"},\"thumbnailUrl\":\"https:\/\/www.mpppst.gob.ve\/mpppstweb\/wp-content\/uploads\/2016\/02\/Foto-Carlos-Lopez.jpg\",\"datePublished\":\"2016-02-22T11:29:45+00:00\",\"dateModified\":\"2016-07-20T13:39:18+00:00\",\"breadcrumb\":{\"@id\":\"https:\/\/www.mpppst.gob.ve\/mpppstweb\/index.php\/2016\/02\/22\/la-clase-trabajadora-esta-comprometida-con-la-productividad-del-pais\/#breadcrumb\"},\"inLanguage\":\"es\",\"potentialAction\":[{\"@type\":\"ReadAction\",\"target\":[\"https:\/\/www.mpppst.gob.ve\/mpppstweb\/index.php\/2016\/02\/22\/la-clase-trabajadora-esta-comprometida-con-la-productividad-del-pais\/\"]}]},{\"@type\":\"ImageObject\",\"inLanguage\":\"es\",\"@id\":\"https:\/\/www.mpppst.gob.ve\/mpppstweb\/index.php\/2016\/02\/22\/la-clase-trabajadora-esta-comprometida-con-la-productividad-del-pais\/#primaryimage\",\"url\":\"https:\/\/www.mpppst.gob.ve\/mpppstweb\/wp-content\/uploads\/2016\/02\/Foto-Carlos-Lopez.jpg\",\"contentUrl\":\"https:\/\/www.mpppst.gob.ve\/mpppstweb\/wp-content\/uploads\/2016\/02\/Foto-Carlos-Lopez.jpg\",\"width\":600,\"height\":409},{\"@type\":\"BreadcrumbList\",\"@id\":\"https:\/\/www.mpppst.gob.ve\/mpppstweb\/index.php\/2016\/02\/22\/la-clase-trabajadora-esta-comprometida-con-la-productividad-del-pais\/#breadcrumb\",\"itemListElement\":[{\"@type\":\"ListItem\",\"position\":1,\"name\":\"Home\",\"item\":\"https:\/\/www.mpppst.gob.ve\/mpppstweb\/\"},{\"@type\":\"ListItem\",\"position\":2,\"name\":\"La clase trabajadora est\u00e1 comprometida con la productividad del pa\u00eds\"}]},{\"@type\":\"WebSite\",\"@id\":\"https:\/\/www.mpppst.gob.ve\/mpppstweb\/#website\",\"url\":\"https:\/\/www.mpppst.gob.ve\/mpppstweb\/\",\"name\":\"MPPPST\",\"description\":\"Ministerio del Poder Popular para el Proceso Social de Trabajo\",\"publisher\":{\"@id\":\"https:\/\/www.mpppst.gob.ve\/mpppstweb\/#organization\"},\"potentialAction\":[{\"@type\":\"SearchAction\",\"target\":{\"@type\":\"EntryPoint\",\"urlTemplate\":\"https:\/\/www.mpppst.gob.ve\/mpppstweb\/?s={search_term_string}\"},\"query-input\":\"required name=search_term_string\"}],\"inLanguage\":\"es\"},{\"@type\":\"Organization\",\"@id\":\"https:\/\/www.mpppst.gob.ve\/mpppstweb\/#organization\",\"name\":\"mpppst\",\"url\":\"https:\/\/www.mpppst.gob.ve\/mpppstweb\/\",\"logo\":{\"@type\":\"ImageObject\",\"inLanguage\":\"es\",\"@id\":\"https:\/\/www.mpppst.gob.ve\/mpppstweb\/#\/schema\/logo\/image\/\",\"url\":\"https:\/\/www.mpppst.gob.ve\/mpppstweb\/wp-content\/uploads\/2025\/07\/cropped-cropped-g910.png\",\"contentUrl\":\"https:\/\/www.mpppst.gob.ve\/mpppstweb\/wp-content\/uploads\/2025\/07\/cropped-cropped-g910.png\",\"width\":1080,\"height\":241,\"caption\":\"mpppst\"},\"image\":{\"@id\":\"https:\/\/www.mpppst.gob.ve\/mpppstweb\/#\/schema\/logo\/image\/\"}},{\"@type\":\"Person\",\"@id\":\"https:\/\/www.mpppst.gob.ve\/mpppstweb\/#\/schema\/person\/fc187ee8ead412bd4c9304b62f900ea4\",\"name\":\"MPPPST Prensa\",\"url\":\"https:\/\/www.mpppst.gob.ve\/mpppstweb\/index.php\/author\/prensa-mpppst\/\"}]}<\/script>\n<!-- \/ Yoast SEO plugin. -->","yoast_head_json":{"title":"La clase trabajadora est\u00e1 comprometida con la productividad del pa\u00eds - MPPPST","robots":{"index":"index","follow":"follow","max-snippet":"max-snippet:-1","max-image-preview":"max-image-preview:large","max-video-preview":"max-video-preview:-1"},"canonical":"https:\/\/www.mpppst.gob.ve\/mpppstweb\/index.php\/2016\/02\/22\/la-clase-trabajadora-esta-comprometida-con-la-productividad-del-pais\/","og_locale":"es_ES","og_type":"article","og_title":"La clase trabajadora est\u00e1 comprometida con la productividad del pa\u00eds - MPPPST","og_description":"El coordinador general de la Central Bolivariana de Trabajadores, Carlos L\u00f3pez, asegur\u00f3 este lunes que la clase trabajadora est\u00e1 comprometida con la productividad del pa\u00eds.","og_url":"https:\/\/www.mpppst.gob.ve\/mpppstweb\/index.php\/2016\/02\/22\/la-clase-trabajadora-esta-comprometida-con-la-productividad-del-pais\/","og_site_name":"MPPPST","article_published_time":"2016-02-22T11:29:45+00:00","article_modified_time":"2016-07-20T13:39:18+00:00","og_image":[{"width":600,"height":409,"url":"https:\/\/www.mpppst.gob.ve\/mpppstweb\/wp-content\/uploads\/2016\/02\/Foto-Carlos-Lopez.jpg","type":"image\/jpeg"}],"author":"MPPPST Prensa","twitter_card":"summary_large_image","twitter_misc":{"Escrito por":"MPPPST Prensa","Tiempo de lectura":"3 minutos"},"schema":{"@context":"https:\/\/schema.org","@graph":[{"@type":"Article","@id":"https:\/\/www.mpppst.gob.ve\/mpppstweb\/index.php\/2016\/02\/22\/la-clase-trabajadora-esta-comprometida-con-la-productividad-del-pais\/#article","isPartOf":{"@id":"https:\/\/www.mpppst.gob.ve\/mpppstweb\/index.php\/2016\/02\/22\/la-clase-trabajadora-esta-comprometida-con-la-productividad-del-pais\/"},"author":{"name":"MPPPST Prensa","@id":"https:\/\/www.mpppst.gob.ve\/mpppstweb\/#\/schema\/person\/fc187ee8ead412bd4c9304b62f900ea4"},"headline":"La clase trabajadora est\u00e1 comprometida con la productividad del pa\u00eds","datePublished":"2016-02-22T11:29:45+00:00","dateModified":"2016-07-20T13:39:18+00:00","mainEntityOfPage":{"@id":"https:\/\/www.mpppst.gob.ve\/mpppstweb\/index.php\/2016\/02\/22\/la-clase-trabajadora-esta-comprometida-con-la-productividad-del-pais\/"},"wordCount":581,"publisher":{"@id":"https:\/\/www.mpppst.gob.ve\/mpppstweb\/#organization"},"image":{"@id":"https:\/\/www.mpppst.gob.ve\/mpppstweb\/index.php\/2016\/02\/22\/la-clase-trabajadora-esta-comprometida-con-la-productividad-del-pais\/#primaryimage"},"thumbnailUrl":"https:\/\/www.mpppst.gob.ve\/mpppstweb\/wp-content\/uploads\/2016\/02\/Foto-Carlos-Lopez.jpg","articleSection":["Gobierno Nacional"],"inLanguage":"es"},{"@type":"WebPage","@id":"https:\/\/www.mpppst.gob.ve\/mpppstweb\/index.php\/2016\/02\/22\/la-clase-trabajadora-esta-comprometida-con-la-productividad-del-pais\/","url":"https:\/\/www.mpppst.gob.ve\/mpppstweb\/index.php\/2016\/02\/22\/la-clase-trabajadora-esta-comprometida-con-la-productividad-del-pais\/","name":"La clase trabajadora est\u00e1 comprometida con la productividad del pa\u00eds - MPPPST","isPartOf":{"@id":"https:\/\/www.mpppst.gob.ve\/mpppstweb\/#website"},"primaryImageOfPage":{"@id":"https:\/\/www.mpppst.gob.ve\/mpppstweb\/index.php\/2016\/02\/22\/la-clase-trabajadora-esta-comprometida-con-la-productividad-del-pais\/#primaryimage"},"image":{"@id":"https:\/\/www.mpppst.gob.ve\/mpppstweb\/index.php\/2016\/02\/22\/la-clase-trabajadora-esta-comprometida-con-la-productividad-del-pais\/#primaryimage"},"thumbnailUrl":"https:\/\/www.mpppst.gob.ve\/mpppstweb\/wp-content\/uploads\/2016\/02\/Foto-Carlos-Lopez.jpg","datePublished":"2016-02-22T11:29:45+00:00","dateModified":"2016-07-20T13:39:18+00:00","breadcrumb":{"@id":"https:\/\/www.mpppst.gob.ve\/mpppstweb\/index.php\/2016\/02\/22\/la-clase-trabajadora-esta-comprometida-con-la-productividad-del-pais\/#breadcrumb"},"inLanguage":"es","potentialAction":[{"@type":"ReadAction","target":["https:\/\/www.mpppst.gob.ve\/mpppstweb\/index.php\/2016\/02\/22\/la-clase-trabajadora-esta-comprometida-con-la-productividad-del-pais\/"]}]},{"@type":"ImageObject","inLanguage":"es","@id":"https:\/\/www.mpppst.gob.ve\/mpppstweb\/index.php\/2016\/02\/22\/la-clase-trabajadora-esta-comprometida-con-la-productividad-del-pais\/#primaryimage","url":"https:\/\/www.mpppst.gob.ve\/mpppstweb\/wp-content\/uploads\/2016\/02\/Foto-Carlos-Lopez.jpg","contentUrl":"https:\/\/www.mpppst.gob.ve\/mpppstweb\/wp-content\/uploads\/2016\/02\/Foto-Carlos-Lopez.jpg","width":600,"height":409},{"@type":"BreadcrumbList","@id":"https:\/\/www.mpppst.gob.ve\/mpppstweb\/index.php\/2016\/02\/22\/la-clase-trabajadora-esta-comprometida-con-la-productividad-del-pais\/#breadcrumb","itemListElement":[{"@type":"ListItem","position":1,"name":"Home","item":"https:\/\/www.mpppst.gob.ve\/mpppstweb\/"},{"@type":"ListItem","position":2,"name":"La clase trabajadora est\u00e1 comprometida con la productividad del pa\u00eds"}]},{"@type":"WebSite","@id":"https:\/\/www.mpppst.gob.ve\/mpppstweb\/#website","url":"https:\/\/www.mpppst.gob.ve\/mpppstweb\/","name":"MPPPST","description":"Ministerio del Poder Popular para el Proceso Social de Trabajo","publisher":{"@id":"https:\/\/www.mpppst.gob.ve\/mpppstweb\/#organization"},"potentialAction":[{"@type":"SearchAction","target":{"@type":"EntryPoint","urlTemplate":"https:\/\/www.mpppst.gob.ve\/mpppstweb\/?s={search_term_string}"},"query-input":"required name=search_term_string"}],"inLanguage":"es"},{"@type":"Organization","@id":"https:\/\/www.mpppst.gob.ve\/mpppstweb\/#organization","name":"mpppst","url":"https:\/\/www.mpppst.gob.ve\/mpppstweb\/","logo":{"@type":"ImageObject","inLanguage":"es","@id":"https:\/\/www.mpppst.gob.ve\/mpppstweb\/#\/schema\/logo\/image\/","url":"https:\/\/www.mpppst.gob.ve\/mpppstweb\/wp-content\/uploads\/2025\/07\/cropped-cropped-g910.png","contentUrl":"https:\/\/www.mpppst.gob.ve\/mpppstweb\/wp-content\/uploads\/2025\/07\/cropped-cropped-g910.png","width":1080,"height":241,"caption":"mpppst"},"image":{"@id":"https:\/\/www.mpppst.gob.ve\/mpppstweb\/#\/schema\/logo\/image\/"}},{"@type":"Person","@id":"https:\/\/www.mpppst.gob.ve\/mpppstweb\/#\/schema\/person\/fc187ee8ead412bd4c9304b62f900ea4","name":"MPPPST Prensa","url":"https:\/\/www.mpppst.gob.ve\/mpppstweb\/index.php\/author\/prensa-mpppst\/"}]}},"_links":{"self":[{"href":"https:\/\/www.mpppst.gob.ve\/mpppstweb\/index.php\/wp-json\/wp\/v2\/posts\/4822"}],"collection":[{"href":"https:\/\/www.mpppst.gob.ve\/mpppstweb\/index.php\/wp-json\/wp\/v2\/posts"}],"about":[{"href":"https:\/\/www.mpppst.gob.ve\/mpppstweb\/index.php\/wp-json\/wp\/v2\/types\/post"}],"author":[{"embeddable":true,"href":"https:\/\/www.mpppst.gob.ve\/mpppstweb\/index.php\/wp-json\/wp\/v2\/users\/25"}],"replies":[{"embeddable":true,"href":"https:\/\/www.mpppst.gob.ve\/mpppstweb\/index.php\/wp-json\/wp\/v2\/comments?post=4822"}],"version-history":[{"count":1,"href":"https:\/\/www.mpppst.gob.ve\/mpppstweb\/index.php\/wp-json\/wp\/v2\/posts\/4822\/revisions"}],"predecessor-version":[{"id":7034,"href":"https:\/\/www.mpppst.gob.ve\/mpppstweb\/index.php\/wp-json\/wp\/v2\/posts\/4822\/revisions\/7034"}],"wp:featuredmedia":[{"embeddable":true,"href":"https:\/\/www.mpppst.gob.ve\/mpppstweb\/index.php\/wp-json\/wp\/v2\/media\/4823"}],"wp:attachment":[{"href":"https:\/\/www.mpppst.gob.ve\/mpppstweb\/index.php\/wp-json\/wp\/v2\/media?parent=4822"}],"wp:term":[{"taxonomy":"category","embeddable":true,"href":"https:\/\/www.mpppst.gob.ve\/mpppstweb\/index.php\/wp-json\/wp\/v2\/categories?post=4822"},{"taxonomy":"post_tag","embeddable":true,"href":"https:\/\/www.mpppst.gob.ve\/mpppstweb\/index.php\/wp-json\/wp\/v2\/tags?post=4822"}],"curies":[{"name":"wp","href":"https:\/\/api.w.org\/{rel}","templated":true}]}}