{"id":4826,"date":"2016-02-22T11:36:26","date_gmt":"2016-02-22T11:36:26","guid":{"rendered":"http:\/\/www.mpppst.gob.ve\/mpppstweb\/?p=4826"},"modified":"2016-07-20T13:39:00","modified_gmt":"2016-07-20T13:39:00","slug":"vera-la-clase-obrera-tiene-el-compromiso-de-luchar-contra-la-guerra-economica","status":"publish","type":"post","link":"https:\/\/www.mpppst.gob.ve\/mpppstweb\/index.php\/2016\/02\/22\/vera-la-clase-obrera-tiene-el-compromiso-de-luchar-contra-la-guerra-economica\/","title":{"rendered":"Vera: La Clase obrera tiene el compromiso de luchar contra la Guerra Econ\u00f3mica"},"content":{"rendered":"<p style=\"text-align: justify;\">Caracas, 22 de febrero (MPPPST). La clase obrera tiene el compromiso de ponerse al frente en la lucha contra la guerra econ\u00f3mica, garantizando los productos y garantizando su distribuci\u00f3n, pero en particular la vigilancia con la distribuci\u00f3n de los rubros, as\u00ed lo sostuvo el Ministro del Poder Popular para el Proceso Social de Trabajo Oswaldo Vera.<\/p>\n<p style=\"text-align: justify;\">Durante el Congreso de la Patria Obrera que se realiz\u00f3 en el parque Ezequiel Zamora \u201cEl Calvario\u201d en Caracas, Vera sostuvo que la clase obrera organizada debe garantizar no solamente la vigilancia de la distribuci\u00f3n sino garantizar que lleguen los productos que hacen los trabajadores a cada uno de los centros de distribuci\u00f3n.<\/p>\n<p style=\"text-align: justify;\">\u201cHemos entendido que a pesar de los esfuerzos que han hecho un conjunto de empresas como Diana, L\u00e1cteos Los Andes, Venvidrio, que han mejorado la producci\u00f3n, lamentablemente cuando evaluamos el proceso de distribuci\u00f3n vemos que no llega a los sitios fundamentales\u201d, puntualiz\u00f3 Vera.<\/p>\n<p style=\"text-align: justify;\">El ministro destac\u00f3 que desde el Consejo Presidencial de la Clase Obrera se ha planteado la conducci\u00f3n, direcci\u00f3n, gesti\u00f3n y planificaci\u00f3n de un conjunto de empresas que deben estar en manos de los trabajadores para ponerlas a producir, para garantizar que funcionen correctamente.<\/p>\n<p style=\"text-align: justify;\">Acot\u00f3 que desde los trabajadores respaldan las medidas econ\u00f3micas y las acciones que ha tomado el gobierno revolucionario, en defensa del pueblo venezolano. \u201cAgradecemos c\u00f3mo se ha venido defendiendo el valor del trabajo, la estabilidad, el salario, las pensiones como parte de las pol\u00edticas que se han desarrollado\u201d.<\/p>\n<p style=\"text-align: justify;\">Vera, inform\u00f3 que la clase obrera defender\u00e1 en las calles sus conquistas y se manifestar\u00e1 en contra de la Ley de privatizaci\u00f3n que la derecha parlamentaria quiere aprobar en la Asamblea Nacional.<\/p>\n<p style=\"text-align: justify;\">\u201cNos estaremos movilizando para el d\u00eda martes o el d\u00eda jueves, cuando sea presentada esa Ley. La clase obrera vamos a rodear la Asamblea Nacional y vamos enfrentar en las calles esa ley\u201d.<\/p>\n<p style=\"text-align: justify;\">\u00a0Redacci\u00f3n: Carlos Palacios<\/p>\n<p style=\"text-align: justify;\">Fotograf\u00eda: Dellys Landaeta<\/p>\n","protected":false},"excerpt":{"rendered":"<p>La clase obrera tiene el compromiso de ponerse al frente en la lucha contra la guerra econ\u00f3mica, garantizando los productos y garantizando su distribuci\u00f3n.<\/p>\n","protected":false},"author":25,"featured_media":4829,"comment_status":"closed","ping_status":"closed","sticky":false,"template":"","format":"standard","meta":{"footnotes":""},"categories":[82],"tags":[],"yoast_head":"<!-- This site is optimized with the Yoast SEO plugin v22.5 - https:\/\/yoast.com\/wordpress\/plugins\/seo\/ -->\n<title>Vera: La Clase obrera tiene el compromiso de luchar contra la Guerra Econ\u00f3mica - MPPPST<\/title>\n<meta name=\"robots\" content=\"index, follow, max-snippet:-1, max-image-preview:large, max-video-preview:-1\" \/>\n<link rel=\"canonical\" href=\"https:\/\/www.mpppst.gob.ve\/mpppstweb\/index.php\/2016\/02\/22\/vera-la-clase-obrera-tiene-el-compromiso-de-luchar-contra-la-guerra-economica\/\" \/>\n<meta property=\"og:locale\" content=\"es_ES\" \/>\n<meta property=\"og:type\" content=\"article\" \/>\n<meta property=\"og:title\" content=\"Vera: La Clase obrera tiene el compromiso de luchar contra la Guerra Econ\u00f3mica - MPPPST\" \/>\n<meta property=\"og:description\" content=\"La clase obrera tiene el compromiso de ponerse al frente en la lucha contra la guerra econ\u00f3mica, garantizando los productos y garantizando su distribuci\u00f3n.\" \/>\n<meta property=\"og:url\" content=\"https:\/\/www.mpppst.gob.ve\/mpppstweb\/index.php\/2016\/02\/22\/vera-la-clase-obrera-tiene-el-compromiso-de-luchar-contra-la-guerra-economica\/\" \/>\n<meta property=\"og:site_name\" content=\"MPPPST\" \/>\n<meta property=\"article:published_time\" content=\"2016-02-22T11:36:26+00:00\" \/>\n<meta property=\"article:modified_time\" content=\"2016-07-20T13:39:00+00:00\" \/>\n<meta property=\"og:image\" content=\"https:\/\/www.mpppst.gob.ve\/mpppstweb\/wp-content\/uploads\/2016\/02\/Imagen-074.jpg\" \/>\n\t<meta property=\"og:image:width\" content=\"640\" \/>\n\t<meta property=\"og:image:height\" content=\"427\" \/>\n\t<meta property=\"og:image:type\" content=\"image\/jpeg\" \/>\n<meta name=\"author\" content=\"MPPPST Prensa\" \/>\n<meta name=\"twitter:card\" content=\"summary_large_image\" \/>\n<meta name=\"twitter:label1\" content=\"Escrito por\" \/>\n\t<meta name=\"twitter:data1\" content=\"MPPPST Prensa\" \/>\n\t<meta name=\"twitter:label2\" content=\"Tiempo de lectura\" \/>\n\t<meta name=\"twitter:data2\" content=\"2 minutos\" \/>\n<script type=\"application\/ld+json\" class=\"yoast-schema-graph\">{\"@context\":\"https:\/\/schema.org\",\"@graph\":[{\"@type\":\"Article\",\"@id\":\"https:\/\/www.mpppst.gob.ve\/mpppstweb\/index.php\/2016\/02\/22\/vera-la-clase-obrera-tiene-el-compromiso-de-luchar-contra-la-guerra-economica\/#article\",\"isPartOf\":{\"@id\":\"https:\/\/www.mpppst.gob.ve\/mpppstweb\/index.php\/2016\/02\/22\/vera-la-clase-obrera-tiene-el-compromiso-de-luchar-contra-la-guerra-economica\/\"},\"author\":{\"name\":\"MPPPST Prensa\",\"@id\":\"https:\/\/www.mpppst.gob.ve\/mpppstweb\/#\/schema\/person\/fc187ee8ead412bd4c9304b62f900ea4\"},\"headline\":\"Vera: La Clase obrera tiene el compromiso de luchar contra la Guerra Econ\u00f3mica\",\"datePublished\":\"2016-02-22T11:36:26+00:00\",\"dateModified\":\"2016-07-20T13:39:00+00:00\",\"mainEntityOfPage\":{\"@id\":\"https:\/\/www.mpppst.gob.ve\/mpppstweb\/index.php\/2016\/02\/22\/vera-la-clase-obrera-tiene-el-compromiso-de-luchar-contra-la-guerra-economica\/\"},\"wordCount\":347,\"publisher\":{\"@id\":\"https:\/\/www.mpppst.gob.ve\/mpppstweb\/#organization\"},\"image\":{\"@id\":\"https:\/\/www.mpppst.gob.ve\/mpppstweb\/index.php\/2016\/02\/22\/vera-la-clase-obrera-tiene-el-compromiso-de-luchar-contra-la-guerra-economica\/#primaryimage\"},\"thumbnailUrl\":\"https:\/\/www.mpppst.gob.ve\/mpppstweb\/wp-content\/uploads\/2016\/02\/Imagen-074.jpg\",\"articleSection\":[\"Gobierno Nacional\"],\"inLanguage\":\"es\"},{\"@type\":\"WebPage\",\"@id\":\"https:\/\/www.mpppst.gob.ve\/mpppstweb\/index.php\/2016\/02\/22\/vera-la-clase-obrera-tiene-el-compromiso-de-luchar-contra-la-guerra-economica\/\",\"url\":\"https:\/\/www.mpppst.gob.ve\/mpppstweb\/index.php\/2016\/02\/22\/vera-la-clase-obrera-tiene-el-compromiso-de-luchar-contra-la-guerra-economica\/\",\"name\":\"Vera: La Clase obrera tiene el compromiso de luchar contra la Guerra Econ\u00f3mica - MPPPST\",\"isPartOf\":{\"@id\":\"https:\/\/www.mpppst.gob.ve\/mpppstweb\/#website\"},\"primaryImageOfPage\":{\"@id\":\"https:\/\/www.mpppst.gob.ve\/mpppstweb\/index.php\/2016\/02\/22\/vera-la-clase-obrera-tiene-el-compromiso-de-luchar-contra-la-guerra-economica\/#primaryimage\"},\"image\":{\"@id\":\"https:\/\/www.mpppst.gob.ve\/mpppstweb\/index.php\/2016\/02\/22\/vera-la-clase-obrera-tiene-el-compromiso-de-luchar-contra-la-guerra-economica\/#primaryimage\"},\"thumbnailUrl\":\"https:\/\/www.mpppst.gob.ve\/mpppstweb\/wp-content\/uploads\/2016\/02\/Imagen-074.jpg\",\"datePublished\":\"2016-02-22T11:36:26+00:00\",\"dateModified\":\"2016-07-20T13:39:00+00:00\",\"breadcrumb\":{\"@id\":\"https:\/\/www.mpppst.gob.ve\/mpppstweb\/index.php\/2016\/02\/22\/vera-la-clase-obrera-tiene-el-compromiso-de-luchar-contra-la-guerra-economica\/#breadcrumb\"},\"inLanguage\":\"es\",\"potentialAction\":[{\"@type\":\"ReadAction\",\"target\":[\"https:\/\/www.mpppst.gob.ve\/mpppstweb\/index.php\/2016\/02\/22\/vera-la-clase-obrera-tiene-el-compromiso-de-luchar-contra-la-guerra-economica\/\"]}]},{\"@type\":\"ImageObject\",\"inLanguage\":\"es\",\"@id\":\"https:\/\/www.mpppst.gob.ve\/mpppstweb\/index.php\/2016\/02\/22\/vera-la-clase-obrera-tiene-el-compromiso-de-luchar-contra-la-guerra-economica\/#primaryimage\",\"url\":\"https:\/\/www.mpppst.gob.ve\/mpppstweb\/wp-content\/uploads\/2016\/02\/Imagen-074.jpg\",\"contentUrl\":\"https:\/\/www.mpppst.gob.ve\/mpppstweb\/wp-content\/uploads\/2016\/02\/Imagen-074.jpg\",\"width\":640,\"height\":427},{\"@type\":\"BreadcrumbList\",\"@id\":\"https:\/\/www.mpppst.gob.ve\/mpppstweb\/index.php\/2016\/02\/22\/vera-la-clase-obrera-tiene-el-compromiso-de-luchar-contra-la-guerra-economica\/#breadcrumb\",\"itemListElement\":[{\"@type\":\"ListItem\",\"position\":1,\"name\":\"Home\",\"item\":\"https:\/\/www.mpppst.gob.ve\/mpppstweb\/\"},{\"@type\":\"ListItem\",\"position\":2,\"name\":\"Vera: La Clase obrera tiene el compromiso de luchar contra la Guerra Econ\u00f3mica\"}]},{\"@type\":\"WebSite\",\"@id\":\"https:\/\/www.mpppst.gob.ve\/mpppstweb\/#website\",\"url\":\"https:\/\/www.mpppst.gob.ve\/mpppstweb\/\",\"name\":\"MPPPST\",\"description\":\"Ministerio del Poder Popular para el Proceso Social de Trabajo\",\"publisher\":{\"@id\":\"https:\/\/www.mpppst.gob.ve\/mpppstweb\/#organization\"},\"potentialAction\":[{\"@type\":\"SearchAction\",\"target\":{\"@type\":\"EntryPoint\",\"urlTemplate\":\"https:\/\/www.mpppst.gob.ve\/mpppstweb\/?s={search_term_string}\"},\"query-input\":\"required name=search_term_string\"}],\"inLanguage\":\"es\"},{\"@type\":\"Organization\",\"@id\":\"https:\/\/www.mpppst.gob.ve\/mpppstweb\/#organization\",\"name\":\"mpppst\",\"url\":\"https:\/\/www.mpppst.gob.ve\/mpppstweb\/\",\"logo\":{\"@type\":\"ImageObject\",\"inLanguage\":\"es\",\"@id\":\"https:\/\/www.mpppst.gob.ve\/mpppstweb\/#\/schema\/logo\/image\/\",\"url\":\"https:\/\/www.mpppst.gob.ve\/mpppstweb\/wp-content\/uploads\/2025\/07\/cropped-cropped-g910.png\",\"contentUrl\":\"https:\/\/www.mpppst.gob.ve\/mpppstweb\/wp-content\/uploads\/2025\/07\/cropped-cropped-g910.png\",\"width\":1080,\"height\":241,\"caption\":\"mpppst\"},\"image\":{\"@id\":\"https:\/\/www.mpppst.gob.ve\/mpppstweb\/#\/schema\/logo\/image\/\"}},{\"@type\":\"Person\",\"@id\":\"https:\/\/www.mpppst.gob.ve\/mpppstweb\/#\/schema\/person\/fc187ee8ead412bd4c9304b62f900ea4\",\"name\":\"MPPPST Prensa\",\"url\":\"https:\/\/www.mpppst.gob.ve\/mpppstweb\/index.php\/author\/prensa-mpppst\/\"}]}<\/script>\n<!-- \/ Yoast SEO plugin. -->","yoast_head_json":{"title":"Vera: La Clase obrera tiene el compromiso de luchar contra la Guerra Econ\u00f3mica - MPPPST","robots":{"index":"index","follow":"follow","max-snippet":"max-snippet:-1","max-image-preview":"max-image-preview:large","max-video-preview":"max-video-preview:-1"},"canonical":"https:\/\/www.mpppst.gob.ve\/mpppstweb\/index.php\/2016\/02\/22\/vera-la-clase-obrera-tiene-el-compromiso-de-luchar-contra-la-guerra-economica\/","og_locale":"es_ES","og_type":"article","og_title":"Vera: La Clase obrera tiene el compromiso de luchar contra la Guerra Econ\u00f3mica - MPPPST","og_description":"La clase obrera tiene el compromiso de ponerse al frente en la lucha contra la guerra econ\u00f3mica, garantizando los productos y garantizando su distribuci\u00f3n.","og_url":"https:\/\/www.mpppst.gob.ve\/mpppstweb\/index.php\/2016\/02\/22\/vera-la-clase-obrera-tiene-el-compromiso-de-luchar-contra-la-guerra-economica\/","og_site_name":"MPPPST","article_published_time":"2016-02-22T11:36:26+00:00","article_modified_time":"2016-07-20T13:39:00+00:00","og_image":[{"width":640,"height":427,"url":"https:\/\/www.mpppst.gob.ve\/mpppstweb\/wp-content\/uploads\/2016\/02\/Imagen-074.jpg","type":"image\/jpeg"}],"author":"MPPPST Prensa","twitter_card":"summary_large_image","twitter_misc":{"Escrito por":"MPPPST Prensa","Tiempo de lectura":"2 minutos"},"schema":{"@context":"https:\/\/schema.org","@graph":[{"@type":"Article","@id":"https:\/\/www.mpppst.gob.ve\/mpppstweb\/index.php\/2016\/02\/22\/vera-la-clase-obrera-tiene-el-compromiso-de-luchar-contra-la-guerra-economica\/#article","isPartOf":{"@id":"https:\/\/www.mpppst.gob.ve\/mpppstweb\/index.php\/2016\/02\/22\/vera-la-clase-obrera-tiene-el-compromiso-de-luchar-contra-la-guerra-economica\/"},"author":{"name":"MPPPST Prensa","@id":"https:\/\/www.mpppst.gob.ve\/mpppstweb\/#\/schema\/person\/fc187ee8ead412bd4c9304b62f900ea4"},"headline":"Vera: La Clase obrera tiene el compromiso de luchar contra la Guerra Econ\u00f3mica","datePublished":"2016-02-22T11:36:26+00:00","dateModified":"2016-07-20T13:39:00+00:00","mainEntityOfPage":{"@id":"https:\/\/www.mpppst.gob.ve\/mpppstweb\/index.php\/2016\/02\/22\/vera-la-clase-obrera-tiene-el-compromiso-de-luchar-contra-la-guerra-economica\/"},"wordCount":347,"publisher":{"@id":"https:\/\/www.mpppst.gob.ve\/mpppstweb\/#organization"},"image":{"@id":"https:\/\/www.mpppst.gob.ve\/mpppstweb\/index.php\/2016\/02\/22\/vera-la-clase-obrera-tiene-el-compromiso-de-luchar-contra-la-guerra-economica\/#primaryimage"},"thumbnailUrl":"https:\/\/www.mpppst.gob.ve\/mpppstweb\/wp-content\/uploads\/2016\/02\/Imagen-074.jpg","articleSection":["Gobierno Nacional"],"inLanguage":"es"},{"@type":"WebPage","@id":"https:\/\/www.mpppst.gob.ve\/mpppstweb\/index.php\/2016\/02\/22\/vera-la-clase-obrera-tiene-el-compromiso-de-luchar-contra-la-guerra-economica\/","url":"https:\/\/www.mpppst.gob.ve\/mpppstweb\/index.php\/2016\/02\/22\/vera-la-clase-obrera-tiene-el-compromiso-de-luchar-contra-la-guerra-economica\/","name":"Vera: La Clase obrera tiene el compromiso de luchar contra la Guerra Econ\u00f3mica - MPPPST","isPartOf":{"@id":"https:\/\/www.mpppst.gob.ve\/mpppstweb\/#website"},"primaryImageOfPage":{"@id":"https:\/\/www.mpppst.gob.ve\/mpppstweb\/index.php\/2016\/02\/22\/vera-la-clase-obrera-tiene-el-compromiso-de-luchar-contra-la-guerra-economica\/#primaryimage"},"image":{"@id":"https:\/\/www.mpppst.gob.ve\/mpppstweb\/index.php\/2016\/02\/22\/vera-la-clase-obrera-tiene-el-compromiso-de-luchar-contra-la-guerra-economica\/#primaryimage"},"thumbnailUrl":"https:\/\/www.mpppst.gob.ve\/mpppstweb\/wp-content\/uploads\/2016\/02\/Imagen-074.jpg","datePublished":"2016-02-22T11:36:26+00:00","dateModified":"2016-07-20T13:39:00+00:00","breadcrumb":{"@id":"https:\/\/www.mpppst.gob.ve\/mpppstweb\/index.php\/2016\/02\/22\/vera-la-clase-obrera-tiene-el-compromiso-de-luchar-contra-la-guerra-economica\/#breadcrumb"},"inLanguage":"es","potentialAction":[{"@type":"ReadAction","target":["https:\/\/www.mpppst.gob.ve\/mpppstweb\/index.php\/2016\/02\/22\/vera-la-clase-obrera-tiene-el-compromiso-de-luchar-contra-la-guerra-economica\/"]}]},{"@type":"ImageObject","inLanguage":"es","@id":"https:\/\/www.mpppst.gob.ve\/mpppstweb\/index.php\/2016\/02\/22\/vera-la-clase-obrera-tiene-el-compromiso-de-luchar-contra-la-guerra-economica\/#primaryimage","url":"https:\/\/www.mpppst.gob.ve\/mpppstweb\/wp-content\/uploads\/2016\/02\/Imagen-074.jpg","contentUrl":"https:\/\/www.mpppst.gob.ve\/mpppstweb\/wp-content\/uploads\/2016\/02\/Imagen-074.jpg","width":640,"height":427},{"@type":"BreadcrumbList","@id":"https:\/\/www.mpppst.gob.ve\/mpppstweb\/index.php\/2016\/02\/22\/vera-la-clase-obrera-tiene-el-compromiso-de-luchar-contra-la-guerra-economica\/#breadcrumb","itemListElement":[{"@type":"ListItem","position":1,"name":"Home","item":"https:\/\/www.mpppst.gob.ve\/mpppstweb\/"},{"@type":"ListItem","position":2,"name":"Vera: La Clase obrera tiene el compromiso de luchar contra la Guerra Econ\u00f3mica"}]},{"@type":"WebSite","@id":"https:\/\/www.mpppst.gob.ve\/mpppstweb\/#website","url":"https:\/\/www.mpppst.gob.ve\/mpppstweb\/","name":"MPPPST","description":"Ministerio del Poder Popular para el Proceso Social de Trabajo","publisher":{"@id":"https:\/\/www.mpppst.gob.ve\/mpppstweb\/#organization"},"potentialAction":[{"@type":"SearchAction","target":{"@type":"EntryPoint","urlTemplate":"https:\/\/www.mpppst.gob.ve\/mpppstweb\/?s={search_term_string}"},"query-input":"required name=search_term_string"}],"inLanguage":"es"},{"@type":"Organization","@id":"https:\/\/www.mpppst.gob.ve\/mpppstweb\/#organization","name":"mpppst","url":"https:\/\/www.mpppst.gob.ve\/mpppstweb\/","logo":{"@type":"ImageObject","inLanguage":"es","@id":"https:\/\/www.mpppst.gob.ve\/mpppstweb\/#\/schema\/logo\/image\/","url":"https:\/\/www.mpppst.gob.ve\/mpppstweb\/wp-content\/uploads\/2025\/07\/cropped-cropped-g910.png","contentUrl":"https:\/\/www.mpppst.gob.ve\/mpppstweb\/wp-content\/uploads\/2025\/07\/cropped-cropped-g910.png","width":1080,"height":241,"caption":"mpppst"},"image":{"@id":"https:\/\/www.mpppst.gob.ve\/mpppstweb\/#\/schema\/logo\/image\/"}},{"@type":"Person","@id":"https:\/\/www.mpppst.gob.ve\/mpppstweb\/#\/schema\/person\/fc187ee8ead412bd4c9304b62f900ea4","name":"MPPPST Prensa","url":"https:\/\/www.mpppst.gob.ve\/mpppstweb\/index.php\/author\/prensa-mpppst\/"}]}},"_links":{"self":[{"href":"https:\/\/www.mpppst.gob.ve\/mpppstweb\/index.php\/wp-json\/wp\/v2\/posts\/4826"}],"collection":[{"href":"https:\/\/www.mpppst.gob.ve\/mpppstweb\/index.php\/wp-json\/wp\/v2\/posts"}],"about":[{"href":"https:\/\/www.mpppst.gob.ve\/mpppstweb\/index.php\/wp-json\/wp\/v2\/types\/post"}],"author":[{"embeddable":true,"href":"https:\/\/www.mpppst.gob.ve\/mpppstweb\/index.php\/wp-json\/wp\/v2\/users\/25"}],"replies":[{"embeddable":true,"href":"https:\/\/www.mpppst.gob.ve\/mpppstweb\/index.php\/wp-json\/wp\/v2\/comments?post=4826"}],"version-history":[{"count":1,"href":"https:\/\/www.mpppst.gob.ve\/mpppstweb\/index.php\/wp-json\/wp\/v2\/posts\/4826\/revisions"}],"predecessor-version":[{"id":7036,"href":"https:\/\/www.mpppst.gob.ve\/mpppstweb\/index.php\/wp-json\/wp\/v2\/posts\/4826\/revisions\/7036"}],"wp:featuredmedia":[{"embeddable":true,"href":"https:\/\/www.mpppst.gob.ve\/mpppstweb\/index.php\/wp-json\/wp\/v2\/media\/4829"}],"wp:attachment":[{"href":"https:\/\/www.mpppst.gob.ve\/mpppstweb\/index.php\/wp-json\/wp\/v2\/media?parent=4826"}],"wp:term":[{"taxonomy":"category","embeddable":true,"href":"https:\/\/www.mpppst.gob.ve\/mpppstweb\/index.php\/wp-json\/wp\/v2\/categories?post=4826"},{"taxonomy":"post_tag","embeddable":true,"href":"https:\/\/www.mpppst.gob.ve\/mpppstweb\/index.php\/wp-json\/wp\/v2\/tags?post=4826"}],"curies":[{"name":"wp","href":"https:\/\/api.w.org\/{rel}","templated":true}]}}