{"id":4833,"date":"2016-02-22T11:59:12","date_gmt":"2016-02-22T11:59:12","guid":{"rendered":"http:\/\/www.mpppst.gob.ve\/mpppstweb\/?p=4833"},"modified":"2016-07-01T18:27:14","modified_gmt":"2016-07-01T18:27:14","slug":"gobernadores-militares-desmienten-a-ramos-allup","status":"publish","type":"post","link":"https:\/\/www.mpppst.gob.ve\/mpppstweb\/index.php\/2016\/02\/22\/gobernadores-militares-desmienten-a-ramos-allup\/","title":{"rendered":"Gobernadores militares desmienten a Ramos Allup"},"content":{"rendered":"<p style=\"text-align: justify;\">VTV. Gobernadores militares se pronunciaron para desmentir y rechazar categ\u00f3ricamente las declaraciones ofrecidas por el presidente de la Asamblea Nacional (AN), Henry Ramos Allup, quien se\u00f1al\u00f3 que l\u00edderes regionales y algunos miembros de la Fuerza Armada Nacional Bolivariana (Fanb) est\u00e1n conspirando contra el Gobierno del presidente Nicol\u00e1s Maduro.<\/p>\n<p style=\"text-align: justify;\">\u201cEs un secreto a voces que los propios gobernadores militares, encabezados por Arias C\u00e1rdenas, est\u00e1n presionando para pedirle la renuncia a Maduro\u201d, dijo Ramos Allup.<\/p>\n<p style=\"text-align: justify;\">Las declaraciones realizadas por el dirigente de la derecha durante su participaci\u00f3n en el programa Primera P\u00e1gina el pasado viernes, tambi\u00e9n ha sido divulgada en las redes sociales para crear zozobra en la poblaci\u00f3n, rese\u00f1\u00f3 Ciudad Caracas.<\/p>\n<p style=\"text-align: justify;\">En este sentido, el gobernador del estado Zulia, Francisco Arias C\u00e1rdenas, manifest\u00f3 que esos rumores y actitudes \u201cmerecen el rechazo del pueblo que quiere paz\u201d.<\/p>\n<p style=\"text-align: justify;\">Afirm\u00f3, a trav\u00e9s de su cuenta en Twitter, que hay personas irresponsables que est\u00e1n corriendo rumores para causar desasosiego en la poblaci\u00f3n.<\/p>\n<p style=\"text-align: justify;\">Asimismo, Arias C\u00e1rdenas asegur\u00f3 que el Poder Popular y la Fanb est\u00e1n unidos para trabajar de la mano con el jefe de Estado. \u201cEn batalla por la paz y la vida, derrotaremos la mezquindad y el ego\u00edsmo\u201d, expres\u00f3.<\/p>\n<p style=\"text-align: justify;\">El exmilitar felicit\u00f3 al presidente Nicol\u00e1s Maduro, pues con su valor y a diferencia del ego\u00edsmo de la derecha, asumi\u00f3 la lucha por la econom\u00eda productiva.<\/p>\n<p style=\"text-align: justify;\"><strong>Ratifican lealtad a la Constituci\u00f3n<\/strong><\/p>\n<p style=\"text-align: justify;\">Por su parte, el gobernador del estado Carabobo, Francisco Ameliach, asegur\u00f3 que junto a los miembros de las Fanb har\u00e1n respetar la Constituci\u00f3n Bolivariana de Venezuela.<\/p>\n<p style=\"text-align: justify;\">\u201cEl pasado 17 de febrero, antes que el mandatario nacional anunciara las medidas econ\u00f3micas, los gobernadores militares nos reunimos y estamos claros de nuestra lealtad suprema a la Carta Magna, al Comandante Ch\u00e1vez y al presidente y hermano de lucha, Nicol\u00e1s Maduro, as\u00ed que no se confundan\u201d, sentenci\u00f3.<\/p>\n<p style=\"text-align: justify;\">Precis\u00f3 que en la reuni\u00f3n estuvieron los gobernadores, coronel Ram\u00f3n Carrizales Pinto (Apure); general Francisco Rangel G\u00f3mez (Bol\u00edvar); el almirante Ram\u00f3n Rodr\u00edguez Chac\u00edn, (Gu\u00e1rico), as\u00ed como el coronel Wilmar Castro Soteldo, quien fuera gobernador de Portuguesa y ahora se desempe\u00f1a como ministro de Producci\u00f3n Agr\u00edcola y Tierras.<\/p>\n<p style=\"text-align: justify;\">Tambi\u00e9n asistieron el coronel Francisco Arias C\u00e1rdenas (Zulia); el capit\u00e1n Julio Le\u00f3n Heredia, (Yaracuy); el general en jefe, Henry Rangel Silva (Trujillo); el general en jefe Carlos Mata Figueroa (Nueva Esparta); el general en jefe, Jorge Garc\u00eda Carneiro (Vargas); el capit\u00e1n Jos\u00e9 Vielma Mora (T\u00e1chira).<\/p>\n<p style=\"text-align: justify;\"><strong>Fanb no va a presionar al presidente<\/strong><\/p>\n<p style=\"text-align: justify;\">Ameliach record\u00f3 que la actual FANB no es igual a la del a\u00f1o 1989, ni la del 2002. \u201cAqu\u00ed en ning\u00fan momento la Fuerza Armada va a presionar al presidente Maduro para que renuncie, olv\u00eddense de eso\u201d, expres\u00f3.<\/p>\n<p style=\"text-align: justify;\">De igual modo, indic\u00f3 que como miembro de la promoci\u00f3n de 1984, tambi\u00e9n se reuni\u00f3 con el general en jefe Vladimir Padrino L\u00f3pez y otros miembros de esa promoci\u00f3n. \u201cNuestro compromiso siempre ser\u00e1 el mismo, lealtad suprema a la Constituci\u00f3n y al jefe de Estado\u201d, a\u00f1adi\u00f3.<\/p>\n<p style=\"text-align: justify;\"><strong>\u201cBuscan desmoralizar a la militancia\u201d<\/strong><\/p>\n<p style=\"text-align: justify;\">El gobernador del estado Nueva Esparta, Carlos Mata Figueroa, denunci\u00f3 a quienes pretenden acabar con la Revoluci\u00f3n Bolivariana a trav\u00e9s de una campa\u00f1a de desprestigio contra hombres y mujeres chavistas, buscando desmoralizar a la militancia revolucionaria.<\/p>\n<p style=\"text-align: justify;\">\u201cHaciendo uso de las redes sociales, los laboratorios de la derecha criminal quieren generar angustia y zozobra en la poblaci\u00f3n, llamando a realizar compras nerviosas y a no enviar a los ni\u00f1os a la escuela, debido a que seg\u00fan ellos habr\u00e1 un conflicto que estar\u00eda dirigido por cuadros militares contra el Gobierno del presidente Maduro\u201d, explic\u00f3.<\/p>\n<p style=\"text-align: justify;\">Mata Figueroa asegur\u00f3 que est\u00e1 comprometido con la causa revolucionaria. \u201cReafirmo, con honor patrio y convicci\u00f3n ideol\u00f3gica, mi compromiso con el jefe de Estado y le manifiesto mi respaldo total, as\u00ed como el de toda la militancia del estado Bolivariano de Nueva Esparta\u201d, expuso.<\/p>\n<p style=\"text-align: justify;\">Afirm\u00f3 que hoy m\u00e1s que nunca los militares est\u00e1n unidos en torno al ideal revolucionario del Libertador Sim\u00f3n Bol\u00edvar y del Comandante Hugo Ch\u00e1vez e invit\u00f3 al pueblo a no creer en la sucia campa\u00f1a que est\u00e1n ejecutando en contra de la Revoluci\u00f3n.<\/p>\n<p style=\"text-align: justify;\">\u201cPresidente siga usted en la tarea de profundizar los logros y alcances de la Revoluci\u00f3n Bolivariana y cuente con este soldado de la Patria para defender con honor y con arrojo el legado de nuestro comandante supremo Ch\u00e1vez\u201d, agreg\u00f3.<\/p>\n<p style=\"text-align: justify;\"><strong>Guerra sucia de laboratorios<\/strong><\/p>\n<p style=\"text-align: justify;\">Mientras, el gobernador del estado Bol\u00edvar, Francisco Rangel G\u00f3mez, indic\u00f3 que su lealtad al presidente Maduro es a toda prueba.<\/p>\n<p style=\"text-align: justify;\">\u201cCon la misma fuerza que acompa\u00f1amos al comandante Ch\u00e1vez seguimos firmes al lado de su hijo, el primer Presidente chavista de Venezuela\u201d, expres\u00f3.<\/p>\n<p style=\"text-align: justify;\">Se\u00f1al\u00f3 que la campa\u00f1a de desprestigio es fabricada por mentes enfermas que siguen el gui\u00f3n del imperio, para tratar de golpear cuadros fundamentales del proceso revolucionario.<\/p>\n<p style=\"text-align: justify;\">\u201cNos han hecho blanco de sus ataques vincul\u00e1ndonos con planes desestabilizadores. Les decimos sin titubeo que no podr\u00e1n con nosotros y mucho menos con nuestro pueblo\u201d, apunt\u00f3.<\/p>\n<p style=\"text-align: justify;\">Rangel G\u00f3mez asegur\u00f3 que seguir\u00e1n en su lucha diaria y trabajando junto al mandatario nacional y al Poder Popular organizado, gobernando y construyendo Patria para el pa\u00eds.<\/p>\n<p style=\"text-align: justify;\">\u201cRatificamos nuestro rechazo a esta patra\u00f1a y reiteramos nuestra adhesi\u00f3n al proceso revolucionario. Hoy y siempre vamos a elevar nuestro apoyo firme y claro como la luna llena a nuestro presidente constitucional y leg\u00edtimo Nicol\u00e1s Maduro Moros\u201d, finaliz\u00f3 el mandatario regional.<\/p>\n<p style=\"text-align: justify;\">Nota: VTV<\/p>\n<p style=\"text-align: justify;\">Fotograf\u00eda: Gobernaci\u00f3n de Carabobo<\/p>\n","protected":false},"excerpt":{"rendered":"<p>Gobernadores militares se pronunciaron para desmentir y rechazar categ\u00f3ricamente las declaraciones ofrecidas por el presidente de la Asamblea Nacional (AN).<\/p>\n","protected":false},"author":25,"featured_media":4834,"comment_status":"closed","ping_status":"closed","sticky":false,"template":"","format":"standard","meta":{"footnotes":""},"categories":[82],"tags":[],"yoast_head":"<!-- This site is optimized with the Yoast SEO plugin v22.5 - https:\/\/yoast.com\/wordpress\/plugins\/seo\/ -->\n<title>Gobernadores militares desmienten a Ramos Allup - MPPPST<\/title>\n<meta name=\"robots\" content=\"index, follow, max-snippet:-1, max-image-preview:large, max-video-preview:-1\" \/>\n<link rel=\"canonical\" href=\"https:\/\/www.mpppst.gob.ve\/mpppstweb\/index.php\/2016\/02\/22\/gobernadores-militares-desmienten-a-ramos-allup\/\" \/>\n<meta property=\"og:locale\" content=\"es_ES\" \/>\n<meta property=\"og:type\" content=\"article\" \/>\n<meta property=\"og:title\" content=\"Gobernadores militares desmienten a Ramos Allup - MPPPST\" \/>\n<meta property=\"og:description\" content=\"Gobernadores militares se pronunciaron para desmentir y rechazar categ\u00f3ricamente las declaraciones ofrecidas por el presidente de la Asamblea Nacional (AN).\" \/>\n<meta property=\"og:url\" content=\"https:\/\/www.mpppst.gob.ve\/mpppstweb\/index.php\/2016\/02\/22\/gobernadores-militares-desmienten-a-ramos-allup\/\" \/>\n<meta property=\"og:site_name\" content=\"MPPPST\" \/>\n<meta property=\"article:published_time\" content=\"2016-02-22T11:59:12+00:00\" \/>\n<meta property=\"article:modified_time\" content=\"2016-07-01T18:27:14+00:00\" \/>\n<meta name=\"author\" content=\"MPPPST Prensa\" \/>\n<meta name=\"twitter:card\" content=\"summary_large_image\" \/>\n<meta name=\"twitter:label1\" content=\"Escrito por\" \/>\n\t<meta name=\"twitter:data1\" content=\"MPPPST Prensa\" \/>\n\t<meta name=\"twitter:label2\" content=\"Tiempo de lectura\" \/>\n\t<meta name=\"twitter:data2\" content=\"5 minutos\" \/>\n<script type=\"application\/ld+json\" class=\"yoast-schema-graph\">{\"@context\":\"https:\/\/schema.org\",\"@graph\":[{\"@type\":\"Article\",\"@id\":\"https:\/\/www.mpppst.gob.ve\/mpppstweb\/index.php\/2016\/02\/22\/gobernadores-militares-desmienten-a-ramos-allup\/#article\",\"isPartOf\":{\"@id\":\"https:\/\/www.mpppst.gob.ve\/mpppstweb\/index.php\/2016\/02\/22\/gobernadores-militares-desmienten-a-ramos-allup\/\"},\"author\":{\"name\":\"MPPPST Prensa\",\"@id\":\"https:\/\/www.mpppst.gob.ve\/mpppstweb\/#\/schema\/person\/fc187ee8ead412bd4c9304b62f900ea4\"},\"headline\":\"Gobernadores militares desmienten a Ramos Allup\",\"datePublished\":\"2016-02-22T11:59:12+00:00\",\"dateModified\":\"2016-07-01T18:27:14+00:00\",\"mainEntityOfPage\":{\"@id\":\"https:\/\/www.mpppst.gob.ve\/mpppstweb\/index.php\/2016\/02\/22\/gobernadores-militares-desmienten-a-ramos-allup\/\"},\"wordCount\":973,\"publisher\":{\"@id\":\"https:\/\/www.mpppst.gob.ve\/mpppstweb\/#organization\"},\"image\":{\"@id\":\"https:\/\/www.mpppst.gob.ve\/mpppstweb\/index.php\/2016\/02\/22\/gobernadores-militares-desmienten-a-ramos-allup\/#primaryimage\"},\"thumbnailUrl\":\"\",\"articleSection\":[\"Gobierno Nacional\"],\"inLanguage\":\"es\"},{\"@type\":\"WebPage\",\"@id\":\"https:\/\/www.mpppst.gob.ve\/mpppstweb\/index.php\/2016\/02\/22\/gobernadores-militares-desmienten-a-ramos-allup\/\",\"url\":\"https:\/\/www.mpppst.gob.ve\/mpppstweb\/index.php\/2016\/02\/22\/gobernadores-militares-desmienten-a-ramos-allup\/\",\"name\":\"Gobernadores militares desmienten a Ramos Allup - MPPPST\",\"isPartOf\":{\"@id\":\"https:\/\/www.mpppst.gob.ve\/mpppstweb\/#website\"},\"primaryImageOfPage\":{\"@id\":\"https:\/\/www.mpppst.gob.ve\/mpppstweb\/index.php\/2016\/02\/22\/gobernadores-militares-desmienten-a-ramos-allup\/#primaryimage\"},\"image\":{\"@id\":\"https:\/\/www.mpppst.gob.ve\/mpppstweb\/index.php\/2016\/02\/22\/gobernadores-militares-desmienten-a-ramos-allup\/#primaryimage\"},\"thumbnailUrl\":\"\",\"datePublished\":\"2016-02-22T11:59:12+00:00\",\"dateModified\":\"2016-07-01T18:27:14+00:00\",\"breadcrumb\":{\"@id\":\"https:\/\/www.mpppst.gob.ve\/mpppstweb\/index.php\/2016\/02\/22\/gobernadores-militares-desmienten-a-ramos-allup\/#breadcrumb\"},\"inLanguage\":\"es\",\"potentialAction\":[{\"@type\":\"ReadAction\",\"target\":[\"https:\/\/www.mpppst.gob.ve\/mpppstweb\/index.php\/2016\/02\/22\/gobernadores-militares-desmienten-a-ramos-allup\/\"]}]},{\"@type\":\"ImageObject\",\"inLanguage\":\"es\",\"@id\":\"https:\/\/www.mpppst.gob.ve\/mpppstweb\/index.php\/2016\/02\/22\/gobernadores-militares-desmienten-a-ramos-allup\/#primaryimage\",\"url\":\"\",\"contentUrl\":\"\"},{\"@type\":\"BreadcrumbList\",\"@id\":\"https:\/\/www.mpppst.gob.ve\/mpppstweb\/index.php\/2016\/02\/22\/gobernadores-militares-desmienten-a-ramos-allup\/#breadcrumb\",\"itemListElement\":[{\"@type\":\"ListItem\",\"position\":1,\"name\":\"Home\",\"item\":\"https:\/\/www.mpppst.gob.ve\/mpppstweb\/\"},{\"@type\":\"ListItem\",\"position\":2,\"name\":\"Gobernadores militares desmienten a Ramos Allup\"}]},{\"@type\":\"WebSite\",\"@id\":\"https:\/\/www.mpppst.gob.ve\/mpppstweb\/#website\",\"url\":\"https:\/\/www.mpppst.gob.ve\/mpppstweb\/\",\"name\":\"MPPPST\",\"description\":\"Ministerio del Poder Popular para el Proceso Social de Trabajo\",\"publisher\":{\"@id\":\"https:\/\/www.mpppst.gob.ve\/mpppstweb\/#organization\"},\"potentialAction\":[{\"@type\":\"SearchAction\",\"target\":{\"@type\":\"EntryPoint\",\"urlTemplate\":\"https:\/\/www.mpppst.gob.ve\/mpppstweb\/?s={search_term_string}\"},\"query-input\":\"required name=search_term_string\"}],\"inLanguage\":\"es\"},{\"@type\":\"Organization\",\"@id\":\"https:\/\/www.mpppst.gob.ve\/mpppstweb\/#organization\",\"name\":\"mpppst\",\"url\":\"https:\/\/www.mpppst.gob.ve\/mpppstweb\/\",\"logo\":{\"@type\":\"ImageObject\",\"inLanguage\":\"es\",\"@id\":\"https:\/\/www.mpppst.gob.ve\/mpppstweb\/#\/schema\/logo\/image\/\",\"url\":\"https:\/\/www.mpppst.gob.ve\/mpppstweb\/wp-content\/uploads\/2025\/07\/cropped-cropped-g910.png\",\"contentUrl\":\"https:\/\/www.mpppst.gob.ve\/mpppstweb\/wp-content\/uploads\/2025\/07\/cropped-cropped-g910.png\",\"width\":1080,\"height\":241,\"caption\":\"mpppst\"},\"image\":{\"@id\":\"https:\/\/www.mpppst.gob.ve\/mpppstweb\/#\/schema\/logo\/image\/\"}},{\"@type\":\"Person\",\"@id\":\"https:\/\/www.mpppst.gob.ve\/mpppstweb\/#\/schema\/person\/fc187ee8ead412bd4c9304b62f900ea4\",\"name\":\"MPPPST Prensa\",\"url\":\"https:\/\/www.mpppst.gob.ve\/mpppstweb\/index.php\/author\/prensa-mpppst\/\"}]}<\/script>\n<!-- \/ Yoast SEO plugin. -->","yoast_head_json":{"title":"Gobernadores militares desmienten a Ramos Allup - MPPPST","robots":{"index":"index","follow":"follow","max-snippet":"max-snippet:-1","max-image-preview":"max-image-preview:large","max-video-preview":"max-video-preview:-1"},"canonical":"https:\/\/www.mpppst.gob.ve\/mpppstweb\/index.php\/2016\/02\/22\/gobernadores-militares-desmienten-a-ramos-allup\/","og_locale":"es_ES","og_type":"article","og_title":"Gobernadores militares desmienten a Ramos Allup - MPPPST","og_description":"Gobernadores militares se pronunciaron para desmentir y rechazar categ\u00f3ricamente las declaraciones ofrecidas por el presidente de la Asamblea Nacional (AN).","og_url":"https:\/\/www.mpppst.gob.ve\/mpppstweb\/index.php\/2016\/02\/22\/gobernadores-militares-desmienten-a-ramos-allup\/","og_site_name":"MPPPST","article_published_time":"2016-02-22T11:59:12+00:00","article_modified_time":"2016-07-01T18:27:14+00:00","author":"MPPPST Prensa","twitter_card":"summary_large_image","twitter_misc":{"Escrito por":"MPPPST Prensa","Tiempo de lectura":"5 minutos"},"schema":{"@context":"https:\/\/schema.org","@graph":[{"@type":"Article","@id":"https:\/\/www.mpppst.gob.ve\/mpppstweb\/index.php\/2016\/02\/22\/gobernadores-militares-desmienten-a-ramos-allup\/#article","isPartOf":{"@id":"https:\/\/www.mpppst.gob.ve\/mpppstweb\/index.php\/2016\/02\/22\/gobernadores-militares-desmienten-a-ramos-allup\/"},"author":{"name":"MPPPST Prensa","@id":"https:\/\/www.mpppst.gob.ve\/mpppstweb\/#\/schema\/person\/fc187ee8ead412bd4c9304b62f900ea4"},"headline":"Gobernadores militares desmienten a Ramos Allup","datePublished":"2016-02-22T11:59:12+00:00","dateModified":"2016-07-01T18:27:14+00:00","mainEntityOfPage":{"@id":"https:\/\/www.mpppst.gob.ve\/mpppstweb\/index.php\/2016\/02\/22\/gobernadores-militares-desmienten-a-ramos-allup\/"},"wordCount":973,"publisher":{"@id":"https:\/\/www.mpppst.gob.ve\/mpppstweb\/#organization"},"image":{"@id":"https:\/\/www.mpppst.gob.ve\/mpppstweb\/index.php\/2016\/02\/22\/gobernadores-militares-desmienten-a-ramos-allup\/#primaryimage"},"thumbnailUrl":"","articleSection":["Gobierno Nacional"],"inLanguage":"es"},{"@type":"WebPage","@id":"https:\/\/www.mpppst.gob.ve\/mpppstweb\/index.php\/2016\/02\/22\/gobernadores-militares-desmienten-a-ramos-allup\/","url":"https:\/\/www.mpppst.gob.ve\/mpppstweb\/index.php\/2016\/02\/22\/gobernadores-militares-desmienten-a-ramos-allup\/","name":"Gobernadores militares desmienten a Ramos Allup - MPPPST","isPartOf":{"@id":"https:\/\/www.mpppst.gob.ve\/mpppstweb\/#website"},"primaryImageOfPage":{"@id":"https:\/\/www.mpppst.gob.ve\/mpppstweb\/index.php\/2016\/02\/22\/gobernadores-militares-desmienten-a-ramos-allup\/#primaryimage"},"image":{"@id":"https:\/\/www.mpppst.gob.ve\/mpppstweb\/index.php\/2016\/02\/22\/gobernadores-militares-desmienten-a-ramos-allup\/#primaryimage"},"thumbnailUrl":"","datePublished":"2016-02-22T11:59:12+00:00","dateModified":"2016-07-01T18:27:14+00:00","breadcrumb":{"@id":"https:\/\/www.mpppst.gob.ve\/mpppstweb\/index.php\/2016\/02\/22\/gobernadores-militares-desmienten-a-ramos-allup\/#breadcrumb"},"inLanguage":"es","potentialAction":[{"@type":"ReadAction","target":["https:\/\/www.mpppst.gob.ve\/mpppstweb\/index.php\/2016\/02\/22\/gobernadores-militares-desmienten-a-ramos-allup\/"]}]},{"@type":"ImageObject","inLanguage":"es","@id":"https:\/\/www.mpppst.gob.ve\/mpppstweb\/index.php\/2016\/02\/22\/gobernadores-militares-desmienten-a-ramos-allup\/#primaryimage","url":"","contentUrl":""},{"@type":"BreadcrumbList","@id":"https:\/\/www.mpppst.gob.ve\/mpppstweb\/index.php\/2016\/02\/22\/gobernadores-militares-desmienten-a-ramos-allup\/#breadcrumb","itemListElement":[{"@type":"ListItem","position":1,"name":"Home","item":"https:\/\/www.mpppst.gob.ve\/mpppstweb\/"},{"@type":"ListItem","position":2,"name":"Gobernadores militares desmienten a Ramos Allup"}]},{"@type":"WebSite","@id":"https:\/\/www.mpppst.gob.ve\/mpppstweb\/#website","url":"https:\/\/www.mpppst.gob.ve\/mpppstweb\/","name":"MPPPST","description":"Ministerio del Poder Popular para el Proceso Social de Trabajo","publisher":{"@id":"https:\/\/www.mpppst.gob.ve\/mpppstweb\/#organization"},"potentialAction":[{"@type":"SearchAction","target":{"@type":"EntryPoint","urlTemplate":"https:\/\/www.mpppst.gob.ve\/mpppstweb\/?s={search_term_string}"},"query-input":"required name=search_term_string"}],"inLanguage":"es"},{"@type":"Organization","@id":"https:\/\/www.mpppst.gob.ve\/mpppstweb\/#organization","name":"mpppst","url":"https:\/\/www.mpppst.gob.ve\/mpppstweb\/","logo":{"@type":"ImageObject","inLanguage":"es","@id":"https:\/\/www.mpppst.gob.ve\/mpppstweb\/#\/schema\/logo\/image\/","url":"https:\/\/www.mpppst.gob.ve\/mpppstweb\/wp-content\/uploads\/2025\/07\/cropped-cropped-g910.png","contentUrl":"https:\/\/www.mpppst.gob.ve\/mpppstweb\/wp-content\/uploads\/2025\/07\/cropped-cropped-g910.png","width":1080,"height":241,"caption":"mpppst"},"image":{"@id":"https:\/\/www.mpppst.gob.ve\/mpppstweb\/#\/schema\/logo\/image\/"}},{"@type":"Person","@id":"https:\/\/www.mpppst.gob.ve\/mpppstweb\/#\/schema\/person\/fc187ee8ead412bd4c9304b62f900ea4","name":"MPPPST Prensa","url":"https:\/\/www.mpppst.gob.ve\/mpppstweb\/index.php\/author\/prensa-mpppst\/"}]}},"_links":{"self":[{"href":"https:\/\/www.mpppst.gob.ve\/mpppstweb\/index.php\/wp-json\/wp\/v2\/posts\/4833"}],"collection":[{"href":"https:\/\/www.mpppst.gob.ve\/mpppstweb\/index.php\/wp-json\/wp\/v2\/posts"}],"about":[{"href":"https:\/\/www.mpppst.gob.ve\/mpppstweb\/index.php\/wp-json\/wp\/v2\/types\/post"}],"author":[{"embeddable":true,"href":"https:\/\/www.mpppst.gob.ve\/mpppstweb\/index.php\/wp-json\/wp\/v2\/users\/25"}],"replies":[{"embeddable":true,"href":"https:\/\/www.mpppst.gob.ve\/mpppstweb\/index.php\/wp-json\/wp\/v2\/comments?post=4833"}],"version-history":[{"count":1,"href":"https:\/\/www.mpppst.gob.ve\/mpppstweb\/index.php\/wp-json\/wp\/v2\/posts\/4833\/revisions"}],"predecessor-version":[{"id":7037,"href":"https:\/\/www.mpppst.gob.ve\/mpppstweb\/index.php\/wp-json\/wp\/v2\/posts\/4833\/revisions\/7037"}],"wp:featuredmedia":[{"embeddable":true,"href":"https:\/\/www.mpppst.gob.ve\/mpppstweb\/index.php\/wp-json\/"}],"wp:attachment":[{"href":"https:\/\/www.mpppst.gob.ve\/mpppstweb\/index.php\/wp-json\/wp\/v2\/media?parent=4833"}],"wp:term":[{"taxonomy":"category","embeddable":true,"href":"https:\/\/www.mpppst.gob.ve\/mpppstweb\/index.php\/wp-json\/wp\/v2\/categories?post=4833"},{"taxonomy":"post_tag","embeddable":true,"href":"https:\/\/www.mpppst.gob.ve\/mpppstweb\/index.php\/wp-json\/wp\/v2\/tags?post=4833"}],"curies":[{"name":"wp","href":"https:\/\/api.w.org\/{rel}","templated":true}]}}