{"id":4843,"date":"2016-02-22T15:14:11","date_gmt":"2016-02-22T15:14:11","guid":{"rendered":"http:\/\/www.mpppst.gob.ve\/mpppstweb\/?p=4843"},"modified":"2016-07-20T13:26:21","modified_gmt":"2016-07-20T13:26:21","slug":"estas-son-las-propuestas-de-la-clase-obrera-presentadas-al-presidente-maduro-2","status":"publish","type":"post","link":"https:\/\/www.mpppst.gob.ve\/mpppstweb\/index.php\/2016\/02\/22\/estas-son-las-propuestas-de-la-clase-obrera-presentadas-al-presidente-maduro-2\/","title":{"rendered":"Estas son las propuestas de la Clase Obrera presentadas al Presidente Maduro"},"content":{"rendered":"<p>En nombre de la clase obrera y del pueblo venezolano, el ministro Oswaldo Vera hizo una serie de proposiciones al Presidente de la Rep\u00fablica, Nicol\u00e1s Maduro, con el firme prop\u00f3sito de salvaguardar los derechos y conquistas alcanzadas en Revoluci\u00f3n, ante la pretensi\u00f3n de la derecha en la Asamblea Nacional de arrebatarlos a trav\u00e9s de lo que han denominado la Ley para la Activaci\u00f3n y el Fortalecimiento de la Producci\u00f3n Nacional:<\/p>\n<p>1.- Definir a la Ley para la Activaci\u00f3n y Fortalecimiento de la Producci\u00f3n Nacional, presentada por la burgues\u00eda ap\u00e1trida \u201ccomo la ley de privatizaci\u00f3n\u201d por lo que ser\u00e1 rechazada y condenada mediante la movilizaci\u00f3n popular liderada por la clase obrera, el d\u00eda de la presentaci\u00f3n de la ley, \u201crecordando cuando fuimos con el comandante Ch\u00e1vez (\u2026) para defender nuestras prestaciones sociales\u201d. As\u00ed \u201cvamos a enfrentar en las calles esa ley\u201d.<\/p>\n<p>2.- Abrir un amplio debate en cada Estado y en cada f\u00e1brica sobre las leyes emanadas de la Asamblea Nacional dominada por el fascismo.<\/p>\n<p>3.- Respaldar contundentemente \u201clas medidas y las acciones que ha tomado el gobierno revolucionario\u201d y agradecer al Gobierno Nacional \u201cc\u00f3mo se ha venido defendiendo el valor del trabajo, la estabilidad, el salario, lo que tiene que ver con las pensiones como parte de la pol\u00edtica que se han desarrollado\u201d.<\/p>\n<p>4.- Comparar en los debates, \u201cel modelo que estamos viviendo\u201d, con el anterior de los 80 y 90, donde quienes pagaron las consecuencias fue la clase obrera, cuando echaron a la calle a millones de trabajadores y trabajadoras. Sin embargo, ahora disminuyen los ingresos petroleros y se ha visto \u201cc\u00f3mo el gobierno revolucionario dirigido por el Presidente obrero defiende el empleo, aumenta el salario, aumenta las pensiones y garantiza la estabilidad\u201d, \u201ces parte de la diferencia entre los dos sistemas que vamos a defender\u201d.<\/p>\n<p>5.- Comprometerse a realizar \u201ctodas las acciones necesarias para garantizar desde la clase obrera mejorar los niveles de producci\u00f3n\u201d como se ha logrado en Diana, L\u00e1cteo Los Andes, Venvidrio, pero en particular intensificar la vigilancia que debemos tener con lo que es la distribuci\u00f3n\u201d debido a que \u201cno llega a los sitios fundamentales\u201d.<\/p>\n<p>6.- Crear \u201cuna Corporaci\u00f3n Nacional de Distribuci\u00f3n\u201d donde se garantice esa funci\u00f3n social y tambi\u00e9n a donde \u201clleguen los productos que hacemos los trabajadores\u201d para su distribuci\u00f3n.<\/p>\n<p>7.- Lograr que \u201csea desde el Consejo Presidencial de la Clase Obrera donde se recoja el conjunto de propuestas mediante las cuales \u201casumamos de verdad la conducci\u00f3n, direcci\u00f3n, gesti\u00f3n y planificaci\u00f3n de un conjunto de empresas que deben estar en manos de los trabajadores para ponerlas a producir\u201d, para garantizar que realmente est\u00e9n en manos de los que defender\u00e1n la Revoluci\u00f3n y a su l\u00edder.<\/p>\n<p>8.- Rendir el homenaje a Zamora, a estos h\u00e9roes de la Federaci\u00f3n, jurando tambi\u00e9n \u201cdelante de Zamora, delante del Presidente y con el compromiso del legado del presidente eterno, nuestro comandante Hugo Ch\u00e1vez que a partir de estos instantes, a trav\u00e9s del Consejo Presidencial de la Clase Obrera nos ponemos al frente de la lucha contra la guerra econ\u00f3mica garantizando los productos y garantizando su distribuci\u00f3n\u201d.<\/p>\n<p>&nbsp;<\/p>\n<p>&nbsp;<\/p>\n","protected":false},"excerpt":{"rendered":"<p>La clase Obrera empoderada present\u00f3 ante el Presidente de la Rep\u00fablica, Nicol\u00e1s Maduro, una serie de propuestas con miras a defender las conquistas alcanzadas en Revoluci\u00f3n. <\/p>\n","protected":false},"author":25,"featured_media":4844,"comment_status":"closed","ping_status":"closed","sticky":false,"template":"","format":"standard","meta":{"footnotes":""},"categories":[82],"tags":[],"yoast_head":"<!-- This site is optimized with the Yoast SEO plugin v22.5 - https:\/\/yoast.com\/wordpress\/plugins\/seo\/ -->\n<title>Estas son las propuestas de la Clase Obrera presentadas al Presidente Maduro - MPPPST<\/title>\n<meta name=\"robots\" content=\"index, follow, max-snippet:-1, max-image-preview:large, max-video-preview:-1\" \/>\n<link rel=\"canonical\" href=\"https:\/\/www.mpppst.gob.ve\/mpppstweb\/index.php\/2016\/02\/22\/estas-son-las-propuestas-de-la-clase-obrera-presentadas-al-presidente-maduro-2\/\" \/>\n<meta property=\"og:locale\" content=\"es_ES\" \/>\n<meta property=\"og:type\" content=\"article\" \/>\n<meta property=\"og:title\" content=\"Estas son las propuestas de la Clase Obrera presentadas al Presidente Maduro - MPPPST\" \/>\n<meta property=\"og:description\" content=\"La clase Obrera empoderada present\u00f3 ante el Presidente de la Rep\u00fablica, Nicol\u00e1s Maduro, una serie de propuestas con miras a defender las conquistas alcanzadas en Revoluci\u00f3n.\" \/>\n<meta property=\"og:url\" content=\"https:\/\/www.mpppst.gob.ve\/mpppstweb\/index.php\/2016\/02\/22\/estas-son-las-propuestas-de-la-clase-obrera-presentadas-al-presidente-maduro-2\/\" \/>\n<meta property=\"og:site_name\" content=\"MPPPST\" \/>\n<meta property=\"article:published_time\" content=\"2016-02-22T15:14:11+00:00\" \/>\n<meta property=\"article:modified_time\" content=\"2016-07-20T13:26:21+00:00\" \/>\n<meta property=\"og:image\" content=\"https:\/\/www.mpppst.gob.ve\/mpppstweb\/wp-content\/uploads\/2016\/02\/Propuestas-de-la-clase-Obrera-1.jpg\" \/>\n\t<meta property=\"og:image:width\" content=\"600\" \/>\n\t<meta property=\"og:image:height\" content=\"387\" \/>\n\t<meta property=\"og:image:type\" content=\"image\/jpeg\" \/>\n<meta name=\"author\" content=\"MPPPST Prensa\" \/>\n<meta name=\"twitter:card\" content=\"summary_large_image\" \/>\n<meta name=\"twitter:label1\" content=\"Escrito por\" \/>\n\t<meta name=\"twitter:data1\" content=\"MPPPST Prensa\" \/>\n\t<meta name=\"twitter:label2\" content=\"Tiempo de lectura\" \/>\n\t<meta name=\"twitter:data2\" content=\"3 minutos\" \/>\n<script type=\"application\/ld+json\" class=\"yoast-schema-graph\">{\"@context\":\"https:\/\/schema.org\",\"@graph\":[{\"@type\":\"Article\",\"@id\":\"https:\/\/www.mpppst.gob.ve\/mpppstweb\/index.php\/2016\/02\/22\/estas-son-las-propuestas-de-la-clase-obrera-presentadas-al-presidente-maduro-2\/#article\",\"isPartOf\":{\"@id\":\"https:\/\/www.mpppst.gob.ve\/mpppstweb\/index.php\/2016\/02\/22\/estas-son-las-propuestas-de-la-clase-obrera-presentadas-al-presidente-maduro-2\/\"},\"author\":{\"name\":\"MPPPST Prensa\",\"@id\":\"https:\/\/www.mpppst.gob.ve\/mpppstweb\/#\/schema\/person\/fc187ee8ead412bd4c9304b62f900ea4\"},\"headline\":\"Estas son las propuestas de la Clase Obrera presentadas al Presidente Maduro\",\"datePublished\":\"2016-02-22T15:14:11+00:00\",\"dateModified\":\"2016-07-20T13:26:21+00:00\",\"mainEntityOfPage\":{\"@id\":\"https:\/\/www.mpppst.gob.ve\/mpppstweb\/index.php\/2016\/02\/22\/estas-son-las-propuestas-de-la-clase-obrera-presentadas-al-presidente-maduro-2\/\"},\"wordCount\":563,\"publisher\":{\"@id\":\"https:\/\/www.mpppst.gob.ve\/mpppstweb\/#organization\"},\"image\":{\"@id\":\"https:\/\/www.mpppst.gob.ve\/mpppstweb\/index.php\/2016\/02\/22\/estas-son-las-propuestas-de-la-clase-obrera-presentadas-al-presidente-maduro-2\/#primaryimage\"},\"thumbnailUrl\":\"https:\/\/www.mpppst.gob.ve\/mpppstweb\/wp-content\/uploads\/2016\/02\/Propuestas-de-la-clase-Obrera-1.jpg\",\"articleSection\":[\"Gobierno Nacional\"],\"inLanguage\":\"es\"},{\"@type\":\"WebPage\",\"@id\":\"https:\/\/www.mpppst.gob.ve\/mpppstweb\/index.php\/2016\/02\/22\/estas-son-las-propuestas-de-la-clase-obrera-presentadas-al-presidente-maduro-2\/\",\"url\":\"https:\/\/www.mpppst.gob.ve\/mpppstweb\/index.php\/2016\/02\/22\/estas-son-las-propuestas-de-la-clase-obrera-presentadas-al-presidente-maduro-2\/\",\"name\":\"Estas son las propuestas de la Clase Obrera presentadas al Presidente Maduro - MPPPST\",\"isPartOf\":{\"@id\":\"https:\/\/www.mpppst.gob.ve\/mpppstweb\/#website\"},\"primaryImageOfPage\":{\"@id\":\"https:\/\/www.mpppst.gob.ve\/mpppstweb\/index.php\/2016\/02\/22\/estas-son-las-propuestas-de-la-clase-obrera-presentadas-al-presidente-maduro-2\/#primaryimage\"},\"image\":{\"@id\":\"https:\/\/www.mpppst.gob.ve\/mpppstweb\/index.php\/2016\/02\/22\/estas-son-las-propuestas-de-la-clase-obrera-presentadas-al-presidente-maduro-2\/#primaryimage\"},\"thumbnailUrl\":\"https:\/\/www.mpppst.gob.ve\/mpppstweb\/wp-content\/uploads\/2016\/02\/Propuestas-de-la-clase-Obrera-1.jpg\",\"datePublished\":\"2016-02-22T15:14:11+00:00\",\"dateModified\":\"2016-07-20T13:26:21+00:00\",\"breadcrumb\":{\"@id\":\"https:\/\/www.mpppst.gob.ve\/mpppstweb\/index.php\/2016\/02\/22\/estas-son-las-propuestas-de-la-clase-obrera-presentadas-al-presidente-maduro-2\/#breadcrumb\"},\"inLanguage\":\"es\",\"potentialAction\":[{\"@type\":\"ReadAction\",\"target\":[\"https:\/\/www.mpppst.gob.ve\/mpppstweb\/index.php\/2016\/02\/22\/estas-son-las-propuestas-de-la-clase-obrera-presentadas-al-presidente-maduro-2\/\"]}]},{\"@type\":\"ImageObject\",\"inLanguage\":\"es\",\"@id\":\"https:\/\/www.mpppst.gob.ve\/mpppstweb\/index.php\/2016\/02\/22\/estas-son-las-propuestas-de-la-clase-obrera-presentadas-al-presidente-maduro-2\/#primaryimage\",\"url\":\"https:\/\/www.mpppst.gob.ve\/mpppstweb\/wp-content\/uploads\/2016\/02\/Propuestas-de-la-clase-Obrera-1.jpg\",\"contentUrl\":\"https:\/\/www.mpppst.gob.ve\/mpppstweb\/wp-content\/uploads\/2016\/02\/Propuestas-de-la-clase-Obrera-1.jpg\",\"width\":600,\"height\":387},{\"@type\":\"BreadcrumbList\",\"@id\":\"https:\/\/www.mpppst.gob.ve\/mpppstweb\/index.php\/2016\/02\/22\/estas-son-las-propuestas-de-la-clase-obrera-presentadas-al-presidente-maduro-2\/#breadcrumb\",\"itemListElement\":[{\"@type\":\"ListItem\",\"position\":1,\"name\":\"Home\",\"item\":\"https:\/\/www.mpppst.gob.ve\/mpppstweb\/\"},{\"@type\":\"ListItem\",\"position\":2,\"name\":\"Estas son las propuestas de la Clase Obrera presentadas al Presidente Maduro\"}]},{\"@type\":\"WebSite\",\"@id\":\"https:\/\/www.mpppst.gob.ve\/mpppstweb\/#website\",\"url\":\"https:\/\/www.mpppst.gob.ve\/mpppstweb\/\",\"name\":\"MPPPST\",\"description\":\"Ministerio del Poder Popular para el Proceso Social de Trabajo\",\"publisher\":{\"@id\":\"https:\/\/www.mpppst.gob.ve\/mpppstweb\/#organization\"},\"potentialAction\":[{\"@type\":\"SearchAction\",\"target\":{\"@type\":\"EntryPoint\",\"urlTemplate\":\"https:\/\/www.mpppst.gob.ve\/mpppstweb\/?s={search_term_string}\"},\"query-input\":\"required name=search_term_string\"}],\"inLanguage\":\"es\"},{\"@type\":\"Organization\",\"@id\":\"https:\/\/www.mpppst.gob.ve\/mpppstweb\/#organization\",\"name\":\"mpppst\",\"url\":\"https:\/\/www.mpppst.gob.ve\/mpppstweb\/\",\"logo\":{\"@type\":\"ImageObject\",\"inLanguage\":\"es\",\"@id\":\"https:\/\/www.mpppst.gob.ve\/mpppstweb\/#\/schema\/logo\/image\/\",\"url\":\"https:\/\/www.mpppst.gob.ve\/mpppstweb\/wp-content\/uploads\/2025\/07\/cropped-cropped-g910.png\",\"contentUrl\":\"https:\/\/www.mpppst.gob.ve\/mpppstweb\/wp-content\/uploads\/2025\/07\/cropped-cropped-g910.png\",\"width\":1080,\"height\":241,\"caption\":\"mpppst\"},\"image\":{\"@id\":\"https:\/\/www.mpppst.gob.ve\/mpppstweb\/#\/schema\/logo\/image\/\"}},{\"@type\":\"Person\",\"@id\":\"https:\/\/www.mpppst.gob.ve\/mpppstweb\/#\/schema\/person\/fc187ee8ead412bd4c9304b62f900ea4\",\"name\":\"MPPPST Prensa\",\"url\":\"https:\/\/www.mpppst.gob.ve\/mpppstweb\/index.php\/author\/prensa-mpppst\/\"}]}<\/script>\n<!-- \/ Yoast SEO plugin. -->","yoast_head_json":{"title":"Estas son las propuestas de la Clase Obrera presentadas al Presidente Maduro - MPPPST","robots":{"index":"index","follow":"follow","max-snippet":"max-snippet:-1","max-image-preview":"max-image-preview:large","max-video-preview":"max-video-preview:-1"},"canonical":"https:\/\/www.mpppst.gob.ve\/mpppstweb\/index.php\/2016\/02\/22\/estas-son-las-propuestas-de-la-clase-obrera-presentadas-al-presidente-maduro-2\/","og_locale":"es_ES","og_type":"article","og_title":"Estas son las propuestas de la Clase Obrera presentadas al Presidente Maduro - MPPPST","og_description":"La clase Obrera empoderada present\u00f3 ante el Presidente de la Rep\u00fablica, Nicol\u00e1s Maduro, una serie de propuestas con miras a defender las conquistas alcanzadas en Revoluci\u00f3n.","og_url":"https:\/\/www.mpppst.gob.ve\/mpppstweb\/index.php\/2016\/02\/22\/estas-son-las-propuestas-de-la-clase-obrera-presentadas-al-presidente-maduro-2\/","og_site_name":"MPPPST","article_published_time":"2016-02-22T15:14:11+00:00","article_modified_time":"2016-07-20T13:26:21+00:00","og_image":[{"width":600,"height":387,"url":"https:\/\/www.mpppst.gob.ve\/mpppstweb\/wp-content\/uploads\/2016\/02\/Propuestas-de-la-clase-Obrera-1.jpg","type":"image\/jpeg"}],"author":"MPPPST Prensa","twitter_card":"summary_large_image","twitter_misc":{"Escrito por":"MPPPST Prensa","Tiempo de lectura":"3 minutos"},"schema":{"@context":"https:\/\/schema.org","@graph":[{"@type":"Article","@id":"https:\/\/www.mpppst.gob.ve\/mpppstweb\/index.php\/2016\/02\/22\/estas-son-las-propuestas-de-la-clase-obrera-presentadas-al-presidente-maduro-2\/#article","isPartOf":{"@id":"https:\/\/www.mpppst.gob.ve\/mpppstweb\/index.php\/2016\/02\/22\/estas-son-las-propuestas-de-la-clase-obrera-presentadas-al-presidente-maduro-2\/"},"author":{"name":"MPPPST Prensa","@id":"https:\/\/www.mpppst.gob.ve\/mpppstweb\/#\/schema\/person\/fc187ee8ead412bd4c9304b62f900ea4"},"headline":"Estas son las propuestas de la Clase Obrera presentadas al Presidente Maduro","datePublished":"2016-02-22T15:14:11+00:00","dateModified":"2016-07-20T13:26:21+00:00","mainEntityOfPage":{"@id":"https:\/\/www.mpppst.gob.ve\/mpppstweb\/index.php\/2016\/02\/22\/estas-son-las-propuestas-de-la-clase-obrera-presentadas-al-presidente-maduro-2\/"},"wordCount":563,"publisher":{"@id":"https:\/\/www.mpppst.gob.ve\/mpppstweb\/#organization"},"image":{"@id":"https:\/\/www.mpppst.gob.ve\/mpppstweb\/index.php\/2016\/02\/22\/estas-son-las-propuestas-de-la-clase-obrera-presentadas-al-presidente-maduro-2\/#primaryimage"},"thumbnailUrl":"https:\/\/www.mpppst.gob.ve\/mpppstweb\/wp-content\/uploads\/2016\/02\/Propuestas-de-la-clase-Obrera-1.jpg","articleSection":["Gobierno Nacional"],"inLanguage":"es"},{"@type":"WebPage","@id":"https:\/\/www.mpppst.gob.ve\/mpppstweb\/index.php\/2016\/02\/22\/estas-son-las-propuestas-de-la-clase-obrera-presentadas-al-presidente-maduro-2\/","url":"https:\/\/www.mpppst.gob.ve\/mpppstweb\/index.php\/2016\/02\/22\/estas-son-las-propuestas-de-la-clase-obrera-presentadas-al-presidente-maduro-2\/","name":"Estas son las propuestas de la Clase Obrera presentadas al Presidente Maduro - MPPPST","isPartOf":{"@id":"https:\/\/www.mpppst.gob.ve\/mpppstweb\/#website"},"primaryImageOfPage":{"@id":"https:\/\/www.mpppst.gob.ve\/mpppstweb\/index.php\/2016\/02\/22\/estas-son-las-propuestas-de-la-clase-obrera-presentadas-al-presidente-maduro-2\/#primaryimage"},"image":{"@id":"https:\/\/www.mpppst.gob.ve\/mpppstweb\/index.php\/2016\/02\/22\/estas-son-las-propuestas-de-la-clase-obrera-presentadas-al-presidente-maduro-2\/#primaryimage"},"thumbnailUrl":"https:\/\/www.mpppst.gob.ve\/mpppstweb\/wp-content\/uploads\/2016\/02\/Propuestas-de-la-clase-Obrera-1.jpg","datePublished":"2016-02-22T15:14:11+00:00","dateModified":"2016-07-20T13:26:21+00:00","breadcrumb":{"@id":"https:\/\/www.mpppst.gob.ve\/mpppstweb\/index.php\/2016\/02\/22\/estas-son-las-propuestas-de-la-clase-obrera-presentadas-al-presidente-maduro-2\/#breadcrumb"},"inLanguage":"es","potentialAction":[{"@type":"ReadAction","target":["https:\/\/www.mpppst.gob.ve\/mpppstweb\/index.php\/2016\/02\/22\/estas-son-las-propuestas-de-la-clase-obrera-presentadas-al-presidente-maduro-2\/"]}]},{"@type":"ImageObject","inLanguage":"es","@id":"https:\/\/www.mpppst.gob.ve\/mpppstweb\/index.php\/2016\/02\/22\/estas-son-las-propuestas-de-la-clase-obrera-presentadas-al-presidente-maduro-2\/#primaryimage","url":"https:\/\/www.mpppst.gob.ve\/mpppstweb\/wp-content\/uploads\/2016\/02\/Propuestas-de-la-clase-Obrera-1.jpg","contentUrl":"https:\/\/www.mpppst.gob.ve\/mpppstweb\/wp-content\/uploads\/2016\/02\/Propuestas-de-la-clase-Obrera-1.jpg","width":600,"height":387},{"@type":"BreadcrumbList","@id":"https:\/\/www.mpppst.gob.ve\/mpppstweb\/index.php\/2016\/02\/22\/estas-son-las-propuestas-de-la-clase-obrera-presentadas-al-presidente-maduro-2\/#breadcrumb","itemListElement":[{"@type":"ListItem","position":1,"name":"Home","item":"https:\/\/www.mpppst.gob.ve\/mpppstweb\/"},{"@type":"ListItem","position":2,"name":"Estas son las propuestas de la Clase Obrera presentadas al Presidente Maduro"}]},{"@type":"WebSite","@id":"https:\/\/www.mpppst.gob.ve\/mpppstweb\/#website","url":"https:\/\/www.mpppst.gob.ve\/mpppstweb\/","name":"MPPPST","description":"Ministerio del Poder Popular para el Proceso Social de Trabajo","publisher":{"@id":"https:\/\/www.mpppst.gob.ve\/mpppstweb\/#organization"},"potentialAction":[{"@type":"SearchAction","target":{"@type":"EntryPoint","urlTemplate":"https:\/\/www.mpppst.gob.ve\/mpppstweb\/?s={search_term_string}"},"query-input":"required name=search_term_string"}],"inLanguage":"es"},{"@type":"Organization","@id":"https:\/\/www.mpppst.gob.ve\/mpppstweb\/#organization","name":"mpppst","url":"https:\/\/www.mpppst.gob.ve\/mpppstweb\/","logo":{"@type":"ImageObject","inLanguage":"es","@id":"https:\/\/www.mpppst.gob.ve\/mpppstweb\/#\/schema\/logo\/image\/","url":"https:\/\/www.mpppst.gob.ve\/mpppstweb\/wp-content\/uploads\/2025\/07\/cropped-cropped-g910.png","contentUrl":"https:\/\/www.mpppst.gob.ve\/mpppstweb\/wp-content\/uploads\/2025\/07\/cropped-cropped-g910.png","width":1080,"height":241,"caption":"mpppst"},"image":{"@id":"https:\/\/www.mpppst.gob.ve\/mpppstweb\/#\/schema\/logo\/image\/"}},{"@type":"Person","@id":"https:\/\/www.mpppst.gob.ve\/mpppstweb\/#\/schema\/person\/fc187ee8ead412bd4c9304b62f900ea4","name":"MPPPST Prensa","url":"https:\/\/www.mpppst.gob.ve\/mpppstweb\/index.php\/author\/prensa-mpppst\/"}]}},"_links":{"self":[{"href":"https:\/\/www.mpppst.gob.ve\/mpppstweb\/index.php\/wp-json\/wp\/v2\/posts\/4843"}],"collection":[{"href":"https:\/\/www.mpppst.gob.ve\/mpppstweb\/index.php\/wp-json\/wp\/v2\/posts"}],"about":[{"href":"https:\/\/www.mpppst.gob.ve\/mpppstweb\/index.php\/wp-json\/wp\/v2\/types\/post"}],"author":[{"embeddable":true,"href":"https:\/\/www.mpppst.gob.ve\/mpppstweb\/index.php\/wp-json\/wp\/v2\/users\/25"}],"replies":[{"embeddable":true,"href":"https:\/\/www.mpppst.gob.ve\/mpppstweb\/index.php\/wp-json\/wp\/v2\/comments?post=4843"}],"version-history":[{"count":1,"href":"https:\/\/www.mpppst.gob.ve\/mpppstweb\/index.php\/wp-json\/wp\/v2\/posts\/4843\/revisions"}],"predecessor-version":[{"id":7038,"href":"https:\/\/www.mpppst.gob.ve\/mpppstweb\/index.php\/wp-json\/wp\/v2\/posts\/4843\/revisions\/7038"}],"wp:featuredmedia":[{"embeddable":true,"href":"https:\/\/www.mpppst.gob.ve\/mpppstweb\/index.php\/wp-json\/wp\/v2\/media\/4844"}],"wp:attachment":[{"href":"https:\/\/www.mpppst.gob.ve\/mpppstweb\/index.php\/wp-json\/wp\/v2\/media?parent=4843"}],"wp:term":[{"taxonomy":"category","embeddable":true,"href":"https:\/\/www.mpppst.gob.ve\/mpppstweb\/index.php\/wp-json\/wp\/v2\/categories?post=4843"},{"taxonomy":"post_tag","embeddable":true,"href":"https:\/\/www.mpppst.gob.ve\/mpppstweb\/index.php\/wp-json\/wp\/v2\/tags?post=4843"}],"curies":[{"name":"wp","href":"https:\/\/api.w.org\/{rel}","templated":true}]}}