{"id":4979,"date":"2016-03-05T17:23:54","date_gmt":"2016-03-05T17:23:54","guid":{"rendered":"http:\/\/www.mpppst.gob.ve\/mpppstweb\/?p=4979"},"modified":"2016-07-01T18:59:57","modified_gmt":"2016-07-01T18:59:57","slug":"4979","status":"publish","type":"post","link":"https:\/\/www.mpppst.gob.ve\/mpppstweb\/index.php\/2016\/03\/05\/4979\/","title":{"rendered":"Ch\u00e1vez: El hombre de la Rebeli\u00f3n militar"},"content":{"rendered":"<p><strong>Ch\u00e1vez: El hombre de la Rebeli\u00f3n militar<\/strong><\/p>\n<p>Marbelys Mav\u00e1rez Laguna<\/p>\n<p style=\"text-align: justify;\">A pesar de la delaci\u00f3n que se hab\u00eda dado en torno a la insurrecci\u00f3n militar asestada el 4F de 1992 -asunto que se puso al descubierto desde el 2 de Febrero- Ch\u00e1vez sigui\u00f3 con el plan: la Rebeli\u00f3n militar que dar\u00eda al traste con las condiciones existenciales de la \u00e9poca. Una pobreza que gravitaba alrededor del 85% de la poblaci\u00f3n, la presi\u00f3n de los organismos internacionales seg\u00fan la cual Venezuela deb\u00eda acudir inevitablemente al Fondo Monetario Internacional (FMI), al Banco Mundial (BM) y al Banco Interamericano de Desarrollo (BID) para salir de la gran crisis econ\u00f3mica, del gran d\u00e9ficit fiscal, de la situaci\u00f3n inmanejable de las finanzas del Estado venezolano. Seg\u00fan estos organismos, luego de aceptar sus viles condiciones, entrar\u00edamos a una fase de bienestar sin parang\u00f3n.<\/p>\n<p style=\"text-align: justify;\">Sin embargo, como es conocido, las promesas de tales instituciones financieras, nunca se han materializado. Ni en Am\u00e9rica Latina, ni en Europa, ni en Asia (que, por ejemplo, lejos de reimpulsar el llamado milagro asi\u00e1tico, acab\u00f3 definitivamente con \u00e9l). Uno de los ofrecimientos que nunca se materializar\u00e1n es la reducci\u00f3n de la pobreza a trav\u00e9s del recorte del gasto (lo cual obviamente inclu\u00eda al gasto social en la esfera del gasto p\u00fablico). Nos dec\u00edan que deb\u00edamos \u201capretarnos el cintur\u00f3n\u201d, \u201caplicar el recetario\u201d con las consecuencias de una inevitable yatrogenia; en otras palabras, peor el remedio que la enfermedad. Era sin duda una terapia que implosionaba la dimensi\u00f3n social. Sin contribuir en forma alguna a redimensionar las variables econ\u00f3micas.<\/p>\n<p style=\"text-align: justify;\">Por estas, entre otras tantas razones, aquel 4-F es para la historia contempor\u00e1nea de Venezuela un d\u00eda de liberaci\u00f3n. El pueblo venezolano, a partir de ese momento, pudo conocer que tiene en sus manos las armas para emprender movimientos emancipatorios. Con el 4-F se crearon las condiciones para que la poblaci\u00f3n, de la mano del l\u00edder Ch\u00e1vez, comenzara a asumir el poder para la transformaci\u00f3n del orden establecido. Desde entonces hemos visto c\u00f3mo el pueblo se ha empoderado y ha asumido acciones vitales en procura del logro de tal objetivo.<\/p>\n<p style=\"text-align: justify;\"><strong>Sin Estado Mayor y sin comunicaciones\u2026<\/strong><\/p>\n<p style=\"text-align: justify;\">Una de las preocupaciones del Comandante Ch\u00e1vez fue el relativo a las comunicaciones y a la conformaci\u00f3n del Estado Mayor. Es comprensible. Veamos por qu\u00e9: Arias C\u00e1rdenas atribuye al hecho de no contar con un Estado mayor (grupo de an\u00e1lisis que ayuda a tomar decisiones) como la causa de no haber podido alcanzar el objetivo planteado. Tampoco hab\u00eda comunicaciones que permitieran conocer c\u00f3mo estaban las cosas en el momento del desarrollo de la insurrecci\u00f3n. De tal forma que no hubo manera de saber c\u00f3mo estaba la situaci\u00f3n en Maracay o en Valencia\u2026<\/p>\n<p style=\"text-align: justify;\">No obstante, la acci\u00f3n fue exitosa. El l\u00edder devino luego en Presidente de la Rep\u00fablica Bolivariana de Venezuela, generando un verdadero quiebre en el ejercicio de la pol\u00edtica y dando lugar a la puesta en escena de un nuevo paradigma econ\u00f3mico, social, cultural.<\/p>\n<p style=\"text-align: justify;\"><strong>La orden de CAP: \u201c\u00c9cheles plomo\u201d<\/strong><\/p>\n<p style=\"text-align: justify;\">En el seno de la insurrecci\u00f3n, tal como lo se\u00f1ala Iv\u00e1n Dar\u00edo Jim\u00e9nez, en su libro Los Golpes de Estado desde Castro hasta Caldera (1996: 217), el general Fernando Ochoa Antich, se encontraba en Fuerte Tiuna, en la sede del Ministerio, a las 01: 25 Hrs. Iv\u00e1n Jim\u00e9nez se comunic\u00f3 con el Presidente, le inform\u00f3 que se encontraba en negociaciones con los rebeldes. Mientras que en Miraflores el Presidente dejaba brotar sus experiencias de cuando era Ministro del Interior en el Gobierno de Betancourt (tiempos de El Porte\u00f1azo): \u201c\u00a1No quiero negociaciones de ninguna \u00edndole, \u00e9cheles plomo\u00a1\u201d<\/p>\n<p style=\"text-align: justify;\">Ciertamente Ochoa no acat\u00f3 la orden. Fue el Jefe de Estado Mayor Conjunto, Iv\u00e1n Jim\u00e9nez S\u00e1nchez quien orden\u00f3, en nombre del Ministro de la Defensa, atacar con todo el poder de fuego de la Aviaci\u00f3n de Combate, todas las instalaciones donde se encontraban ubicados los jefes de la Insurrecci\u00f3n Militar: en el Museo Hist\u00f3rico Militar de Caracas, se encontraba el Tcnel. Hugo Ch\u00e1vez. En el Cuartel P\u00e1ez de Maracay se encontraba el Tcnel. Jes\u00fas Urdaneta Hern\u00e1ndez y en el Cuartel Libertador de Maracaibo, se hallaba el Tcnel. Francisco Arias C\u00e1rdenas. Esta orden no fue cumplida, pues sin duda, se estaba frente a un verdadero l\u00edder. Y eso tiene un significativo valor entre militares.<\/p>\n","protected":false},"excerpt":{"rendered":"<p>A pesar de la delaci\u00f3n que se hab\u00eda dado en torno a la insurrecci\u00f3n militar asestada el 4F de 1992 -asunto que se puso al descubierto desde el 2 de Febrero- Ch\u00e1vez sigui\u00f3 con el plan: la Rebeli\u00f3n militar que dar\u00eda al traste con las condiciones existenciales de la \u00e9poca.<\/p>\n","protected":false},"author":25,"featured_media":4980,"comment_status":"closed","ping_status":"closed","sticky":false,"template":"","format":"standard","meta":{"footnotes":""},"categories":[82],"tags":[],"yoast_head":"<!-- This site is optimized with the Yoast SEO plugin v22.5 - https:\/\/yoast.com\/wordpress\/plugins\/seo\/ -->\n<title>Ch\u00e1vez: El hombre de la Rebeli\u00f3n militar - MPPPST<\/title>\n<meta name=\"robots\" content=\"index, follow, max-snippet:-1, max-image-preview:large, max-video-preview:-1\" \/>\n<link rel=\"canonical\" href=\"https:\/\/www.mpppst.gob.ve\/mpppstweb\/index.php\/2016\/03\/05\/4979\/\" \/>\n<meta property=\"og:locale\" content=\"es_ES\" \/>\n<meta property=\"og:type\" content=\"article\" \/>\n<meta property=\"og:title\" content=\"Ch\u00e1vez: El hombre de la Rebeli\u00f3n militar - MPPPST\" \/>\n<meta property=\"og:description\" content=\"A pesar de la delaci\u00f3n que se hab\u00eda dado en torno a la insurrecci\u00f3n militar asestada el 4F de 1992 -asunto que se puso al descubierto desde el 2 de Febrero- Ch\u00e1vez sigui\u00f3 con el plan: la Rebeli\u00f3n militar que dar\u00eda al traste con las condiciones existenciales de la \u00e9poca.\" \/>\n<meta property=\"og:url\" content=\"https:\/\/www.mpppst.gob.ve\/mpppstweb\/index.php\/2016\/03\/05\/4979\/\" \/>\n<meta property=\"og:site_name\" content=\"MPPPST\" \/>\n<meta property=\"article:published_time\" content=\"2016-03-05T17:23:54+00:00\" \/>\n<meta property=\"article:modified_time\" content=\"2016-07-01T18:59:57+00:00\" \/>\n<meta property=\"og:image\" content=\"https:\/\/www.mpppst.gob.ve\/mpppstweb\/wp-content\/uploads\/2016\/03\/chavez-4f.jpg\" \/>\n\t<meta property=\"og:image:width\" content=\"334\" \/>\n\t<meta property=\"og:image:height\" content=\"350\" \/>\n\t<meta property=\"og:image:type\" content=\"image\/jpeg\" \/>\n<meta name=\"author\" content=\"MPPPST Prensa\" \/>\n<meta name=\"twitter:card\" content=\"summary_large_image\" \/>\n<meta name=\"twitter:label1\" content=\"Escrito por\" \/>\n\t<meta name=\"twitter:data1\" content=\"MPPPST Prensa\" \/>\n\t<meta name=\"twitter:label2\" content=\"Tiempo de lectura\" \/>\n\t<meta name=\"twitter:data2\" content=\"4 minutos\" \/>\n<script type=\"application\/ld+json\" class=\"yoast-schema-graph\">{\"@context\":\"https:\/\/schema.org\",\"@graph\":[{\"@type\":\"Article\",\"@id\":\"https:\/\/www.mpppst.gob.ve\/mpppstweb\/index.php\/2016\/03\/05\/4979\/#article\",\"isPartOf\":{\"@id\":\"https:\/\/www.mpppst.gob.ve\/mpppstweb\/index.php\/2016\/03\/05\/4979\/\"},\"author\":{\"name\":\"MPPPST Prensa\",\"@id\":\"https:\/\/www.mpppst.gob.ve\/mpppstweb\/#\/schema\/person\/fc187ee8ead412bd4c9304b62f900ea4\"},\"headline\":\"Ch\u00e1vez: El hombre de la Rebeli\u00f3n militar\",\"datePublished\":\"2016-03-05T17:23:54+00:00\",\"dateModified\":\"2016-07-01T18:59:57+00:00\",\"mainEntityOfPage\":{\"@id\":\"https:\/\/www.mpppst.gob.ve\/mpppstweb\/index.php\/2016\/03\/05\/4979\/\"},\"wordCount\":776,\"publisher\":{\"@id\":\"https:\/\/www.mpppst.gob.ve\/mpppstweb\/#organization\"},\"image\":{\"@id\":\"https:\/\/www.mpppst.gob.ve\/mpppstweb\/index.php\/2016\/03\/05\/4979\/#primaryimage\"},\"thumbnailUrl\":\"https:\/\/www.mpppst.gob.ve\/mpppstweb\/wp-content\/uploads\/2016\/03\/chavez-4f.jpg\",\"articleSection\":[\"Gobierno Nacional\"],\"inLanguage\":\"es\"},{\"@type\":\"WebPage\",\"@id\":\"https:\/\/www.mpppst.gob.ve\/mpppstweb\/index.php\/2016\/03\/05\/4979\/\",\"url\":\"https:\/\/www.mpppst.gob.ve\/mpppstweb\/index.php\/2016\/03\/05\/4979\/\",\"name\":\"Ch\u00e1vez: El hombre de la Rebeli\u00f3n militar - MPPPST\",\"isPartOf\":{\"@id\":\"https:\/\/www.mpppst.gob.ve\/mpppstweb\/#website\"},\"primaryImageOfPage\":{\"@id\":\"https:\/\/www.mpppst.gob.ve\/mpppstweb\/index.php\/2016\/03\/05\/4979\/#primaryimage\"},\"image\":{\"@id\":\"https:\/\/www.mpppst.gob.ve\/mpppstweb\/index.php\/2016\/03\/05\/4979\/#primaryimage\"},\"thumbnailUrl\":\"https:\/\/www.mpppst.gob.ve\/mpppstweb\/wp-content\/uploads\/2016\/03\/chavez-4f.jpg\",\"datePublished\":\"2016-03-05T17:23:54+00:00\",\"dateModified\":\"2016-07-01T18:59:57+00:00\",\"breadcrumb\":{\"@id\":\"https:\/\/www.mpppst.gob.ve\/mpppstweb\/index.php\/2016\/03\/05\/4979\/#breadcrumb\"},\"inLanguage\":\"es\",\"potentialAction\":[{\"@type\":\"ReadAction\",\"target\":[\"https:\/\/www.mpppst.gob.ve\/mpppstweb\/index.php\/2016\/03\/05\/4979\/\"]}]},{\"@type\":\"ImageObject\",\"inLanguage\":\"es\",\"@id\":\"https:\/\/www.mpppst.gob.ve\/mpppstweb\/index.php\/2016\/03\/05\/4979\/#primaryimage\",\"url\":\"https:\/\/www.mpppst.gob.ve\/mpppstweb\/wp-content\/uploads\/2016\/03\/chavez-4f.jpg\",\"contentUrl\":\"https:\/\/www.mpppst.gob.ve\/mpppstweb\/wp-content\/uploads\/2016\/03\/chavez-4f.jpg\",\"width\":334,\"height\":350},{\"@type\":\"BreadcrumbList\",\"@id\":\"https:\/\/www.mpppst.gob.ve\/mpppstweb\/index.php\/2016\/03\/05\/4979\/#breadcrumb\",\"itemListElement\":[{\"@type\":\"ListItem\",\"position\":1,\"name\":\"Home\",\"item\":\"https:\/\/www.mpppst.gob.ve\/mpppstweb\/\"},{\"@type\":\"ListItem\",\"position\":2,\"name\":\"Ch\u00e1vez: El hombre de la Rebeli\u00f3n militar\"}]},{\"@type\":\"WebSite\",\"@id\":\"https:\/\/www.mpppst.gob.ve\/mpppstweb\/#website\",\"url\":\"https:\/\/www.mpppst.gob.ve\/mpppstweb\/\",\"name\":\"MPPPST\",\"description\":\"Ministerio del Poder Popular para el Proceso Social de Trabajo\",\"publisher\":{\"@id\":\"https:\/\/www.mpppst.gob.ve\/mpppstweb\/#organization\"},\"potentialAction\":[{\"@type\":\"SearchAction\",\"target\":{\"@type\":\"EntryPoint\",\"urlTemplate\":\"https:\/\/www.mpppst.gob.ve\/mpppstweb\/?s={search_term_string}\"},\"query-input\":\"required name=search_term_string\"}],\"inLanguage\":\"es\"},{\"@type\":\"Organization\",\"@id\":\"https:\/\/www.mpppst.gob.ve\/mpppstweb\/#organization\",\"name\":\"mpppst\",\"url\":\"https:\/\/www.mpppst.gob.ve\/mpppstweb\/\",\"logo\":{\"@type\":\"ImageObject\",\"inLanguage\":\"es\",\"@id\":\"https:\/\/www.mpppst.gob.ve\/mpppstweb\/#\/schema\/logo\/image\/\",\"url\":\"https:\/\/www.mpppst.gob.ve\/mpppstweb\/wp-content\/uploads\/2025\/07\/cropped-cropped-g910.png\",\"contentUrl\":\"https:\/\/www.mpppst.gob.ve\/mpppstweb\/wp-content\/uploads\/2025\/07\/cropped-cropped-g910.png\",\"width\":1080,\"height\":241,\"caption\":\"mpppst\"},\"image\":{\"@id\":\"https:\/\/www.mpppst.gob.ve\/mpppstweb\/#\/schema\/logo\/image\/\"}},{\"@type\":\"Person\",\"@id\":\"https:\/\/www.mpppst.gob.ve\/mpppstweb\/#\/schema\/person\/fc187ee8ead412bd4c9304b62f900ea4\",\"name\":\"MPPPST Prensa\",\"url\":\"https:\/\/www.mpppst.gob.ve\/mpppstweb\/index.php\/author\/prensa-mpppst\/\"}]}<\/script>\n<!-- \/ Yoast SEO plugin. -->","yoast_head_json":{"title":"Ch\u00e1vez: El hombre de la Rebeli\u00f3n militar - MPPPST","robots":{"index":"index","follow":"follow","max-snippet":"max-snippet:-1","max-image-preview":"max-image-preview:large","max-video-preview":"max-video-preview:-1"},"canonical":"https:\/\/www.mpppst.gob.ve\/mpppstweb\/index.php\/2016\/03\/05\/4979\/","og_locale":"es_ES","og_type":"article","og_title":"Ch\u00e1vez: El hombre de la Rebeli\u00f3n militar - MPPPST","og_description":"A pesar de la delaci\u00f3n que se hab\u00eda dado en torno a la insurrecci\u00f3n militar asestada el 4F de 1992 -asunto que se puso al descubierto desde el 2 de Febrero- Ch\u00e1vez sigui\u00f3 con el plan: la Rebeli\u00f3n militar que dar\u00eda al traste con las condiciones existenciales de la \u00e9poca.","og_url":"https:\/\/www.mpppst.gob.ve\/mpppstweb\/index.php\/2016\/03\/05\/4979\/","og_site_name":"MPPPST","article_published_time":"2016-03-05T17:23:54+00:00","article_modified_time":"2016-07-01T18:59:57+00:00","og_image":[{"width":334,"height":350,"url":"https:\/\/www.mpppst.gob.ve\/mpppstweb\/wp-content\/uploads\/2016\/03\/chavez-4f.jpg","type":"image\/jpeg"}],"author":"MPPPST Prensa","twitter_card":"summary_large_image","twitter_misc":{"Escrito por":"MPPPST Prensa","Tiempo de lectura":"4 minutos"},"schema":{"@context":"https:\/\/schema.org","@graph":[{"@type":"Article","@id":"https:\/\/www.mpppst.gob.ve\/mpppstweb\/index.php\/2016\/03\/05\/4979\/#article","isPartOf":{"@id":"https:\/\/www.mpppst.gob.ve\/mpppstweb\/index.php\/2016\/03\/05\/4979\/"},"author":{"name":"MPPPST Prensa","@id":"https:\/\/www.mpppst.gob.ve\/mpppstweb\/#\/schema\/person\/fc187ee8ead412bd4c9304b62f900ea4"},"headline":"Ch\u00e1vez: El hombre de la Rebeli\u00f3n militar","datePublished":"2016-03-05T17:23:54+00:00","dateModified":"2016-07-01T18:59:57+00:00","mainEntityOfPage":{"@id":"https:\/\/www.mpppst.gob.ve\/mpppstweb\/index.php\/2016\/03\/05\/4979\/"},"wordCount":776,"publisher":{"@id":"https:\/\/www.mpppst.gob.ve\/mpppstweb\/#organization"},"image":{"@id":"https:\/\/www.mpppst.gob.ve\/mpppstweb\/index.php\/2016\/03\/05\/4979\/#primaryimage"},"thumbnailUrl":"https:\/\/www.mpppst.gob.ve\/mpppstweb\/wp-content\/uploads\/2016\/03\/chavez-4f.jpg","articleSection":["Gobierno Nacional"],"inLanguage":"es"},{"@type":"WebPage","@id":"https:\/\/www.mpppst.gob.ve\/mpppstweb\/index.php\/2016\/03\/05\/4979\/","url":"https:\/\/www.mpppst.gob.ve\/mpppstweb\/index.php\/2016\/03\/05\/4979\/","name":"Ch\u00e1vez: El hombre de la Rebeli\u00f3n militar - MPPPST","isPartOf":{"@id":"https:\/\/www.mpppst.gob.ve\/mpppstweb\/#website"},"primaryImageOfPage":{"@id":"https:\/\/www.mpppst.gob.ve\/mpppstweb\/index.php\/2016\/03\/05\/4979\/#primaryimage"},"image":{"@id":"https:\/\/www.mpppst.gob.ve\/mpppstweb\/index.php\/2016\/03\/05\/4979\/#primaryimage"},"thumbnailUrl":"https:\/\/www.mpppst.gob.ve\/mpppstweb\/wp-content\/uploads\/2016\/03\/chavez-4f.jpg","datePublished":"2016-03-05T17:23:54+00:00","dateModified":"2016-07-01T18:59:57+00:00","breadcrumb":{"@id":"https:\/\/www.mpppst.gob.ve\/mpppstweb\/index.php\/2016\/03\/05\/4979\/#breadcrumb"},"inLanguage":"es","potentialAction":[{"@type":"ReadAction","target":["https:\/\/www.mpppst.gob.ve\/mpppstweb\/index.php\/2016\/03\/05\/4979\/"]}]},{"@type":"ImageObject","inLanguage":"es","@id":"https:\/\/www.mpppst.gob.ve\/mpppstweb\/index.php\/2016\/03\/05\/4979\/#primaryimage","url":"https:\/\/www.mpppst.gob.ve\/mpppstweb\/wp-content\/uploads\/2016\/03\/chavez-4f.jpg","contentUrl":"https:\/\/www.mpppst.gob.ve\/mpppstweb\/wp-content\/uploads\/2016\/03\/chavez-4f.jpg","width":334,"height":350},{"@type":"BreadcrumbList","@id":"https:\/\/www.mpppst.gob.ve\/mpppstweb\/index.php\/2016\/03\/05\/4979\/#breadcrumb","itemListElement":[{"@type":"ListItem","position":1,"name":"Home","item":"https:\/\/www.mpppst.gob.ve\/mpppstweb\/"},{"@type":"ListItem","position":2,"name":"Ch\u00e1vez: El hombre de la Rebeli\u00f3n militar"}]},{"@type":"WebSite","@id":"https:\/\/www.mpppst.gob.ve\/mpppstweb\/#website","url":"https:\/\/www.mpppst.gob.ve\/mpppstweb\/","name":"MPPPST","description":"Ministerio del Poder Popular para el Proceso Social de Trabajo","publisher":{"@id":"https:\/\/www.mpppst.gob.ve\/mpppstweb\/#organization"},"potentialAction":[{"@type":"SearchAction","target":{"@type":"EntryPoint","urlTemplate":"https:\/\/www.mpppst.gob.ve\/mpppstweb\/?s={search_term_string}"},"query-input":"required name=search_term_string"}],"inLanguage":"es"},{"@type":"Organization","@id":"https:\/\/www.mpppst.gob.ve\/mpppstweb\/#organization","name":"mpppst","url":"https:\/\/www.mpppst.gob.ve\/mpppstweb\/","logo":{"@type":"ImageObject","inLanguage":"es","@id":"https:\/\/www.mpppst.gob.ve\/mpppstweb\/#\/schema\/logo\/image\/","url":"https:\/\/www.mpppst.gob.ve\/mpppstweb\/wp-content\/uploads\/2025\/07\/cropped-cropped-g910.png","contentUrl":"https:\/\/www.mpppst.gob.ve\/mpppstweb\/wp-content\/uploads\/2025\/07\/cropped-cropped-g910.png","width":1080,"height":241,"caption":"mpppst"},"image":{"@id":"https:\/\/www.mpppst.gob.ve\/mpppstweb\/#\/schema\/logo\/image\/"}},{"@type":"Person","@id":"https:\/\/www.mpppst.gob.ve\/mpppstweb\/#\/schema\/person\/fc187ee8ead412bd4c9304b62f900ea4","name":"MPPPST Prensa","url":"https:\/\/www.mpppst.gob.ve\/mpppstweb\/index.php\/author\/prensa-mpppst\/"}]}},"_links":{"self":[{"href":"https:\/\/www.mpppst.gob.ve\/mpppstweb\/index.php\/wp-json\/wp\/v2\/posts\/4979"}],"collection":[{"href":"https:\/\/www.mpppst.gob.ve\/mpppstweb\/index.php\/wp-json\/wp\/v2\/posts"}],"about":[{"href":"https:\/\/www.mpppst.gob.ve\/mpppstweb\/index.php\/wp-json\/wp\/v2\/types\/post"}],"author":[{"embeddable":true,"href":"https:\/\/www.mpppst.gob.ve\/mpppstweb\/index.php\/wp-json\/wp\/v2\/users\/25"}],"replies":[{"embeddable":true,"href":"https:\/\/www.mpppst.gob.ve\/mpppstweb\/index.php\/wp-json\/wp\/v2\/comments?post=4979"}],"version-history":[{"count":1,"href":"https:\/\/www.mpppst.gob.ve\/mpppstweb\/index.php\/wp-json\/wp\/v2\/posts\/4979\/revisions"}],"predecessor-version":[{"id":7061,"href":"https:\/\/www.mpppst.gob.ve\/mpppstweb\/index.php\/wp-json\/wp\/v2\/posts\/4979\/revisions\/7061"}],"wp:featuredmedia":[{"embeddable":true,"href":"https:\/\/www.mpppst.gob.ve\/mpppstweb\/index.php\/wp-json\/wp\/v2\/media\/4980"}],"wp:attachment":[{"href":"https:\/\/www.mpppst.gob.ve\/mpppstweb\/index.php\/wp-json\/wp\/v2\/media?parent=4979"}],"wp:term":[{"taxonomy":"category","embeddable":true,"href":"https:\/\/www.mpppst.gob.ve\/mpppstweb\/index.php\/wp-json\/wp\/v2\/categories?post=4979"},{"taxonomy":"post_tag","embeddable":true,"href":"https:\/\/www.mpppst.gob.ve\/mpppstweb\/index.php\/wp-json\/wp\/v2\/tags?post=4979"}],"curies":[{"name":"wp","href":"https:\/\/api.w.org\/{rel}","templated":true}]}}