{"id":4984,"date":"2016-03-06T16:59:29","date_gmt":"2016-03-06T16:59:29","guid":{"rendered":"http:\/\/www.mpppst.gob.ve\/mpppstweb\/?p=4984"},"modified":"2016-07-01T19:01:45","modified_gmt":"2016-07-01T19:01:45","slug":"pueblo-patriota-se-movilizo-masivamente-para-recordar-a-hugo-chavez","status":"publish","type":"post","link":"https:\/\/www.mpppst.gob.ve\/mpppstweb\/index.php\/2016\/03\/06\/pueblo-patriota-se-movilizo-masivamente-para-recordar-a-hugo-chavez\/","title":{"rendered":"Pueblo patriota se moviliz\u00f3 masivamente para recordar a Hugo Ch\u00e1vez"},"content":{"rendered":"<p style=\"text-align: justify;\">AVN.- Este domingo, las principales calles de Caracas se colmaron de pueblo para honrar al comandante Hugo Ch\u00e1vez, un hombre que no solo despert\u00f3 a una patria sino a un continente entero.<br \/>\n\u00ab\u00c9l despert\u00f3 a toda Latinoam\u00e9rica. \u00c9l dej\u00f3 la vida por su pueblo, por eso debemos defender el proyecto que dej\u00f3 pensado para futuras generaciones\u00bb, expres\u00f3 a trav\u00e9s de Venezolana de Televisi\u00f3n la se\u00f1ora Irma N\u00fa\u00f1ez.<br \/>\nHace tres a\u00f1os, cuando se anunci\u00f3 la partida f\u00edsica del l\u00edder de la Revoluci\u00f3n Bolivariana, los venezolanos tambi\u00e9n inundaron de amor las mismas calles que se transitan este domingo, desde el Hospital Militar \u00abDr Carlos Arvelo\u00bb hasta el patio de honor de la Academia Militar, en los Pr\u00f3ceres.<br \/>\n\u00abHoy Ch\u00e1vez no est\u00e1 presente f\u00edsicamente, pero vive en nuestra mente y corazones\u00bb, por esa raz\u00f3n, Juana Chirinos sali\u00f3, como hace tres a\u00f1os, a honrar al l\u00edder bolivariano.<br \/>\n\u00ab\u00c9l nos dej\u00f3 una gran sabidur\u00eda, por eso hoy le rindo tributo\u00bb, manifest\u00f3.<br \/>\nPara Franklin Meiro, el recuerdo del ara\u00f1ero de Sabaneta es una fuerza para seguir en la lucha por la victoria: \u00ab\u00c9l nos ense\u00f1\u00f3 a amar la patria y a tener la voluntad de luchar contra el imperialismo y aqu\u00ed seguimos en unidad, lucha, batalla y victoria\u00bb.<br \/>\nEl se\u00f1or Larry Gil evoc\u00f3 al mandatario revolucionario como un hombre que llenaba de sabidur\u00eda a su pueblo y lo hac\u00eda sentir cada d\u00eda m\u00e1s comprometido con el proceso de transformaci\u00f3n social y pol\u00edtico que \u00e9l inici\u00f3.<br \/>\n\u00abComo Al\u00ed Primera nos cantaba, nuestra patria estaba pre\u00f1ada y Ch\u00e1vez la puso a parir. Ch\u00e1vez nos ense\u00f1\u00f3 que Venezuela ten\u00eda que parir, \u00e9l nos llev\u00f3 a entender que la historia de este pa\u00eds era otra, no aquella que escribieron aquellos positivistas a su antojo. Venezuela antes era de un solo sector, ahora es de todos\u00bb, expres\u00f3 Gil.<br \/>\nAsimismo Lermis Lara, se\u00f1al\u00f3 que el pueblo contin\u00faa con firmeza defendiendo el proceso revolucionario. \u00abHoy ratificamos, una vez m\u00e1s, que el pueblo sigue firme, con la moral en alto y unidos en una sola lucha: defender la patria de Bol\u00edvar\u00bb, expres\u00f3.<br \/>\nTambi\u00e9n se refiri\u00f3 a la grandeza humana del comandante, a quien \u00bb no nos cansaremos de rendirle tributo\u00bb. Lara llam\u00f3 a las fuerzas patriotas a mantener la unidad y a defender las conquistas sociales de la Revoluci\u00f3n Bolivariana.<br \/>\nCh\u00e1vez fue un ser extraordinario \u00abque dej\u00f3 mucha sabidur\u00eda en los venezolanos\u00bb, expres\u00f3 por su parte Juana Chirinos, desde el Cuartel de la Monta\u00f1a, en la parroquia caraque\u00f1a 23 de Enero.<\/p>\n","protected":false},"excerpt":{"rendered":"<p> Las principales calles de Caracas se colmaron de pueblo para honrar al comandante Hugo Ch\u00e1vez, un hombre que no solo despert\u00f3 a una Patria sino a un Continente entero.<\/p>\n","protected":false},"author":25,"featured_media":4985,"comment_status":"closed","ping_status":"closed","sticky":false,"template":"","format":"standard","meta":{"footnotes":""},"categories":[82],"tags":[],"yoast_head":"<!-- This site is optimized with the Yoast SEO plugin v22.5 - https:\/\/yoast.com\/wordpress\/plugins\/seo\/ -->\n<title>Pueblo patriota se moviliz\u00f3 masivamente para recordar a Hugo Ch\u00e1vez - MPPPST<\/title>\n<meta name=\"robots\" content=\"index, follow, max-snippet:-1, max-image-preview:large, max-video-preview:-1\" \/>\n<link rel=\"canonical\" href=\"https:\/\/www.mpppst.gob.ve\/mpppstweb\/index.php\/2016\/03\/06\/pueblo-patriota-se-movilizo-masivamente-para-recordar-a-hugo-chavez\/\" \/>\n<meta property=\"og:locale\" content=\"es_ES\" \/>\n<meta property=\"og:type\" content=\"article\" \/>\n<meta property=\"og:title\" content=\"Pueblo patriota se moviliz\u00f3 masivamente para recordar a Hugo Ch\u00e1vez - MPPPST\" \/>\n<meta property=\"og:description\" content=\"Las principales calles de Caracas se colmaron de pueblo para honrar al comandante Hugo Ch\u00e1vez, un hombre que no solo despert\u00f3 a una Patria sino a un Continente entero.\" \/>\n<meta property=\"og:url\" content=\"https:\/\/www.mpppst.gob.ve\/mpppstweb\/index.php\/2016\/03\/06\/pueblo-patriota-se-movilizo-masivamente-para-recordar-a-hugo-chavez\/\" \/>\n<meta property=\"og:site_name\" content=\"MPPPST\" \/>\n<meta property=\"article:published_time\" content=\"2016-03-06T16:59:29+00:00\" \/>\n<meta property=\"article:modified_time\" content=\"2016-07-01T19:01:45+00:00\" \/>\n<meta property=\"og:image\" content=\"https:\/\/www.mpppst.gob.ve\/mpppstweb\/wp-content\/uploads\/2016\/03\/caravana.jpg\" \/>\n\t<meta property=\"og:image:width\" content=\"618\" \/>\n\t<meta property=\"og:image:height\" content=\"468\" \/>\n\t<meta property=\"og:image:type\" content=\"image\/jpeg\" \/>\n<meta name=\"author\" content=\"MPPPST Prensa\" \/>\n<meta name=\"twitter:card\" content=\"summary_large_image\" \/>\n<meta name=\"twitter:label1\" content=\"Escrito por\" \/>\n\t<meta name=\"twitter:data1\" content=\"MPPPST Prensa\" \/>\n\t<meta name=\"twitter:label2\" content=\"Tiempo de lectura\" \/>\n\t<meta name=\"twitter:data2\" content=\"2 minutos\" \/>\n<script type=\"application\/ld+json\" class=\"yoast-schema-graph\">{\"@context\":\"https:\/\/schema.org\",\"@graph\":[{\"@type\":\"Article\",\"@id\":\"https:\/\/www.mpppst.gob.ve\/mpppstweb\/index.php\/2016\/03\/06\/pueblo-patriota-se-movilizo-masivamente-para-recordar-a-hugo-chavez\/#article\",\"isPartOf\":{\"@id\":\"https:\/\/www.mpppst.gob.ve\/mpppstweb\/index.php\/2016\/03\/06\/pueblo-patriota-se-movilizo-masivamente-para-recordar-a-hugo-chavez\/\"},\"author\":{\"name\":\"MPPPST Prensa\",\"@id\":\"https:\/\/www.mpppst.gob.ve\/mpppstweb\/#\/schema\/person\/fc187ee8ead412bd4c9304b62f900ea4\"},\"headline\":\"Pueblo patriota se moviliz\u00f3 masivamente para recordar a Hugo Ch\u00e1vez\",\"datePublished\":\"2016-03-06T16:59:29+00:00\",\"dateModified\":\"2016-07-01T19:01:45+00:00\",\"mainEntityOfPage\":{\"@id\":\"https:\/\/www.mpppst.gob.ve\/mpppstweb\/index.php\/2016\/03\/06\/pueblo-patriota-se-movilizo-masivamente-para-recordar-a-hugo-chavez\/\"},\"wordCount\":458,\"publisher\":{\"@id\":\"https:\/\/www.mpppst.gob.ve\/mpppstweb\/#organization\"},\"image\":{\"@id\":\"https:\/\/www.mpppst.gob.ve\/mpppstweb\/index.php\/2016\/03\/06\/pueblo-patriota-se-movilizo-masivamente-para-recordar-a-hugo-chavez\/#primaryimage\"},\"thumbnailUrl\":\"https:\/\/www.mpppst.gob.ve\/mpppstweb\/wp-content\/uploads\/2016\/03\/caravana.jpg\",\"articleSection\":[\"Gobierno Nacional\"],\"inLanguage\":\"es\"},{\"@type\":\"WebPage\",\"@id\":\"https:\/\/www.mpppst.gob.ve\/mpppstweb\/index.php\/2016\/03\/06\/pueblo-patriota-se-movilizo-masivamente-para-recordar-a-hugo-chavez\/\",\"url\":\"https:\/\/www.mpppst.gob.ve\/mpppstweb\/index.php\/2016\/03\/06\/pueblo-patriota-se-movilizo-masivamente-para-recordar-a-hugo-chavez\/\",\"name\":\"Pueblo patriota se moviliz\u00f3 masivamente para recordar a Hugo Ch\u00e1vez - MPPPST\",\"isPartOf\":{\"@id\":\"https:\/\/www.mpppst.gob.ve\/mpppstweb\/#website\"},\"primaryImageOfPage\":{\"@id\":\"https:\/\/www.mpppst.gob.ve\/mpppstweb\/index.php\/2016\/03\/06\/pueblo-patriota-se-movilizo-masivamente-para-recordar-a-hugo-chavez\/#primaryimage\"},\"image\":{\"@id\":\"https:\/\/www.mpppst.gob.ve\/mpppstweb\/index.php\/2016\/03\/06\/pueblo-patriota-se-movilizo-masivamente-para-recordar-a-hugo-chavez\/#primaryimage\"},\"thumbnailUrl\":\"https:\/\/www.mpppst.gob.ve\/mpppstweb\/wp-content\/uploads\/2016\/03\/caravana.jpg\",\"datePublished\":\"2016-03-06T16:59:29+00:00\",\"dateModified\":\"2016-07-01T19:01:45+00:00\",\"breadcrumb\":{\"@id\":\"https:\/\/www.mpppst.gob.ve\/mpppstweb\/index.php\/2016\/03\/06\/pueblo-patriota-se-movilizo-masivamente-para-recordar-a-hugo-chavez\/#breadcrumb\"},\"inLanguage\":\"es\",\"potentialAction\":[{\"@type\":\"ReadAction\",\"target\":[\"https:\/\/www.mpppst.gob.ve\/mpppstweb\/index.php\/2016\/03\/06\/pueblo-patriota-se-movilizo-masivamente-para-recordar-a-hugo-chavez\/\"]}]},{\"@type\":\"ImageObject\",\"inLanguage\":\"es\",\"@id\":\"https:\/\/www.mpppst.gob.ve\/mpppstweb\/index.php\/2016\/03\/06\/pueblo-patriota-se-movilizo-masivamente-para-recordar-a-hugo-chavez\/#primaryimage\",\"url\":\"https:\/\/www.mpppst.gob.ve\/mpppstweb\/wp-content\/uploads\/2016\/03\/caravana.jpg\",\"contentUrl\":\"https:\/\/www.mpppst.gob.ve\/mpppstweb\/wp-content\/uploads\/2016\/03\/caravana.jpg\",\"width\":618,\"height\":468,\"caption\":\"Mar de Pueblo\"},{\"@type\":\"BreadcrumbList\",\"@id\":\"https:\/\/www.mpppst.gob.ve\/mpppstweb\/index.php\/2016\/03\/06\/pueblo-patriota-se-movilizo-masivamente-para-recordar-a-hugo-chavez\/#breadcrumb\",\"itemListElement\":[{\"@type\":\"ListItem\",\"position\":1,\"name\":\"Home\",\"item\":\"https:\/\/www.mpppst.gob.ve\/mpppstweb\/\"},{\"@type\":\"ListItem\",\"position\":2,\"name\":\"Pueblo patriota se moviliz\u00f3 masivamente para recordar a Hugo Ch\u00e1vez\"}]},{\"@type\":\"WebSite\",\"@id\":\"https:\/\/www.mpppst.gob.ve\/mpppstweb\/#website\",\"url\":\"https:\/\/www.mpppst.gob.ve\/mpppstweb\/\",\"name\":\"MPPPST\",\"description\":\"Ministerio del Poder Popular para el Proceso Social de Trabajo\",\"publisher\":{\"@id\":\"https:\/\/www.mpppst.gob.ve\/mpppstweb\/#organization\"},\"potentialAction\":[{\"@type\":\"SearchAction\",\"target\":{\"@type\":\"EntryPoint\",\"urlTemplate\":\"https:\/\/www.mpppst.gob.ve\/mpppstweb\/?s={search_term_string}\"},\"query-input\":\"required name=search_term_string\"}],\"inLanguage\":\"es\"},{\"@type\":\"Organization\",\"@id\":\"https:\/\/www.mpppst.gob.ve\/mpppstweb\/#organization\",\"name\":\"mpppst\",\"url\":\"https:\/\/www.mpppst.gob.ve\/mpppstweb\/\",\"logo\":{\"@type\":\"ImageObject\",\"inLanguage\":\"es\",\"@id\":\"https:\/\/www.mpppst.gob.ve\/mpppstweb\/#\/schema\/logo\/image\/\",\"url\":\"https:\/\/www.mpppst.gob.ve\/mpppstweb\/wp-content\/uploads\/2025\/07\/cropped-cropped-g910.png\",\"contentUrl\":\"https:\/\/www.mpppst.gob.ve\/mpppstweb\/wp-content\/uploads\/2025\/07\/cropped-cropped-g910.png\",\"width\":1080,\"height\":241,\"caption\":\"mpppst\"},\"image\":{\"@id\":\"https:\/\/www.mpppst.gob.ve\/mpppstweb\/#\/schema\/logo\/image\/\"}},{\"@type\":\"Person\",\"@id\":\"https:\/\/www.mpppst.gob.ve\/mpppstweb\/#\/schema\/person\/fc187ee8ead412bd4c9304b62f900ea4\",\"name\":\"MPPPST Prensa\",\"url\":\"https:\/\/www.mpppst.gob.ve\/mpppstweb\/index.php\/author\/prensa-mpppst\/\"}]}<\/script>\n<!-- \/ Yoast SEO plugin. -->","yoast_head_json":{"title":"Pueblo patriota se moviliz\u00f3 masivamente para recordar a Hugo Ch\u00e1vez - MPPPST","robots":{"index":"index","follow":"follow","max-snippet":"max-snippet:-1","max-image-preview":"max-image-preview:large","max-video-preview":"max-video-preview:-1"},"canonical":"https:\/\/www.mpppst.gob.ve\/mpppstweb\/index.php\/2016\/03\/06\/pueblo-patriota-se-movilizo-masivamente-para-recordar-a-hugo-chavez\/","og_locale":"es_ES","og_type":"article","og_title":"Pueblo patriota se moviliz\u00f3 masivamente para recordar a Hugo Ch\u00e1vez - MPPPST","og_description":"Las principales calles de Caracas se colmaron de pueblo para honrar al comandante Hugo Ch\u00e1vez, un hombre que no solo despert\u00f3 a una Patria sino a un Continente entero.","og_url":"https:\/\/www.mpppst.gob.ve\/mpppstweb\/index.php\/2016\/03\/06\/pueblo-patriota-se-movilizo-masivamente-para-recordar-a-hugo-chavez\/","og_site_name":"MPPPST","article_published_time":"2016-03-06T16:59:29+00:00","article_modified_time":"2016-07-01T19:01:45+00:00","og_image":[{"width":618,"height":468,"url":"https:\/\/www.mpppst.gob.ve\/mpppstweb\/wp-content\/uploads\/2016\/03\/caravana.jpg","type":"image\/jpeg"}],"author":"MPPPST Prensa","twitter_card":"summary_large_image","twitter_misc":{"Escrito por":"MPPPST Prensa","Tiempo de lectura":"2 minutos"},"schema":{"@context":"https:\/\/schema.org","@graph":[{"@type":"Article","@id":"https:\/\/www.mpppst.gob.ve\/mpppstweb\/index.php\/2016\/03\/06\/pueblo-patriota-se-movilizo-masivamente-para-recordar-a-hugo-chavez\/#article","isPartOf":{"@id":"https:\/\/www.mpppst.gob.ve\/mpppstweb\/index.php\/2016\/03\/06\/pueblo-patriota-se-movilizo-masivamente-para-recordar-a-hugo-chavez\/"},"author":{"name":"MPPPST Prensa","@id":"https:\/\/www.mpppst.gob.ve\/mpppstweb\/#\/schema\/person\/fc187ee8ead412bd4c9304b62f900ea4"},"headline":"Pueblo patriota se moviliz\u00f3 masivamente para recordar a Hugo Ch\u00e1vez","datePublished":"2016-03-06T16:59:29+00:00","dateModified":"2016-07-01T19:01:45+00:00","mainEntityOfPage":{"@id":"https:\/\/www.mpppst.gob.ve\/mpppstweb\/index.php\/2016\/03\/06\/pueblo-patriota-se-movilizo-masivamente-para-recordar-a-hugo-chavez\/"},"wordCount":458,"publisher":{"@id":"https:\/\/www.mpppst.gob.ve\/mpppstweb\/#organization"},"image":{"@id":"https:\/\/www.mpppst.gob.ve\/mpppstweb\/index.php\/2016\/03\/06\/pueblo-patriota-se-movilizo-masivamente-para-recordar-a-hugo-chavez\/#primaryimage"},"thumbnailUrl":"https:\/\/www.mpppst.gob.ve\/mpppstweb\/wp-content\/uploads\/2016\/03\/caravana.jpg","articleSection":["Gobierno Nacional"],"inLanguage":"es"},{"@type":"WebPage","@id":"https:\/\/www.mpppst.gob.ve\/mpppstweb\/index.php\/2016\/03\/06\/pueblo-patriota-se-movilizo-masivamente-para-recordar-a-hugo-chavez\/","url":"https:\/\/www.mpppst.gob.ve\/mpppstweb\/index.php\/2016\/03\/06\/pueblo-patriota-se-movilizo-masivamente-para-recordar-a-hugo-chavez\/","name":"Pueblo patriota se moviliz\u00f3 masivamente para recordar a Hugo Ch\u00e1vez - MPPPST","isPartOf":{"@id":"https:\/\/www.mpppst.gob.ve\/mpppstweb\/#website"},"primaryImageOfPage":{"@id":"https:\/\/www.mpppst.gob.ve\/mpppstweb\/index.php\/2016\/03\/06\/pueblo-patriota-se-movilizo-masivamente-para-recordar-a-hugo-chavez\/#primaryimage"},"image":{"@id":"https:\/\/www.mpppst.gob.ve\/mpppstweb\/index.php\/2016\/03\/06\/pueblo-patriota-se-movilizo-masivamente-para-recordar-a-hugo-chavez\/#primaryimage"},"thumbnailUrl":"https:\/\/www.mpppst.gob.ve\/mpppstweb\/wp-content\/uploads\/2016\/03\/caravana.jpg","datePublished":"2016-03-06T16:59:29+00:00","dateModified":"2016-07-01T19:01:45+00:00","breadcrumb":{"@id":"https:\/\/www.mpppst.gob.ve\/mpppstweb\/index.php\/2016\/03\/06\/pueblo-patriota-se-movilizo-masivamente-para-recordar-a-hugo-chavez\/#breadcrumb"},"inLanguage":"es","potentialAction":[{"@type":"ReadAction","target":["https:\/\/www.mpppst.gob.ve\/mpppstweb\/index.php\/2016\/03\/06\/pueblo-patriota-se-movilizo-masivamente-para-recordar-a-hugo-chavez\/"]}]},{"@type":"ImageObject","inLanguage":"es","@id":"https:\/\/www.mpppst.gob.ve\/mpppstweb\/index.php\/2016\/03\/06\/pueblo-patriota-se-movilizo-masivamente-para-recordar-a-hugo-chavez\/#primaryimage","url":"https:\/\/www.mpppst.gob.ve\/mpppstweb\/wp-content\/uploads\/2016\/03\/caravana.jpg","contentUrl":"https:\/\/www.mpppst.gob.ve\/mpppstweb\/wp-content\/uploads\/2016\/03\/caravana.jpg","width":618,"height":468,"caption":"Mar de Pueblo"},{"@type":"BreadcrumbList","@id":"https:\/\/www.mpppst.gob.ve\/mpppstweb\/index.php\/2016\/03\/06\/pueblo-patriota-se-movilizo-masivamente-para-recordar-a-hugo-chavez\/#breadcrumb","itemListElement":[{"@type":"ListItem","position":1,"name":"Home","item":"https:\/\/www.mpppst.gob.ve\/mpppstweb\/"},{"@type":"ListItem","position":2,"name":"Pueblo patriota se moviliz\u00f3 masivamente para recordar a Hugo Ch\u00e1vez"}]},{"@type":"WebSite","@id":"https:\/\/www.mpppst.gob.ve\/mpppstweb\/#website","url":"https:\/\/www.mpppst.gob.ve\/mpppstweb\/","name":"MPPPST","description":"Ministerio del Poder Popular para el Proceso Social de Trabajo","publisher":{"@id":"https:\/\/www.mpppst.gob.ve\/mpppstweb\/#organization"},"potentialAction":[{"@type":"SearchAction","target":{"@type":"EntryPoint","urlTemplate":"https:\/\/www.mpppst.gob.ve\/mpppstweb\/?s={search_term_string}"},"query-input":"required name=search_term_string"}],"inLanguage":"es"},{"@type":"Organization","@id":"https:\/\/www.mpppst.gob.ve\/mpppstweb\/#organization","name":"mpppst","url":"https:\/\/www.mpppst.gob.ve\/mpppstweb\/","logo":{"@type":"ImageObject","inLanguage":"es","@id":"https:\/\/www.mpppst.gob.ve\/mpppstweb\/#\/schema\/logo\/image\/","url":"https:\/\/www.mpppst.gob.ve\/mpppstweb\/wp-content\/uploads\/2025\/07\/cropped-cropped-g910.png","contentUrl":"https:\/\/www.mpppst.gob.ve\/mpppstweb\/wp-content\/uploads\/2025\/07\/cropped-cropped-g910.png","width":1080,"height":241,"caption":"mpppst"},"image":{"@id":"https:\/\/www.mpppst.gob.ve\/mpppstweb\/#\/schema\/logo\/image\/"}},{"@type":"Person","@id":"https:\/\/www.mpppst.gob.ve\/mpppstweb\/#\/schema\/person\/fc187ee8ead412bd4c9304b62f900ea4","name":"MPPPST Prensa","url":"https:\/\/www.mpppst.gob.ve\/mpppstweb\/index.php\/author\/prensa-mpppst\/"}]}},"_links":{"self":[{"href":"https:\/\/www.mpppst.gob.ve\/mpppstweb\/index.php\/wp-json\/wp\/v2\/posts\/4984"}],"collection":[{"href":"https:\/\/www.mpppst.gob.ve\/mpppstweb\/index.php\/wp-json\/wp\/v2\/posts"}],"about":[{"href":"https:\/\/www.mpppst.gob.ve\/mpppstweb\/index.php\/wp-json\/wp\/v2\/types\/post"}],"author":[{"embeddable":true,"href":"https:\/\/www.mpppst.gob.ve\/mpppstweb\/index.php\/wp-json\/wp\/v2\/users\/25"}],"replies":[{"embeddable":true,"href":"https:\/\/www.mpppst.gob.ve\/mpppstweb\/index.php\/wp-json\/wp\/v2\/comments?post=4984"}],"version-history":[{"count":1,"href":"https:\/\/www.mpppst.gob.ve\/mpppstweb\/index.php\/wp-json\/wp\/v2\/posts\/4984\/revisions"}],"predecessor-version":[{"id":7062,"href":"https:\/\/www.mpppst.gob.ve\/mpppstweb\/index.php\/wp-json\/wp\/v2\/posts\/4984\/revisions\/7062"}],"wp:featuredmedia":[{"embeddable":true,"href":"https:\/\/www.mpppst.gob.ve\/mpppstweb\/index.php\/wp-json\/wp\/v2\/media\/4985"}],"wp:attachment":[{"href":"https:\/\/www.mpppst.gob.ve\/mpppstweb\/index.php\/wp-json\/wp\/v2\/media?parent=4984"}],"wp:term":[{"taxonomy":"category","embeddable":true,"href":"https:\/\/www.mpppst.gob.ve\/mpppstweb\/index.php\/wp-json\/wp\/v2\/categories?post=4984"},{"taxonomy":"post_tag","embeddable":true,"href":"https:\/\/www.mpppst.gob.ve\/mpppstweb\/index.php\/wp-json\/wp\/v2\/tags?post=4984"}],"curies":[{"name":"wp","href":"https:\/\/api.w.org\/{rel}","templated":true}]}}