{"id":4987,"date":"2016-03-06T19:34:20","date_gmt":"2016-03-06T19:34:20","guid":{"rendered":"http:\/\/www.mpppst.gob.ve\/mpppstweb\/?p=4987"},"modified":"2016-07-01T19:03:12","modified_gmt":"2016-07-01T19:03:12","slug":"una-caravana-de-profundo-amor-a-chavez","status":"publish","type":"post","link":"https:\/\/www.mpppst.gob.ve\/mpppstweb\/index.php\/2016\/03\/06\/una-caravana-de-profundo-amor-a-chavez\/","title":{"rendered":"Una caravana de profundo amor a Ch\u00e1vez"},"content":{"rendered":"<p>Marbelys Mav\u00e1rez Laguna<\/p>\n<p style=\"text-align: justify;\">Luego de las 11 de la ma\u00f1ana, empez\u00f3 la caravana que rememor\u00f3 la trayectoria realizada hace tres a\u00f1os con el fin de acompa\u00f1ar al Presidente Hugo Ch\u00e1vez desde el Hospital Dr. Carlos Arvelo hasta la Academia Militar del Ej\u00e9rcito Bolivariano, la casa de los sue\u00f1os azules de Ch\u00e1vez. Un hecho tan hist\u00f3rico como doloroso.<br \/>\nEn la vanguardia del recorrido estuvieron el Vicepresidente Ejecutivo, Arist\u00f3bulo Ist\u00fariz y el dirigente del PSUV, Diosdado Cabello. La movilizaci\u00f3n fue muy emotiva: j\u00f3venes, personas de la tercera edad, mujeres, motorizados, adolescentes, ni\u00f1os y ni\u00f1as, familias enteras, ind\u00edgenas, estudiantes (de la UNES, de Misi\u00f3n Ribas, de la UBV), personas con discapacidad, cantando las canciones que enton\u00f3 el Comandante, dedic\u00e1ndole poemas, con flor en manos y, sobre todo, con el mismo fervor. Fue, realmente, una verdadera demostraci\u00f3n de amor, del mismo sentimiento patrio que el Comandante Ch\u00e1vez inyect\u00f3 a los venezolanos durante 14 a\u00f1os ininterrumpidos de Gobierno.<\/p>\n<p style=\"text-align: justify;\"><strong>\u00a1El pueblo no se rinde!<\/strong><br \/>\nA tres a\u00f1os de su siembra esta movilizaci\u00f3n dej\u00f3 por sentado, que la lucha sigue y que el pueblo no ha desmayado. Porque Ch\u00e1vez se gan\u00f3 el cari\u00f1o del pueblo. El mismo que fue escuchado por ese sui g\u00e9neris l\u00edder que lo abraz\u00f3 sin que mediara condici\u00f3n alguna.<br \/>\nPara Ir\u00faa Ostos, trabajadora del INCES, en este d\u00eda se resalta el compromiso patrio, porque el venezolano tiene en su semilla una historia rebelde. Dice que uno de los aspectos m\u00e1s importantes del Comandante Eterno consiste en que logr\u00f3 resaltar los valores humanistas, desde lo espiritual (amar al pr\u00f3jimo), hasta la visi\u00f3n integral del ser humano. A\u00f1adi\u00f3 que m\u00e1s all\u00e1 del sentimiento nacionalista que represent\u00f3 y representa Ch\u00e1vez, dej\u00f3 a los venezolanos el despertar de la conciencia.<br \/>\nOstos hizo un llamado tajante al pueblo: \u201cno abandonar la lucha\u201d. Y agreg\u00f3 que \u201ces necesario profundizar en los argumentos que han dado lugar a que todo est\u00e9 complicado. Venezuela es una referencia en Am\u00e9rica Latina y en el mundo. Ahora tenemos otra voz y discurso. No puede ser que la voz guerrerista est\u00e9 por encima de la visi\u00f3n humanista, de la paz\u201d, en tanto agregaba, asimismo, que \u201cno es posible que el Mar Mediterr\u00e1neo refugie a los desplazados \u00bfEs que no valemos nada para el Imperio?\u201d A\u00f1adi\u00f3 que \u201cel Decreto es una espada de Damocles que dice que somos una amenaza. Eso es rid\u00edculo, como lo dijo Cristina Kirchner\u201d.<br \/>\nPor su parte, Dany Salazar, del Frente Francisco de Miranda, manifest\u00f3 que el d\u00eda de hoy rinde tributo al Comandante Ch\u00e1vez porque logr\u00f3 la Independencia, luch\u00f3 por la uni\u00f3n del pueblo y porque no nos faltara nada: educaci\u00f3n, trabajo. Destac\u00f3 su particular amor por el pueblo. Adriana Rodr\u00edguez, tambi\u00e9n del Frente Francisco de Miranda, expres\u00f3 que uno de los legados importantes que nos dej\u00f3 el Comandante es el ser socialistas, revolucionarios y el amor entre todos nosotros. Finalmente, Luzmary Medina subray\u00f3 los logros alcanzados en 17 a\u00f1os de Revoluci\u00f3n: la construcci\u00f3n de liceos, de universidades, as\u00ed como los centros m\u00e9dicos como los CDI.<br \/>\n<strong>Ch\u00e1vez hizo que despertara la conciencia<\/strong><br \/>\nSa\u00fal Araujo, Brigadista de la Guardia de Honor Presidencial, manifest\u00f3 que Ch\u00e1vez nos dio ejemplo de trabajo, de dignidad, de amor patrio. Agreg\u00f3 que \u201cestamos amenazados por la extrema derecha, pero tal amenaza se vence a trav\u00e9s del amor, del esfuerzo, de ayudar al otro. Agreg\u00f3 que \u201cCh\u00e1vez hizo que despert\u00e1ramos nuestra conciencia y nos dej\u00f3 una Venezuela libre. Por ello su legado no nos lo arrebatar\u00e1n\u201d.<br \/>\nEl mensaje a los sectores dudosos, a los opositores y a quienes endilgan la responsabilidad de la actual coyuntura al Gobierno, fue el siguiente: \u201cEs necesario terminar de despertar. La dependencia petrolera nos hizo mucho da\u00f1o, pero tenemos la sabidur\u00eda popular para seguir llevando el mensaje de esperanza a los venezolanos y al mundo\u201d.<br \/>\n<strong>La voz de los olvidados<\/strong><br \/>\nSeg\u00fan Omaira Araque, trabajadora del INCES, \u201ca trav\u00e9s del liderazgo de Ch\u00e1vez los venezolanos cambiamos para siempre. Ch\u00e1vez reconquist\u00f3 la Independencia, entonces nosotros tenemos el deber y el derecho de defender esa Independencia para seguir siendo soberanos\u201d. Agreg\u00f3 que su lucha antiimperialista es ejemplarizante al trascender los l\u00edmites de Am\u00e9rica Latina y del mundo.<br \/>\nDestac\u00f3 como uno de sus grandes logros haber rescatado a PDVSA como principal industria petrolera del pa\u00eds, generadora de las divisas que permitieron financiar la Revoluci\u00f3n en Venezuela. Incluso nos permiti\u00f3 ayudar a pa\u00edses como EEUU cuando estuvo azotado por el hurac\u00e1n catrina. Hasta de los estadounidenses se encarg\u00f3 Ch\u00e1vez, pues el capitalismo no se ocupa de los pobres\u201d. Araque explic\u00f3 que \u201cel INCES contribuy\u00f3 para que Venezuela fuera territorio libre de analfabetismo y ahora estamos dando respuesta a la formaci\u00f3n con miras a la producci\u00f3n\u201d.<br \/>\nLa marea de pueblo segu\u00eda. Y a juzgar por lo que ese mismo pueblo asegura, esa misma marea continuar\u00e1, pues el pueblo, hijo de Ch\u00e1vez, se encargar\u00e1 de garantizar\u00e1 que as\u00ed sea.<\/p>\n","protected":false},"excerpt":{"rendered":"<p>Luego de las 11 de la ma\u00f1ana, empez\u00f3 la caravana que rememor\u00f3 la trayectoria realizada hace tres a\u00f1os con el fin de acompa\u00f1ar al Presidente Hugo Ch\u00e1vez desde el Hospital Dr. Carlos Arvelo hasta la Academia Militar del Ej\u00e9rcito Bolivariano, la casa de los sue\u00f1os azules de Ch\u00e1vez. <\/p>\n","protected":false},"author":25,"featured_media":4988,"comment_status":"closed","ping_status":"closed","sticky":false,"template":"","format":"standard","meta":{"footnotes":""},"categories":[82],"tags":[],"yoast_head":"<!-- This site is optimized with the Yoast SEO plugin v22.5 - https:\/\/yoast.com\/wordpress\/plugins\/seo\/ -->\n<title>Una caravana de profundo amor a Ch\u00e1vez - MPPPST<\/title>\n<meta name=\"robots\" content=\"index, follow, max-snippet:-1, max-image-preview:large, max-video-preview:-1\" \/>\n<link rel=\"canonical\" href=\"https:\/\/www.mpppst.gob.ve\/mpppstweb\/index.php\/2016\/03\/06\/una-caravana-de-profundo-amor-a-chavez\/\" \/>\n<meta property=\"og:locale\" content=\"es_ES\" \/>\n<meta property=\"og:type\" content=\"article\" \/>\n<meta property=\"og:title\" content=\"Una caravana de profundo amor a Ch\u00e1vez - MPPPST\" \/>\n<meta property=\"og:description\" content=\"Luego de las 11 de la ma\u00f1ana, empez\u00f3 la caravana que rememor\u00f3 la trayectoria realizada hace tres a\u00f1os con el fin de acompa\u00f1ar al Presidente Hugo Ch\u00e1vez desde el Hospital Dr. Carlos Arvelo hasta la Academia Militar del Ej\u00e9rcito Bolivariano, la casa de los sue\u00f1os azules de Ch\u00e1vez.\" \/>\n<meta property=\"og:url\" content=\"https:\/\/www.mpppst.gob.ve\/mpppstweb\/index.php\/2016\/03\/06\/una-caravana-de-profundo-amor-a-chavez\/\" \/>\n<meta property=\"og:site_name\" content=\"MPPPST\" \/>\n<meta property=\"article:published_time\" content=\"2016-03-06T19:34:20+00:00\" \/>\n<meta property=\"article:modified_time\" content=\"2016-07-01T19:03:12+00:00\" \/>\n<meta property=\"og:image\" content=\"https:\/\/www.mpppst.gob.ve\/mpppstweb\/wp-content\/uploads\/2016\/03\/chavez-y-pueblo.jpeg\" \/>\n\t<meta property=\"og:image:width\" content=\"620\" \/>\n\t<meta property=\"og:image:height\" content=\"414\" \/>\n\t<meta property=\"og:image:type\" content=\"image\/jpeg\" \/>\n<meta name=\"author\" content=\"MPPPST Prensa\" \/>\n<meta name=\"twitter:card\" content=\"summary_large_image\" \/>\n<meta name=\"twitter:label1\" content=\"Escrito por\" \/>\n\t<meta name=\"twitter:data1\" content=\"MPPPST Prensa\" \/>\n\t<meta name=\"twitter:label2\" content=\"Tiempo de lectura\" \/>\n\t<meta name=\"twitter:data2\" content=\"4 minutos\" \/>\n<script type=\"application\/ld+json\" class=\"yoast-schema-graph\">{\"@context\":\"https:\/\/schema.org\",\"@graph\":[{\"@type\":\"Article\",\"@id\":\"https:\/\/www.mpppst.gob.ve\/mpppstweb\/index.php\/2016\/03\/06\/una-caravana-de-profundo-amor-a-chavez\/#article\",\"isPartOf\":{\"@id\":\"https:\/\/www.mpppst.gob.ve\/mpppstweb\/index.php\/2016\/03\/06\/una-caravana-de-profundo-amor-a-chavez\/\"},\"author\":{\"name\":\"MPPPST Prensa\",\"@id\":\"https:\/\/www.mpppst.gob.ve\/mpppstweb\/#\/schema\/person\/fc187ee8ead412bd4c9304b62f900ea4\"},\"headline\":\"Una caravana de profundo amor a Ch\u00e1vez\",\"datePublished\":\"2016-03-06T19:34:20+00:00\",\"dateModified\":\"2016-07-01T19:03:12+00:00\",\"mainEntityOfPage\":{\"@id\":\"https:\/\/www.mpppst.gob.ve\/mpppstweb\/index.php\/2016\/03\/06\/una-caravana-de-profundo-amor-a-chavez\/\"},\"wordCount\":880,\"publisher\":{\"@id\":\"https:\/\/www.mpppst.gob.ve\/mpppstweb\/#organization\"},\"image\":{\"@id\":\"https:\/\/www.mpppst.gob.ve\/mpppstweb\/index.php\/2016\/03\/06\/una-caravana-de-profundo-amor-a-chavez\/#primaryimage\"},\"thumbnailUrl\":\"https:\/\/www.mpppst.gob.ve\/mpppstweb\/wp-content\/uploads\/2016\/03\/chavez-y-pueblo.jpeg\",\"articleSection\":[\"Gobierno Nacional\"],\"inLanguage\":\"es\"},{\"@type\":\"WebPage\",\"@id\":\"https:\/\/www.mpppst.gob.ve\/mpppstweb\/index.php\/2016\/03\/06\/una-caravana-de-profundo-amor-a-chavez\/\",\"url\":\"https:\/\/www.mpppst.gob.ve\/mpppstweb\/index.php\/2016\/03\/06\/una-caravana-de-profundo-amor-a-chavez\/\",\"name\":\"Una caravana de profundo amor a Ch\u00e1vez - MPPPST\",\"isPartOf\":{\"@id\":\"https:\/\/www.mpppst.gob.ve\/mpppstweb\/#website\"},\"primaryImageOfPage\":{\"@id\":\"https:\/\/www.mpppst.gob.ve\/mpppstweb\/index.php\/2016\/03\/06\/una-caravana-de-profundo-amor-a-chavez\/#primaryimage\"},\"image\":{\"@id\":\"https:\/\/www.mpppst.gob.ve\/mpppstweb\/index.php\/2016\/03\/06\/una-caravana-de-profundo-amor-a-chavez\/#primaryimage\"},\"thumbnailUrl\":\"https:\/\/www.mpppst.gob.ve\/mpppstweb\/wp-content\/uploads\/2016\/03\/chavez-y-pueblo.jpeg\",\"datePublished\":\"2016-03-06T19:34:20+00:00\",\"dateModified\":\"2016-07-01T19:03:12+00:00\",\"breadcrumb\":{\"@id\":\"https:\/\/www.mpppst.gob.ve\/mpppstweb\/index.php\/2016\/03\/06\/una-caravana-de-profundo-amor-a-chavez\/#breadcrumb\"},\"inLanguage\":\"es\",\"potentialAction\":[{\"@type\":\"ReadAction\",\"target\":[\"https:\/\/www.mpppst.gob.ve\/mpppstweb\/index.php\/2016\/03\/06\/una-caravana-de-profundo-amor-a-chavez\/\"]}]},{\"@type\":\"ImageObject\",\"inLanguage\":\"es\",\"@id\":\"https:\/\/www.mpppst.gob.ve\/mpppstweb\/index.php\/2016\/03\/06\/una-caravana-de-profundo-amor-a-chavez\/#primaryimage\",\"url\":\"https:\/\/www.mpppst.gob.ve\/mpppstweb\/wp-content\/uploads\/2016\/03\/chavez-y-pueblo.jpeg\",\"contentUrl\":\"https:\/\/www.mpppst.gob.ve\/mpppstweb\/wp-content\/uploads\/2016\/03\/chavez-y-pueblo.jpeg\",\"width\":620,\"height\":414},{\"@type\":\"BreadcrumbList\",\"@id\":\"https:\/\/www.mpppst.gob.ve\/mpppstweb\/index.php\/2016\/03\/06\/una-caravana-de-profundo-amor-a-chavez\/#breadcrumb\",\"itemListElement\":[{\"@type\":\"ListItem\",\"position\":1,\"name\":\"Home\",\"item\":\"https:\/\/www.mpppst.gob.ve\/mpppstweb\/\"},{\"@type\":\"ListItem\",\"position\":2,\"name\":\"Una caravana de profundo amor a Ch\u00e1vez\"}]},{\"@type\":\"WebSite\",\"@id\":\"https:\/\/www.mpppst.gob.ve\/mpppstweb\/#website\",\"url\":\"https:\/\/www.mpppst.gob.ve\/mpppstweb\/\",\"name\":\"MPPPST\",\"description\":\"Ministerio del Poder Popular para el Proceso Social de Trabajo\",\"publisher\":{\"@id\":\"https:\/\/www.mpppst.gob.ve\/mpppstweb\/#organization\"},\"potentialAction\":[{\"@type\":\"SearchAction\",\"target\":{\"@type\":\"EntryPoint\",\"urlTemplate\":\"https:\/\/www.mpppst.gob.ve\/mpppstweb\/?s={search_term_string}\"},\"query-input\":\"required name=search_term_string\"}],\"inLanguage\":\"es\"},{\"@type\":\"Organization\",\"@id\":\"https:\/\/www.mpppst.gob.ve\/mpppstweb\/#organization\",\"name\":\"mpppst\",\"url\":\"https:\/\/www.mpppst.gob.ve\/mpppstweb\/\",\"logo\":{\"@type\":\"ImageObject\",\"inLanguage\":\"es\",\"@id\":\"https:\/\/www.mpppst.gob.ve\/mpppstweb\/#\/schema\/logo\/image\/\",\"url\":\"https:\/\/www.mpppst.gob.ve\/mpppstweb\/wp-content\/uploads\/2025\/07\/cropped-cropped-g910.png\",\"contentUrl\":\"https:\/\/www.mpppst.gob.ve\/mpppstweb\/wp-content\/uploads\/2025\/07\/cropped-cropped-g910.png\",\"width\":1080,\"height\":241,\"caption\":\"mpppst\"},\"image\":{\"@id\":\"https:\/\/www.mpppst.gob.ve\/mpppstweb\/#\/schema\/logo\/image\/\"}},{\"@type\":\"Person\",\"@id\":\"https:\/\/www.mpppst.gob.ve\/mpppstweb\/#\/schema\/person\/fc187ee8ead412bd4c9304b62f900ea4\",\"name\":\"MPPPST Prensa\",\"url\":\"https:\/\/www.mpppst.gob.ve\/mpppstweb\/index.php\/author\/prensa-mpppst\/\"}]}<\/script>\n<!-- \/ Yoast SEO plugin. -->","yoast_head_json":{"title":"Una caravana de profundo amor a Ch\u00e1vez - MPPPST","robots":{"index":"index","follow":"follow","max-snippet":"max-snippet:-1","max-image-preview":"max-image-preview:large","max-video-preview":"max-video-preview:-1"},"canonical":"https:\/\/www.mpppst.gob.ve\/mpppstweb\/index.php\/2016\/03\/06\/una-caravana-de-profundo-amor-a-chavez\/","og_locale":"es_ES","og_type":"article","og_title":"Una caravana de profundo amor a Ch\u00e1vez - MPPPST","og_description":"Luego de las 11 de la ma\u00f1ana, empez\u00f3 la caravana que rememor\u00f3 la trayectoria realizada hace tres a\u00f1os con el fin de acompa\u00f1ar al Presidente Hugo Ch\u00e1vez desde el Hospital Dr. Carlos Arvelo hasta la Academia Militar del Ej\u00e9rcito Bolivariano, la casa de los sue\u00f1os azules de Ch\u00e1vez.","og_url":"https:\/\/www.mpppst.gob.ve\/mpppstweb\/index.php\/2016\/03\/06\/una-caravana-de-profundo-amor-a-chavez\/","og_site_name":"MPPPST","article_published_time":"2016-03-06T19:34:20+00:00","article_modified_time":"2016-07-01T19:03:12+00:00","og_image":[{"width":620,"height":414,"url":"https:\/\/www.mpppst.gob.ve\/mpppstweb\/wp-content\/uploads\/2016\/03\/chavez-y-pueblo.jpeg","type":"image\/jpeg"}],"author":"MPPPST Prensa","twitter_card":"summary_large_image","twitter_misc":{"Escrito por":"MPPPST Prensa","Tiempo de lectura":"4 minutos"},"schema":{"@context":"https:\/\/schema.org","@graph":[{"@type":"Article","@id":"https:\/\/www.mpppst.gob.ve\/mpppstweb\/index.php\/2016\/03\/06\/una-caravana-de-profundo-amor-a-chavez\/#article","isPartOf":{"@id":"https:\/\/www.mpppst.gob.ve\/mpppstweb\/index.php\/2016\/03\/06\/una-caravana-de-profundo-amor-a-chavez\/"},"author":{"name":"MPPPST Prensa","@id":"https:\/\/www.mpppst.gob.ve\/mpppstweb\/#\/schema\/person\/fc187ee8ead412bd4c9304b62f900ea4"},"headline":"Una caravana de profundo amor a Ch\u00e1vez","datePublished":"2016-03-06T19:34:20+00:00","dateModified":"2016-07-01T19:03:12+00:00","mainEntityOfPage":{"@id":"https:\/\/www.mpppst.gob.ve\/mpppstweb\/index.php\/2016\/03\/06\/una-caravana-de-profundo-amor-a-chavez\/"},"wordCount":880,"publisher":{"@id":"https:\/\/www.mpppst.gob.ve\/mpppstweb\/#organization"},"image":{"@id":"https:\/\/www.mpppst.gob.ve\/mpppstweb\/index.php\/2016\/03\/06\/una-caravana-de-profundo-amor-a-chavez\/#primaryimage"},"thumbnailUrl":"https:\/\/www.mpppst.gob.ve\/mpppstweb\/wp-content\/uploads\/2016\/03\/chavez-y-pueblo.jpeg","articleSection":["Gobierno Nacional"],"inLanguage":"es"},{"@type":"WebPage","@id":"https:\/\/www.mpppst.gob.ve\/mpppstweb\/index.php\/2016\/03\/06\/una-caravana-de-profundo-amor-a-chavez\/","url":"https:\/\/www.mpppst.gob.ve\/mpppstweb\/index.php\/2016\/03\/06\/una-caravana-de-profundo-amor-a-chavez\/","name":"Una caravana de profundo amor a Ch\u00e1vez - MPPPST","isPartOf":{"@id":"https:\/\/www.mpppst.gob.ve\/mpppstweb\/#website"},"primaryImageOfPage":{"@id":"https:\/\/www.mpppst.gob.ve\/mpppstweb\/index.php\/2016\/03\/06\/una-caravana-de-profundo-amor-a-chavez\/#primaryimage"},"image":{"@id":"https:\/\/www.mpppst.gob.ve\/mpppstweb\/index.php\/2016\/03\/06\/una-caravana-de-profundo-amor-a-chavez\/#primaryimage"},"thumbnailUrl":"https:\/\/www.mpppst.gob.ve\/mpppstweb\/wp-content\/uploads\/2016\/03\/chavez-y-pueblo.jpeg","datePublished":"2016-03-06T19:34:20+00:00","dateModified":"2016-07-01T19:03:12+00:00","breadcrumb":{"@id":"https:\/\/www.mpppst.gob.ve\/mpppstweb\/index.php\/2016\/03\/06\/una-caravana-de-profundo-amor-a-chavez\/#breadcrumb"},"inLanguage":"es","potentialAction":[{"@type":"ReadAction","target":["https:\/\/www.mpppst.gob.ve\/mpppstweb\/index.php\/2016\/03\/06\/una-caravana-de-profundo-amor-a-chavez\/"]}]},{"@type":"ImageObject","inLanguage":"es","@id":"https:\/\/www.mpppst.gob.ve\/mpppstweb\/index.php\/2016\/03\/06\/una-caravana-de-profundo-amor-a-chavez\/#primaryimage","url":"https:\/\/www.mpppst.gob.ve\/mpppstweb\/wp-content\/uploads\/2016\/03\/chavez-y-pueblo.jpeg","contentUrl":"https:\/\/www.mpppst.gob.ve\/mpppstweb\/wp-content\/uploads\/2016\/03\/chavez-y-pueblo.jpeg","width":620,"height":414},{"@type":"BreadcrumbList","@id":"https:\/\/www.mpppst.gob.ve\/mpppstweb\/index.php\/2016\/03\/06\/una-caravana-de-profundo-amor-a-chavez\/#breadcrumb","itemListElement":[{"@type":"ListItem","position":1,"name":"Home","item":"https:\/\/www.mpppst.gob.ve\/mpppstweb\/"},{"@type":"ListItem","position":2,"name":"Una caravana de profundo amor a Ch\u00e1vez"}]},{"@type":"WebSite","@id":"https:\/\/www.mpppst.gob.ve\/mpppstweb\/#website","url":"https:\/\/www.mpppst.gob.ve\/mpppstweb\/","name":"MPPPST","description":"Ministerio del Poder Popular para el Proceso Social de Trabajo","publisher":{"@id":"https:\/\/www.mpppst.gob.ve\/mpppstweb\/#organization"},"potentialAction":[{"@type":"SearchAction","target":{"@type":"EntryPoint","urlTemplate":"https:\/\/www.mpppst.gob.ve\/mpppstweb\/?s={search_term_string}"},"query-input":"required name=search_term_string"}],"inLanguage":"es"},{"@type":"Organization","@id":"https:\/\/www.mpppst.gob.ve\/mpppstweb\/#organization","name":"mpppst","url":"https:\/\/www.mpppst.gob.ve\/mpppstweb\/","logo":{"@type":"ImageObject","inLanguage":"es","@id":"https:\/\/www.mpppst.gob.ve\/mpppstweb\/#\/schema\/logo\/image\/","url":"https:\/\/www.mpppst.gob.ve\/mpppstweb\/wp-content\/uploads\/2025\/07\/cropped-cropped-g910.png","contentUrl":"https:\/\/www.mpppst.gob.ve\/mpppstweb\/wp-content\/uploads\/2025\/07\/cropped-cropped-g910.png","width":1080,"height":241,"caption":"mpppst"},"image":{"@id":"https:\/\/www.mpppst.gob.ve\/mpppstweb\/#\/schema\/logo\/image\/"}},{"@type":"Person","@id":"https:\/\/www.mpppst.gob.ve\/mpppstweb\/#\/schema\/person\/fc187ee8ead412bd4c9304b62f900ea4","name":"MPPPST Prensa","url":"https:\/\/www.mpppst.gob.ve\/mpppstweb\/index.php\/author\/prensa-mpppst\/"}]}},"_links":{"self":[{"href":"https:\/\/www.mpppst.gob.ve\/mpppstweb\/index.php\/wp-json\/wp\/v2\/posts\/4987"}],"collection":[{"href":"https:\/\/www.mpppst.gob.ve\/mpppstweb\/index.php\/wp-json\/wp\/v2\/posts"}],"about":[{"href":"https:\/\/www.mpppst.gob.ve\/mpppstweb\/index.php\/wp-json\/wp\/v2\/types\/post"}],"author":[{"embeddable":true,"href":"https:\/\/www.mpppst.gob.ve\/mpppstweb\/index.php\/wp-json\/wp\/v2\/users\/25"}],"replies":[{"embeddable":true,"href":"https:\/\/www.mpppst.gob.ve\/mpppstweb\/index.php\/wp-json\/wp\/v2\/comments?post=4987"}],"version-history":[{"count":1,"href":"https:\/\/www.mpppst.gob.ve\/mpppstweb\/index.php\/wp-json\/wp\/v2\/posts\/4987\/revisions"}],"predecessor-version":[{"id":7063,"href":"https:\/\/www.mpppst.gob.ve\/mpppstweb\/index.php\/wp-json\/wp\/v2\/posts\/4987\/revisions\/7063"}],"wp:featuredmedia":[{"embeddable":true,"href":"https:\/\/www.mpppst.gob.ve\/mpppstweb\/index.php\/wp-json\/wp\/v2\/media\/4988"}],"wp:attachment":[{"href":"https:\/\/www.mpppst.gob.ve\/mpppstweb\/index.php\/wp-json\/wp\/v2\/media?parent=4987"}],"wp:term":[{"taxonomy":"category","embeddable":true,"href":"https:\/\/www.mpppst.gob.ve\/mpppstweb\/index.php\/wp-json\/wp\/v2\/categories?post=4987"},{"taxonomy":"post_tag","embeddable":true,"href":"https:\/\/www.mpppst.gob.ve\/mpppstweb\/index.php\/wp-json\/wp\/v2\/tags?post=4987"}],"curies":[{"name":"wp","href":"https:\/\/api.w.org\/{rel}","templated":true}]}}