{"id":4994,"date":"2016-03-07T14:14:39","date_gmt":"2016-03-07T14:14:39","guid":{"rendered":"http:\/\/www.mpppst.gob.ve\/mpppstweb\/?p=4994"},"modified":"2016-07-01T20:11:56","modified_gmt":"2016-07-01T20:11:56","slug":"retos-de-la-juventud-obrera-contribuir-a-la-transformacion-del-estado-y-fortalecer-el-modelo-productivo-2","status":"publish","type":"post","link":"https:\/\/www.mpppst.gob.ve\/mpppstweb\/index.php\/2016\/03\/07\/retos-de-la-juventud-obrera-contribuir-a-la-transformacion-del-estado-y-fortalecer-el-modelo-productivo-2\/","title":{"rendered":"Retos de la juventud obrera: contribuir a la transformaci\u00f3n del Estado y fortalecer el modelo productivo"},"content":{"rendered":"<p style=\"text-align: justify;\">Caracas, 7 de marzo (MPPPST). La juventud tiene como tarea principal la transformaci\u00f3n profunda del Estado, la nueva cultura de trabajo y el fortalecimiento del nuevo modelo productivo socialista, as\u00ed lo sostuvo Nelson Herrera, vocero de la Juventud Obrera y de la Coordinaci\u00f3n Nacional de la Juventud Trabajadora al servicio del pueblo.<\/p>\n<p style=\"text-align: justify;\">Herrera destac\u00f3 que desde la juventud se est\u00e1n llevando a cabo una serie de propuestas, tales como la comuna obrera, que tiene como objetivo desarrollar estrategias y mecanismos de acci\u00f3n comunes en los centros de trabajo para dar impulso al nuevo modelo productivo socialista.<\/p>\n<p style=\"text-align: justify;\">\u201cEstamos implementado un plan piloto de comunas obreras en la zona industrial de la Yaguara, considerando que es una zona productiva donde hay varias empresas. En esta zona tenemos varios proyectos que garantizar\u00edan la producci\u00f3n agr\u00edcola para los trabajadores y la comunidad de esta zona\u201d.<\/p>\n<p style=\"text-align: justify;\">Mencion\u00f3 adem\u00e1s que desde la juventud revolucionaria se est\u00e1 trabajando en la defensa de los derechos laborales y las condiciones de trabajo de todos los j\u00f3venes. La finalidad consiste en que se cumpla estrictamente la Ley Org\u00e1nica del Trabajo los Trabajadores y las Trabajadoras. E invit\u00f3 al resto de los j\u00f3venes del pa\u00eds a mantenerse en pie de lucha, al tiempo que agregaba la imperiosa necesidad de asumir el campo, en tanto tambi\u00e9n es una forma de vida.<\/p>\n<p style=\"text-align: justify;\"><strong>Asumir la producci\u00f3n y romper la cultura rentista <\/strong><\/p>\n<p style=\"text-align: justify;\">Por su parte, Diva Guzm\u00e1n miembro de la juventud obrera, \u00a0resalt\u00f3 el rol importante de los j\u00f3venes para vencer la coyuntura actual. \u201cLa juventud en este contexto hist\u00f3rico que tenemos, tiene un rol importante y por eso debemos asumir la punta de lanza de la revoluci\u00f3n, tenemos el reto de romper esa cultura rentista y debemos entender que el llamado es que nosotros asumamos la producci\u00f3n para vencer esta guerra econ\u00f3mica que ha afectado al pa\u00eds\u201d.<\/p>\n<p style=\"text-align: justify;\">Luis Carrera, quien es miembro de la Universidad Bolivariana de los Trabajadores y vocero de la juventud obrera, destac\u00f3 que desde la juventud se est\u00e1 realizando un proceso de\u00a0 autoformaci\u00f3n para garantizar pronto la construcci\u00f3n de distintas metodolog\u00edas de viviendas para los j\u00f3venes.<\/p>\n<p style=\"text-align: justify;\">\u201cDesde la juventud hemos localizado terrenos que son estudiados por la Oficina de Planificaci\u00f3n Presidencial de Proyectos Estrat\u00e9gicos (OPPE), para determinar si se pueden construir edificios o se pueden construir viviendas.\u00a0 La Gran Misi\u00f3n Vivienda Obrera y la Gran Misi\u00f3n Obrera Juventud son dos proyectos que deben ser desarrollados por los mismos beneficiarios de estos proyectos\u201d, puntualiz\u00f3 Carrera.<\/p>\n<p style=\"text-align: justify;\">Todas las pol\u00edticas de la Juventud Trabajadora vienen siendo fortalecidas y promovidas por la Central Bolivariana Socialista de los Trabajadores y por la Uni\u00f3n Nacional de j\u00f3venes productivos, UNAJOVEN.<\/p>\n<p style=\"text-align: justify;\">Redacci\u00f3n: Carlos Palacios<\/p>\n<p style=\"text-align: justify;\">Fotograf\u00eda: F\u00e9lix Ordaz<\/p>\n","protected":false},"excerpt":{"rendered":"<p>La juventud tiene como tarea principal la transformaci\u00f3n profunda del Estado y la nueva cultura de trabajo.<\/p>\n","protected":false},"author":25,"featured_media":4995,"comment_status":"closed","ping_status":"closed","sticky":false,"template":"","format":"standard","meta":{"footnotes":""},"categories":[82],"tags":[],"yoast_head":"<!-- This site is optimized with the Yoast SEO plugin v22.5 - https:\/\/yoast.com\/wordpress\/plugins\/seo\/ -->\n<title>Retos de la juventud obrera: contribuir a la transformaci\u00f3n del Estado y fortalecer el modelo productivo - MPPPST<\/title>\n<meta name=\"robots\" content=\"index, follow, max-snippet:-1, max-image-preview:large, max-video-preview:-1\" \/>\n<link rel=\"canonical\" href=\"https:\/\/www.mpppst.gob.ve\/mpppstweb\/index.php\/2016\/03\/07\/retos-de-la-juventud-obrera-contribuir-a-la-transformacion-del-estado-y-fortalecer-el-modelo-productivo-2\/\" \/>\n<meta property=\"og:locale\" content=\"es_ES\" \/>\n<meta property=\"og:type\" content=\"article\" \/>\n<meta property=\"og:title\" content=\"Retos de la juventud obrera: contribuir a la transformaci\u00f3n del Estado y fortalecer el modelo productivo - MPPPST\" \/>\n<meta property=\"og:description\" content=\"La juventud tiene como tarea principal la transformaci\u00f3n profunda del Estado y la nueva cultura de trabajo.\" \/>\n<meta property=\"og:url\" content=\"https:\/\/www.mpppst.gob.ve\/mpppstweb\/index.php\/2016\/03\/07\/retos-de-la-juventud-obrera-contribuir-a-la-transformacion-del-estado-y-fortalecer-el-modelo-productivo-2\/\" \/>\n<meta property=\"og:site_name\" content=\"MPPPST\" \/>\n<meta property=\"article:published_time\" content=\"2016-03-07T14:14:39+00:00\" \/>\n<meta property=\"article:modified_time\" content=\"2016-07-01T20:11:56+00:00\" \/>\n<meta property=\"og:image\" content=\"https:\/\/www.mpppst.gob.ve\/mpppstweb\/wp-content\/uploads\/2016\/03\/IMG_1803.jpg\" \/>\n\t<meta property=\"og:image:width\" content=\"448\" \/>\n\t<meta property=\"og:image:height\" content=\"299\" \/>\n\t<meta property=\"og:image:type\" content=\"image\/jpeg\" \/>\n<meta name=\"author\" content=\"MPPPST Prensa\" \/>\n<meta name=\"twitter:card\" content=\"summary_large_image\" \/>\n<meta name=\"twitter:label1\" content=\"Escrito por\" \/>\n\t<meta name=\"twitter:data1\" content=\"MPPPST Prensa\" \/>\n\t<meta name=\"twitter:label2\" content=\"Tiempo de lectura\" \/>\n\t<meta name=\"twitter:data2\" content=\"2 minutos\" \/>\n<script type=\"application\/ld+json\" class=\"yoast-schema-graph\">{\"@context\":\"https:\/\/schema.org\",\"@graph\":[{\"@type\":\"Article\",\"@id\":\"https:\/\/www.mpppst.gob.ve\/mpppstweb\/index.php\/2016\/03\/07\/retos-de-la-juventud-obrera-contribuir-a-la-transformacion-del-estado-y-fortalecer-el-modelo-productivo-2\/#article\",\"isPartOf\":{\"@id\":\"https:\/\/www.mpppst.gob.ve\/mpppstweb\/index.php\/2016\/03\/07\/retos-de-la-juventud-obrera-contribuir-a-la-transformacion-del-estado-y-fortalecer-el-modelo-productivo-2\/\"},\"author\":{\"name\":\"MPPPST Prensa\",\"@id\":\"https:\/\/www.mpppst.gob.ve\/mpppstweb\/#\/schema\/person\/fc187ee8ead412bd4c9304b62f900ea4\"},\"headline\":\"Retos de la juventud obrera: contribuir a la transformaci\u00f3n del Estado y fortalecer el modelo productivo\",\"datePublished\":\"2016-03-07T14:14:39+00:00\",\"dateModified\":\"2016-07-01T20:11:56+00:00\",\"mainEntityOfPage\":{\"@id\":\"https:\/\/www.mpppst.gob.ve\/mpppstweb\/index.php\/2016\/03\/07\/retos-de-la-juventud-obrera-contribuir-a-la-transformacion-del-estado-y-fortalecer-el-modelo-productivo-2\/\"},\"wordCount\":490,\"publisher\":{\"@id\":\"https:\/\/www.mpppst.gob.ve\/mpppstweb\/#organization\"},\"image\":{\"@id\":\"https:\/\/www.mpppst.gob.ve\/mpppstweb\/index.php\/2016\/03\/07\/retos-de-la-juventud-obrera-contribuir-a-la-transformacion-del-estado-y-fortalecer-el-modelo-productivo-2\/#primaryimage\"},\"thumbnailUrl\":\"https:\/\/www.mpppst.gob.ve\/mpppstweb\/wp-content\/uploads\/2016\/03\/IMG_1803.jpg\",\"articleSection\":[\"Gobierno Nacional\"],\"inLanguage\":\"es\"},{\"@type\":\"WebPage\",\"@id\":\"https:\/\/www.mpppst.gob.ve\/mpppstweb\/index.php\/2016\/03\/07\/retos-de-la-juventud-obrera-contribuir-a-la-transformacion-del-estado-y-fortalecer-el-modelo-productivo-2\/\",\"url\":\"https:\/\/www.mpppst.gob.ve\/mpppstweb\/index.php\/2016\/03\/07\/retos-de-la-juventud-obrera-contribuir-a-la-transformacion-del-estado-y-fortalecer-el-modelo-productivo-2\/\",\"name\":\"Retos de la juventud obrera: contribuir a la transformaci\u00f3n del Estado y fortalecer el modelo productivo - MPPPST\",\"isPartOf\":{\"@id\":\"https:\/\/www.mpppst.gob.ve\/mpppstweb\/#website\"},\"primaryImageOfPage\":{\"@id\":\"https:\/\/www.mpppst.gob.ve\/mpppstweb\/index.php\/2016\/03\/07\/retos-de-la-juventud-obrera-contribuir-a-la-transformacion-del-estado-y-fortalecer-el-modelo-productivo-2\/#primaryimage\"},\"image\":{\"@id\":\"https:\/\/www.mpppst.gob.ve\/mpppstweb\/index.php\/2016\/03\/07\/retos-de-la-juventud-obrera-contribuir-a-la-transformacion-del-estado-y-fortalecer-el-modelo-productivo-2\/#primaryimage\"},\"thumbnailUrl\":\"https:\/\/www.mpppst.gob.ve\/mpppstweb\/wp-content\/uploads\/2016\/03\/IMG_1803.jpg\",\"datePublished\":\"2016-03-07T14:14:39+00:00\",\"dateModified\":\"2016-07-01T20:11:56+00:00\",\"breadcrumb\":{\"@id\":\"https:\/\/www.mpppst.gob.ve\/mpppstweb\/index.php\/2016\/03\/07\/retos-de-la-juventud-obrera-contribuir-a-la-transformacion-del-estado-y-fortalecer-el-modelo-productivo-2\/#breadcrumb\"},\"inLanguage\":\"es\",\"potentialAction\":[{\"@type\":\"ReadAction\",\"target\":[\"https:\/\/www.mpppst.gob.ve\/mpppstweb\/index.php\/2016\/03\/07\/retos-de-la-juventud-obrera-contribuir-a-la-transformacion-del-estado-y-fortalecer-el-modelo-productivo-2\/\"]}]},{\"@type\":\"ImageObject\",\"inLanguage\":\"es\",\"@id\":\"https:\/\/www.mpppst.gob.ve\/mpppstweb\/index.php\/2016\/03\/07\/retos-de-la-juventud-obrera-contribuir-a-la-transformacion-del-estado-y-fortalecer-el-modelo-productivo-2\/#primaryimage\",\"url\":\"https:\/\/www.mpppst.gob.ve\/mpppstweb\/wp-content\/uploads\/2016\/03\/IMG_1803.jpg\",\"contentUrl\":\"https:\/\/www.mpppst.gob.ve\/mpppstweb\/wp-content\/uploads\/2016\/03\/IMG_1803.jpg\",\"width\":448,\"height\":299},{\"@type\":\"BreadcrumbList\",\"@id\":\"https:\/\/www.mpppst.gob.ve\/mpppstweb\/index.php\/2016\/03\/07\/retos-de-la-juventud-obrera-contribuir-a-la-transformacion-del-estado-y-fortalecer-el-modelo-productivo-2\/#breadcrumb\",\"itemListElement\":[{\"@type\":\"ListItem\",\"position\":1,\"name\":\"Home\",\"item\":\"https:\/\/www.mpppst.gob.ve\/mpppstweb\/\"},{\"@type\":\"ListItem\",\"position\":2,\"name\":\"Retos de la juventud obrera: contribuir a la transformaci\u00f3n del Estado y fortalecer el modelo productivo\"}]},{\"@type\":\"WebSite\",\"@id\":\"https:\/\/www.mpppst.gob.ve\/mpppstweb\/#website\",\"url\":\"https:\/\/www.mpppst.gob.ve\/mpppstweb\/\",\"name\":\"MPPPST\",\"description\":\"Ministerio del Poder Popular para el Proceso Social de Trabajo\",\"publisher\":{\"@id\":\"https:\/\/www.mpppst.gob.ve\/mpppstweb\/#organization\"},\"potentialAction\":[{\"@type\":\"SearchAction\",\"target\":{\"@type\":\"EntryPoint\",\"urlTemplate\":\"https:\/\/www.mpppst.gob.ve\/mpppstweb\/?s={search_term_string}\"},\"query-input\":\"required name=search_term_string\"}],\"inLanguage\":\"es\"},{\"@type\":\"Organization\",\"@id\":\"https:\/\/www.mpppst.gob.ve\/mpppstweb\/#organization\",\"name\":\"mpppst\",\"url\":\"https:\/\/www.mpppst.gob.ve\/mpppstweb\/\",\"logo\":{\"@type\":\"ImageObject\",\"inLanguage\":\"es\",\"@id\":\"https:\/\/www.mpppst.gob.ve\/mpppstweb\/#\/schema\/logo\/image\/\",\"url\":\"https:\/\/www.mpppst.gob.ve\/mpppstweb\/wp-content\/uploads\/2025\/07\/cropped-cropped-g910.png\",\"contentUrl\":\"https:\/\/www.mpppst.gob.ve\/mpppstweb\/wp-content\/uploads\/2025\/07\/cropped-cropped-g910.png\",\"width\":1080,\"height\":241,\"caption\":\"mpppst\"},\"image\":{\"@id\":\"https:\/\/www.mpppst.gob.ve\/mpppstweb\/#\/schema\/logo\/image\/\"}},{\"@type\":\"Person\",\"@id\":\"https:\/\/www.mpppst.gob.ve\/mpppstweb\/#\/schema\/person\/fc187ee8ead412bd4c9304b62f900ea4\",\"name\":\"MPPPST Prensa\",\"url\":\"https:\/\/www.mpppst.gob.ve\/mpppstweb\/index.php\/author\/prensa-mpppst\/\"}]}<\/script>\n<!-- \/ Yoast SEO plugin. -->","yoast_head_json":{"title":"Retos de la juventud obrera: contribuir a la transformaci\u00f3n del Estado y fortalecer el modelo productivo - MPPPST","robots":{"index":"index","follow":"follow","max-snippet":"max-snippet:-1","max-image-preview":"max-image-preview:large","max-video-preview":"max-video-preview:-1"},"canonical":"https:\/\/www.mpppst.gob.ve\/mpppstweb\/index.php\/2016\/03\/07\/retos-de-la-juventud-obrera-contribuir-a-la-transformacion-del-estado-y-fortalecer-el-modelo-productivo-2\/","og_locale":"es_ES","og_type":"article","og_title":"Retos de la juventud obrera: contribuir a la transformaci\u00f3n del Estado y fortalecer el modelo productivo - MPPPST","og_description":"La juventud tiene como tarea principal la transformaci\u00f3n profunda del Estado y la nueva cultura de trabajo.","og_url":"https:\/\/www.mpppst.gob.ve\/mpppstweb\/index.php\/2016\/03\/07\/retos-de-la-juventud-obrera-contribuir-a-la-transformacion-del-estado-y-fortalecer-el-modelo-productivo-2\/","og_site_name":"MPPPST","article_published_time":"2016-03-07T14:14:39+00:00","article_modified_time":"2016-07-01T20:11:56+00:00","og_image":[{"width":448,"height":299,"url":"https:\/\/www.mpppst.gob.ve\/mpppstweb\/wp-content\/uploads\/2016\/03\/IMG_1803.jpg","type":"image\/jpeg"}],"author":"MPPPST Prensa","twitter_card":"summary_large_image","twitter_misc":{"Escrito por":"MPPPST Prensa","Tiempo de lectura":"2 minutos"},"schema":{"@context":"https:\/\/schema.org","@graph":[{"@type":"Article","@id":"https:\/\/www.mpppst.gob.ve\/mpppstweb\/index.php\/2016\/03\/07\/retos-de-la-juventud-obrera-contribuir-a-la-transformacion-del-estado-y-fortalecer-el-modelo-productivo-2\/#article","isPartOf":{"@id":"https:\/\/www.mpppst.gob.ve\/mpppstweb\/index.php\/2016\/03\/07\/retos-de-la-juventud-obrera-contribuir-a-la-transformacion-del-estado-y-fortalecer-el-modelo-productivo-2\/"},"author":{"name":"MPPPST Prensa","@id":"https:\/\/www.mpppst.gob.ve\/mpppstweb\/#\/schema\/person\/fc187ee8ead412bd4c9304b62f900ea4"},"headline":"Retos de la juventud obrera: contribuir a la transformaci\u00f3n del Estado y fortalecer el modelo productivo","datePublished":"2016-03-07T14:14:39+00:00","dateModified":"2016-07-01T20:11:56+00:00","mainEntityOfPage":{"@id":"https:\/\/www.mpppst.gob.ve\/mpppstweb\/index.php\/2016\/03\/07\/retos-de-la-juventud-obrera-contribuir-a-la-transformacion-del-estado-y-fortalecer-el-modelo-productivo-2\/"},"wordCount":490,"publisher":{"@id":"https:\/\/www.mpppst.gob.ve\/mpppstweb\/#organization"},"image":{"@id":"https:\/\/www.mpppst.gob.ve\/mpppstweb\/index.php\/2016\/03\/07\/retos-de-la-juventud-obrera-contribuir-a-la-transformacion-del-estado-y-fortalecer-el-modelo-productivo-2\/#primaryimage"},"thumbnailUrl":"https:\/\/www.mpppst.gob.ve\/mpppstweb\/wp-content\/uploads\/2016\/03\/IMG_1803.jpg","articleSection":["Gobierno Nacional"],"inLanguage":"es"},{"@type":"WebPage","@id":"https:\/\/www.mpppst.gob.ve\/mpppstweb\/index.php\/2016\/03\/07\/retos-de-la-juventud-obrera-contribuir-a-la-transformacion-del-estado-y-fortalecer-el-modelo-productivo-2\/","url":"https:\/\/www.mpppst.gob.ve\/mpppstweb\/index.php\/2016\/03\/07\/retos-de-la-juventud-obrera-contribuir-a-la-transformacion-del-estado-y-fortalecer-el-modelo-productivo-2\/","name":"Retos de la juventud obrera: contribuir a la transformaci\u00f3n del Estado y fortalecer el modelo productivo - MPPPST","isPartOf":{"@id":"https:\/\/www.mpppst.gob.ve\/mpppstweb\/#website"},"primaryImageOfPage":{"@id":"https:\/\/www.mpppst.gob.ve\/mpppstweb\/index.php\/2016\/03\/07\/retos-de-la-juventud-obrera-contribuir-a-la-transformacion-del-estado-y-fortalecer-el-modelo-productivo-2\/#primaryimage"},"image":{"@id":"https:\/\/www.mpppst.gob.ve\/mpppstweb\/index.php\/2016\/03\/07\/retos-de-la-juventud-obrera-contribuir-a-la-transformacion-del-estado-y-fortalecer-el-modelo-productivo-2\/#primaryimage"},"thumbnailUrl":"https:\/\/www.mpppst.gob.ve\/mpppstweb\/wp-content\/uploads\/2016\/03\/IMG_1803.jpg","datePublished":"2016-03-07T14:14:39+00:00","dateModified":"2016-07-01T20:11:56+00:00","breadcrumb":{"@id":"https:\/\/www.mpppst.gob.ve\/mpppstweb\/index.php\/2016\/03\/07\/retos-de-la-juventud-obrera-contribuir-a-la-transformacion-del-estado-y-fortalecer-el-modelo-productivo-2\/#breadcrumb"},"inLanguage":"es","potentialAction":[{"@type":"ReadAction","target":["https:\/\/www.mpppst.gob.ve\/mpppstweb\/index.php\/2016\/03\/07\/retos-de-la-juventud-obrera-contribuir-a-la-transformacion-del-estado-y-fortalecer-el-modelo-productivo-2\/"]}]},{"@type":"ImageObject","inLanguage":"es","@id":"https:\/\/www.mpppst.gob.ve\/mpppstweb\/index.php\/2016\/03\/07\/retos-de-la-juventud-obrera-contribuir-a-la-transformacion-del-estado-y-fortalecer-el-modelo-productivo-2\/#primaryimage","url":"https:\/\/www.mpppst.gob.ve\/mpppstweb\/wp-content\/uploads\/2016\/03\/IMG_1803.jpg","contentUrl":"https:\/\/www.mpppst.gob.ve\/mpppstweb\/wp-content\/uploads\/2016\/03\/IMG_1803.jpg","width":448,"height":299},{"@type":"BreadcrumbList","@id":"https:\/\/www.mpppst.gob.ve\/mpppstweb\/index.php\/2016\/03\/07\/retos-de-la-juventud-obrera-contribuir-a-la-transformacion-del-estado-y-fortalecer-el-modelo-productivo-2\/#breadcrumb","itemListElement":[{"@type":"ListItem","position":1,"name":"Home","item":"https:\/\/www.mpppst.gob.ve\/mpppstweb\/"},{"@type":"ListItem","position":2,"name":"Retos de la juventud obrera: contribuir a la transformaci\u00f3n del Estado y fortalecer el modelo productivo"}]},{"@type":"WebSite","@id":"https:\/\/www.mpppst.gob.ve\/mpppstweb\/#website","url":"https:\/\/www.mpppst.gob.ve\/mpppstweb\/","name":"MPPPST","description":"Ministerio del Poder Popular para el Proceso Social de Trabajo","publisher":{"@id":"https:\/\/www.mpppst.gob.ve\/mpppstweb\/#organization"},"potentialAction":[{"@type":"SearchAction","target":{"@type":"EntryPoint","urlTemplate":"https:\/\/www.mpppst.gob.ve\/mpppstweb\/?s={search_term_string}"},"query-input":"required name=search_term_string"}],"inLanguage":"es"},{"@type":"Organization","@id":"https:\/\/www.mpppst.gob.ve\/mpppstweb\/#organization","name":"mpppst","url":"https:\/\/www.mpppst.gob.ve\/mpppstweb\/","logo":{"@type":"ImageObject","inLanguage":"es","@id":"https:\/\/www.mpppst.gob.ve\/mpppstweb\/#\/schema\/logo\/image\/","url":"https:\/\/www.mpppst.gob.ve\/mpppstweb\/wp-content\/uploads\/2025\/07\/cropped-cropped-g910.png","contentUrl":"https:\/\/www.mpppst.gob.ve\/mpppstweb\/wp-content\/uploads\/2025\/07\/cropped-cropped-g910.png","width":1080,"height":241,"caption":"mpppst"},"image":{"@id":"https:\/\/www.mpppst.gob.ve\/mpppstweb\/#\/schema\/logo\/image\/"}},{"@type":"Person","@id":"https:\/\/www.mpppst.gob.ve\/mpppstweb\/#\/schema\/person\/fc187ee8ead412bd4c9304b62f900ea4","name":"MPPPST Prensa","url":"https:\/\/www.mpppst.gob.ve\/mpppstweb\/index.php\/author\/prensa-mpppst\/"}]}},"_links":{"self":[{"href":"https:\/\/www.mpppst.gob.ve\/mpppstweb\/index.php\/wp-json\/wp\/v2\/posts\/4994"}],"collection":[{"href":"https:\/\/www.mpppst.gob.ve\/mpppstweb\/index.php\/wp-json\/wp\/v2\/posts"}],"about":[{"href":"https:\/\/www.mpppst.gob.ve\/mpppstweb\/index.php\/wp-json\/wp\/v2\/types\/post"}],"author":[{"embeddable":true,"href":"https:\/\/www.mpppst.gob.ve\/mpppstweb\/index.php\/wp-json\/wp\/v2\/users\/25"}],"replies":[{"embeddable":true,"href":"https:\/\/www.mpppst.gob.ve\/mpppstweb\/index.php\/wp-json\/wp\/v2\/comments?post=4994"}],"version-history":[{"count":1,"href":"https:\/\/www.mpppst.gob.ve\/mpppstweb\/index.php\/wp-json\/wp\/v2\/posts\/4994\/revisions"}],"predecessor-version":[{"id":7080,"href":"https:\/\/www.mpppst.gob.ve\/mpppstweb\/index.php\/wp-json\/wp\/v2\/posts\/4994\/revisions\/7080"}],"wp:featuredmedia":[{"embeddable":true,"href":"https:\/\/www.mpppst.gob.ve\/mpppstweb\/index.php\/wp-json\/wp\/v2\/media\/4995"}],"wp:attachment":[{"href":"https:\/\/www.mpppst.gob.ve\/mpppstweb\/index.php\/wp-json\/wp\/v2\/media?parent=4994"}],"wp:term":[{"taxonomy":"category","embeddable":true,"href":"https:\/\/www.mpppst.gob.ve\/mpppstweb\/index.php\/wp-json\/wp\/v2\/categories?post=4994"},{"taxonomy":"post_tag","embeddable":true,"href":"https:\/\/www.mpppst.gob.ve\/mpppstweb\/index.php\/wp-json\/wp\/v2\/tags?post=4994"}],"curies":[{"name":"wp","href":"https:\/\/api.w.org\/{rel}","templated":true}]}}