{"id":4998,"date":"2016-03-07T15:57:34","date_gmt":"2016-03-07T15:57:34","guid":{"rendered":"http:\/\/www.mpppst.gob.ve\/mpppstweb\/?p=4998"},"modified":"2016-07-01T20:12:48","modified_gmt":"2016-07-01T20:12:48","slug":"inces-inicia-plan-de-formacion-en-todo-el-pais-2","status":"publish","type":"post","link":"https:\/\/www.mpppst.gob.ve\/mpppstweb\/index.php\/2016\/03\/07\/inces-inicia-plan-de-formacion-en-todo-el-pais-2\/","title":{"rendered":"INCES inicia plan de formaci\u00f3n en todo el pa\u00eds"},"content":{"rendered":"<p>Caracas, 7 de marzo (MPPPST).- Con el prop\u00f3sito de incentivar a los j\u00f3venes a integrarse en los distintos motores de la econom\u00eda, el Ministerio del Poder Popular para el Proceso Social de Trabajo (MPPPST) dio apertura este lunes al proceso de formaci\u00f3n que desarrolla el Instituto Nacional de Capacitaci\u00f3n y Educaci\u00f3n Socialista (INCES), con m\u00e1s de 500 opciones para la formaci\u00f3n en todo el pa\u00eds.<\/p>\n<p>El titular del despacho laboral, Oswaldo Vera, resalt\u00f3 que este proceso de formaci\u00f3n y capacitaci\u00f3n del INCES se interrelaciona con los acuerdos que se tienen con la Misi\u00f3n Robinson II productiva, los avances en las comunas productivas, la formaci\u00f3n y preparaci\u00f3n en las empresas recuperadas, con la finalidad de mejorar los niveles de producci\u00f3n.<\/p>\n<p>\u201cArrancamos todo este programa del INCES en medio de las dificultades, vamos hacia el cambio del modelo productivo, hay 14 motores que el Presidente ha lanzado como \u00e1reas fundamentales y all\u00ed es donde estamos haciendo mayor \u00e9nfasis, en la capacitaci\u00f3n que tiene que ver con el sector petrolero, manufacturero, industrial, petroqu\u00edmico y turismo, entre otros\u201d.<\/p>\n<p>El Ministro Vera indic\u00f3 que tienen como meta fundamental el proceso de transformaci\u00f3n hacia el nuevo modelo productivo. \u201cHemos ubicado con claridad que tenemos aqu\u00ed lo necesario desde el punto de vista humano y la materia prima, entonces estamos trabajando para avanzar en el proceso de preparaci\u00f3n de nuestra juventud pero tambi\u00e9n de los hombres y mujeres para que se incorporen de manera activa a este nuevo modelo productivo\u201d.<\/p>\n<p>Asimismo, agreg\u00f3 que: \u201cnuestras instituciones se ponen al frente con la formaci\u00f3n, preparaci\u00f3n pero sobre todo con ese valor humano que son nuestros hombres y mujeres de la clase obrera, para garantizarle a todo el pueblo que esos productos que hoy importamos ahora lo vamos a desarrollar en nuestra Patria gracias a la participaci\u00f3n de los trabajadores y a las formaci\u00f3n de instituciones como el INCES\u201d, puntualiz\u00f3.<\/p>\n<p><strong>La juventud tiene el desaf\u00edo de producir <\/strong><\/p>\n<p>Por su parte, el Ministro del Poder Popular para la Juventud y el Deporte, Mervin Maldonado, expres\u00f3 que en este plan de capacitaci\u00f3n y formaci\u00f3n del INCES la juventud venezolana asume el reto como est\u00e1 establecido en el programa de juventud productiva que ha orientado el presidente Nicol\u00e1s Maduro, para superar un modelo rentista petrolero que ha sido heredado.<\/p>\n<p>Destac\u00f3 que la juventud tambi\u00e9n se coloca al frente de este programa de formaci\u00f3n en m\u00e1s de 500 \u00e1reas que van a permitir profundizar el desarrollo de los 14 motores productivos. \u201cLa juventud venezolana est\u00e1 llamada a grandes cosas y por eso estamos seguros que con estas herramientas vamos a seguir construyendo un futuro pr\u00f3spero, un futuro lleno de grandes resultados para todo el pueblo venezolano\u201d, asever\u00f3 Maldonado.<\/p>\n<p>Durante la actividad realizada en la plaza Bol\u00edvar de Caracas, tambi\u00e9n estuvo presente el Jefe de Gobierno de Distrito Capital, Daniel Aponte; el presidente del INCES, Wuikelman \u00c1ngel Paredes; el comisionado del Sistema Presidencial de Empresas Nacionalizadas, Juan Arias; as\u00ed como los viceministros del MPPPST, N\u00e9stor Ovalles, Leninna Galindo y Jos\u00e9 Ram\u00f3n Rivero.<\/p>\n<p>Redacci\u00f3n: Miliseth Ysea<\/p>\n<p>Fotograf\u00eda: Dellys Landaeta<\/p>\n","protected":false},"excerpt":{"rendered":"<p>Con el prop\u00f3sito de incentivar a los j\u00f3venes a integrarse en los distintos motores de la econom\u00eda, el MPPPST dio apertura este lunes al proceso de formaci\u00f3n que desarrolla INCES.<\/p>\n","protected":false},"author":25,"featured_media":4999,"comment_status":"closed","ping_status":"closed","sticky":false,"template":"","format":"standard","meta":{"footnotes":""},"categories":[83],"tags":[],"yoast_head":"<!-- This site is optimized with the Yoast SEO plugin v22.5 - https:\/\/yoast.com\/wordpress\/plugins\/seo\/ -->\n<title>INCES inicia plan de formaci\u00f3n en todo el pa\u00eds - MPPPST<\/title>\n<meta name=\"robots\" content=\"index, follow, max-snippet:-1, max-image-preview:large, max-video-preview:-1\" \/>\n<link rel=\"canonical\" href=\"https:\/\/www.mpppst.gob.ve\/mpppstweb\/index.php\/2016\/03\/07\/inces-inicia-plan-de-formacion-en-todo-el-pais-2\/\" \/>\n<meta property=\"og:locale\" content=\"es_ES\" \/>\n<meta property=\"og:type\" content=\"article\" \/>\n<meta property=\"og:title\" content=\"INCES inicia plan de formaci\u00f3n en todo el pa\u00eds - MPPPST\" \/>\n<meta property=\"og:description\" content=\"Con el prop\u00f3sito de incentivar a los j\u00f3venes a integrarse en los distintos motores de la econom\u00eda, el MPPPST dio apertura este lunes al proceso de formaci\u00f3n que desarrolla INCES.\" \/>\n<meta property=\"og:url\" content=\"https:\/\/www.mpppst.gob.ve\/mpppstweb\/index.php\/2016\/03\/07\/inces-inicia-plan-de-formacion-en-todo-el-pais-2\/\" \/>\n<meta property=\"og:site_name\" content=\"MPPPST\" \/>\n<meta property=\"article:published_time\" content=\"2016-03-07T15:57:34+00:00\" \/>\n<meta property=\"article:modified_time\" content=\"2016-07-01T20:12:48+00:00\" \/>\n<meta property=\"og:image\" content=\"https:\/\/www.mpppst.gob.ve\/mpppstweb\/wp-content\/uploads\/2016\/03\/Foto-Inces-Web.jpg\" \/>\n\t<meta property=\"og:image:width\" content=\"640\" \/>\n\t<meta property=\"og:image:height\" content=\"427\" \/>\n\t<meta property=\"og:image:type\" content=\"image\/jpeg\" \/>\n<meta name=\"author\" content=\"MPPPST Prensa\" \/>\n<meta name=\"twitter:card\" content=\"summary_large_image\" \/>\n<meta name=\"twitter:label1\" content=\"Escrito por\" \/>\n\t<meta name=\"twitter:data1\" content=\"MPPPST Prensa\" \/>\n\t<meta name=\"twitter:label2\" content=\"Tiempo de lectura\" \/>\n\t<meta name=\"twitter:data2\" content=\"3 minutos\" \/>\n<script type=\"application\/ld+json\" class=\"yoast-schema-graph\">{\"@context\":\"https:\/\/schema.org\",\"@graph\":[{\"@type\":\"Article\",\"@id\":\"https:\/\/www.mpppst.gob.ve\/mpppstweb\/index.php\/2016\/03\/07\/inces-inicia-plan-de-formacion-en-todo-el-pais-2\/#article\",\"isPartOf\":{\"@id\":\"https:\/\/www.mpppst.gob.ve\/mpppstweb\/index.php\/2016\/03\/07\/inces-inicia-plan-de-formacion-en-todo-el-pais-2\/\"},\"author\":{\"name\":\"MPPPST Prensa\",\"@id\":\"https:\/\/www.mpppst.gob.ve\/mpppstweb\/#\/schema\/person\/fc187ee8ead412bd4c9304b62f900ea4\"},\"headline\":\"INCES inicia plan de formaci\u00f3n en todo el pa\u00eds\",\"datePublished\":\"2016-03-07T15:57:34+00:00\",\"dateModified\":\"2016-07-01T20:12:48+00:00\",\"mainEntityOfPage\":{\"@id\":\"https:\/\/www.mpppst.gob.ve\/mpppstweb\/index.php\/2016\/03\/07\/inces-inicia-plan-de-formacion-en-todo-el-pais-2\/\"},\"wordCount\":548,\"publisher\":{\"@id\":\"https:\/\/www.mpppst.gob.ve\/mpppstweb\/#organization\"},\"image\":{\"@id\":\"https:\/\/www.mpppst.gob.ve\/mpppstweb\/index.php\/2016\/03\/07\/inces-inicia-plan-de-formacion-en-todo-el-pais-2\/#primaryimage\"},\"thumbnailUrl\":\"https:\/\/www.mpppst.gob.ve\/mpppstweb\/wp-content\/uploads\/2016\/03\/Foto-Inces-Web.jpg\",\"articleSection\":[\"Ministerio\"],\"inLanguage\":\"es\"},{\"@type\":\"WebPage\",\"@id\":\"https:\/\/www.mpppst.gob.ve\/mpppstweb\/index.php\/2016\/03\/07\/inces-inicia-plan-de-formacion-en-todo-el-pais-2\/\",\"url\":\"https:\/\/www.mpppst.gob.ve\/mpppstweb\/index.php\/2016\/03\/07\/inces-inicia-plan-de-formacion-en-todo-el-pais-2\/\",\"name\":\"INCES inicia plan de formaci\u00f3n en todo el pa\u00eds - MPPPST\",\"isPartOf\":{\"@id\":\"https:\/\/www.mpppst.gob.ve\/mpppstweb\/#website\"},\"primaryImageOfPage\":{\"@id\":\"https:\/\/www.mpppst.gob.ve\/mpppstweb\/index.php\/2016\/03\/07\/inces-inicia-plan-de-formacion-en-todo-el-pais-2\/#primaryimage\"},\"image\":{\"@id\":\"https:\/\/www.mpppst.gob.ve\/mpppstweb\/index.php\/2016\/03\/07\/inces-inicia-plan-de-formacion-en-todo-el-pais-2\/#primaryimage\"},\"thumbnailUrl\":\"https:\/\/www.mpppst.gob.ve\/mpppstweb\/wp-content\/uploads\/2016\/03\/Foto-Inces-Web.jpg\",\"datePublished\":\"2016-03-07T15:57:34+00:00\",\"dateModified\":\"2016-07-01T20:12:48+00:00\",\"breadcrumb\":{\"@id\":\"https:\/\/www.mpppst.gob.ve\/mpppstweb\/index.php\/2016\/03\/07\/inces-inicia-plan-de-formacion-en-todo-el-pais-2\/#breadcrumb\"},\"inLanguage\":\"es\",\"potentialAction\":[{\"@type\":\"ReadAction\",\"target\":[\"https:\/\/www.mpppst.gob.ve\/mpppstweb\/index.php\/2016\/03\/07\/inces-inicia-plan-de-formacion-en-todo-el-pais-2\/\"]}]},{\"@type\":\"ImageObject\",\"inLanguage\":\"es\",\"@id\":\"https:\/\/www.mpppst.gob.ve\/mpppstweb\/index.php\/2016\/03\/07\/inces-inicia-plan-de-formacion-en-todo-el-pais-2\/#primaryimage\",\"url\":\"https:\/\/www.mpppst.gob.ve\/mpppstweb\/wp-content\/uploads\/2016\/03\/Foto-Inces-Web.jpg\",\"contentUrl\":\"https:\/\/www.mpppst.gob.ve\/mpppstweb\/wp-content\/uploads\/2016\/03\/Foto-Inces-Web.jpg\",\"width\":640,\"height\":427},{\"@type\":\"BreadcrumbList\",\"@id\":\"https:\/\/www.mpppst.gob.ve\/mpppstweb\/index.php\/2016\/03\/07\/inces-inicia-plan-de-formacion-en-todo-el-pais-2\/#breadcrumb\",\"itemListElement\":[{\"@type\":\"ListItem\",\"position\":1,\"name\":\"Home\",\"item\":\"https:\/\/www.mpppst.gob.ve\/mpppstweb\/\"},{\"@type\":\"ListItem\",\"position\":2,\"name\":\"INCES inicia plan de formaci\u00f3n en todo el pa\u00eds\"}]},{\"@type\":\"WebSite\",\"@id\":\"https:\/\/www.mpppst.gob.ve\/mpppstweb\/#website\",\"url\":\"https:\/\/www.mpppst.gob.ve\/mpppstweb\/\",\"name\":\"MPPPST\",\"description\":\"Ministerio del Poder Popular para el Proceso Social de Trabajo\",\"publisher\":{\"@id\":\"https:\/\/www.mpppst.gob.ve\/mpppstweb\/#organization\"},\"potentialAction\":[{\"@type\":\"SearchAction\",\"target\":{\"@type\":\"EntryPoint\",\"urlTemplate\":\"https:\/\/www.mpppst.gob.ve\/mpppstweb\/?s={search_term_string}\"},\"query-input\":\"required name=search_term_string\"}],\"inLanguage\":\"es\"},{\"@type\":\"Organization\",\"@id\":\"https:\/\/www.mpppst.gob.ve\/mpppstweb\/#organization\",\"name\":\"mpppst\",\"url\":\"https:\/\/www.mpppst.gob.ve\/mpppstweb\/\",\"logo\":{\"@type\":\"ImageObject\",\"inLanguage\":\"es\",\"@id\":\"https:\/\/www.mpppst.gob.ve\/mpppstweb\/#\/schema\/logo\/image\/\",\"url\":\"https:\/\/www.mpppst.gob.ve\/mpppstweb\/wp-content\/uploads\/2025\/07\/cropped-cropped-g910.png\",\"contentUrl\":\"https:\/\/www.mpppst.gob.ve\/mpppstweb\/wp-content\/uploads\/2025\/07\/cropped-cropped-g910.png\",\"width\":1080,\"height\":241,\"caption\":\"mpppst\"},\"image\":{\"@id\":\"https:\/\/www.mpppst.gob.ve\/mpppstweb\/#\/schema\/logo\/image\/\"}},{\"@type\":\"Person\",\"@id\":\"https:\/\/www.mpppst.gob.ve\/mpppstweb\/#\/schema\/person\/fc187ee8ead412bd4c9304b62f900ea4\",\"name\":\"MPPPST Prensa\",\"url\":\"https:\/\/www.mpppst.gob.ve\/mpppstweb\/index.php\/author\/prensa-mpppst\/\"}]}<\/script>\n<!-- \/ Yoast SEO plugin. -->","yoast_head_json":{"title":"INCES inicia plan de formaci\u00f3n en todo el pa\u00eds - MPPPST","robots":{"index":"index","follow":"follow","max-snippet":"max-snippet:-1","max-image-preview":"max-image-preview:large","max-video-preview":"max-video-preview:-1"},"canonical":"https:\/\/www.mpppst.gob.ve\/mpppstweb\/index.php\/2016\/03\/07\/inces-inicia-plan-de-formacion-en-todo-el-pais-2\/","og_locale":"es_ES","og_type":"article","og_title":"INCES inicia plan de formaci\u00f3n en todo el pa\u00eds - MPPPST","og_description":"Con el prop\u00f3sito de incentivar a los j\u00f3venes a integrarse en los distintos motores de la econom\u00eda, el MPPPST dio apertura este lunes al proceso de formaci\u00f3n que desarrolla INCES.","og_url":"https:\/\/www.mpppst.gob.ve\/mpppstweb\/index.php\/2016\/03\/07\/inces-inicia-plan-de-formacion-en-todo-el-pais-2\/","og_site_name":"MPPPST","article_published_time":"2016-03-07T15:57:34+00:00","article_modified_time":"2016-07-01T20:12:48+00:00","og_image":[{"width":640,"height":427,"url":"https:\/\/www.mpppst.gob.ve\/mpppstweb\/wp-content\/uploads\/2016\/03\/Foto-Inces-Web.jpg","type":"image\/jpeg"}],"author":"MPPPST Prensa","twitter_card":"summary_large_image","twitter_misc":{"Escrito por":"MPPPST Prensa","Tiempo de lectura":"3 minutos"},"schema":{"@context":"https:\/\/schema.org","@graph":[{"@type":"Article","@id":"https:\/\/www.mpppst.gob.ve\/mpppstweb\/index.php\/2016\/03\/07\/inces-inicia-plan-de-formacion-en-todo-el-pais-2\/#article","isPartOf":{"@id":"https:\/\/www.mpppst.gob.ve\/mpppstweb\/index.php\/2016\/03\/07\/inces-inicia-plan-de-formacion-en-todo-el-pais-2\/"},"author":{"name":"MPPPST Prensa","@id":"https:\/\/www.mpppst.gob.ve\/mpppstweb\/#\/schema\/person\/fc187ee8ead412bd4c9304b62f900ea4"},"headline":"INCES inicia plan de formaci\u00f3n en todo el pa\u00eds","datePublished":"2016-03-07T15:57:34+00:00","dateModified":"2016-07-01T20:12:48+00:00","mainEntityOfPage":{"@id":"https:\/\/www.mpppst.gob.ve\/mpppstweb\/index.php\/2016\/03\/07\/inces-inicia-plan-de-formacion-en-todo-el-pais-2\/"},"wordCount":548,"publisher":{"@id":"https:\/\/www.mpppst.gob.ve\/mpppstweb\/#organization"},"image":{"@id":"https:\/\/www.mpppst.gob.ve\/mpppstweb\/index.php\/2016\/03\/07\/inces-inicia-plan-de-formacion-en-todo-el-pais-2\/#primaryimage"},"thumbnailUrl":"https:\/\/www.mpppst.gob.ve\/mpppstweb\/wp-content\/uploads\/2016\/03\/Foto-Inces-Web.jpg","articleSection":["Ministerio"],"inLanguage":"es"},{"@type":"WebPage","@id":"https:\/\/www.mpppst.gob.ve\/mpppstweb\/index.php\/2016\/03\/07\/inces-inicia-plan-de-formacion-en-todo-el-pais-2\/","url":"https:\/\/www.mpppst.gob.ve\/mpppstweb\/index.php\/2016\/03\/07\/inces-inicia-plan-de-formacion-en-todo-el-pais-2\/","name":"INCES inicia plan de formaci\u00f3n en todo el pa\u00eds - MPPPST","isPartOf":{"@id":"https:\/\/www.mpppst.gob.ve\/mpppstweb\/#website"},"primaryImageOfPage":{"@id":"https:\/\/www.mpppst.gob.ve\/mpppstweb\/index.php\/2016\/03\/07\/inces-inicia-plan-de-formacion-en-todo-el-pais-2\/#primaryimage"},"image":{"@id":"https:\/\/www.mpppst.gob.ve\/mpppstweb\/index.php\/2016\/03\/07\/inces-inicia-plan-de-formacion-en-todo-el-pais-2\/#primaryimage"},"thumbnailUrl":"https:\/\/www.mpppst.gob.ve\/mpppstweb\/wp-content\/uploads\/2016\/03\/Foto-Inces-Web.jpg","datePublished":"2016-03-07T15:57:34+00:00","dateModified":"2016-07-01T20:12:48+00:00","breadcrumb":{"@id":"https:\/\/www.mpppst.gob.ve\/mpppstweb\/index.php\/2016\/03\/07\/inces-inicia-plan-de-formacion-en-todo-el-pais-2\/#breadcrumb"},"inLanguage":"es","potentialAction":[{"@type":"ReadAction","target":["https:\/\/www.mpppst.gob.ve\/mpppstweb\/index.php\/2016\/03\/07\/inces-inicia-plan-de-formacion-en-todo-el-pais-2\/"]}]},{"@type":"ImageObject","inLanguage":"es","@id":"https:\/\/www.mpppst.gob.ve\/mpppstweb\/index.php\/2016\/03\/07\/inces-inicia-plan-de-formacion-en-todo-el-pais-2\/#primaryimage","url":"https:\/\/www.mpppst.gob.ve\/mpppstweb\/wp-content\/uploads\/2016\/03\/Foto-Inces-Web.jpg","contentUrl":"https:\/\/www.mpppst.gob.ve\/mpppstweb\/wp-content\/uploads\/2016\/03\/Foto-Inces-Web.jpg","width":640,"height":427},{"@type":"BreadcrumbList","@id":"https:\/\/www.mpppst.gob.ve\/mpppstweb\/index.php\/2016\/03\/07\/inces-inicia-plan-de-formacion-en-todo-el-pais-2\/#breadcrumb","itemListElement":[{"@type":"ListItem","position":1,"name":"Home","item":"https:\/\/www.mpppst.gob.ve\/mpppstweb\/"},{"@type":"ListItem","position":2,"name":"INCES inicia plan de formaci\u00f3n en todo el pa\u00eds"}]},{"@type":"WebSite","@id":"https:\/\/www.mpppst.gob.ve\/mpppstweb\/#website","url":"https:\/\/www.mpppst.gob.ve\/mpppstweb\/","name":"MPPPST","description":"Ministerio del Poder Popular para el Proceso Social de Trabajo","publisher":{"@id":"https:\/\/www.mpppst.gob.ve\/mpppstweb\/#organization"},"potentialAction":[{"@type":"SearchAction","target":{"@type":"EntryPoint","urlTemplate":"https:\/\/www.mpppst.gob.ve\/mpppstweb\/?s={search_term_string}"},"query-input":"required name=search_term_string"}],"inLanguage":"es"},{"@type":"Organization","@id":"https:\/\/www.mpppst.gob.ve\/mpppstweb\/#organization","name":"mpppst","url":"https:\/\/www.mpppst.gob.ve\/mpppstweb\/","logo":{"@type":"ImageObject","inLanguage":"es","@id":"https:\/\/www.mpppst.gob.ve\/mpppstweb\/#\/schema\/logo\/image\/","url":"https:\/\/www.mpppst.gob.ve\/mpppstweb\/wp-content\/uploads\/2025\/07\/cropped-cropped-g910.png","contentUrl":"https:\/\/www.mpppst.gob.ve\/mpppstweb\/wp-content\/uploads\/2025\/07\/cropped-cropped-g910.png","width":1080,"height":241,"caption":"mpppst"},"image":{"@id":"https:\/\/www.mpppst.gob.ve\/mpppstweb\/#\/schema\/logo\/image\/"}},{"@type":"Person","@id":"https:\/\/www.mpppst.gob.ve\/mpppstweb\/#\/schema\/person\/fc187ee8ead412bd4c9304b62f900ea4","name":"MPPPST Prensa","url":"https:\/\/www.mpppst.gob.ve\/mpppstweb\/index.php\/author\/prensa-mpppst\/"}]}},"_links":{"self":[{"href":"https:\/\/www.mpppst.gob.ve\/mpppstweb\/index.php\/wp-json\/wp\/v2\/posts\/4998"}],"collection":[{"href":"https:\/\/www.mpppst.gob.ve\/mpppstweb\/index.php\/wp-json\/wp\/v2\/posts"}],"about":[{"href":"https:\/\/www.mpppst.gob.ve\/mpppstweb\/index.php\/wp-json\/wp\/v2\/types\/post"}],"author":[{"embeddable":true,"href":"https:\/\/www.mpppst.gob.ve\/mpppstweb\/index.php\/wp-json\/wp\/v2\/users\/25"}],"replies":[{"embeddable":true,"href":"https:\/\/www.mpppst.gob.ve\/mpppstweb\/index.php\/wp-json\/wp\/v2\/comments?post=4998"}],"version-history":[{"count":1,"href":"https:\/\/www.mpppst.gob.ve\/mpppstweb\/index.php\/wp-json\/wp\/v2\/posts\/4998\/revisions"}],"predecessor-version":[{"id":7081,"href":"https:\/\/www.mpppst.gob.ve\/mpppstweb\/index.php\/wp-json\/wp\/v2\/posts\/4998\/revisions\/7081"}],"wp:featuredmedia":[{"embeddable":true,"href":"https:\/\/www.mpppst.gob.ve\/mpppstweb\/index.php\/wp-json\/wp\/v2\/media\/4999"}],"wp:attachment":[{"href":"https:\/\/www.mpppst.gob.ve\/mpppstweb\/index.php\/wp-json\/wp\/v2\/media?parent=4998"}],"wp:term":[{"taxonomy":"category","embeddable":true,"href":"https:\/\/www.mpppst.gob.ve\/mpppstweb\/index.php\/wp-json\/wp\/v2\/categories?post=4998"},{"taxonomy":"post_tag","embeddable":true,"href":"https:\/\/www.mpppst.gob.ve\/mpppstweb\/index.php\/wp-json\/wp\/v2\/tags?post=4998"}],"curies":[{"name":"wp","href":"https:\/\/api.w.org\/{rel}","templated":true}]}}