{"id":5003,"date":"2016-03-08T09:49:23","date_gmt":"2016-03-08T09:49:23","guid":{"rendered":"http:\/\/www.mpppst.gob.ve\/mpppstweb\/?p=5003"},"modified":"2016-07-01T20:14:15","modified_gmt":"2016-07-01T20:14:15","slug":"mas-de-400-mil-empleos-generaran-ejecucion-de-plan-de-obras-publicas-2016","status":"publish","type":"post","link":"https:\/\/www.mpppst.gob.ve\/mpppstweb\/index.php\/2016\/03\/08\/mas-de-400-mil-empleos-generaran-ejecucion-de-plan-de-obras-publicas-2016\/","title":{"rendered":"M\u00e1s de 400 mil empleos generar\u00e1n ejecuci\u00f3n de Plan de Obras P\u00fablicas 2016"},"content":{"rendered":"<p>Caracas, 07 de marzo de 2016 (Prensa Mppttop).- M\u00e1s de 400 mil nuevos puestos de empleo generar\u00e1 el Gobierno Bolivariano, en todo el pa\u00eds, en el marco de la activaci\u00f3n del Motor Construcci\u00f3n de la Econom\u00eda,\u00a0 gracias a la ejecuci\u00f3n del Plan de Transporte y Obras P\u00fablicas 2016,\u00a0en el cual\u00a0 invertir\u00e1 m\u00e1s de 126 mil 400 millones de bol\u00edvares.<\/p>\n<p>\u201cEl presidente Nicol\u00e1s Maduro ha hecho un gran esfuerzo para mantener la proyecci\u00f3n de todas estas obras p\u00fablicas y capitalizar todo lo que es la generaci\u00f3n de empleo a nivel nacional\u201d, afirm\u00f3\u00a0el titular del Ministerio del Poder Popular para Transporte\u00a0 y Obras P\u00fablicas (Mpptop), Luis Sauce, quien este lunes activ\u00f3 el Plan de Obras P\u00fablicas 2016 desde Plaza Venezuela, con el inicio de la tercera ampliaci\u00f3n\u00a0de la Autopista Francisco Fajardo, que incluye entre sus primeras acciones estudios de suelo, topograf\u00eda y\u00a0 detecci\u00f3n de servicios.<\/p>\n<p>Explic\u00f3 Sauce, quien estuvo acompa\u00f1ado por el diputado\u00a0Haiman El Troudi (miembro de la Comisi\u00f3n de Administraci\u00f3n y Servicios de la Asamblea Nacional) y del viceministro de Obras P\u00fablicas, Bernardo L\u00f3pes, que a lo largo de este a\u00f1o, el Gobierno Bolivariano llevar\u00e1 a cabo, a trav\u00e9s del Mpptop, la construcci\u00f3n de 34 soluciones viales, obras de envergadura y planes de mantenimiento preventivo\u00a0en todo el territorio nacional.<\/p>\n<p>Refiri\u00f3 que la tercera y \u00faltima etapa de la ampliaci\u00f3n de la Francisco Fajardo es la Soluci\u00f3n Vial m\u00e1s importante que se ejecutar\u00e1 en el Distrito Capital, pues abarcar\u00e1\u00a0 3,5 kil\u00f3metros desde el distribuidor Altamira hasta el Jard\u00edn Bot\u00e1nico, y prev\u00e9 la construcci\u00f3n de un nuevo distribuidor en Plaza Venezuela,\u00a0 adem\u00e1s de la sustituci\u00f3n del puente que actualmente comunica con la Universidad Central de Venezuela, por uno nuevo.<\/p>\n<p>\u201cYa en el 2014 hicimos una primera ampliaci\u00f3n de la Francisco Fajardo hacia el este de la ciudad, desde el distribuidor Santa Cecilia hasta el puente Petare, para concluir 4,8 kil\u00f3metros y descongestionar ese sector. En el 2015 se hizo una segunda ampliaci\u00f3n\u00a0 hacia el oeste, desde el puente Los Leones hasta Parque Central, donde se invirtieron m\u00e1s de dos millones 195 mil bol\u00edvares con siete kil\u00f3metros de ampliaci\u00f3n\u201d,\u00a0 record\u00f3 Luis Sauce.<\/p>\n<p>Con esta tercera ampliaci\u00f3n, la Francisco Fajardo contar\u00e1 con un total de 13,85 kil\u00f3metros de nueva vialidad que permitir\u00e1n que m\u00e1s de 535 mil conductores se ahorren diariamente hasta tres horas de recorrido.<\/p>\n<p>Igualmente, se impulsar\u00e1n nuevos distribuidores en los estados Aragua, Bol\u00edvar y Miranda, as\u00ed como una trinchera en la Troncal 10 del estado Monagas y el puente La Restinga, en Nueva Esparta, entre otras soluciones viales.<\/p>\n<p>El titular de Transporte y Obras P\u00fablicas a\u00f1adi\u00f3 que ser\u00e1n fortalecidos\u00a0los\u00a0planes de mantenimiento preventivo en todas las autopistas y puentes del pa\u00eds, as\u00ed como el desarrollo de las fiestas del asfalto, limpiezas y rehabilitaciones a diferentes estructuras viales.<\/p>\n<p><strong>M\u00e1s sistemas y rutas terrestres con avances en acu\u00e1tico y a\u00e9reo<\/strong><\/p>\n<p>En materia de movilizaci\u00f3n, el ministro Sauce detall\u00f3 que este a\u00f1o se incorporar\u00e1n tres nuevos sistemas de transporte masivo tipo BTR (Buses de Tr\u00e1nsito R\u00e1pido) en los estados Vargas, Barinas y Monagas, para llegar a un total de 10 BTR en todo el territorio nacional.<\/p>\n<p>\u201cYa tenemos un grupo de compa\u00f1eros haciendo todos los planes de dise\u00f1o, operaci\u00f3n y mantenimiento de cada uno de estos nuevos sistemas de transporte para darle inicio este 2016\u201d, enfatiz\u00f3.<\/p>\n<p>A\u00f1adi\u00f3 que durante este a\u00f1o se crear\u00e1n 81 nuevas rutas de transporte en diversos estados del pa\u00eds \u201cgracias a las reuniones que hemos tenido con el pueblo organizado para verificar la oferta y la demanda en las poblaciones de mayor demanda\u201d.<\/p>\n<p>Sauce\u00a0 resalt\u00f3 que la incorporaci\u00f3n de estas nuevas rutas es posible gracias a\u00a0 la Planta de Autobuses Yutong Venezuela (parte del Motor Industria de la Econom\u00eda), con cuya producci\u00f3n ser\u00e1n dotadas. Tambi\u00e9n record\u00f3 que ya se cuenta con un importante n\u00famero de centros para el mantenimiento ordinario y especial de las unidades de transporte.<\/p>\n<p>El titular del Mpptop adelant\u00f3 que para este a\u00f1o tambi\u00e9n se prev\u00e9 culminar la construcci\u00f3n del terminal para Ferrys de Puerto La Cruz, estado Anzo\u00e1tegui, as\u00ed como rehabilitar las pistas de los aeropuertos de Canaima, Maiquet\u00eda, Matur\u00edn, Lara y T\u00e1chira.<\/p>\n<p><strong>Decreto de Emergencia Econ\u00f3mica\u00a0lo hace posible<\/strong><\/p>\n<p>Durante su intervenci\u00f3n, el diputado Haiman El Troudi, quien es miembro de la Comisi\u00f3n Permanente de Administraci\u00f3n y Servicios de la Asamblea Nacional, destac\u00f3 que el conjunto de obras p\u00fablicas que este a\u00f1o se ejecutar\u00e1n en Venezuela, es posible gracias al Decreto de Emergencia Econ\u00f3mica aprobado por el presidente Nicol\u00e1s Maduro (rechazado por la oposici\u00f3n de la AN), para continuar mejorando la calidad de vida de los venezolanos en tiempos de guerra econ\u00f3mica.<\/p>\n<p>\u201cEsta apuesta estrat\u00e9gica de generar empleo tiene que ser bien recibida por todos los venezolanos de buena voluntad. Hoy estamos desplegando este Plan de Obras P\u00fablicas para generar 400 mil empleos gracias a que fue posible que el Decreto de Emergencia del presidente Maduro entrara en vigor\u201d, dijo El Troudi.<\/p>\n<p>Indic\u00f3 que ya se est\u00e1n realizando los dise\u00f1os conceptuales para las obras viales en Caracas de los pr\u00f3ximos a\u00f1os, entre las destacan la conexi\u00f3n entre la autopista Francisco Fajardo con la avenida R\u00edo de Janeiro, la cual se prev\u00e9 est\u00e9 conformada por una trinchera que atravesar\u00e1 la zona de La Carlota; y la ampliaci\u00f3n de la autopista Prados del Este.<\/p>\n<p>\u201cEn revoluci\u00f3n y en socialismo nuestra premisa fundamental es la planificaci\u00f3n, y ya estamos elaborando la ingenier\u00eda conceptual para estos proyectos estructurantes de Caracas. Este es el empe\u00f1o y la determinaci\u00f3n del presidente Nicol\u00e1s Maduro de seguir liberando a Caracas de los cuellos de botella que tanto nos agobian y nos afectan\u201d, subray\u00f3 el diputado del Bloque de la Patria.<\/p>\n<p><strong>Ajuste del pasaje se har\u00e1 de acuerdo con transportistas y usuarios<\/strong><\/p>\n<p>El ministro Luis Sauce fue consultado sobre el aumento arbitrario y desmedido de las tarifas del transporte p\u00fablico en el municipio Baruta del estado Miranda, a lo que respondi\u00f3 que a\u00fan no ha sido aprobado incremento alguno.<\/p>\n<p>Refiri\u00f3 que la Ley de Transporte Terrestre contempla ajustes tarifarios durante el primer trimestre de cada a\u00f1o, raz\u00f3n por la cual se han venido haciendo los contactos correspondientes entre todos\u00a0 los sectores involucrados.<\/p>\n<p>\u201cEstamos pr\u00f3ximos a dar este anuncio, incluso ya hemos conversado con el propio presidente Nicol\u00e1s Maduro, y ya estamos llegando a los acuerdos correspondientes con todo el sector transportista y los propios usuarios\u201d, destac\u00f3.<\/p>\n<p>Sauce enfatiz\u00f3 que el incremento del precio de la gasolina no incide en el ajuste al pasaje de transporte.<\/p>\n<p>\u201cLos propios transportistas ya han hecho los anuncios correspondientes a los medios de comunicaci\u00f3n donde dec\u00edan que el impacto de la gasolina no afecta el tema de las tarifas, de hecho todos los a\u00f1os se realiza un ajuste a las tarifas\u201d, concluy\u00f3.<\/p>\n<p>&nbsp;<\/p>\n","protected":false},"excerpt":{"rendered":"<p>En el marco de la activaci\u00f3n del Motor Construcci\u00f3n de la Econom\u00eda,  gracias a la ejecuci\u00f3n del Plan de Transporte y Obras P\u00fablicas 2016.<\/p>\n","protected":false},"author":25,"featured_media":5004,"comment_status":"closed","ping_status":"closed","sticky":false,"template":"","format":"standard","meta":{"footnotes":""},"categories":[82],"tags":[],"yoast_head":"<!-- This site is optimized with the Yoast SEO plugin v22.5 - https:\/\/yoast.com\/wordpress\/plugins\/seo\/ -->\n<title>M\u00e1s de 400 mil empleos generar\u00e1n ejecuci\u00f3n de Plan de Obras P\u00fablicas 2016 - MPPPST<\/title>\n<meta name=\"robots\" content=\"index, follow, max-snippet:-1, max-image-preview:large, max-video-preview:-1\" \/>\n<link rel=\"canonical\" href=\"https:\/\/www.mpppst.gob.ve\/mpppstweb\/index.php\/2016\/03\/08\/mas-de-400-mil-empleos-generaran-ejecucion-de-plan-de-obras-publicas-2016\/\" \/>\n<meta property=\"og:locale\" content=\"es_ES\" \/>\n<meta property=\"og:type\" content=\"article\" \/>\n<meta property=\"og:title\" content=\"M\u00e1s de 400 mil empleos generar\u00e1n ejecuci\u00f3n de Plan de Obras P\u00fablicas 2016 - MPPPST\" \/>\n<meta property=\"og:description\" content=\"En el marco de la activaci\u00f3n del Motor Construcci\u00f3n de la Econom\u00eda, gracias a la ejecuci\u00f3n del Plan de Transporte y Obras P\u00fablicas 2016.\" \/>\n<meta property=\"og:url\" content=\"https:\/\/www.mpppst.gob.ve\/mpppstweb\/index.php\/2016\/03\/08\/mas-de-400-mil-empleos-generaran-ejecucion-de-plan-de-obras-publicas-2016\/\" \/>\n<meta property=\"og:site_name\" content=\"MPPPST\" \/>\n<meta property=\"article:published_time\" content=\"2016-03-08T09:49:23+00:00\" \/>\n<meta property=\"article:modified_time\" content=\"2016-07-01T20:14:15+00:00\" \/>\n<meta name=\"author\" content=\"MPPPST Prensa\" \/>\n<meta name=\"twitter:card\" content=\"summary_large_image\" \/>\n<meta name=\"twitter:label1\" content=\"Escrito por\" \/>\n\t<meta name=\"twitter:data1\" content=\"MPPPST Prensa\" \/>\n\t<meta name=\"twitter:label2\" content=\"Tiempo de lectura\" \/>\n\t<meta name=\"twitter:data2\" content=\"6 minutos\" \/>\n<script type=\"application\/ld+json\" class=\"yoast-schema-graph\">{\"@context\":\"https:\/\/schema.org\",\"@graph\":[{\"@type\":\"Article\",\"@id\":\"https:\/\/www.mpppst.gob.ve\/mpppstweb\/index.php\/2016\/03\/08\/mas-de-400-mil-empleos-generaran-ejecucion-de-plan-de-obras-publicas-2016\/#article\",\"isPartOf\":{\"@id\":\"https:\/\/www.mpppst.gob.ve\/mpppstweb\/index.php\/2016\/03\/08\/mas-de-400-mil-empleos-generaran-ejecucion-de-plan-de-obras-publicas-2016\/\"},\"author\":{\"name\":\"MPPPST Prensa\",\"@id\":\"https:\/\/www.mpppst.gob.ve\/mpppstweb\/#\/schema\/person\/fc187ee8ead412bd4c9304b62f900ea4\"},\"headline\":\"M\u00e1s de 400 mil empleos generar\u00e1n ejecuci\u00f3n de Plan de Obras P\u00fablicas 2016\",\"datePublished\":\"2016-03-08T09:49:23+00:00\",\"dateModified\":\"2016-07-01T20:14:15+00:00\",\"mainEntityOfPage\":{\"@id\":\"https:\/\/www.mpppst.gob.ve\/mpppstweb\/index.php\/2016\/03\/08\/mas-de-400-mil-empleos-generaran-ejecucion-de-plan-de-obras-publicas-2016\/\"},\"wordCount\":1220,\"publisher\":{\"@id\":\"https:\/\/www.mpppst.gob.ve\/mpppstweb\/#organization\"},\"image\":{\"@id\":\"https:\/\/www.mpppst.gob.ve\/mpppstweb\/index.php\/2016\/03\/08\/mas-de-400-mil-empleos-generaran-ejecucion-de-plan-de-obras-publicas-2016\/#primaryimage\"},\"thumbnailUrl\":\"\",\"articleSection\":[\"Gobierno Nacional\"],\"inLanguage\":\"es\"},{\"@type\":\"WebPage\",\"@id\":\"https:\/\/www.mpppst.gob.ve\/mpppstweb\/index.php\/2016\/03\/08\/mas-de-400-mil-empleos-generaran-ejecucion-de-plan-de-obras-publicas-2016\/\",\"url\":\"https:\/\/www.mpppst.gob.ve\/mpppstweb\/index.php\/2016\/03\/08\/mas-de-400-mil-empleos-generaran-ejecucion-de-plan-de-obras-publicas-2016\/\",\"name\":\"M\u00e1s de 400 mil empleos generar\u00e1n ejecuci\u00f3n de Plan de Obras P\u00fablicas 2016 - MPPPST\",\"isPartOf\":{\"@id\":\"https:\/\/www.mpppst.gob.ve\/mpppstweb\/#website\"},\"primaryImageOfPage\":{\"@id\":\"https:\/\/www.mpppst.gob.ve\/mpppstweb\/index.php\/2016\/03\/08\/mas-de-400-mil-empleos-generaran-ejecucion-de-plan-de-obras-publicas-2016\/#primaryimage\"},\"image\":{\"@id\":\"https:\/\/www.mpppst.gob.ve\/mpppstweb\/index.php\/2016\/03\/08\/mas-de-400-mil-empleos-generaran-ejecucion-de-plan-de-obras-publicas-2016\/#primaryimage\"},\"thumbnailUrl\":\"\",\"datePublished\":\"2016-03-08T09:49:23+00:00\",\"dateModified\":\"2016-07-01T20:14:15+00:00\",\"breadcrumb\":{\"@id\":\"https:\/\/www.mpppst.gob.ve\/mpppstweb\/index.php\/2016\/03\/08\/mas-de-400-mil-empleos-generaran-ejecucion-de-plan-de-obras-publicas-2016\/#breadcrumb\"},\"inLanguage\":\"es\",\"potentialAction\":[{\"@type\":\"ReadAction\",\"target\":[\"https:\/\/www.mpppst.gob.ve\/mpppstweb\/index.php\/2016\/03\/08\/mas-de-400-mil-empleos-generaran-ejecucion-de-plan-de-obras-publicas-2016\/\"]}]},{\"@type\":\"ImageObject\",\"inLanguage\":\"es\",\"@id\":\"https:\/\/www.mpppst.gob.ve\/mpppstweb\/index.php\/2016\/03\/08\/mas-de-400-mil-empleos-generaran-ejecucion-de-plan-de-obras-publicas-2016\/#primaryimage\",\"url\":\"\",\"contentUrl\":\"\"},{\"@type\":\"BreadcrumbList\",\"@id\":\"https:\/\/www.mpppst.gob.ve\/mpppstweb\/index.php\/2016\/03\/08\/mas-de-400-mil-empleos-generaran-ejecucion-de-plan-de-obras-publicas-2016\/#breadcrumb\",\"itemListElement\":[{\"@type\":\"ListItem\",\"position\":1,\"name\":\"Home\",\"item\":\"https:\/\/www.mpppst.gob.ve\/mpppstweb\/\"},{\"@type\":\"ListItem\",\"position\":2,\"name\":\"M\u00e1s de 400 mil empleos generar\u00e1n ejecuci\u00f3n de Plan de Obras P\u00fablicas 2016\"}]},{\"@type\":\"WebSite\",\"@id\":\"https:\/\/www.mpppst.gob.ve\/mpppstweb\/#website\",\"url\":\"https:\/\/www.mpppst.gob.ve\/mpppstweb\/\",\"name\":\"MPPPST\",\"description\":\"Ministerio del Poder Popular para el Proceso Social de Trabajo\",\"publisher\":{\"@id\":\"https:\/\/www.mpppst.gob.ve\/mpppstweb\/#organization\"},\"potentialAction\":[{\"@type\":\"SearchAction\",\"target\":{\"@type\":\"EntryPoint\",\"urlTemplate\":\"https:\/\/www.mpppst.gob.ve\/mpppstweb\/?s={search_term_string}\"},\"query-input\":\"required name=search_term_string\"}],\"inLanguage\":\"es\"},{\"@type\":\"Organization\",\"@id\":\"https:\/\/www.mpppst.gob.ve\/mpppstweb\/#organization\",\"name\":\"mpppst\",\"url\":\"https:\/\/www.mpppst.gob.ve\/mpppstweb\/\",\"logo\":{\"@type\":\"ImageObject\",\"inLanguage\":\"es\",\"@id\":\"https:\/\/www.mpppst.gob.ve\/mpppstweb\/#\/schema\/logo\/image\/\",\"url\":\"https:\/\/www.mpppst.gob.ve\/mpppstweb\/wp-content\/uploads\/2025\/07\/cropped-cropped-g910.png\",\"contentUrl\":\"https:\/\/www.mpppst.gob.ve\/mpppstweb\/wp-content\/uploads\/2025\/07\/cropped-cropped-g910.png\",\"width\":1080,\"height\":241,\"caption\":\"mpppst\"},\"image\":{\"@id\":\"https:\/\/www.mpppst.gob.ve\/mpppstweb\/#\/schema\/logo\/image\/\"}},{\"@type\":\"Person\",\"@id\":\"https:\/\/www.mpppst.gob.ve\/mpppstweb\/#\/schema\/person\/fc187ee8ead412bd4c9304b62f900ea4\",\"name\":\"MPPPST Prensa\",\"url\":\"https:\/\/www.mpppst.gob.ve\/mpppstweb\/index.php\/author\/prensa-mpppst\/\"}]}<\/script>\n<!-- \/ Yoast SEO plugin. -->","yoast_head_json":{"title":"M\u00e1s de 400 mil empleos generar\u00e1n ejecuci\u00f3n de Plan de Obras P\u00fablicas 2016 - MPPPST","robots":{"index":"index","follow":"follow","max-snippet":"max-snippet:-1","max-image-preview":"max-image-preview:large","max-video-preview":"max-video-preview:-1"},"canonical":"https:\/\/www.mpppst.gob.ve\/mpppstweb\/index.php\/2016\/03\/08\/mas-de-400-mil-empleos-generaran-ejecucion-de-plan-de-obras-publicas-2016\/","og_locale":"es_ES","og_type":"article","og_title":"M\u00e1s de 400 mil empleos generar\u00e1n ejecuci\u00f3n de Plan de Obras P\u00fablicas 2016 - MPPPST","og_description":"En el marco de la activaci\u00f3n del Motor Construcci\u00f3n de la Econom\u00eda, gracias a la ejecuci\u00f3n del Plan de Transporte y Obras P\u00fablicas 2016.","og_url":"https:\/\/www.mpppst.gob.ve\/mpppstweb\/index.php\/2016\/03\/08\/mas-de-400-mil-empleos-generaran-ejecucion-de-plan-de-obras-publicas-2016\/","og_site_name":"MPPPST","article_published_time":"2016-03-08T09:49:23+00:00","article_modified_time":"2016-07-01T20:14:15+00:00","author":"MPPPST Prensa","twitter_card":"summary_large_image","twitter_misc":{"Escrito por":"MPPPST Prensa","Tiempo de lectura":"6 minutos"},"schema":{"@context":"https:\/\/schema.org","@graph":[{"@type":"Article","@id":"https:\/\/www.mpppst.gob.ve\/mpppstweb\/index.php\/2016\/03\/08\/mas-de-400-mil-empleos-generaran-ejecucion-de-plan-de-obras-publicas-2016\/#article","isPartOf":{"@id":"https:\/\/www.mpppst.gob.ve\/mpppstweb\/index.php\/2016\/03\/08\/mas-de-400-mil-empleos-generaran-ejecucion-de-plan-de-obras-publicas-2016\/"},"author":{"name":"MPPPST Prensa","@id":"https:\/\/www.mpppst.gob.ve\/mpppstweb\/#\/schema\/person\/fc187ee8ead412bd4c9304b62f900ea4"},"headline":"M\u00e1s de 400 mil empleos generar\u00e1n ejecuci\u00f3n de Plan de Obras P\u00fablicas 2016","datePublished":"2016-03-08T09:49:23+00:00","dateModified":"2016-07-01T20:14:15+00:00","mainEntityOfPage":{"@id":"https:\/\/www.mpppst.gob.ve\/mpppstweb\/index.php\/2016\/03\/08\/mas-de-400-mil-empleos-generaran-ejecucion-de-plan-de-obras-publicas-2016\/"},"wordCount":1220,"publisher":{"@id":"https:\/\/www.mpppst.gob.ve\/mpppstweb\/#organization"},"image":{"@id":"https:\/\/www.mpppst.gob.ve\/mpppstweb\/index.php\/2016\/03\/08\/mas-de-400-mil-empleos-generaran-ejecucion-de-plan-de-obras-publicas-2016\/#primaryimage"},"thumbnailUrl":"","articleSection":["Gobierno Nacional"],"inLanguage":"es"},{"@type":"WebPage","@id":"https:\/\/www.mpppst.gob.ve\/mpppstweb\/index.php\/2016\/03\/08\/mas-de-400-mil-empleos-generaran-ejecucion-de-plan-de-obras-publicas-2016\/","url":"https:\/\/www.mpppst.gob.ve\/mpppstweb\/index.php\/2016\/03\/08\/mas-de-400-mil-empleos-generaran-ejecucion-de-plan-de-obras-publicas-2016\/","name":"M\u00e1s de 400 mil empleos generar\u00e1n ejecuci\u00f3n de Plan de Obras P\u00fablicas 2016 - MPPPST","isPartOf":{"@id":"https:\/\/www.mpppst.gob.ve\/mpppstweb\/#website"},"primaryImageOfPage":{"@id":"https:\/\/www.mpppst.gob.ve\/mpppstweb\/index.php\/2016\/03\/08\/mas-de-400-mil-empleos-generaran-ejecucion-de-plan-de-obras-publicas-2016\/#primaryimage"},"image":{"@id":"https:\/\/www.mpppst.gob.ve\/mpppstweb\/index.php\/2016\/03\/08\/mas-de-400-mil-empleos-generaran-ejecucion-de-plan-de-obras-publicas-2016\/#primaryimage"},"thumbnailUrl":"","datePublished":"2016-03-08T09:49:23+00:00","dateModified":"2016-07-01T20:14:15+00:00","breadcrumb":{"@id":"https:\/\/www.mpppst.gob.ve\/mpppstweb\/index.php\/2016\/03\/08\/mas-de-400-mil-empleos-generaran-ejecucion-de-plan-de-obras-publicas-2016\/#breadcrumb"},"inLanguage":"es","potentialAction":[{"@type":"ReadAction","target":["https:\/\/www.mpppst.gob.ve\/mpppstweb\/index.php\/2016\/03\/08\/mas-de-400-mil-empleos-generaran-ejecucion-de-plan-de-obras-publicas-2016\/"]}]},{"@type":"ImageObject","inLanguage":"es","@id":"https:\/\/www.mpppst.gob.ve\/mpppstweb\/index.php\/2016\/03\/08\/mas-de-400-mil-empleos-generaran-ejecucion-de-plan-de-obras-publicas-2016\/#primaryimage","url":"","contentUrl":""},{"@type":"BreadcrumbList","@id":"https:\/\/www.mpppst.gob.ve\/mpppstweb\/index.php\/2016\/03\/08\/mas-de-400-mil-empleos-generaran-ejecucion-de-plan-de-obras-publicas-2016\/#breadcrumb","itemListElement":[{"@type":"ListItem","position":1,"name":"Home","item":"https:\/\/www.mpppst.gob.ve\/mpppstweb\/"},{"@type":"ListItem","position":2,"name":"M\u00e1s de 400 mil empleos generar\u00e1n ejecuci\u00f3n de Plan de Obras P\u00fablicas 2016"}]},{"@type":"WebSite","@id":"https:\/\/www.mpppst.gob.ve\/mpppstweb\/#website","url":"https:\/\/www.mpppst.gob.ve\/mpppstweb\/","name":"MPPPST","description":"Ministerio del Poder Popular para el Proceso Social de Trabajo","publisher":{"@id":"https:\/\/www.mpppst.gob.ve\/mpppstweb\/#organization"},"potentialAction":[{"@type":"SearchAction","target":{"@type":"EntryPoint","urlTemplate":"https:\/\/www.mpppst.gob.ve\/mpppstweb\/?s={search_term_string}"},"query-input":"required name=search_term_string"}],"inLanguage":"es"},{"@type":"Organization","@id":"https:\/\/www.mpppst.gob.ve\/mpppstweb\/#organization","name":"mpppst","url":"https:\/\/www.mpppst.gob.ve\/mpppstweb\/","logo":{"@type":"ImageObject","inLanguage":"es","@id":"https:\/\/www.mpppst.gob.ve\/mpppstweb\/#\/schema\/logo\/image\/","url":"https:\/\/www.mpppst.gob.ve\/mpppstweb\/wp-content\/uploads\/2025\/07\/cropped-cropped-g910.png","contentUrl":"https:\/\/www.mpppst.gob.ve\/mpppstweb\/wp-content\/uploads\/2025\/07\/cropped-cropped-g910.png","width":1080,"height":241,"caption":"mpppst"},"image":{"@id":"https:\/\/www.mpppst.gob.ve\/mpppstweb\/#\/schema\/logo\/image\/"}},{"@type":"Person","@id":"https:\/\/www.mpppst.gob.ve\/mpppstweb\/#\/schema\/person\/fc187ee8ead412bd4c9304b62f900ea4","name":"MPPPST Prensa","url":"https:\/\/www.mpppst.gob.ve\/mpppstweb\/index.php\/author\/prensa-mpppst\/"}]}},"_links":{"self":[{"href":"https:\/\/www.mpppst.gob.ve\/mpppstweb\/index.php\/wp-json\/wp\/v2\/posts\/5003"}],"collection":[{"href":"https:\/\/www.mpppst.gob.ve\/mpppstweb\/index.php\/wp-json\/wp\/v2\/posts"}],"about":[{"href":"https:\/\/www.mpppst.gob.ve\/mpppstweb\/index.php\/wp-json\/wp\/v2\/types\/post"}],"author":[{"embeddable":true,"href":"https:\/\/www.mpppst.gob.ve\/mpppstweb\/index.php\/wp-json\/wp\/v2\/users\/25"}],"replies":[{"embeddable":true,"href":"https:\/\/www.mpppst.gob.ve\/mpppstweb\/index.php\/wp-json\/wp\/v2\/comments?post=5003"}],"version-history":[{"count":1,"href":"https:\/\/www.mpppst.gob.ve\/mpppstweb\/index.php\/wp-json\/wp\/v2\/posts\/5003\/revisions"}],"predecessor-version":[{"id":7065,"href":"https:\/\/www.mpppst.gob.ve\/mpppstweb\/index.php\/wp-json\/wp\/v2\/posts\/5003\/revisions\/7065"}],"wp:featuredmedia":[{"embeddable":true,"href":"https:\/\/www.mpppst.gob.ve\/mpppstweb\/index.php\/wp-json\/"}],"wp:attachment":[{"href":"https:\/\/www.mpppst.gob.ve\/mpppstweb\/index.php\/wp-json\/wp\/v2\/media?parent=5003"}],"wp:term":[{"taxonomy":"category","embeddable":true,"href":"https:\/\/www.mpppst.gob.ve\/mpppstweb\/index.php\/wp-json\/wp\/v2\/categories?post=5003"},{"taxonomy":"post_tag","embeddable":true,"href":"https:\/\/www.mpppst.gob.ve\/mpppstweb\/index.php\/wp-json\/wp\/v2\/tags?post=5003"}],"curies":[{"name":"wp","href":"https:\/\/api.w.org\/{rel}","templated":true}]}}