{"id":5014,"date":"2016-03-09T09:14:15","date_gmt":"2016-03-09T09:14:15","guid":{"rendered":"http:\/\/www.mpppst.gob.ve\/mpppstweb\/?p=5014"},"modified":"2016-07-04T12:17:26","modified_gmt":"2016-07-04T12:17:26","slug":"mujeres-celebran-sus-conquistas-en-revolucion-2","status":"publish","type":"post","link":"https:\/\/www.mpppst.gob.ve\/mpppstweb\/index.php\/2016\/03\/09\/mujeres-celebran-sus-conquistas-en-revolucion-2\/","title":{"rendered":"Mujeres celebran sus conquistas en revoluci\u00f3n"},"content":{"rendered":"<p style=\"text-align: justify;\">Caracas, 8 de marzo (MPPPST). Las mujeres revolucionaras participaron en una masiva marcha, en conmemoraci\u00f3n del D\u00eda Internacional de la Mujer. La misma parti\u00f3 desde la Plaza Morelos en Bellas Artes hasta Miraflores. Las f\u00e9minas manifestaron su apoyo al gobierno nacional y las reivindicaciones que han tenido en revoluci\u00f3n.<\/p>\n<p style=\"text-align: justify;\">Las revolucionarias tambi\u00e9n celebraron la defensa de sus derechos, as\u00ed como la inclusi\u00f3n, la visibilizaci\u00f3n y la igualdad de g\u00e9nero que se ha promovido y conquistado con el proceso revolucionario desde el a\u00f1o 1999.<\/p>\n<p style=\"text-align: justify;\">Aida D\u00edaz, miembro de la Misi\u00f3n Madres del Barrio, resalt\u00f3 que esta movilizaci\u00f3n demuestra el apoyo irrestricto de las mujeres venezolanas a la Revoluci\u00f3n Bolivariana y al comandante Hugo Ch\u00e1vez, quien le dio un protagonismo importante a las mujeres del pa\u00eds.<\/p>\n<p style=\"text-align: justify;\">\u201cGracias a Dios tuvimos un presidente como Hugo Ch\u00e1vez Fr\u00edas que se encarg\u00f3 de dignificar a la mujer venezolana y darnos un rol importante en esta revoluci\u00f3n. Esta concentraci\u00f3n es una muestra de apoyo a todas las reivindicaciones que hemos tenido en estos a\u00f1os de revoluci\u00f3n\u201d, puntualiz\u00f3 D\u00edaz.<\/p>\n<p style=\"text-align: justify;\">Por su parte, Gabriela Linares presidenta de un Centro de Atenci\u00f3n a la Mujer y a la Familia en Maracaibo, estado Zulia, destac\u00f3 que el comandante Hugo Ch\u00e1vez fue el \u00fanico presidente en el mundo que les dio m\u00e1s participaci\u00f3n en los poderes p\u00fablicos a las mujeres. \u201cEn Revoluci\u00f3n hemos visto c\u00f3mo mujeres han ocupado cargos importantes en los poderes p\u00fablicos, por ejemplo tenemos la primera Ministra de la Defensa, la almirante Carmen Mel\u00e9ndez. Adem\u00e1s, todos los ministerios e instituciones p\u00fablicas del Estado est\u00e1n comandados por mujeres\u201d.<\/p>\n<p style=\"text-align: justify;\">Linares sostuvo que el comandante Ch\u00e1vez dej\u00f3 un legado de lucha que ahora m\u00e1s que nunca hay que defender, \u201cLas mujeres venezolanas debemos seguir en pie de lucha en este momento que estamos viviendo, tal como nos ense\u00f1\u00f3 el comandante Hugo Ch\u00e1vez qui\u00e9n venci\u00f3 tantas adversidades junto a su pueblo\u00bb.<\/p>\n<p style=\"text-align: justify;\">Mayra Ram\u00edrez, quien pertenece al movimiento social Amas de Casa de Caracas, resalt\u00f3 que en revoluci\u00f3n se han alcanzado conquistas que nunca existieron en la Cuarta Rep\u00fablica. \u201cHoy en d\u00eda tenemos un Ministerio para la Igualdad de G\u00e9nero, algo que jam\u00e1s ser\u00eda pensado en tiempos de Cuarta Rep\u00fablica. Esta es una revoluci\u00f3n netamente feminista y as\u00ed lo demuestran todas las pol\u00edticas implementadas en este proceso revolucionario\u201d.<\/p>\n<p style=\"text-align: justify;\">Redacci\u00f3n: Carlos Palacios<\/p>\n<p style=\"text-align: justify;\">Fotograf\u00eda: Dellys Landaeta<\/p>\n","protected":false},"excerpt":{"rendered":"<p>Las mujeres revolucionaras participaron en una masiva marcha, en conmemoraci\u00f3n del D\u00eda Internacional de la Mujer.<\/p>\n","protected":false},"author":25,"featured_media":5015,"comment_status":"closed","ping_status":"closed","sticky":false,"template":"","format":"standard","meta":{"footnotes":""},"categories":[83],"tags":[],"yoast_head":"<!-- This site is optimized with the Yoast SEO plugin v22.5 - https:\/\/yoast.com\/wordpress\/plugins\/seo\/ -->\n<title>Mujeres celebran sus conquistas en revoluci\u00f3n - MPPPST<\/title>\n<meta name=\"robots\" content=\"index, follow, max-snippet:-1, max-image-preview:large, max-video-preview:-1\" \/>\n<link rel=\"canonical\" href=\"https:\/\/www.mpppst.gob.ve\/mpppstweb\/index.php\/2016\/03\/09\/mujeres-celebran-sus-conquistas-en-revolucion-2\/\" \/>\n<meta property=\"og:locale\" content=\"es_ES\" \/>\n<meta property=\"og:type\" content=\"article\" \/>\n<meta property=\"og:title\" content=\"Mujeres celebran sus conquistas en revoluci\u00f3n - MPPPST\" \/>\n<meta property=\"og:description\" content=\"Las mujeres revolucionaras participaron en una masiva marcha, en conmemoraci\u00f3n del D\u00eda Internacional de la Mujer.\" \/>\n<meta property=\"og:url\" content=\"https:\/\/www.mpppst.gob.ve\/mpppstweb\/index.php\/2016\/03\/09\/mujeres-celebran-sus-conquistas-en-revolucion-2\/\" \/>\n<meta property=\"og:site_name\" content=\"MPPPST\" \/>\n<meta property=\"article:published_time\" content=\"2016-03-09T09:14:15+00:00\" \/>\n<meta property=\"article:modified_time\" content=\"2016-07-04T12:17:26+00:00\" \/>\n<meta property=\"og:image\" content=\"https:\/\/www.mpppst.gob.ve\/mpppstweb\/wp-content\/uploads\/2016\/03\/Imagen-012.jpg\" \/>\n\t<meta property=\"og:image:width\" content=\"552\" \/>\n\t<meta property=\"og:image:height\" content=\"370\" \/>\n\t<meta property=\"og:image:type\" content=\"image\/jpeg\" \/>\n<meta name=\"author\" content=\"MPPPST Prensa\" \/>\n<meta name=\"twitter:card\" content=\"summary_large_image\" \/>\n<meta name=\"twitter:label1\" content=\"Escrito por\" \/>\n\t<meta name=\"twitter:data1\" content=\"MPPPST Prensa\" \/>\n\t<meta name=\"twitter:label2\" content=\"Tiempo de lectura\" \/>\n\t<meta name=\"twitter:data2\" content=\"2 minutos\" \/>\n<script type=\"application\/ld+json\" class=\"yoast-schema-graph\">{\"@context\":\"https:\/\/schema.org\",\"@graph\":[{\"@type\":\"Article\",\"@id\":\"https:\/\/www.mpppst.gob.ve\/mpppstweb\/index.php\/2016\/03\/09\/mujeres-celebran-sus-conquistas-en-revolucion-2\/#article\",\"isPartOf\":{\"@id\":\"https:\/\/www.mpppst.gob.ve\/mpppstweb\/index.php\/2016\/03\/09\/mujeres-celebran-sus-conquistas-en-revolucion-2\/\"},\"author\":{\"name\":\"MPPPST Prensa\",\"@id\":\"https:\/\/www.mpppst.gob.ve\/mpppstweb\/#\/schema\/person\/fc187ee8ead412bd4c9304b62f900ea4\"},\"headline\":\"Mujeres celebran sus conquistas en revoluci\u00f3n\",\"datePublished\":\"2016-03-09T09:14:15+00:00\",\"dateModified\":\"2016-07-04T12:17:26+00:00\",\"mainEntityOfPage\":{\"@id\":\"https:\/\/www.mpppst.gob.ve\/mpppstweb\/index.php\/2016\/03\/09\/mujeres-celebran-sus-conquistas-en-revolucion-2\/\"},\"wordCount\":436,\"publisher\":{\"@id\":\"https:\/\/www.mpppst.gob.ve\/mpppstweb\/#organization\"},\"image\":{\"@id\":\"https:\/\/www.mpppst.gob.ve\/mpppstweb\/index.php\/2016\/03\/09\/mujeres-celebran-sus-conquistas-en-revolucion-2\/#primaryimage\"},\"thumbnailUrl\":\"https:\/\/www.mpppst.gob.ve\/mpppstweb\/wp-content\/uploads\/2016\/03\/Imagen-012.jpg\",\"articleSection\":[\"Ministerio\"],\"inLanguage\":\"es\"},{\"@type\":\"WebPage\",\"@id\":\"https:\/\/www.mpppst.gob.ve\/mpppstweb\/index.php\/2016\/03\/09\/mujeres-celebran-sus-conquistas-en-revolucion-2\/\",\"url\":\"https:\/\/www.mpppst.gob.ve\/mpppstweb\/index.php\/2016\/03\/09\/mujeres-celebran-sus-conquistas-en-revolucion-2\/\",\"name\":\"Mujeres celebran sus conquistas en revoluci\u00f3n - MPPPST\",\"isPartOf\":{\"@id\":\"https:\/\/www.mpppst.gob.ve\/mpppstweb\/#website\"},\"primaryImageOfPage\":{\"@id\":\"https:\/\/www.mpppst.gob.ve\/mpppstweb\/index.php\/2016\/03\/09\/mujeres-celebran-sus-conquistas-en-revolucion-2\/#primaryimage\"},\"image\":{\"@id\":\"https:\/\/www.mpppst.gob.ve\/mpppstweb\/index.php\/2016\/03\/09\/mujeres-celebran-sus-conquistas-en-revolucion-2\/#primaryimage\"},\"thumbnailUrl\":\"https:\/\/www.mpppst.gob.ve\/mpppstweb\/wp-content\/uploads\/2016\/03\/Imagen-012.jpg\",\"datePublished\":\"2016-03-09T09:14:15+00:00\",\"dateModified\":\"2016-07-04T12:17:26+00:00\",\"breadcrumb\":{\"@id\":\"https:\/\/www.mpppst.gob.ve\/mpppstweb\/index.php\/2016\/03\/09\/mujeres-celebran-sus-conquistas-en-revolucion-2\/#breadcrumb\"},\"inLanguage\":\"es\",\"potentialAction\":[{\"@type\":\"ReadAction\",\"target\":[\"https:\/\/www.mpppst.gob.ve\/mpppstweb\/index.php\/2016\/03\/09\/mujeres-celebran-sus-conquistas-en-revolucion-2\/\"]}]},{\"@type\":\"ImageObject\",\"inLanguage\":\"es\",\"@id\":\"https:\/\/www.mpppst.gob.ve\/mpppstweb\/index.php\/2016\/03\/09\/mujeres-celebran-sus-conquistas-en-revolucion-2\/#primaryimage\",\"url\":\"https:\/\/www.mpppst.gob.ve\/mpppstweb\/wp-content\/uploads\/2016\/03\/Imagen-012.jpg\",\"contentUrl\":\"https:\/\/www.mpppst.gob.ve\/mpppstweb\/wp-content\/uploads\/2016\/03\/Imagen-012.jpg\",\"width\":552,\"height\":370},{\"@type\":\"BreadcrumbList\",\"@id\":\"https:\/\/www.mpppst.gob.ve\/mpppstweb\/index.php\/2016\/03\/09\/mujeres-celebran-sus-conquistas-en-revolucion-2\/#breadcrumb\",\"itemListElement\":[{\"@type\":\"ListItem\",\"position\":1,\"name\":\"Home\",\"item\":\"https:\/\/www.mpppst.gob.ve\/mpppstweb\/\"},{\"@type\":\"ListItem\",\"position\":2,\"name\":\"Mujeres celebran sus conquistas en revoluci\u00f3n\"}]},{\"@type\":\"WebSite\",\"@id\":\"https:\/\/www.mpppst.gob.ve\/mpppstweb\/#website\",\"url\":\"https:\/\/www.mpppst.gob.ve\/mpppstweb\/\",\"name\":\"MPPPST\",\"description\":\"Ministerio del Poder Popular para el Proceso Social de Trabajo\",\"publisher\":{\"@id\":\"https:\/\/www.mpppst.gob.ve\/mpppstweb\/#organization\"},\"potentialAction\":[{\"@type\":\"SearchAction\",\"target\":{\"@type\":\"EntryPoint\",\"urlTemplate\":\"https:\/\/www.mpppst.gob.ve\/mpppstweb\/?s={search_term_string}\"},\"query-input\":\"required name=search_term_string\"}],\"inLanguage\":\"es\"},{\"@type\":\"Organization\",\"@id\":\"https:\/\/www.mpppst.gob.ve\/mpppstweb\/#organization\",\"name\":\"mpppst\",\"url\":\"https:\/\/www.mpppst.gob.ve\/mpppstweb\/\",\"logo\":{\"@type\":\"ImageObject\",\"inLanguage\":\"es\",\"@id\":\"https:\/\/www.mpppst.gob.ve\/mpppstweb\/#\/schema\/logo\/image\/\",\"url\":\"https:\/\/www.mpppst.gob.ve\/mpppstweb\/wp-content\/uploads\/2025\/07\/cropped-cropped-g910.png\",\"contentUrl\":\"https:\/\/www.mpppst.gob.ve\/mpppstweb\/wp-content\/uploads\/2025\/07\/cropped-cropped-g910.png\",\"width\":1080,\"height\":241,\"caption\":\"mpppst\"},\"image\":{\"@id\":\"https:\/\/www.mpppst.gob.ve\/mpppstweb\/#\/schema\/logo\/image\/\"}},{\"@type\":\"Person\",\"@id\":\"https:\/\/www.mpppst.gob.ve\/mpppstweb\/#\/schema\/person\/fc187ee8ead412bd4c9304b62f900ea4\",\"name\":\"MPPPST Prensa\",\"url\":\"https:\/\/www.mpppst.gob.ve\/mpppstweb\/index.php\/author\/prensa-mpppst\/\"}]}<\/script>\n<!-- \/ Yoast SEO plugin. -->","yoast_head_json":{"title":"Mujeres celebran sus conquistas en revoluci\u00f3n - MPPPST","robots":{"index":"index","follow":"follow","max-snippet":"max-snippet:-1","max-image-preview":"max-image-preview:large","max-video-preview":"max-video-preview:-1"},"canonical":"https:\/\/www.mpppst.gob.ve\/mpppstweb\/index.php\/2016\/03\/09\/mujeres-celebran-sus-conquistas-en-revolucion-2\/","og_locale":"es_ES","og_type":"article","og_title":"Mujeres celebran sus conquistas en revoluci\u00f3n - MPPPST","og_description":"Las mujeres revolucionaras participaron en una masiva marcha, en conmemoraci\u00f3n del D\u00eda Internacional de la Mujer.","og_url":"https:\/\/www.mpppst.gob.ve\/mpppstweb\/index.php\/2016\/03\/09\/mujeres-celebran-sus-conquistas-en-revolucion-2\/","og_site_name":"MPPPST","article_published_time":"2016-03-09T09:14:15+00:00","article_modified_time":"2016-07-04T12:17:26+00:00","og_image":[{"width":552,"height":370,"url":"https:\/\/www.mpppst.gob.ve\/mpppstweb\/wp-content\/uploads\/2016\/03\/Imagen-012.jpg","type":"image\/jpeg"}],"author":"MPPPST Prensa","twitter_card":"summary_large_image","twitter_misc":{"Escrito por":"MPPPST Prensa","Tiempo de lectura":"2 minutos"},"schema":{"@context":"https:\/\/schema.org","@graph":[{"@type":"Article","@id":"https:\/\/www.mpppst.gob.ve\/mpppstweb\/index.php\/2016\/03\/09\/mujeres-celebran-sus-conquistas-en-revolucion-2\/#article","isPartOf":{"@id":"https:\/\/www.mpppst.gob.ve\/mpppstweb\/index.php\/2016\/03\/09\/mujeres-celebran-sus-conquistas-en-revolucion-2\/"},"author":{"name":"MPPPST Prensa","@id":"https:\/\/www.mpppst.gob.ve\/mpppstweb\/#\/schema\/person\/fc187ee8ead412bd4c9304b62f900ea4"},"headline":"Mujeres celebran sus conquistas en revoluci\u00f3n","datePublished":"2016-03-09T09:14:15+00:00","dateModified":"2016-07-04T12:17:26+00:00","mainEntityOfPage":{"@id":"https:\/\/www.mpppst.gob.ve\/mpppstweb\/index.php\/2016\/03\/09\/mujeres-celebran-sus-conquistas-en-revolucion-2\/"},"wordCount":436,"publisher":{"@id":"https:\/\/www.mpppst.gob.ve\/mpppstweb\/#organization"},"image":{"@id":"https:\/\/www.mpppst.gob.ve\/mpppstweb\/index.php\/2016\/03\/09\/mujeres-celebran-sus-conquistas-en-revolucion-2\/#primaryimage"},"thumbnailUrl":"https:\/\/www.mpppst.gob.ve\/mpppstweb\/wp-content\/uploads\/2016\/03\/Imagen-012.jpg","articleSection":["Ministerio"],"inLanguage":"es"},{"@type":"WebPage","@id":"https:\/\/www.mpppst.gob.ve\/mpppstweb\/index.php\/2016\/03\/09\/mujeres-celebran-sus-conquistas-en-revolucion-2\/","url":"https:\/\/www.mpppst.gob.ve\/mpppstweb\/index.php\/2016\/03\/09\/mujeres-celebran-sus-conquistas-en-revolucion-2\/","name":"Mujeres celebran sus conquistas en revoluci\u00f3n - MPPPST","isPartOf":{"@id":"https:\/\/www.mpppst.gob.ve\/mpppstweb\/#website"},"primaryImageOfPage":{"@id":"https:\/\/www.mpppst.gob.ve\/mpppstweb\/index.php\/2016\/03\/09\/mujeres-celebran-sus-conquistas-en-revolucion-2\/#primaryimage"},"image":{"@id":"https:\/\/www.mpppst.gob.ve\/mpppstweb\/index.php\/2016\/03\/09\/mujeres-celebran-sus-conquistas-en-revolucion-2\/#primaryimage"},"thumbnailUrl":"https:\/\/www.mpppst.gob.ve\/mpppstweb\/wp-content\/uploads\/2016\/03\/Imagen-012.jpg","datePublished":"2016-03-09T09:14:15+00:00","dateModified":"2016-07-04T12:17:26+00:00","breadcrumb":{"@id":"https:\/\/www.mpppst.gob.ve\/mpppstweb\/index.php\/2016\/03\/09\/mujeres-celebran-sus-conquistas-en-revolucion-2\/#breadcrumb"},"inLanguage":"es","potentialAction":[{"@type":"ReadAction","target":["https:\/\/www.mpppst.gob.ve\/mpppstweb\/index.php\/2016\/03\/09\/mujeres-celebran-sus-conquistas-en-revolucion-2\/"]}]},{"@type":"ImageObject","inLanguage":"es","@id":"https:\/\/www.mpppst.gob.ve\/mpppstweb\/index.php\/2016\/03\/09\/mujeres-celebran-sus-conquistas-en-revolucion-2\/#primaryimage","url":"https:\/\/www.mpppst.gob.ve\/mpppstweb\/wp-content\/uploads\/2016\/03\/Imagen-012.jpg","contentUrl":"https:\/\/www.mpppst.gob.ve\/mpppstweb\/wp-content\/uploads\/2016\/03\/Imagen-012.jpg","width":552,"height":370},{"@type":"BreadcrumbList","@id":"https:\/\/www.mpppst.gob.ve\/mpppstweb\/index.php\/2016\/03\/09\/mujeres-celebran-sus-conquistas-en-revolucion-2\/#breadcrumb","itemListElement":[{"@type":"ListItem","position":1,"name":"Home","item":"https:\/\/www.mpppst.gob.ve\/mpppstweb\/"},{"@type":"ListItem","position":2,"name":"Mujeres celebran sus conquistas en revoluci\u00f3n"}]},{"@type":"WebSite","@id":"https:\/\/www.mpppst.gob.ve\/mpppstweb\/#website","url":"https:\/\/www.mpppst.gob.ve\/mpppstweb\/","name":"MPPPST","description":"Ministerio del Poder Popular para el Proceso Social de Trabajo","publisher":{"@id":"https:\/\/www.mpppst.gob.ve\/mpppstweb\/#organization"},"potentialAction":[{"@type":"SearchAction","target":{"@type":"EntryPoint","urlTemplate":"https:\/\/www.mpppst.gob.ve\/mpppstweb\/?s={search_term_string}"},"query-input":"required name=search_term_string"}],"inLanguage":"es"},{"@type":"Organization","@id":"https:\/\/www.mpppst.gob.ve\/mpppstweb\/#organization","name":"mpppst","url":"https:\/\/www.mpppst.gob.ve\/mpppstweb\/","logo":{"@type":"ImageObject","inLanguage":"es","@id":"https:\/\/www.mpppst.gob.ve\/mpppstweb\/#\/schema\/logo\/image\/","url":"https:\/\/www.mpppst.gob.ve\/mpppstweb\/wp-content\/uploads\/2025\/07\/cropped-cropped-g910.png","contentUrl":"https:\/\/www.mpppst.gob.ve\/mpppstweb\/wp-content\/uploads\/2025\/07\/cropped-cropped-g910.png","width":1080,"height":241,"caption":"mpppst"},"image":{"@id":"https:\/\/www.mpppst.gob.ve\/mpppstweb\/#\/schema\/logo\/image\/"}},{"@type":"Person","@id":"https:\/\/www.mpppst.gob.ve\/mpppstweb\/#\/schema\/person\/fc187ee8ead412bd4c9304b62f900ea4","name":"MPPPST Prensa","url":"https:\/\/www.mpppst.gob.ve\/mpppstweb\/index.php\/author\/prensa-mpppst\/"}]}},"_links":{"self":[{"href":"https:\/\/www.mpppst.gob.ve\/mpppstweb\/index.php\/wp-json\/wp\/v2\/posts\/5014"}],"collection":[{"href":"https:\/\/www.mpppst.gob.ve\/mpppstweb\/index.php\/wp-json\/wp\/v2\/posts"}],"about":[{"href":"https:\/\/www.mpppst.gob.ve\/mpppstweb\/index.php\/wp-json\/wp\/v2\/types\/post"}],"author":[{"embeddable":true,"href":"https:\/\/www.mpppst.gob.ve\/mpppstweb\/index.php\/wp-json\/wp\/v2\/users\/25"}],"replies":[{"embeddable":true,"href":"https:\/\/www.mpppst.gob.ve\/mpppstweb\/index.php\/wp-json\/wp\/v2\/comments?post=5014"}],"version-history":[{"count":1,"href":"https:\/\/www.mpppst.gob.ve\/mpppstweb\/index.php\/wp-json\/wp\/v2\/posts\/5014\/revisions"}],"predecessor-version":[{"id":7082,"href":"https:\/\/www.mpppst.gob.ve\/mpppstweb\/index.php\/wp-json\/wp\/v2\/posts\/5014\/revisions\/7082"}],"wp:featuredmedia":[{"embeddable":true,"href":"https:\/\/www.mpppst.gob.ve\/mpppstweb\/index.php\/wp-json\/wp\/v2\/media\/5015"}],"wp:attachment":[{"href":"https:\/\/www.mpppst.gob.ve\/mpppstweb\/index.php\/wp-json\/wp\/v2\/media?parent=5014"}],"wp:term":[{"taxonomy":"category","embeddable":true,"href":"https:\/\/www.mpppst.gob.ve\/mpppstweb\/index.php\/wp-json\/wp\/v2\/categories?post=5014"},{"taxonomy":"post_tag","embeddable":true,"href":"https:\/\/www.mpppst.gob.ve\/mpppstweb\/index.php\/wp-json\/wp\/v2\/tags?post=5014"}],"curies":[{"name":"wp","href":"https:\/\/api.w.org\/{rel}","templated":true}]}}