{"id":5020,"date":"2016-03-09T14:25:51","date_gmt":"2016-03-09T14:25:51","guid":{"rendered":"http:\/\/www.mpppst.gob.ve\/mpppstweb\/?p=5020"},"modified":"2016-07-01T19:15:52","modified_gmt":"2016-07-01T19:15:52","slug":"cepal-mujer-latinoamericana-es-mas-educada-y-peor-pagada","status":"publish","type":"post","link":"https:\/\/www.mpppst.gob.ve\/mpppstweb\/index.php\/2016\/03\/09\/cepal-mujer-latinoamericana-es-mas-educada-y-peor-pagada\/","title":{"rendered":"CEPAL: Mujer latinoamericana es m\u00e1s educada y peor pagada"},"content":{"rendered":"<p>ADN.- Las brechas salariales de g\u00e9nero persisten como obst\u00e1culo para la autonom\u00eda econ\u00f3mica de las mujeres y la superaci\u00f3n de la pobreza y la desigualdad en la regi\u00f3n.As\u00ed lo alert\u00f3 este martes la Comisi\u00f3n Econ\u00f3mica para Am\u00e9rica Latina y el Caribe (CEPAL) a prop\u00f3sito de la celebraci\u00f3n del D\u00eda Internacional de la Mujer.<\/p>\n<p>A pesar de que la brecha salarial entre mujeres y hombres se redujo 12,1 puntos porcentuales entre 1990 y 2014, las mujeres reciben en promedio solo 83,9 unidades monetarias por cada 100 unidades monetarias percibidas por los hombres, de acuerdo con datos divulgados hoy por el Observatorio de Igualdad de G\u00e9nero de Am\u00e9rica Latina y el Caribe de la CEPAL. Si se comparan las remuneraciones recibidas por ambos sexos seg\u00fan a\u00f1os de estudio, se observa que ellas pueden ganar hasta 25,6 por ciento menos que sus pares masculinos en similares condiciones, subray\u00f3 el organismo regional.<\/p>\n<p>A partir de la informaci\u00f3n recopilada en las encuestas de hogares, la CEPAL analiz\u00f3 el salario medio de mujeres y hombres asalariados urbanos de 20 a 49 a\u00f1os que trabajan 35 horas y m\u00e1s por semana en 18 pa\u00edses de la regi\u00f3n (promedio ponderado). Los compar\u00f3 seg\u00fan a\u00f1os de escolaridad y observ\u00f3 su evoluci\u00f3n entre 1990 y 2014, constatando la persistencia de importantes diferencias dependiendo del nivel educacional de las personas empleadas.<\/p>\n<p>En el grupo de mujeres con menor nivel educativo (0 a 5 a\u00f1os de instrucci\u00f3n) se observ\u00f3 la mayor disminuci\u00f3n de la brecha (19,7 puntos porcentuales): las mujeres pasaron de recibir 58,2 por ciento del sueldo de los hombres a 77,9 por ciento. Esto se debe, seg\u00fan la CEPAL, a dos factores: a la regulaci\u00f3n y formalizaci\u00f3n del trabajo dom\u00e9stico remunerado, ya que los pa\u00edses han establecido montos salariales m\u00ednimos por hora y tiempos m\u00e1ximos de las jornadas de trabajo; y al aumento de los salarios m\u00ednimos que rigen para toda la poblaci\u00f3n y su utilizaci\u00f3n en algunos pa\u00edses para nivelar hacia arriba los ingresos de las personas ocupadas sin calificaci\u00f3n.<\/p>\n<p>La brecha salarial m\u00e1s alta se presenta en la poblaci\u00f3n de mayor nivel educativo (13 a\u00f1os y m\u00e1s de instrucci\u00f3n). Si bien esta disminuy\u00f3 9,3 puntos porcentuales entre 1990 y 2014, los hombres de este grupo todav\u00eda ganan 25,6 por ciento m\u00e1s que las mujeres. De acuerdo con la CEPAL, la incorporaci\u00f3n de mujeres a \u00e1reas como ciencia y tecnolog\u00eda, a industrias como la de las telecomunicaciones y a empresas de gran tama\u00f1o, puede estar contribuyendo positivamente, aunque todav\u00eda sin generar plena igualdad. Esto significa que la inversi\u00f3n en educaci\u00f3n y capacitaci\u00f3n profesional de las mujeres no las acerca de forma lineal a los ingresos de los hombres con la misma formaci\u00f3n, resalt\u00f3 la CEPAL.<\/p>\n<p>En los niveles intermedios de educaci\u00f3n no se modificaron sustancialmente los valores. Las mujeres con 6 a 9 a\u00f1os de instrucci\u00f3n pasaron de ganar 70 por ciento del salario de los hombres en 1990 a 75,3 por ciento en 2014 (una reducci\u00f3n de 5,3 de la brecha) y aquellas con 10 a 12 a\u00f1os de instrucci\u00f3n escalaron de 67,6 por ciento a 74,5 por ciento (una ca\u00edda de 6,9 por ciento en la brecha salarial).<\/p>\n<p>\u201cRecibir el mismo salario que los hombres en igualdad de condiciones es un derecho de las mujeres. Es un requisito ineludible para que ellas logren su autonom\u00eda econ\u00f3mica y para avanzar en la igualdad de g\u00e9nero\u201d, afirm\u00f3 la Secretaria Ejecutiva de la CEPAL, Alicia B\u00e1rcena, en el contexto del D\u00eda Internacional de la Mujer, cuyo tema de este a\u00f1o es \u201cPor un Planeta 50-50 en 2030: Demos el paso para la igualdad de g\u00e9nero\u201d. \u201cNada sobre nosotras sin nosotras\u201d, enfatiz\u00f3 B\u00e1rcena.<\/p>\n<p>Para la eliminaci\u00f3n de la brecha salarial, la CEPAL plantea promover espacios para la negociaci\u00f3n colectiva y la participaci\u00f3n activa de las trabajadoras en los procesos donde se discuten estos temas; mejorar los salarios m\u00ednimos, ya que estos fomentan la igualdad especialmente en los sectores con peores remuneraciones; implementar pol\u00edticas que permitan mayor corresponsabilidad en labores de cuidado de personas dependientes (por ejemplo, licencias por paternidad); y asegurar iguales oportunidades de capacitaci\u00f3n, ascensos, horas extras y otros compromisos laborales que mejoran la masa salarial.<\/p>\n","protected":false},"excerpt":{"rendered":"<p>Las brechas salariales de g\u00e9nero persisten como obst\u00e1culo para la autonom\u00eda econ\u00f3mica de las mujeres y la superaci\u00f3n de la pobreza y la desigualdad en la regi\u00f3n.<\/p>\n","protected":false},"author":25,"featured_media":5021,"comment_status":"closed","ping_status":"closed","sticky":false,"template":"","format":"standard","meta":{"footnotes":""},"categories":[82],"tags":[],"yoast_head":"<!-- This site is optimized with the Yoast SEO plugin v22.5 - https:\/\/yoast.com\/wordpress\/plugins\/seo\/ -->\n<title>CEPAL: Mujer latinoamericana es m\u00e1s educada y peor pagada - MPPPST<\/title>\n<meta name=\"robots\" content=\"index, follow, max-snippet:-1, max-image-preview:large, max-video-preview:-1\" \/>\n<link rel=\"canonical\" href=\"https:\/\/www.mpppst.gob.ve\/mpppstweb\/index.php\/2016\/03\/09\/cepal-mujer-latinoamericana-es-mas-educada-y-peor-pagada\/\" \/>\n<meta property=\"og:locale\" content=\"es_ES\" \/>\n<meta property=\"og:type\" content=\"article\" \/>\n<meta property=\"og:title\" content=\"CEPAL: Mujer latinoamericana es m\u00e1s educada y peor pagada - MPPPST\" \/>\n<meta property=\"og:description\" content=\"Las brechas salariales de g\u00e9nero persisten como obst\u00e1culo para la autonom\u00eda econ\u00f3mica de las mujeres y la superaci\u00f3n de la pobreza y la desigualdad en la regi\u00f3n.\" \/>\n<meta property=\"og:url\" content=\"https:\/\/www.mpppst.gob.ve\/mpppstweb\/index.php\/2016\/03\/09\/cepal-mujer-latinoamericana-es-mas-educada-y-peor-pagada\/\" \/>\n<meta property=\"og:site_name\" content=\"MPPPST\" \/>\n<meta property=\"article:published_time\" content=\"2016-03-09T14:25:51+00:00\" \/>\n<meta property=\"article:modified_time\" content=\"2016-07-01T19:15:52+00:00\" \/>\n<meta property=\"og:image\" content=\"https:\/\/www.mpppst.gob.ve\/mpppstweb\/wp-content\/uploads\/2016\/03\/Nota-Cepal.jpg\" \/>\n\t<meta property=\"og:image:width\" content=\"700\" \/>\n\t<meta property=\"og:image:height\" content=\"545\" \/>\n\t<meta property=\"og:image:type\" content=\"image\/jpeg\" \/>\n<meta name=\"author\" content=\"MPPPST Prensa\" \/>\n<meta name=\"twitter:card\" content=\"summary_large_image\" \/>\n<meta name=\"twitter:label1\" content=\"Escrito por\" \/>\n\t<meta name=\"twitter:data1\" content=\"MPPPST Prensa\" \/>\n\t<meta name=\"twitter:label2\" content=\"Tiempo de lectura\" \/>\n\t<meta name=\"twitter:data2\" content=\"4 minutos\" \/>\n<script type=\"application\/ld+json\" class=\"yoast-schema-graph\">{\"@context\":\"https:\/\/schema.org\",\"@graph\":[{\"@type\":\"Article\",\"@id\":\"https:\/\/www.mpppst.gob.ve\/mpppstweb\/index.php\/2016\/03\/09\/cepal-mujer-latinoamericana-es-mas-educada-y-peor-pagada\/#article\",\"isPartOf\":{\"@id\":\"https:\/\/www.mpppst.gob.ve\/mpppstweb\/index.php\/2016\/03\/09\/cepal-mujer-latinoamericana-es-mas-educada-y-peor-pagada\/\"},\"author\":{\"name\":\"MPPPST Prensa\",\"@id\":\"https:\/\/www.mpppst.gob.ve\/mpppstweb\/#\/schema\/person\/fc187ee8ead412bd4c9304b62f900ea4\"},\"headline\":\"CEPAL: Mujer latinoamericana es m\u00e1s educada y peor pagada\",\"datePublished\":\"2016-03-09T14:25:51+00:00\",\"dateModified\":\"2016-07-01T19:15:52+00:00\",\"mainEntityOfPage\":{\"@id\":\"https:\/\/www.mpppst.gob.ve\/mpppstweb\/index.php\/2016\/03\/09\/cepal-mujer-latinoamericana-es-mas-educada-y-peor-pagada\/\"},\"wordCount\":738,\"publisher\":{\"@id\":\"https:\/\/www.mpppst.gob.ve\/mpppstweb\/#organization\"},\"image\":{\"@id\":\"https:\/\/www.mpppst.gob.ve\/mpppstweb\/index.php\/2016\/03\/09\/cepal-mujer-latinoamericana-es-mas-educada-y-peor-pagada\/#primaryimage\"},\"thumbnailUrl\":\"https:\/\/www.mpppst.gob.ve\/mpppstweb\/wp-content\/uploads\/2016\/03\/Nota-Cepal.jpg\",\"articleSection\":[\"Gobierno Nacional\"],\"inLanguage\":\"es\"},{\"@type\":\"WebPage\",\"@id\":\"https:\/\/www.mpppst.gob.ve\/mpppstweb\/index.php\/2016\/03\/09\/cepal-mujer-latinoamericana-es-mas-educada-y-peor-pagada\/\",\"url\":\"https:\/\/www.mpppst.gob.ve\/mpppstweb\/index.php\/2016\/03\/09\/cepal-mujer-latinoamericana-es-mas-educada-y-peor-pagada\/\",\"name\":\"CEPAL: Mujer latinoamericana es m\u00e1s educada y peor pagada - MPPPST\",\"isPartOf\":{\"@id\":\"https:\/\/www.mpppst.gob.ve\/mpppstweb\/#website\"},\"primaryImageOfPage\":{\"@id\":\"https:\/\/www.mpppst.gob.ve\/mpppstweb\/index.php\/2016\/03\/09\/cepal-mujer-latinoamericana-es-mas-educada-y-peor-pagada\/#primaryimage\"},\"image\":{\"@id\":\"https:\/\/www.mpppst.gob.ve\/mpppstweb\/index.php\/2016\/03\/09\/cepal-mujer-latinoamericana-es-mas-educada-y-peor-pagada\/#primaryimage\"},\"thumbnailUrl\":\"https:\/\/www.mpppst.gob.ve\/mpppstweb\/wp-content\/uploads\/2016\/03\/Nota-Cepal.jpg\",\"datePublished\":\"2016-03-09T14:25:51+00:00\",\"dateModified\":\"2016-07-01T19:15:52+00:00\",\"breadcrumb\":{\"@id\":\"https:\/\/www.mpppst.gob.ve\/mpppstweb\/index.php\/2016\/03\/09\/cepal-mujer-latinoamericana-es-mas-educada-y-peor-pagada\/#breadcrumb\"},\"inLanguage\":\"es\",\"potentialAction\":[{\"@type\":\"ReadAction\",\"target\":[\"https:\/\/www.mpppst.gob.ve\/mpppstweb\/index.php\/2016\/03\/09\/cepal-mujer-latinoamericana-es-mas-educada-y-peor-pagada\/\"]}]},{\"@type\":\"ImageObject\",\"inLanguage\":\"es\",\"@id\":\"https:\/\/www.mpppst.gob.ve\/mpppstweb\/index.php\/2016\/03\/09\/cepal-mujer-latinoamericana-es-mas-educada-y-peor-pagada\/#primaryimage\",\"url\":\"https:\/\/www.mpppst.gob.ve\/mpppstweb\/wp-content\/uploads\/2016\/03\/Nota-Cepal.jpg\",\"contentUrl\":\"https:\/\/www.mpppst.gob.ve\/mpppstweb\/wp-content\/uploads\/2016\/03\/Nota-Cepal.jpg\",\"width\":700,\"height\":545},{\"@type\":\"BreadcrumbList\",\"@id\":\"https:\/\/www.mpppst.gob.ve\/mpppstweb\/index.php\/2016\/03\/09\/cepal-mujer-latinoamericana-es-mas-educada-y-peor-pagada\/#breadcrumb\",\"itemListElement\":[{\"@type\":\"ListItem\",\"position\":1,\"name\":\"Home\",\"item\":\"https:\/\/www.mpppst.gob.ve\/mpppstweb\/\"},{\"@type\":\"ListItem\",\"position\":2,\"name\":\"CEPAL: Mujer latinoamericana es m\u00e1s educada y peor pagada\"}]},{\"@type\":\"WebSite\",\"@id\":\"https:\/\/www.mpppst.gob.ve\/mpppstweb\/#website\",\"url\":\"https:\/\/www.mpppst.gob.ve\/mpppstweb\/\",\"name\":\"MPPPST\",\"description\":\"Ministerio del Poder Popular para el Proceso Social de Trabajo\",\"publisher\":{\"@id\":\"https:\/\/www.mpppst.gob.ve\/mpppstweb\/#organization\"},\"potentialAction\":[{\"@type\":\"SearchAction\",\"target\":{\"@type\":\"EntryPoint\",\"urlTemplate\":\"https:\/\/www.mpppst.gob.ve\/mpppstweb\/?s={search_term_string}\"},\"query-input\":\"required name=search_term_string\"}],\"inLanguage\":\"es\"},{\"@type\":\"Organization\",\"@id\":\"https:\/\/www.mpppst.gob.ve\/mpppstweb\/#organization\",\"name\":\"mpppst\",\"url\":\"https:\/\/www.mpppst.gob.ve\/mpppstweb\/\",\"logo\":{\"@type\":\"ImageObject\",\"inLanguage\":\"es\",\"@id\":\"https:\/\/www.mpppst.gob.ve\/mpppstweb\/#\/schema\/logo\/image\/\",\"url\":\"https:\/\/www.mpppst.gob.ve\/mpppstweb\/wp-content\/uploads\/2025\/07\/cropped-cropped-g910.png\",\"contentUrl\":\"https:\/\/www.mpppst.gob.ve\/mpppstweb\/wp-content\/uploads\/2025\/07\/cropped-cropped-g910.png\",\"width\":1080,\"height\":241,\"caption\":\"mpppst\"},\"image\":{\"@id\":\"https:\/\/www.mpppst.gob.ve\/mpppstweb\/#\/schema\/logo\/image\/\"}},{\"@type\":\"Person\",\"@id\":\"https:\/\/www.mpppst.gob.ve\/mpppstweb\/#\/schema\/person\/fc187ee8ead412bd4c9304b62f900ea4\",\"name\":\"MPPPST Prensa\",\"url\":\"https:\/\/www.mpppst.gob.ve\/mpppstweb\/index.php\/author\/prensa-mpppst\/\"}]}<\/script>\n<!-- \/ Yoast SEO plugin. -->","yoast_head_json":{"title":"CEPAL: Mujer latinoamericana es m\u00e1s educada y peor pagada - MPPPST","robots":{"index":"index","follow":"follow","max-snippet":"max-snippet:-1","max-image-preview":"max-image-preview:large","max-video-preview":"max-video-preview:-1"},"canonical":"https:\/\/www.mpppst.gob.ve\/mpppstweb\/index.php\/2016\/03\/09\/cepal-mujer-latinoamericana-es-mas-educada-y-peor-pagada\/","og_locale":"es_ES","og_type":"article","og_title":"CEPAL: Mujer latinoamericana es m\u00e1s educada y peor pagada - MPPPST","og_description":"Las brechas salariales de g\u00e9nero persisten como obst\u00e1culo para la autonom\u00eda econ\u00f3mica de las mujeres y la superaci\u00f3n de la pobreza y la desigualdad en la regi\u00f3n.","og_url":"https:\/\/www.mpppst.gob.ve\/mpppstweb\/index.php\/2016\/03\/09\/cepal-mujer-latinoamericana-es-mas-educada-y-peor-pagada\/","og_site_name":"MPPPST","article_published_time":"2016-03-09T14:25:51+00:00","article_modified_time":"2016-07-01T19:15:52+00:00","og_image":[{"width":700,"height":545,"url":"https:\/\/www.mpppst.gob.ve\/mpppstweb\/wp-content\/uploads\/2016\/03\/Nota-Cepal.jpg","type":"image\/jpeg"}],"author":"MPPPST Prensa","twitter_card":"summary_large_image","twitter_misc":{"Escrito por":"MPPPST Prensa","Tiempo de lectura":"4 minutos"},"schema":{"@context":"https:\/\/schema.org","@graph":[{"@type":"Article","@id":"https:\/\/www.mpppst.gob.ve\/mpppstweb\/index.php\/2016\/03\/09\/cepal-mujer-latinoamericana-es-mas-educada-y-peor-pagada\/#article","isPartOf":{"@id":"https:\/\/www.mpppst.gob.ve\/mpppstweb\/index.php\/2016\/03\/09\/cepal-mujer-latinoamericana-es-mas-educada-y-peor-pagada\/"},"author":{"name":"MPPPST Prensa","@id":"https:\/\/www.mpppst.gob.ve\/mpppstweb\/#\/schema\/person\/fc187ee8ead412bd4c9304b62f900ea4"},"headline":"CEPAL: Mujer latinoamericana es m\u00e1s educada y peor pagada","datePublished":"2016-03-09T14:25:51+00:00","dateModified":"2016-07-01T19:15:52+00:00","mainEntityOfPage":{"@id":"https:\/\/www.mpppst.gob.ve\/mpppstweb\/index.php\/2016\/03\/09\/cepal-mujer-latinoamericana-es-mas-educada-y-peor-pagada\/"},"wordCount":738,"publisher":{"@id":"https:\/\/www.mpppst.gob.ve\/mpppstweb\/#organization"},"image":{"@id":"https:\/\/www.mpppst.gob.ve\/mpppstweb\/index.php\/2016\/03\/09\/cepal-mujer-latinoamericana-es-mas-educada-y-peor-pagada\/#primaryimage"},"thumbnailUrl":"https:\/\/www.mpppst.gob.ve\/mpppstweb\/wp-content\/uploads\/2016\/03\/Nota-Cepal.jpg","articleSection":["Gobierno Nacional"],"inLanguage":"es"},{"@type":"WebPage","@id":"https:\/\/www.mpppst.gob.ve\/mpppstweb\/index.php\/2016\/03\/09\/cepal-mujer-latinoamericana-es-mas-educada-y-peor-pagada\/","url":"https:\/\/www.mpppst.gob.ve\/mpppstweb\/index.php\/2016\/03\/09\/cepal-mujer-latinoamericana-es-mas-educada-y-peor-pagada\/","name":"CEPAL: Mujer latinoamericana es m\u00e1s educada y peor pagada - MPPPST","isPartOf":{"@id":"https:\/\/www.mpppst.gob.ve\/mpppstweb\/#website"},"primaryImageOfPage":{"@id":"https:\/\/www.mpppst.gob.ve\/mpppstweb\/index.php\/2016\/03\/09\/cepal-mujer-latinoamericana-es-mas-educada-y-peor-pagada\/#primaryimage"},"image":{"@id":"https:\/\/www.mpppst.gob.ve\/mpppstweb\/index.php\/2016\/03\/09\/cepal-mujer-latinoamericana-es-mas-educada-y-peor-pagada\/#primaryimage"},"thumbnailUrl":"https:\/\/www.mpppst.gob.ve\/mpppstweb\/wp-content\/uploads\/2016\/03\/Nota-Cepal.jpg","datePublished":"2016-03-09T14:25:51+00:00","dateModified":"2016-07-01T19:15:52+00:00","breadcrumb":{"@id":"https:\/\/www.mpppst.gob.ve\/mpppstweb\/index.php\/2016\/03\/09\/cepal-mujer-latinoamericana-es-mas-educada-y-peor-pagada\/#breadcrumb"},"inLanguage":"es","potentialAction":[{"@type":"ReadAction","target":["https:\/\/www.mpppst.gob.ve\/mpppstweb\/index.php\/2016\/03\/09\/cepal-mujer-latinoamericana-es-mas-educada-y-peor-pagada\/"]}]},{"@type":"ImageObject","inLanguage":"es","@id":"https:\/\/www.mpppst.gob.ve\/mpppstweb\/index.php\/2016\/03\/09\/cepal-mujer-latinoamericana-es-mas-educada-y-peor-pagada\/#primaryimage","url":"https:\/\/www.mpppst.gob.ve\/mpppstweb\/wp-content\/uploads\/2016\/03\/Nota-Cepal.jpg","contentUrl":"https:\/\/www.mpppst.gob.ve\/mpppstweb\/wp-content\/uploads\/2016\/03\/Nota-Cepal.jpg","width":700,"height":545},{"@type":"BreadcrumbList","@id":"https:\/\/www.mpppst.gob.ve\/mpppstweb\/index.php\/2016\/03\/09\/cepal-mujer-latinoamericana-es-mas-educada-y-peor-pagada\/#breadcrumb","itemListElement":[{"@type":"ListItem","position":1,"name":"Home","item":"https:\/\/www.mpppst.gob.ve\/mpppstweb\/"},{"@type":"ListItem","position":2,"name":"CEPAL: Mujer latinoamericana es m\u00e1s educada y peor pagada"}]},{"@type":"WebSite","@id":"https:\/\/www.mpppst.gob.ve\/mpppstweb\/#website","url":"https:\/\/www.mpppst.gob.ve\/mpppstweb\/","name":"MPPPST","description":"Ministerio del Poder Popular para el Proceso Social de Trabajo","publisher":{"@id":"https:\/\/www.mpppst.gob.ve\/mpppstweb\/#organization"},"potentialAction":[{"@type":"SearchAction","target":{"@type":"EntryPoint","urlTemplate":"https:\/\/www.mpppst.gob.ve\/mpppstweb\/?s={search_term_string}"},"query-input":"required name=search_term_string"}],"inLanguage":"es"},{"@type":"Organization","@id":"https:\/\/www.mpppst.gob.ve\/mpppstweb\/#organization","name":"mpppst","url":"https:\/\/www.mpppst.gob.ve\/mpppstweb\/","logo":{"@type":"ImageObject","inLanguage":"es","@id":"https:\/\/www.mpppst.gob.ve\/mpppstweb\/#\/schema\/logo\/image\/","url":"https:\/\/www.mpppst.gob.ve\/mpppstweb\/wp-content\/uploads\/2025\/07\/cropped-cropped-g910.png","contentUrl":"https:\/\/www.mpppst.gob.ve\/mpppstweb\/wp-content\/uploads\/2025\/07\/cropped-cropped-g910.png","width":1080,"height":241,"caption":"mpppst"},"image":{"@id":"https:\/\/www.mpppst.gob.ve\/mpppstweb\/#\/schema\/logo\/image\/"}},{"@type":"Person","@id":"https:\/\/www.mpppst.gob.ve\/mpppstweb\/#\/schema\/person\/fc187ee8ead412bd4c9304b62f900ea4","name":"MPPPST Prensa","url":"https:\/\/www.mpppst.gob.ve\/mpppstweb\/index.php\/author\/prensa-mpppst\/"}]}},"_links":{"self":[{"href":"https:\/\/www.mpppst.gob.ve\/mpppstweb\/index.php\/wp-json\/wp\/v2\/posts\/5020"}],"collection":[{"href":"https:\/\/www.mpppst.gob.ve\/mpppstweb\/index.php\/wp-json\/wp\/v2\/posts"}],"about":[{"href":"https:\/\/www.mpppst.gob.ve\/mpppstweb\/index.php\/wp-json\/wp\/v2\/types\/post"}],"author":[{"embeddable":true,"href":"https:\/\/www.mpppst.gob.ve\/mpppstweb\/index.php\/wp-json\/wp\/v2\/users\/25"}],"replies":[{"embeddable":true,"href":"https:\/\/www.mpppst.gob.ve\/mpppstweb\/index.php\/wp-json\/wp\/v2\/comments?post=5020"}],"version-history":[{"count":1,"href":"https:\/\/www.mpppst.gob.ve\/mpppstweb\/index.php\/wp-json\/wp\/v2\/posts\/5020\/revisions"}],"predecessor-version":[{"id":7067,"href":"https:\/\/www.mpppst.gob.ve\/mpppstweb\/index.php\/wp-json\/wp\/v2\/posts\/5020\/revisions\/7067"}],"wp:featuredmedia":[{"embeddable":true,"href":"https:\/\/www.mpppst.gob.ve\/mpppstweb\/index.php\/wp-json\/wp\/v2\/media\/5021"}],"wp:attachment":[{"href":"https:\/\/www.mpppst.gob.ve\/mpppstweb\/index.php\/wp-json\/wp\/v2\/media?parent=5020"}],"wp:term":[{"taxonomy":"category","embeddable":true,"href":"https:\/\/www.mpppst.gob.ve\/mpppstweb\/index.php\/wp-json\/wp\/v2\/categories?post=5020"},{"taxonomy":"post_tag","embeddable":true,"href":"https:\/\/www.mpppst.gob.ve\/mpppstweb\/index.php\/wp-json\/wp\/v2\/tags?post=5020"}],"curies":[{"name":"wp","href":"https:\/\/api.w.org\/{rel}","templated":true}]}}