{"id":5028,"date":"2016-03-10T12:08:07","date_gmt":"2016-03-10T12:08:07","guid":{"rendered":"http:\/\/www.mpppst.gob.ve\/mpppstweb\/?p=5028"},"modified":"2016-07-01T20:16:11","modified_gmt":"2016-07-01T20:16:11","slug":"mpppst-impulsa-autoformacion-colectiva-en-el-area-de-ceremonial-y-protocolo","status":"publish","type":"post","link":"https:\/\/www.mpppst.gob.ve\/mpppstweb\/index.php\/2016\/03\/10\/mpppst-impulsa-autoformacion-colectiva-en-el-area-de-ceremonial-y-protocolo\/","title":{"rendered":"MPPPST impulsa autoformaci\u00f3n colectiva en el \u00e1rea de Ceremonial y Protocolo"},"content":{"rendered":"<p>Caracas, 10 de marzo (MPPPST).- Trabajadoras y trabajadores del Ministerio del Poder Popular para el Proceso Social de Trabajo (MPPPST), participaron en el curso de Ceremonial y Protocolo de Estado, organizado por la Direcci\u00f3n de Gesti\u00f3n Comunicacional del ente laboral.<\/p>\n<p>Esta actividad, realizada en el sal\u00f3n de usos m\u00faltiples, piso 5 del MPPPST tiene como finalidad formar a dos representantes de cada direcci\u00f3n en el \u00e1rea de Protocolo y Ceremonial para conformar una brigada que apoye en esta tem\u00e1tica en los pr\u00f3ximos eventos organizados por la instituci\u00f3n.<\/p>\n<p>Durante el curso dictado por el Licenciado en Relaciones P\u00fablicas, Jos\u00e9 Antonio de Urbina, se trataron temas como los siguientes: Ceremonial, protocolo, precedencia, equivalencia, tratamientos, vocativos y s\u00edmbolos; as\u00ed como la identificaci\u00f3n de actos, maestros de ceremonia, p\u00fablicos, actores, invitados y estaciones. En el \u00e1rea de protocolo Jos\u00e9 Antonio de Urbina explic\u00f3 su clasificaci\u00f3n, criterios, entre otros. Estos conocimientos son fundamentales para organizar, desde todo punto de vista, cualquier actividad, lo que redundar\u00e1 en su exitoso desarrollo y desenlace.<\/p>\n<p>Los participantes se mostraron muy entusiastas y complacidos durante el desarrollo del curso, porque seg\u00fan sus palabras los conocimientos adquiridos los ayudar\u00e1n a crecer tanto personal como profesionalmente en otra \u00e1rea, adem\u00e1s que tiene como prop\u00f3sito fundamental apoyar a la instituci\u00f3n en diferentes tipos de eventos.<\/p>\n<p>Esta actividad se desarrolla en el marco del programa de formaci\u00f3n que desarrolla el MPPPST para sus trabajadores y trabajadoras, con el prop\u00f3sito de brindarles herramientas que les permitan adquirir otros conocimientos, en el marco de la Autoformaci\u00f3n Colectiva.<\/p>\n<p>&nbsp;<\/p>\n<p>&nbsp;<\/p>\n<p>&nbsp;<\/p>\n<p>&nbsp;<\/p>\n<p>&nbsp;<\/p>\n<p>&nbsp;<\/p>\n<p>Redacci\u00f3n: Miliseth Ysea<\/p>\n<p>Fotograf\u00eda: F\u00e9lix Ord\u00e1z<\/p>\n<p>&nbsp;<\/p>\n","protected":false},"excerpt":{"rendered":"<p>Trabajadoras y trabajadores del MPPPST, participaron en el curso de Ceremonial y Protocolo de Estado.<\/p>\n","protected":false},"author":25,"featured_media":5029,"comment_status":"closed","ping_status":"closed","sticky":false,"template":"","format":"standard","meta":{"footnotes":""},"categories":[83],"tags":[],"yoast_head":"<!-- This site is optimized with the Yoast SEO plugin v22.5 - https:\/\/yoast.com\/wordpress\/plugins\/seo\/ -->\n<title>MPPPST impulsa autoformaci\u00f3n colectiva en el \u00e1rea de Ceremonial y Protocolo - MPPPST<\/title>\n<meta name=\"robots\" content=\"index, follow, max-snippet:-1, max-image-preview:large, max-video-preview:-1\" \/>\n<link rel=\"canonical\" href=\"https:\/\/www.mpppst.gob.ve\/mpppstweb\/index.php\/2016\/03\/10\/mpppst-impulsa-autoformacion-colectiva-en-el-area-de-ceremonial-y-protocolo\/\" \/>\n<meta property=\"og:locale\" content=\"es_ES\" \/>\n<meta property=\"og:type\" content=\"article\" \/>\n<meta property=\"og:title\" content=\"MPPPST impulsa autoformaci\u00f3n colectiva en el \u00e1rea de Ceremonial y Protocolo - MPPPST\" \/>\n<meta property=\"og:description\" content=\"Trabajadoras y trabajadores del MPPPST, participaron en el curso de Ceremonial y Protocolo de Estado.\" \/>\n<meta property=\"og:url\" content=\"https:\/\/www.mpppst.gob.ve\/mpppstweb\/index.php\/2016\/03\/10\/mpppst-impulsa-autoformacion-colectiva-en-el-area-de-ceremonial-y-protocolo\/\" \/>\n<meta property=\"og:site_name\" content=\"MPPPST\" \/>\n<meta property=\"article:published_time\" content=\"2016-03-10T12:08:07+00:00\" \/>\n<meta property=\"article:modified_time\" content=\"2016-07-01T20:16:11+00:00\" \/>\n<meta name=\"author\" content=\"MPPPST Prensa\" \/>\n<meta name=\"twitter:card\" content=\"summary_large_image\" \/>\n<meta name=\"twitter:label1\" content=\"Escrito por\" \/>\n\t<meta name=\"twitter:data1\" content=\"MPPPST Prensa\" \/>\n\t<meta name=\"twitter:label2\" content=\"Tiempo de lectura\" \/>\n\t<meta name=\"twitter:data2\" content=\"1 minuto\" \/>\n<script type=\"application\/ld+json\" class=\"yoast-schema-graph\">{\"@context\":\"https:\/\/schema.org\",\"@graph\":[{\"@type\":\"Article\",\"@id\":\"https:\/\/www.mpppst.gob.ve\/mpppstweb\/index.php\/2016\/03\/10\/mpppst-impulsa-autoformacion-colectiva-en-el-area-de-ceremonial-y-protocolo\/#article\",\"isPartOf\":{\"@id\":\"https:\/\/www.mpppst.gob.ve\/mpppstweb\/index.php\/2016\/03\/10\/mpppst-impulsa-autoformacion-colectiva-en-el-area-de-ceremonial-y-protocolo\/\"},\"author\":{\"name\":\"MPPPST Prensa\",\"@id\":\"https:\/\/www.mpppst.gob.ve\/mpppstweb\/#\/schema\/person\/fc187ee8ead412bd4c9304b62f900ea4\"},\"headline\":\"MPPPST impulsa autoformaci\u00f3n colectiva en el \u00e1rea de Ceremonial y Protocolo\",\"datePublished\":\"2016-03-10T12:08:07+00:00\",\"dateModified\":\"2016-07-01T20:16:11+00:00\",\"mainEntityOfPage\":{\"@id\":\"https:\/\/www.mpppst.gob.ve\/mpppstweb\/index.php\/2016\/03\/10\/mpppst-impulsa-autoformacion-colectiva-en-el-area-de-ceremonial-y-protocolo\/\"},\"wordCount\":300,\"publisher\":{\"@id\":\"https:\/\/www.mpppst.gob.ve\/mpppstweb\/#organization\"},\"image\":{\"@id\":\"https:\/\/www.mpppst.gob.ve\/mpppstweb\/index.php\/2016\/03\/10\/mpppst-impulsa-autoformacion-colectiva-en-el-area-de-ceremonial-y-protocolo\/#primaryimage\"},\"thumbnailUrl\":\"\",\"articleSection\":[\"Ministerio\"],\"inLanguage\":\"es\"},{\"@type\":\"WebPage\",\"@id\":\"https:\/\/www.mpppst.gob.ve\/mpppstweb\/index.php\/2016\/03\/10\/mpppst-impulsa-autoformacion-colectiva-en-el-area-de-ceremonial-y-protocolo\/\",\"url\":\"https:\/\/www.mpppst.gob.ve\/mpppstweb\/index.php\/2016\/03\/10\/mpppst-impulsa-autoformacion-colectiva-en-el-area-de-ceremonial-y-protocolo\/\",\"name\":\"MPPPST impulsa autoformaci\u00f3n colectiva en el \u00e1rea de Ceremonial y Protocolo - MPPPST\",\"isPartOf\":{\"@id\":\"https:\/\/www.mpppst.gob.ve\/mpppstweb\/#website\"},\"primaryImageOfPage\":{\"@id\":\"https:\/\/www.mpppst.gob.ve\/mpppstweb\/index.php\/2016\/03\/10\/mpppst-impulsa-autoformacion-colectiva-en-el-area-de-ceremonial-y-protocolo\/#primaryimage\"},\"image\":{\"@id\":\"https:\/\/www.mpppst.gob.ve\/mpppstweb\/index.php\/2016\/03\/10\/mpppst-impulsa-autoformacion-colectiva-en-el-area-de-ceremonial-y-protocolo\/#primaryimage\"},\"thumbnailUrl\":\"\",\"datePublished\":\"2016-03-10T12:08:07+00:00\",\"dateModified\":\"2016-07-01T20:16:11+00:00\",\"breadcrumb\":{\"@id\":\"https:\/\/www.mpppst.gob.ve\/mpppstweb\/index.php\/2016\/03\/10\/mpppst-impulsa-autoformacion-colectiva-en-el-area-de-ceremonial-y-protocolo\/#breadcrumb\"},\"inLanguage\":\"es\",\"potentialAction\":[{\"@type\":\"ReadAction\",\"target\":[\"https:\/\/www.mpppst.gob.ve\/mpppstweb\/index.php\/2016\/03\/10\/mpppst-impulsa-autoformacion-colectiva-en-el-area-de-ceremonial-y-protocolo\/\"]}]},{\"@type\":\"ImageObject\",\"inLanguage\":\"es\",\"@id\":\"https:\/\/www.mpppst.gob.ve\/mpppstweb\/index.php\/2016\/03\/10\/mpppst-impulsa-autoformacion-colectiva-en-el-area-de-ceremonial-y-protocolo\/#primaryimage\",\"url\":\"\",\"contentUrl\":\"\"},{\"@type\":\"BreadcrumbList\",\"@id\":\"https:\/\/www.mpppst.gob.ve\/mpppstweb\/index.php\/2016\/03\/10\/mpppst-impulsa-autoformacion-colectiva-en-el-area-de-ceremonial-y-protocolo\/#breadcrumb\",\"itemListElement\":[{\"@type\":\"ListItem\",\"position\":1,\"name\":\"Home\",\"item\":\"https:\/\/www.mpppst.gob.ve\/mpppstweb\/\"},{\"@type\":\"ListItem\",\"position\":2,\"name\":\"MPPPST impulsa autoformaci\u00f3n colectiva en el \u00e1rea de Ceremonial y Protocolo\"}]},{\"@type\":\"WebSite\",\"@id\":\"https:\/\/www.mpppst.gob.ve\/mpppstweb\/#website\",\"url\":\"https:\/\/www.mpppst.gob.ve\/mpppstweb\/\",\"name\":\"MPPPST\",\"description\":\"Ministerio del Poder Popular para el Proceso Social de Trabajo\",\"publisher\":{\"@id\":\"https:\/\/www.mpppst.gob.ve\/mpppstweb\/#organization\"},\"potentialAction\":[{\"@type\":\"SearchAction\",\"target\":{\"@type\":\"EntryPoint\",\"urlTemplate\":\"https:\/\/www.mpppst.gob.ve\/mpppstweb\/?s={search_term_string}\"},\"query-input\":\"required name=search_term_string\"}],\"inLanguage\":\"es\"},{\"@type\":\"Organization\",\"@id\":\"https:\/\/www.mpppst.gob.ve\/mpppstweb\/#organization\",\"name\":\"mpppst\",\"url\":\"https:\/\/www.mpppst.gob.ve\/mpppstweb\/\",\"logo\":{\"@type\":\"ImageObject\",\"inLanguage\":\"es\",\"@id\":\"https:\/\/www.mpppst.gob.ve\/mpppstweb\/#\/schema\/logo\/image\/\",\"url\":\"https:\/\/www.mpppst.gob.ve\/mpppstweb\/wp-content\/uploads\/2025\/07\/cropped-cropped-g910.png\",\"contentUrl\":\"https:\/\/www.mpppst.gob.ve\/mpppstweb\/wp-content\/uploads\/2025\/07\/cropped-cropped-g910.png\",\"width\":1080,\"height\":241,\"caption\":\"mpppst\"},\"image\":{\"@id\":\"https:\/\/www.mpppst.gob.ve\/mpppstweb\/#\/schema\/logo\/image\/\"}},{\"@type\":\"Person\",\"@id\":\"https:\/\/www.mpppst.gob.ve\/mpppstweb\/#\/schema\/person\/fc187ee8ead412bd4c9304b62f900ea4\",\"name\":\"MPPPST Prensa\",\"url\":\"https:\/\/www.mpppst.gob.ve\/mpppstweb\/index.php\/author\/prensa-mpppst\/\"}]}<\/script>\n<!-- \/ Yoast SEO plugin. -->","yoast_head_json":{"title":"MPPPST impulsa autoformaci\u00f3n colectiva en el \u00e1rea de Ceremonial y Protocolo - MPPPST","robots":{"index":"index","follow":"follow","max-snippet":"max-snippet:-1","max-image-preview":"max-image-preview:large","max-video-preview":"max-video-preview:-1"},"canonical":"https:\/\/www.mpppst.gob.ve\/mpppstweb\/index.php\/2016\/03\/10\/mpppst-impulsa-autoformacion-colectiva-en-el-area-de-ceremonial-y-protocolo\/","og_locale":"es_ES","og_type":"article","og_title":"MPPPST impulsa autoformaci\u00f3n colectiva en el \u00e1rea de Ceremonial y Protocolo - MPPPST","og_description":"Trabajadoras y trabajadores del MPPPST, participaron en el curso de Ceremonial y Protocolo de Estado.","og_url":"https:\/\/www.mpppst.gob.ve\/mpppstweb\/index.php\/2016\/03\/10\/mpppst-impulsa-autoformacion-colectiva-en-el-area-de-ceremonial-y-protocolo\/","og_site_name":"MPPPST","article_published_time":"2016-03-10T12:08:07+00:00","article_modified_time":"2016-07-01T20:16:11+00:00","author":"MPPPST Prensa","twitter_card":"summary_large_image","twitter_misc":{"Escrito por":"MPPPST Prensa","Tiempo de lectura":"1 minuto"},"schema":{"@context":"https:\/\/schema.org","@graph":[{"@type":"Article","@id":"https:\/\/www.mpppst.gob.ve\/mpppstweb\/index.php\/2016\/03\/10\/mpppst-impulsa-autoformacion-colectiva-en-el-area-de-ceremonial-y-protocolo\/#article","isPartOf":{"@id":"https:\/\/www.mpppst.gob.ve\/mpppstweb\/index.php\/2016\/03\/10\/mpppst-impulsa-autoformacion-colectiva-en-el-area-de-ceremonial-y-protocolo\/"},"author":{"name":"MPPPST Prensa","@id":"https:\/\/www.mpppst.gob.ve\/mpppstweb\/#\/schema\/person\/fc187ee8ead412bd4c9304b62f900ea4"},"headline":"MPPPST impulsa autoformaci\u00f3n colectiva en el \u00e1rea de Ceremonial y Protocolo","datePublished":"2016-03-10T12:08:07+00:00","dateModified":"2016-07-01T20:16:11+00:00","mainEntityOfPage":{"@id":"https:\/\/www.mpppst.gob.ve\/mpppstweb\/index.php\/2016\/03\/10\/mpppst-impulsa-autoformacion-colectiva-en-el-area-de-ceremonial-y-protocolo\/"},"wordCount":300,"publisher":{"@id":"https:\/\/www.mpppst.gob.ve\/mpppstweb\/#organization"},"image":{"@id":"https:\/\/www.mpppst.gob.ve\/mpppstweb\/index.php\/2016\/03\/10\/mpppst-impulsa-autoformacion-colectiva-en-el-area-de-ceremonial-y-protocolo\/#primaryimage"},"thumbnailUrl":"","articleSection":["Ministerio"],"inLanguage":"es"},{"@type":"WebPage","@id":"https:\/\/www.mpppst.gob.ve\/mpppstweb\/index.php\/2016\/03\/10\/mpppst-impulsa-autoformacion-colectiva-en-el-area-de-ceremonial-y-protocolo\/","url":"https:\/\/www.mpppst.gob.ve\/mpppstweb\/index.php\/2016\/03\/10\/mpppst-impulsa-autoformacion-colectiva-en-el-area-de-ceremonial-y-protocolo\/","name":"MPPPST impulsa autoformaci\u00f3n colectiva en el \u00e1rea de Ceremonial y Protocolo - MPPPST","isPartOf":{"@id":"https:\/\/www.mpppst.gob.ve\/mpppstweb\/#website"},"primaryImageOfPage":{"@id":"https:\/\/www.mpppst.gob.ve\/mpppstweb\/index.php\/2016\/03\/10\/mpppst-impulsa-autoformacion-colectiva-en-el-area-de-ceremonial-y-protocolo\/#primaryimage"},"image":{"@id":"https:\/\/www.mpppst.gob.ve\/mpppstweb\/index.php\/2016\/03\/10\/mpppst-impulsa-autoformacion-colectiva-en-el-area-de-ceremonial-y-protocolo\/#primaryimage"},"thumbnailUrl":"","datePublished":"2016-03-10T12:08:07+00:00","dateModified":"2016-07-01T20:16:11+00:00","breadcrumb":{"@id":"https:\/\/www.mpppst.gob.ve\/mpppstweb\/index.php\/2016\/03\/10\/mpppst-impulsa-autoformacion-colectiva-en-el-area-de-ceremonial-y-protocolo\/#breadcrumb"},"inLanguage":"es","potentialAction":[{"@type":"ReadAction","target":["https:\/\/www.mpppst.gob.ve\/mpppstweb\/index.php\/2016\/03\/10\/mpppst-impulsa-autoformacion-colectiva-en-el-area-de-ceremonial-y-protocolo\/"]}]},{"@type":"ImageObject","inLanguage":"es","@id":"https:\/\/www.mpppst.gob.ve\/mpppstweb\/index.php\/2016\/03\/10\/mpppst-impulsa-autoformacion-colectiva-en-el-area-de-ceremonial-y-protocolo\/#primaryimage","url":"","contentUrl":""},{"@type":"BreadcrumbList","@id":"https:\/\/www.mpppst.gob.ve\/mpppstweb\/index.php\/2016\/03\/10\/mpppst-impulsa-autoformacion-colectiva-en-el-area-de-ceremonial-y-protocolo\/#breadcrumb","itemListElement":[{"@type":"ListItem","position":1,"name":"Home","item":"https:\/\/www.mpppst.gob.ve\/mpppstweb\/"},{"@type":"ListItem","position":2,"name":"MPPPST impulsa autoformaci\u00f3n colectiva en el \u00e1rea de Ceremonial y Protocolo"}]},{"@type":"WebSite","@id":"https:\/\/www.mpppst.gob.ve\/mpppstweb\/#website","url":"https:\/\/www.mpppst.gob.ve\/mpppstweb\/","name":"MPPPST","description":"Ministerio del Poder Popular para el Proceso Social de Trabajo","publisher":{"@id":"https:\/\/www.mpppst.gob.ve\/mpppstweb\/#organization"},"potentialAction":[{"@type":"SearchAction","target":{"@type":"EntryPoint","urlTemplate":"https:\/\/www.mpppst.gob.ve\/mpppstweb\/?s={search_term_string}"},"query-input":"required name=search_term_string"}],"inLanguage":"es"},{"@type":"Organization","@id":"https:\/\/www.mpppst.gob.ve\/mpppstweb\/#organization","name":"mpppst","url":"https:\/\/www.mpppst.gob.ve\/mpppstweb\/","logo":{"@type":"ImageObject","inLanguage":"es","@id":"https:\/\/www.mpppst.gob.ve\/mpppstweb\/#\/schema\/logo\/image\/","url":"https:\/\/www.mpppst.gob.ve\/mpppstweb\/wp-content\/uploads\/2025\/07\/cropped-cropped-g910.png","contentUrl":"https:\/\/www.mpppst.gob.ve\/mpppstweb\/wp-content\/uploads\/2025\/07\/cropped-cropped-g910.png","width":1080,"height":241,"caption":"mpppst"},"image":{"@id":"https:\/\/www.mpppst.gob.ve\/mpppstweb\/#\/schema\/logo\/image\/"}},{"@type":"Person","@id":"https:\/\/www.mpppst.gob.ve\/mpppstweb\/#\/schema\/person\/fc187ee8ead412bd4c9304b62f900ea4","name":"MPPPST Prensa","url":"https:\/\/www.mpppst.gob.ve\/mpppstweb\/index.php\/author\/prensa-mpppst\/"}]}},"_links":{"self":[{"href":"https:\/\/www.mpppst.gob.ve\/mpppstweb\/index.php\/wp-json\/wp\/v2\/posts\/5028"}],"collection":[{"href":"https:\/\/www.mpppst.gob.ve\/mpppstweb\/index.php\/wp-json\/wp\/v2\/posts"}],"about":[{"href":"https:\/\/www.mpppst.gob.ve\/mpppstweb\/index.php\/wp-json\/wp\/v2\/types\/post"}],"author":[{"embeddable":true,"href":"https:\/\/www.mpppst.gob.ve\/mpppstweb\/index.php\/wp-json\/wp\/v2\/users\/25"}],"replies":[{"embeddable":true,"href":"https:\/\/www.mpppst.gob.ve\/mpppstweb\/index.php\/wp-json\/wp\/v2\/comments?post=5028"}],"version-history":[{"count":1,"href":"https:\/\/www.mpppst.gob.ve\/mpppstweb\/index.php\/wp-json\/wp\/v2\/posts\/5028\/revisions"}],"predecessor-version":[{"id":7083,"href":"https:\/\/www.mpppst.gob.ve\/mpppstweb\/index.php\/wp-json\/wp\/v2\/posts\/5028\/revisions\/7083"}],"wp:featuredmedia":[{"embeddable":true,"href":"https:\/\/www.mpppst.gob.ve\/mpppstweb\/index.php\/wp-json\/"}],"wp:attachment":[{"href":"https:\/\/www.mpppst.gob.ve\/mpppstweb\/index.php\/wp-json\/wp\/v2\/media?parent=5028"}],"wp:term":[{"taxonomy":"category","embeddable":true,"href":"https:\/\/www.mpppst.gob.ve\/mpppstweb\/index.php\/wp-json\/wp\/v2\/categories?post=5028"},{"taxonomy":"post_tag","embeddable":true,"href":"https:\/\/www.mpppst.gob.ve\/mpppstweb\/index.php\/wp-json\/wp\/v2\/tags?post=5028"}],"curies":[{"name":"wp","href":"https:\/\/api.w.org\/{rel}","templated":true}]}}