{"id":5031,"date":"2016-03-10T15:16:27","date_gmt":"2016-03-10T15:16:27","guid":{"rendered":"http:\/\/www.mpppst.gob.ve\/mpppstweb\/?p=5031"},"modified":"2016-07-01T20:16:46","modified_gmt":"2016-07-01T20:16:46","slug":"tema-de-migraciones-laborales-es-abordado-por-el-mpppst-2","status":"publish","type":"post","link":"https:\/\/www.mpppst.gob.ve\/mpppstweb\/index.php\/2016\/03\/10\/tema-de-migraciones-laborales-es-abordado-por-el-mpppst-2\/","title":{"rendered":"Tema de Migraciones Laborales es abordado por el MPPPST"},"content":{"rendered":"<p style=\"text-align: justify;\">Caracas 10 de marzo (MPPPST). El complejo tema de las migraciones laborales fue abordado por el Ministerio del Poder Popular para el Proceso Social de Trabajo (MPPPST), a trav\u00e9s de un taller sobre referido a esta tem\u00e1tica, con el objetivo de profundizar a\u00fan m\u00e1s los conocimientos sobre este asunto. \u00a0El taller se llev\u00f3 a cabo el 10 de marzo en el sal\u00f3n de usos m\u00faltiples.<\/p>\n<p style=\"text-align: justify;\">A la actividad asisti\u00f3 el Viceministro del Sistema Integrado de Inspecciones Laborales y de Seguridad Social del Ministerio del Poder Popular para el Proceso Social de Trabajo, Jos\u00e9 Ram\u00f3n Rivero, quien destac\u00f3 que este taller es muy importante para conocer todo lo referido \u00a0a las Migraciones Laborales y su ordenamiento jur\u00eddico, as\u00ed como el tratamiento administrativo que debe tener en Venezuela.<\/p>\n<p style=\"text-align: justify;\">Liliana Serrano, Directora de Migraciones Laborales del MPPPST, aplaudi\u00f3 la iniciativa de realizar este taller porque muchos trabajadores desconocen el tema de las Migraciones Laborales y aqu\u00ed se explica la importancia del mismo. \u00a0\u201cEl tema de Migraciones Laborales es un tema transversal, porque tiene vinculaci\u00f3n con el sistema integrado de inspecci\u00f3n y tambi\u00e9n tiene una relaci\u00f3n con la previsi\u00f3n social, igualmente con las relaciones laborales y con la educaci\u00f3n laboral, todos esos factores implican las migraciones laborales\u201d, puntualiz\u00f3 Serrano.<\/p>\n<p style=\"text-align: justify;\">Serrano destac\u00f3 que en Venezuela, en particular, es importante conocer el tema general de las Migraciones porque en el pa\u00eds existen fronteras terrestres y mar\u00edtimas\u00a0 sumamente grandes y obviamente eso ha generado como consecuencia que las migraciones hayan crecido en los \u00faltimos a\u00f1os en nuestro territorio.<\/p>\n<p style=\"text-align: justify;\">Rosal\u00eda Zingales, Directora General de Supervisi\u00f3n de Entidades y Modalidades Especiales de Trabajo del MPPPST, destac\u00f3 que es importante conocer los derechos laborales que tienen los extranjeros en nuestro pa\u00eds, \u00a0ya que son universales y en todos los pa\u00edses se deben regir conforme a la norma.<\/p>\n<p style=\"text-align: justify;\">En este taller se trat\u00f3 el componente de migraciones laborales en la estructura org\u00e1nica del Ministerio del Poder Popular para el Proceso Social de Trabajo, as\u00ed como el componente de las Migraciones en el Sistema Integrado de Inspecciones.<\/p>\n<p style=\"text-align: justify;\">\u00a0Redacci\u00f3n: Carlos Palacios<\/p>\n","protected":false},"excerpt":{"rendered":"<p>El complejo tema de las migraciones laborales fue abordado por el Ministerio del Poder Popular para el Proceso Social de Trabajo (MPPPST)<\/p>\n","protected":false},"author":25,"featured_media":5032,"comment_status":"closed","ping_status":"closed","sticky":false,"template":"","format":"standard","meta":{"footnotes":""},"categories":[83],"tags":[],"yoast_head":"<!-- This site is optimized with the Yoast SEO plugin v22.5 - https:\/\/yoast.com\/wordpress\/plugins\/seo\/ -->\n<title>Tema de Migraciones Laborales es abordado por el MPPPST - MPPPST<\/title>\n<meta name=\"robots\" content=\"index, follow, max-snippet:-1, max-image-preview:large, max-video-preview:-1\" \/>\n<link rel=\"canonical\" href=\"https:\/\/www.mpppst.gob.ve\/mpppstweb\/index.php\/2016\/03\/10\/tema-de-migraciones-laborales-es-abordado-por-el-mpppst-2\/\" \/>\n<meta property=\"og:locale\" content=\"es_ES\" \/>\n<meta property=\"og:type\" content=\"article\" \/>\n<meta property=\"og:title\" content=\"Tema de Migraciones Laborales es abordado por el MPPPST - MPPPST\" \/>\n<meta property=\"og:description\" content=\"El complejo tema de las migraciones laborales fue abordado por el Ministerio del Poder Popular para el Proceso Social de Trabajo (MPPPST)\" \/>\n<meta property=\"og:url\" content=\"https:\/\/www.mpppst.gob.ve\/mpppstweb\/index.php\/2016\/03\/10\/tema-de-migraciones-laborales-es-abordado-por-el-mpppst-2\/\" \/>\n<meta property=\"og:site_name\" content=\"MPPPST\" \/>\n<meta property=\"article:published_time\" content=\"2016-03-10T15:16:27+00:00\" \/>\n<meta property=\"article:modified_time\" content=\"2016-07-01T20:16:46+00:00\" \/>\n<meta name=\"author\" content=\"MPPPST Prensa\" \/>\n<meta name=\"twitter:card\" content=\"summary_large_image\" \/>\n<meta name=\"twitter:label1\" content=\"Escrito por\" \/>\n\t<meta name=\"twitter:data1\" content=\"MPPPST Prensa\" \/>\n\t<meta name=\"twitter:label2\" content=\"Tiempo de lectura\" \/>\n\t<meta name=\"twitter:data2\" content=\"2 minutos\" \/>\n<script type=\"application\/ld+json\" class=\"yoast-schema-graph\">{\"@context\":\"https:\/\/schema.org\",\"@graph\":[{\"@type\":\"Article\",\"@id\":\"https:\/\/www.mpppst.gob.ve\/mpppstweb\/index.php\/2016\/03\/10\/tema-de-migraciones-laborales-es-abordado-por-el-mpppst-2\/#article\",\"isPartOf\":{\"@id\":\"https:\/\/www.mpppst.gob.ve\/mpppstweb\/index.php\/2016\/03\/10\/tema-de-migraciones-laborales-es-abordado-por-el-mpppst-2\/\"},\"author\":{\"name\":\"MPPPST Prensa\",\"@id\":\"https:\/\/www.mpppst.gob.ve\/mpppstweb\/#\/schema\/person\/fc187ee8ead412bd4c9304b62f900ea4\"},\"headline\":\"Tema de Migraciones Laborales es abordado por el MPPPST\",\"datePublished\":\"2016-03-10T15:16:27+00:00\",\"dateModified\":\"2016-07-01T20:16:46+00:00\",\"mainEntityOfPage\":{\"@id\":\"https:\/\/www.mpppst.gob.ve\/mpppstweb\/index.php\/2016\/03\/10\/tema-de-migraciones-laborales-es-abordado-por-el-mpppst-2\/\"},\"wordCount\":368,\"publisher\":{\"@id\":\"https:\/\/www.mpppst.gob.ve\/mpppstweb\/#organization\"},\"image\":{\"@id\":\"https:\/\/www.mpppst.gob.ve\/mpppstweb\/index.php\/2016\/03\/10\/tema-de-migraciones-laborales-es-abordado-por-el-mpppst-2\/#primaryimage\"},\"thumbnailUrl\":\"\",\"articleSection\":[\"Ministerio\"],\"inLanguage\":\"es\"},{\"@type\":\"WebPage\",\"@id\":\"https:\/\/www.mpppst.gob.ve\/mpppstweb\/index.php\/2016\/03\/10\/tema-de-migraciones-laborales-es-abordado-por-el-mpppst-2\/\",\"url\":\"https:\/\/www.mpppst.gob.ve\/mpppstweb\/index.php\/2016\/03\/10\/tema-de-migraciones-laborales-es-abordado-por-el-mpppst-2\/\",\"name\":\"Tema de Migraciones Laborales es abordado por el MPPPST - MPPPST\",\"isPartOf\":{\"@id\":\"https:\/\/www.mpppst.gob.ve\/mpppstweb\/#website\"},\"primaryImageOfPage\":{\"@id\":\"https:\/\/www.mpppst.gob.ve\/mpppstweb\/index.php\/2016\/03\/10\/tema-de-migraciones-laborales-es-abordado-por-el-mpppst-2\/#primaryimage\"},\"image\":{\"@id\":\"https:\/\/www.mpppst.gob.ve\/mpppstweb\/index.php\/2016\/03\/10\/tema-de-migraciones-laborales-es-abordado-por-el-mpppst-2\/#primaryimage\"},\"thumbnailUrl\":\"\",\"datePublished\":\"2016-03-10T15:16:27+00:00\",\"dateModified\":\"2016-07-01T20:16:46+00:00\",\"breadcrumb\":{\"@id\":\"https:\/\/www.mpppst.gob.ve\/mpppstweb\/index.php\/2016\/03\/10\/tema-de-migraciones-laborales-es-abordado-por-el-mpppst-2\/#breadcrumb\"},\"inLanguage\":\"es\",\"potentialAction\":[{\"@type\":\"ReadAction\",\"target\":[\"https:\/\/www.mpppst.gob.ve\/mpppstweb\/index.php\/2016\/03\/10\/tema-de-migraciones-laborales-es-abordado-por-el-mpppst-2\/\"]}]},{\"@type\":\"ImageObject\",\"inLanguage\":\"es\",\"@id\":\"https:\/\/www.mpppst.gob.ve\/mpppstweb\/index.php\/2016\/03\/10\/tema-de-migraciones-laborales-es-abordado-por-el-mpppst-2\/#primaryimage\",\"url\":\"\",\"contentUrl\":\"\"},{\"@type\":\"BreadcrumbList\",\"@id\":\"https:\/\/www.mpppst.gob.ve\/mpppstweb\/index.php\/2016\/03\/10\/tema-de-migraciones-laborales-es-abordado-por-el-mpppst-2\/#breadcrumb\",\"itemListElement\":[{\"@type\":\"ListItem\",\"position\":1,\"name\":\"Home\",\"item\":\"https:\/\/www.mpppst.gob.ve\/mpppstweb\/\"},{\"@type\":\"ListItem\",\"position\":2,\"name\":\"Tema de Migraciones Laborales es abordado por el MPPPST\"}]},{\"@type\":\"WebSite\",\"@id\":\"https:\/\/www.mpppst.gob.ve\/mpppstweb\/#website\",\"url\":\"https:\/\/www.mpppst.gob.ve\/mpppstweb\/\",\"name\":\"MPPPST\",\"description\":\"Ministerio del Poder Popular para el Proceso Social de Trabajo\",\"publisher\":{\"@id\":\"https:\/\/www.mpppst.gob.ve\/mpppstweb\/#organization\"},\"potentialAction\":[{\"@type\":\"SearchAction\",\"target\":{\"@type\":\"EntryPoint\",\"urlTemplate\":\"https:\/\/www.mpppst.gob.ve\/mpppstweb\/?s={search_term_string}\"},\"query-input\":\"required name=search_term_string\"}],\"inLanguage\":\"es\"},{\"@type\":\"Organization\",\"@id\":\"https:\/\/www.mpppst.gob.ve\/mpppstweb\/#organization\",\"name\":\"mpppst\",\"url\":\"https:\/\/www.mpppst.gob.ve\/mpppstweb\/\",\"logo\":{\"@type\":\"ImageObject\",\"inLanguage\":\"es\",\"@id\":\"https:\/\/www.mpppst.gob.ve\/mpppstweb\/#\/schema\/logo\/image\/\",\"url\":\"https:\/\/www.mpppst.gob.ve\/mpppstweb\/wp-content\/uploads\/2025\/07\/cropped-cropped-g910.png\",\"contentUrl\":\"https:\/\/www.mpppst.gob.ve\/mpppstweb\/wp-content\/uploads\/2025\/07\/cropped-cropped-g910.png\",\"width\":1080,\"height\":241,\"caption\":\"mpppst\"},\"image\":{\"@id\":\"https:\/\/www.mpppst.gob.ve\/mpppstweb\/#\/schema\/logo\/image\/\"}},{\"@type\":\"Person\",\"@id\":\"https:\/\/www.mpppst.gob.ve\/mpppstweb\/#\/schema\/person\/fc187ee8ead412bd4c9304b62f900ea4\",\"name\":\"MPPPST Prensa\",\"url\":\"https:\/\/www.mpppst.gob.ve\/mpppstweb\/index.php\/author\/prensa-mpppst\/\"}]}<\/script>\n<!-- \/ Yoast SEO plugin. -->","yoast_head_json":{"title":"Tema de Migraciones Laborales es abordado por el MPPPST - MPPPST","robots":{"index":"index","follow":"follow","max-snippet":"max-snippet:-1","max-image-preview":"max-image-preview:large","max-video-preview":"max-video-preview:-1"},"canonical":"https:\/\/www.mpppst.gob.ve\/mpppstweb\/index.php\/2016\/03\/10\/tema-de-migraciones-laborales-es-abordado-por-el-mpppst-2\/","og_locale":"es_ES","og_type":"article","og_title":"Tema de Migraciones Laborales es abordado por el MPPPST - MPPPST","og_description":"El complejo tema de las migraciones laborales fue abordado por el Ministerio del Poder Popular para el Proceso Social de Trabajo (MPPPST)","og_url":"https:\/\/www.mpppst.gob.ve\/mpppstweb\/index.php\/2016\/03\/10\/tema-de-migraciones-laborales-es-abordado-por-el-mpppst-2\/","og_site_name":"MPPPST","article_published_time":"2016-03-10T15:16:27+00:00","article_modified_time":"2016-07-01T20:16:46+00:00","author":"MPPPST Prensa","twitter_card":"summary_large_image","twitter_misc":{"Escrito por":"MPPPST Prensa","Tiempo de lectura":"2 minutos"},"schema":{"@context":"https:\/\/schema.org","@graph":[{"@type":"Article","@id":"https:\/\/www.mpppst.gob.ve\/mpppstweb\/index.php\/2016\/03\/10\/tema-de-migraciones-laborales-es-abordado-por-el-mpppst-2\/#article","isPartOf":{"@id":"https:\/\/www.mpppst.gob.ve\/mpppstweb\/index.php\/2016\/03\/10\/tema-de-migraciones-laborales-es-abordado-por-el-mpppst-2\/"},"author":{"name":"MPPPST Prensa","@id":"https:\/\/www.mpppst.gob.ve\/mpppstweb\/#\/schema\/person\/fc187ee8ead412bd4c9304b62f900ea4"},"headline":"Tema de Migraciones Laborales es abordado por el MPPPST","datePublished":"2016-03-10T15:16:27+00:00","dateModified":"2016-07-01T20:16:46+00:00","mainEntityOfPage":{"@id":"https:\/\/www.mpppst.gob.ve\/mpppstweb\/index.php\/2016\/03\/10\/tema-de-migraciones-laborales-es-abordado-por-el-mpppst-2\/"},"wordCount":368,"publisher":{"@id":"https:\/\/www.mpppst.gob.ve\/mpppstweb\/#organization"},"image":{"@id":"https:\/\/www.mpppst.gob.ve\/mpppstweb\/index.php\/2016\/03\/10\/tema-de-migraciones-laborales-es-abordado-por-el-mpppst-2\/#primaryimage"},"thumbnailUrl":"","articleSection":["Ministerio"],"inLanguage":"es"},{"@type":"WebPage","@id":"https:\/\/www.mpppst.gob.ve\/mpppstweb\/index.php\/2016\/03\/10\/tema-de-migraciones-laborales-es-abordado-por-el-mpppst-2\/","url":"https:\/\/www.mpppst.gob.ve\/mpppstweb\/index.php\/2016\/03\/10\/tema-de-migraciones-laborales-es-abordado-por-el-mpppst-2\/","name":"Tema de Migraciones Laborales es abordado por el MPPPST - MPPPST","isPartOf":{"@id":"https:\/\/www.mpppst.gob.ve\/mpppstweb\/#website"},"primaryImageOfPage":{"@id":"https:\/\/www.mpppst.gob.ve\/mpppstweb\/index.php\/2016\/03\/10\/tema-de-migraciones-laborales-es-abordado-por-el-mpppst-2\/#primaryimage"},"image":{"@id":"https:\/\/www.mpppst.gob.ve\/mpppstweb\/index.php\/2016\/03\/10\/tema-de-migraciones-laborales-es-abordado-por-el-mpppst-2\/#primaryimage"},"thumbnailUrl":"","datePublished":"2016-03-10T15:16:27+00:00","dateModified":"2016-07-01T20:16:46+00:00","breadcrumb":{"@id":"https:\/\/www.mpppst.gob.ve\/mpppstweb\/index.php\/2016\/03\/10\/tema-de-migraciones-laborales-es-abordado-por-el-mpppst-2\/#breadcrumb"},"inLanguage":"es","potentialAction":[{"@type":"ReadAction","target":["https:\/\/www.mpppst.gob.ve\/mpppstweb\/index.php\/2016\/03\/10\/tema-de-migraciones-laborales-es-abordado-por-el-mpppst-2\/"]}]},{"@type":"ImageObject","inLanguage":"es","@id":"https:\/\/www.mpppst.gob.ve\/mpppstweb\/index.php\/2016\/03\/10\/tema-de-migraciones-laborales-es-abordado-por-el-mpppst-2\/#primaryimage","url":"","contentUrl":""},{"@type":"BreadcrumbList","@id":"https:\/\/www.mpppst.gob.ve\/mpppstweb\/index.php\/2016\/03\/10\/tema-de-migraciones-laborales-es-abordado-por-el-mpppst-2\/#breadcrumb","itemListElement":[{"@type":"ListItem","position":1,"name":"Home","item":"https:\/\/www.mpppst.gob.ve\/mpppstweb\/"},{"@type":"ListItem","position":2,"name":"Tema de Migraciones Laborales es abordado por el MPPPST"}]},{"@type":"WebSite","@id":"https:\/\/www.mpppst.gob.ve\/mpppstweb\/#website","url":"https:\/\/www.mpppst.gob.ve\/mpppstweb\/","name":"MPPPST","description":"Ministerio del Poder Popular para el Proceso Social de Trabajo","publisher":{"@id":"https:\/\/www.mpppst.gob.ve\/mpppstweb\/#organization"},"potentialAction":[{"@type":"SearchAction","target":{"@type":"EntryPoint","urlTemplate":"https:\/\/www.mpppst.gob.ve\/mpppstweb\/?s={search_term_string}"},"query-input":"required name=search_term_string"}],"inLanguage":"es"},{"@type":"Organization","@id":"https:\/\/www.mpppst.gob.ve\/mpppstweb\/#organization","name":"mpppst","url":"https:\/\/www.mpppst.gob.ve\/mpppstweb\/","logo":{"@type":"ImageObject","inLanguage":"es","@id":"https:\/\/www.mpppst.gob.ve\/mpppstweb\/#\/schema\/logo\/image\/","url":"https:\/\/www.mpppst.gob.ve\/mpppstweb\/wp-content\/uploads\/2025\/07\/cropped-cropped-g910.png","contentUrl":"https:\/\/www.mpppst.gob.ve\/mpppstweb\/wp-content\/uploads\/2025\/07\/cropped-cropped-g910.png","width":1080,"height":241,"caption":"mpppst"},"image":{"@id":"https:\/\/www.mpppst.gob.ve\/mpppstweb\/#\/schema\/logo\/image\/"}},{"@type":"Person","@id":"https:\/\/www.mpppst.gob.ve\/mpppstweb\/#\/schema\/person\/fc187ee8ead412bd4c9304b62f900ea4","name":"MPPPST Prensa","url":"https:\/\/www.mpppst.gob.ve\/mpppstweb\/index.php\/author\/prensa-mpppst\/"}]}},"_links":{"self":[{"href":"https:\/\/www.mpppst.gob.ve\/mpppstweb\/index.php\/wp-json\/wp\/v2\/posts\/5031"}],"collection":[{"href":"https:\/\/www.mpppst.gob.ve\/mpppstweb\/index.php\/wp-json\/wp\/v2\/posts"}],"about":[{"href":"https:\/\/www.mpppst.gob.ve\/mpppstweb\/index.php\/wp-json\/wp\/v2\/types\/post"}],"author":[{"embeddable":true,"href":"https:\/\/www.mpppst.gob.ve\/mpppstweb\/index.php\/wp-json\/wp\/v2\/users\/25"}],"replies":[{"embeddable":true,"href":"https:\/\/www.mpppst.gob.ve\/mpppstweb\/index.php\/wp-json\/wp\/v2\/comments?post=5031"}],"version-history":[{"count":1,"href":"https:\/\/www.mpppst.gob.ve\/mpppstweb\/index.php\/wp-json\/wp\/v2\/posts\/5031\/revisions"}],"predecessor-version":[{"id":7084,"href":"https:\/\/www.mpppst.gob.ve\/mpppstweb\/index.php\/wp-json\/wp\/v2\/posts\/5031\/revisions\/7084"}],"wp:featuredmedia":[{"embeddable":true,"href":"https:\/\/www.mpppst.gob.ve\/mpppstweb\/index.php\/wp-json\/"}],"wp:attachment":[{"href":"https:\/\/www.mpppst.gob.ve\/mpppstweb\/index.php\/wp-json\/wp\/v2\/media?parent=5031"}],"wp:term":[{"taxonomy":"category","embeddable":true,"href":"https:\/\/www.mpppst.gob.ve\/mpppstweb\/index.php\/wp-json\/wp\/v2\/categories?post=5031"},{"taxonomy":"post_tag","embeddable":true,"href":"https:\/\/www.mpppst.gob.ve\/mpppstweb\/index.php\/wp-json\/wp\/v2\/tags?post=5031"}],"curies":[{"name":"wp","href":"https:\/\/api.w.org\/{rel}","templated":true}]}}