{"id":5034,"date":"2016-03-10T15:29:31","date_gmt":"2016-03-10T15:29:31","guid":{"rendered":"http:\/\/www.mpppst.gob.ve\/mpppstweb\/?p=5034"},"modified":"2016-07-01T20:17:22","modified_gmt":"2016-07-01T20:17:22","slug":"innovadores-y-poder-popular-se-reunen-para-presentar-propuestas-contra-la-guerra-economica-2","status":"publish","type":"post","link":"https:\/\/www.mpppst.gob.ve\/mpppstweb\/index.php\/2016\/03\/10\/innovadores-y-poder-popular-se-reunen-para-presentar-propuestas-contra-la-guerra-economica-2\/","title":{"rendered":"Innovadores y poder popular se re\u00fanen para presentar propuestas contra la guerra econ\u00f3mica"},"content":{"rendered":"<p style=\"text-align: justify;\">Caracas, 10 Mar. AVN.- Este jueves comenz\u00f3 el Encuentro Socioproductivo hacia la Inventiva Popular y la Tecnolog\u00eda de la Necesidad, en la sede del Instituto Nacional de Capacitaci\u00f3n y Educaci\u00f3n Socialista (Inces), en Caracas.<\/p>\n<p style=\"text-align: justify;\">El evento, que se extender\u00e1 hasta este viernes bajo la organizaci\u00f3n de la Universidad Nacional Experimental Sim\u00f3n Rodr\u00edguez (Unesr), contemplar\u00e1 foros y conversatorios entre inventores, tecn\u00f3logos y maestros, as\u00ed como comunas, consejos comunales y el pueblo.<\/p>\n<p style=\"text-align: justify;\">El objetivo es recopilar y sistematizar propuestas que permitan promover alternativas agroalimentarias contra la guerra econ\u00f3mica.<\/p>\n<p style=\"text-align: justify;\">Se tratar\u00e1n temas relacionados con la formulaci\u00f3n de alimentos balanceados para animales, dise\u00f1o y configuraci\u00f3n de equipos en la elaboraci\u00f3n de este tipo de productos y tecnolog\u00eda popular en la construcci\u00f3n alternativa.<\/p>\n<p style=\"text-align: justify;\">El presidente del Inces, Wuilkeman Paredes, destac\u00f3 que las instituciones como la que dirige continuar\u00e1n al servicio del pueblo para enfrentar el sabotaje a la econom\u00eda nacional.<\/p>\n<p style=\"text-align: justify;\">\u00abEsto es un encuentro de la iniciativa de los inventores populares y de la tecnolog\u00eda de la necesidad, y es una repuesta fundamental en este preciso instante donde se nos intenta doblegar, precisamente por el agotamiento del modelo rentista, y en este momento hay la necesidad plena de dar pasos concretos para activar el modelo econ\u00f3mico productivo\u00bb, a\u00f1adi\u00f3, en transmisi\u00f3n de Venezolana de Televisi\u00f3n.<\/p>\n","protected":false},"excerpt":{"rendered":"<p>comenz\u00f3 el Encuentro Socioproductivo hacia la Inventiva Popular y la Tecnolog\u00eda de la Necesidad,<\/p>\n","protected":false},"author":25,"featured_media":5035,"comment_status":"closed","ping_status":"closed","sticky":false,"template":"","format":"standard","meta":{"footnotes":""},"categories":[82],"tags":[],"yoast_head":"<!-- This site is optimized with the Yoast SEO plugin v22.5 - https:\/\/yoast.com\/wordpress\/plugins\/seo\/ -->\n<title>Innovadores y poder popular se re\u00fanen para presentar propuestas contra la guerra econ\u00f3mica - MPPPST<\/title>\n<meta name=\"robots\" content=\"index, follow, max-snippet:-1, max-image-preview:large, max-video-preview:-1\" \/>\n<link rel=\"canonical\" href=\"https:\/\/www.mpppst.gob.ve\/mpppstweb\/index.php\/2016\/03\/10\/innovadores-y-poder-popular-se-reunen-para-presentar-propuestas-contra-la-guerra-economica-2\/\" \/>\n<meta property=\"og:locale\" content=\"es_ES\" \/>\n<meta property=\"og:type\" content=\"article\" \/>\n<meta property=\"og:title\" content=\"Innovadores y poder popular se re\u00fanen para presentar propuestas contra la guerra econ\u00f3mica - MPPPST\" \/>\n<meta property=\"og:description\" content=\"comenz\u00f3 el Encuentro Socioproductivo hacia la Inventiva Popular y la Tecnolog\u00eda de la Necesidad,\" \/>\n<meta property=\"og:url\" content=\"https:\/\/www.mpppst.gob.ve\/mpppstweb\/index.php\/2016\/03\/10\/innovadores-y-poder-popular-se-reunen-para-presentar-propuestas-contra-la-guerra-economica-2\/\" \/>\n<meta property=\"og:site_name\" content=\"MPPPST\" \/>\n<meta property=\"article:published_time\" content=\"2016-03-10T15:29:31+00:00\" \/>\n<meta property=\"article:modified_time\" content=\"2016-07-01T20:17:22+00:00\" \/>\n<meta name=\"author\" content=\"MPPPST Prensa\" \/>\n<meta name=\"twitter:card\" content=\"summary_large_image\" \/>\n<meta name=\"twitter:label1\" content=\"Escrito por\" \/>\n\t<meta name=\"twitter:data1\" content=\"MPPPST Prensa\" \/>\n\t<meta name=\"twitter:label2\" content=\"Tiempo de lectura\" \/>\n\t<meta name=\"twitter:data2\" content=\"1 minuto\" \/>\n<script type=\"application\/ld+json\" class=\"yoast-schema-graph\">{\"@context\":\"https:\/\/schema.org\",\"@graph\":[{\"@type\":\"Article\",\"@id\":\"https:\/\/www.mpppst.gob.ve\/mpppstweb\/index.php\/2016\/03\/10\/innovadores-y-poder-popular-se-reunen-para-presentar-propuestas-contra-la-guerra-economica-2\/#article\",\"isPartOf\":{\"@id\":\"https:\/\/www.mpppst.gob.ve\/mpppstweb\/index.php\/2016\/03\/10\/innovadores-y-poder-popular-se-reunen-para-presentar-propuestas-contra-la-guerra-economica-2\/\"},\"author\":{\"name\":\"MPPPST Prensa\",\"@id\":\"https:\/\/www.mpppst.gob.ve\/mpppstweb\/#\/schema\/person\/fc187ee8ead412bd4c9304b62f900ea4\"},\"headline\":\"Innovadores y poder popular se re\u00fanen para presentar propuestas contra la guerra econ\u00f3mica\",\"datePublished\":\"2016-03-10T15:29:31+00:00\",\"dateModified\":\"2016-07-01T20:17:22+00:00\",\"mainEntityOfPage\":{\"@id\":\"https:\/\/www.mpppst.gob.ve\/mpppstweb\/index.php\/2016\/03\/10\/innovadores-y-poder-popular-se-reunen-para-presentar-propuestas-contra-la-guerra-economica-2\/\"},\"wordCount\":246,\"publisher\":{\"@id\":\"https:\/\/www.mpppst.gob.ve\/mpppstweb\/#organization\"},\"image\":{\"@id\":\"https:\/\/www.mpppst.gob.ve\/mpppstweb\/index.php\/2016\/03\/10\/innovadores-y-poder-popular-se-reunen-para-presentar-propuestas-contra-la-guerra-economica-2\/#primaryimage\"},\"thumbnailUrl\":\"\",\"articleSection\":[\"Gobierno Nacional\"],\"inLanguage\":\"es\"},{\"@type\":\"WebPage\",\"@id\":\"https:\/\/www.mpppst.gob.ve\/mpppstweb\/index.php\/2016\/03\/10\/innovadores-y-poder-popular-se-reunen-para-presentar-propuestas-contra-la-guerra-economica-2\/\",\"url\":\"https:\/\/www.mpppst.gob.ve\/mpppstweb\/index.php\/2016\/03\/10\/innovadores-y-poder-popular-se-reunen-para-presentar-propuestas-contra-la-guerra-economica-2\/\",\"name\":\"Innovadores y poder popular se re\u00fanen para presentar propuestas contra la guerra econ\u00f3mica - MPPPST\",\"isPartOf\":{\"@id\":\"https:\/\/www.mpppst.gob.ve\/mpppstweb\/#website\"},\"primaryImageOfPage\":{\"@id\":\"https:\/\/www.mpppst.gob.ve\/mpppstweb\/index.php\/2016\/03\/10\/innovadores-y-poder-popular-se-reunen-para-presentar-propuestas-contra-la-guerra-economica-2\/#primaryimage\"},\"image\":{\"@id\":\"https:\/\/www.mpppst.gob.ve\/mpppstweb\/index.php\/2016\/03\/10\/innovadores-y-poder-popular-se-reunen-para-presentar-propuestas-contra-la-guerra-economica-2\/#primaryimage\"},\"thumbnailUrl\":\"\",\"datePublished\":\"2016-03-10T15:29:31+00:00\",\"dateModified\":\"2016-07-01T20:17:22+00:00\",\"breadcrumb\":{\"@id\":\"https:\/\/www.mpppst.gob.ve\/mpppstweb\/index.php\/2016\/03\/10\/innovadores-y-poder-popular-se-reunen-para-presentar-propuestas-contra-la-guerra-economica-2\/#breadcrumb\"},\"inLanguage\":\"es\",\"potentialAction\":[{\"@type\":\"ReadAction\",\"target\":[\"https:\/\/www.mpppst.gob.ve\/mpppstweb\/index.php\/2016\/03\/10\/innovadores-y-poder-popular-se-reunen-para-presentar-propuestas-contra-la-guerra-economica-2\/\"]}]},{\"@type\":\"ImageObject\",\"inLanguage\":\"es\",\"@id\":\"https:\/\/www.mpppst.gob.ve\/mpppstweb\/index.php\/2016\/03\/10\/innovadores-y-poder-popular-se-reunen-para-presentar-propuestas-contra-la-guerra-economica-2\/#primaryimage\",\"url\":\"\",\"contentUrl\":\"\"},{\"@type\":\"BreadcrumbList\",\"@id\":\"https:\/\/www.mpppst.gob.ve\/mpppstweb\/index.php\/2016\/03\/10\/innovadores-y-poder-popular-se-reunen-para-presentar-propuestas-contra-la-guerra-economica-2\/#breadcrumb\",\"itemListElement\":[{\"@type\":\"ListItem\",\"position\":1,\"name\":\"Home\",\"item\":\"https:\/\/www.mpppst.gob.ve\/mpppstweb\/\"},{\"@type\":\"ListItem\",\"position\":2,\"name\":\"Innovadores y poder popular se re\u00fanen para presentar propuestas contra la guerra econ\u00f3mica\"}]},{\"@type\":\"WebSite\",\"@id\":\"https:\/\/www.mpppst.gob.ve\/mpppstweb\/#website\",\"url\":\"https:\/\/www.mpppst.gob.ve\/mpppstweb\/\",\"name\":\"MPPPST\",\"description\":\"Ministerio del Poder Popular para el Proceso Social de Trabajo\",\"publisher\":{\"@id\":\"https:\/\/www.mpppst.gob.ve\/mpppstweb\/#organization\"},\"potentialAction\":[{\"@type\":\"SearchAction\",\"target\":{\"@type\":\"EntryPoint\",\"urlTemplate\":\"https:\/\/www.mpppst.gob.ve\/mpppstweb\/?s={search_term_string}\"},\"query-input\":\"required name=search_term_string\"}],\"inLanguage\":\"es\"},{\"@type\":\"Organization\",\"@id\":\"https:\/\/www.mpppst.gob.ve\/mpppstweb\/#organization\",\"name\":\"mpppst\",\"url\":\"https:\/\/www.mpppst.gob.ve\/mpppstweb\/\",\"logo\":{\"@type\":\"ImageObject\",\"inLanguage\":\"es\",\"@id\":\"https:\/\/www.mpppst.gob.ve\/mpppstweb\/#\/schema\/logo\/image\/\",\"url\":\"https:\/\/www.mpppst.gob.ve\/mpppstweb\/wp-content\/uploads\/2025\/07\/cropped-cropped-g910.png\",\"contentUrl\":\"https:\/\/www.mpppst.gob.ve\/mpppstweb\/wp-content\/uploads\/2025\/07\/cropped-cropped-g910.png\",\"width\":1080,\"height\":241,\"caption\":\"mpppst\"},\"image\":{\"@id\":\"https:\/\/www.mpppst.gob.ve\/mpppstweb\/#\/schema\/logo\/image\/\"}},{\"@type\":\"Person\",\"@id\":\"https:\/\/www.mpppst.gob.ve\/mpppstweb\/#\/schema\/person\/fc187ee8ead412bd4c9304b62f900ea4\",\"name\":\"MPPPST Prensa\",\"url\":\"https:\/\/www.mpppst.gob.ve\/mpppstweb\/index.php\/author\/prensa-mpppst\/\"}]}<\/script>\n<!-- \/ Yoast SEO plugin. -->","yoast_head_json":{"title":"Innovadores y poder popular se re\u00fanen para presentar propuestas contra la guerra econ\u00f3mica - MPPPST","robots":{"index":"index","follow":"follow","max-snippet":"max-snippet:-1","max-image-preview":"max-image-preview:large","max-video-preview":"max-video-preview:-1"},"canonical":"https:\/\/www.mpppst.gob.ve\/mpppstweb\/index.php\/2016\/03\/10\/innovadores-y-poder-popular-se-reunen-para-presentar-propuestas-contra-la-guerra-economica-2\/","og_locale":"es_ES","og_type":"article","og_title":"Innovadores y poder popular se re\u00fanen para presentar propuestas contra la guerra econ\u00f3mica - MPPPST","og_description":"comenz\u00f3 el Encuentro Socioproductivo hacia la Inventiva Popular y la Tecnolog\u00eda de la Necesidad,","og_url":"https:\/\/www.mpppst.gob.ve\/mpppstweb\/index.php\/2016\/03\/10\/innovadores-y-poder-popular-se-reunen-para-presentar-propuestas-contra-la-guerra-economica-2\/","og_site_name":"MPPPST","article_published_time":"2016-03-10T15:29:31+00:00","article_modified_time":"2016-07-01T20:17:22+00:00","author":"MPPPST Prensa","twitter_card":"summary_large_image","twitter_misc":{"Escrito por":"MPPPST Prensa","Tiempo de lectura":"1 minuto"},"schema":{"@context":"https:\/\/schema.org","@graph":[{"@type":"Article","@id":"https:\/\/www.mpppst.gob.ve\/mpppstweb\/index.php\/2016\/03\/10\/innovadores-y-poder-popular-se-reunen-para-presentar-propuestas-contra-la-guerra-economica-2\/#article","isPartOf":{"@id":"https:\/\/www.mpppst.gob.ve\/mpppstweb\/index.php\/2016\/03\/10\/innovadores-y-poder-popular-se-reunen-para-presentar-propuestas-contra-la-guerra-economica-2\/"},"author":{"name":"MPPPST Prensa","@id":"https:\/\/www.mpppst.gob.ve\/mpppstweb\/#\/schema\/person\/fc187ee8ead412bd4c9304b62f900ea4"},"headline":"Innovadores y poder popular se re\u00fanen para presentar propuestas contra la guerra econ\u00f3mica","datePublished":"2016-03-10T15:29:31+00:00","dateModified":"2016-07-01T20:17:22+00:00","mainEntityOfPage":{"@id":"https:\/\/www.mpppst.gob.ve\/mpppstweb\/index.php\/2016\/03\/10\/innovadores-y-poder-popular-se-reunen-para-presentar-propuestas-contra-la-guerra-economica-2\/"},"wordCount":246,"publisher":{"@id":"https:\/\/www.mpppst.gob.ve\/mpppstweb\/#organization"},"image":{"@id":"https:\/\/www.mpppst.gob.ve\/mpppstweb\/index.php\/2016\/03\/10\/innovadores-y-poder-popular-se-reunen-para-presentar-propuestas-contra-la-guerra-economica-2\/#primaryimage"},"thumbnailUrl":"","articleSection":["Gobierno Nacional"],"inLanguage":"es"},{"@type":"WebPage","@id":"https:\/\/www.mpppst.gob.ve\/mpppstweb\/index.php\/2016\/03\/10\/innovadores-y-poder-popular-se-reunen-para-presentar-propuestas-contra-la-guerra-economica-2\/","url":"https:\/\/www.mpppst.gob.ve\/mpppstweb\/index.php\/2016\/03\/10\/innovadores-y-poder-popular-se-reunen-para-presentar-propuestas-contra-la-guerra-economica-2\/","name":"Innovadores y poder popular se re\u00fanen para presentar propuestas contra la guerra econ\u00f3mica - MPPPST","isPartOf":{"@id":"https:\/\/www.mpppst.gob.ve\/mpppstweb\/#website"},"primaryImageOfPage":{"@id":"https:\/\/www.mpppst.gob.ve\/mpppstweb\/index.php\/2016\/03\/10\/innovadores-y-poder-popular-se-reunen-para-presentar-propuestas-contra-la-guerra-economica-2\/#primaryimage"},"image":{"@id":"https:\/\/www.mpppst.gob.ve\/mpppstweb\/index.php\/2016\/03\/10\/innovadores-y-poder-popular-se-reunen-para-presentar-propuestas-contra-la-guerra-economica-2\/#primaryimage"},"thumbnailUrl":"","datePublished":"2016-03-10T15:29:31+00:00","dateModified":"2016-07-01T20:17:22+00:00","breadcrumb":{"@id":"https:\/\/www.mpppst.gob.ve\/mpppstweb\/index.php\/2016\/03\/10\/innovadores-y-poder-popular-se-reunen-para-presentar-propuestas-contra-la-guerra-economica-2\/#breadcrumb"},"inLanguage":"es","potentialAction":[{"@type":"ReadAction","target":["https:\/\/www.mpppst.gob.ve\/mpppstweb\/index.php\/2016\/03\/10\/innovadores-y-poder-popular-se-reunen-para-presentar-propuestas-contra-la-guerra-economica-2\/"]}]},{"@type":"ImageObject","inLanguage":"es","@id":"https:\/\/www.mpppst.gob.ve\/mpppstweb\/index.php\/2016\/03\/10\/innovadores-y-poder-popular-se-reunen-para-presentar-propuestas-contra-la-guerra-economica-2\/#primaryimage","url":"","contentUrl":""},{"@type":"BreadcrumbList","@id":"https:\/\/www.mpppst.gob.ve\/mpppstweb\/index.php\/2016\/03\/10\/innovadores-y-poder-popular-se-reunen-para-presentar-propuestas-contra-la-guerra-economica-2\/#breadcrumb","itemListElement":[{"@type":"ListItem","position":1,"name":"Home","item":"https:\/\/www.mpppst.gob.ve\/mpppstweb\/"},{"@type":"ListItem","position":2,"name":"Innovadores y poder popular se re\u00fanen para presentar propuestas contra la guerra econ\u00f3mica"}]},{"@type":"WebSite","@id":"https:\/\/www.mpppst.gob.ve\/mpppstweb\/#website","url":"https:\/\/www.mpppst.gob.ve\/mpppstweb\/","name":"MPPPST","description":"Ministerio del Poder Popular para el Proceso Social de Trabajo","publisher":{"@id":"https:\/\/www.mpppst.gob.ve\/mpppstweb\/#organization"},"potentialAction":[{"@type":"SearchAction","target":{"@type":"EntryPoint","urlTemplate":"https:\/\/www.mpppst.gob.ve\/mpppstweb\/?s={search_term_string}"},"query-input":"required name=search_term_string"}],"inLanguage":"es"},{"@type":"Organization","@id":"https:\/\/www.mpppst.gob.ve\/mpppstweb\/#organization","name":"mpppst","url":"https:\/\/www.mpppst.gob.ve\/mpppstweb\/","logo":{"@type":"ImageObject","inLanguage":"es","@id":"https:\/\/www.mpppst.gob.ve\/mpppstweb\/#\/schema\/logo\/image\/","url":"https:\/\/www.mpppst.gob.ve\/mpppstweb\/wp-content\/uploads\/2025\/07\/cropped-cropped-g910.png","contentUrl":"https:\/\/www.mpppst.gob.ve\/mpppstweb\/wp-content\/uploads\/2025\/07\/cropped-cropped-g910.png","width":1080,"height":241,"caption":"mpppst"},"image":{"@id":"https:\/\/www.mpppst.gob.ve\/mpppstweb\/#\/schema\/logo\/image\/"}},{"@type":"Person","@id":"https:\/\/www.mpppst.gob.ve\/mpppstweb\/#\/schema\/person\/fc187ee8ead412bd4c9304b62f900ea4","name":"MPPPST Prensa","url":"https:\/\/www.mpppst.gob.ve\/mpppstweb\/index.php\/author\/prensa-mpppst\/"}]}},"_links":{"self":[{"href":"https:\/\/www.mpppst.gob.ve\/mpppstweb\/index.php\/wp-json\/wp\/v2\/posts\/5034"}],"collection":[{"href":"https:\/\/www.mpppst.gob.ve\/mpppstweb\/index.php\/wp-json\/wp\/v2\/posts"}],"about":[{"href":"https:\/\/www.mpppst.gob.ve\/mpppstweb\/index.php\/wp-json\/wp\/v2\/types\/post"}],"author":[{"embeddable":true,"href":"https:\/\/www.mpppst.gob.ve\/mpppstweb\/index.php\/wp-json\/wp\/v2\/users\/25"}],"replies":[{"embeddable":true,"href":"https:\/\/www.mpppst.gob.ve\/mpppstweb\/index.php\/wp-json\/wp\/v2\/comments?post=5034"}],"version-history":[{"count":1,"href":"https:\/\/www.mpppst.gob.ve\/mpppstweb\/index.php\/wp-json\/wp\/v2\/posts\/5034\/revisions"}],"predecessor-version":[{"id":7085,"href":"https:\/\/www.mpppst.gob.ve\/mpppstweb\/index.php\/wp-json\/wp\/v2\/posts\/5034\/revisions\/7085"}],"wp:featuredmedia":[{"embeddable":true,"href":"https:\/\/www.mpppst.gob.ve\/mpppstweb\/index.php\/wp-json\/"}],"wp:attachment":[{"href":"https:\/\/www.mpppst.gob.ve\/mpppstweb\/index.php\/wp-json\/wp\/v2\/media?parent=5034"}],"wp:term":[{"taxonomy":"category","embeddable":true,"href":"https:\/\/www.mpppst.gob.ve\/mpppstweb\/index.php\/wp-json\/wp\/v2\/categories?post=5034"},{"taxonomy":"post_tag","embeddable":true,"href":"https:\/\/www.mpppst.gob.ve\/mpppstweb\/index.php\/wp-json\/wp\/v2\/tags?post=5034"}],"curies":[{"name":"wp","href":"https:\/\/api.w.org\/{rel}","templated":true}]}}