{"id":5054,"date":"2016-03-12T13:00:26","date_gmt":"2016-03-12T13:00:26","guid":{"rendered":"http:\/\/www.mpppst.gob.ve\/mpppstweb\/?p=5054"},"modified":"2016-07-01T20:18:58","modified_gmt":"2016-07-01T20:18:58","slug":"ministro-oswaldo-vera-la-clase-obrera-esta-llamada-a-cambiar-el-modelo-productivo","status":"publish","type":"post","link":"https:\/\/www.mpppst.gob.ve\/mpppstweb\/index.php\/2016\/03\/12\/ministro-oswaldo-vera-la-clase-obrera-esta-llamada-a-cambiar-el-modelo-productivo\/","title":{"rendered":"Ministro Oswaldo Vera: La clase obrera est\u00e1 llamada a cambiar el modelo productivo"},"content":{"rendered":"<p style=\"text-align: justify;\">Desde la planta Venezolana del Vidrio (Venvidrio) en Los Guayos, estado Carabobo, el ministro del Poder Popular para el Proceso Social de Trabajo, Oswaldo Vera, se refiri\u00f3 a la necesidad de convertir a la clase obrera del pa\u00eds en la clase que dirija la Revoluci\u00f3n Bolivariana desde el punto de vista productivo, lo cual representa un gran reto en la actualidad. Vera hizo tal se\u00f1alamiento desde la planta Vendvidrio, que produce 6 millones de envases de vidrio al d\u00eda, los cuales son exportados a pa\u00edses de Centroam\u00e9rica y de El Caribe. Se trata de una planta nacionalizada que antiguamente operaba bajo el nombre de Owens Illinois.<\/p>\n<p style=\"text-align: justify;\"><strong>Econom\u00eda productiva y empoderamiento de la clase obrera<\/strong><br \/>\nLuego del recorrido por la planta, una invitaci\u00f3n que fue realizada por Ghimi Santini, Presidente de la referida empresa, con el fin de que el ministro promoviera el impulso del proceso de concientizaci\u00f3n de la clase obrera, destacando el empoderamiento alcanzado por los trabajadores del pa\u00eds, el ministro Vera particip\u00f3 en el Foro itinerante sobre \u201cel impulso a la econom\u00eda productiva y el empoderamiento de la clase obrera\u201d, desde donde explic\u00f3 que \u201cahora somos una sociedad m\u00e1s justa e igualitaria\u201d, al tiempo que rememoraba los beneficios que ha recibido la clase obrera del pa\u00eds en el contexto de la Revoluci\u00f3n: \u201chemos llevado el desempleo a 6%, ahora los viejitos cobran una pensi\u00f3n que es equivalente al salario m\u00ednimo\u201d; adem\u00e1s, los trabajadores del pa\u00eds han recibido en los primeros 16 a\u00f1os de Revoluci\u00f3n Bolivariana 32 incrementos salariales. Y solo en el a\u00f1o 2015 el jefe de Estado, Nicol\u00e1s Maduro, decret\u00f3 cuatro aumentos salariales con el fin de proteger el salario de los trabajadores de la ofensiva econ\u00f3mica a la que ha estado sometido el pa\u00eds.<br \/>\n\u201cHoy somos un pa\u00eds m\u00e1s independiente, soberano y tomamos nuestras propias decisiones. Ya no somos el patio trasero de los Estados Unidos\u201d, se\u00f1al\u00f3 el Ministro, quien adem\u00e1s hizo un llamado a la conciencia y a desatar nuestras fuerzas revolucionarias, pues \u201cVenezuela sigue siendo amenazada por el Imperio\u201d.<\/p>\n<p style=\"text-align: justify;\"><strong>Un Ministerio del poder popular y de los trabajadores<\/strong><br \/>\nEl argumento anterior le permiti\u00f3 al ministro se\u00f1alar que la clase obrera debe asumir la vigilancia y observaci\u00f3n en torno a los procesos productivos, tanto en la empresa privada como en las empresas del Estado. \u201cEs necesario corregir lo que hay que corregir\u2026 Vamos a convertir al Ministerio en el Ministerio del Poder Popular y de los trabajadores\u201d. Asimismo, agreg\u00f3 que el MPPPST garantizar\u00e1 los derechos de los trabajadores y de las trabajadoras y que toda la clase obrera est\u00e1 llamada a comprender la imperiosa necesidad de cambiar el modelo productivo. \u201cLleg\u00f3 la hora de la clase obrera, lleg\u00f3 la hora de empoderarnos\u201d.<br \/>\nTambi\u00e9n se refiri\u00f3 a la necesidad de defender la Patria en esta coyuntura, en la que las estrategias imperiales, a trav\u00e9s de distintos m\u00e9todos, no cesan: \u201cTenemos que defender la Patria, tenemos mucho que reivindicar en Revoluci\u00f3n\u201d. Y en tal sentido acot\u00f3 que el Presidente Nicol\u00e1s Maduro cuenta con una Fuerza Armada Nacional Bolivariana (FANB) y con una clase obrera para salir victoriosos.<\/p>\n<p style=\"text-align: justify;\">Por: Marbelys Mav\u00e1rez<\/p>\n","protected":false},"excerpt":{"rendered":"<p>El ministro Oswaldo Vera se refiri\u00f3 a la necesidad de convertir a la clase obrera del pa\u00eds en la clase que dirija la Revoluci\u00f3n Bolivariana desde el punto de vista productivo<\/p>\n","protected":false},"author":25,"featured_media":5055,"comment_status":"closed","ping_status":"closed","sticky":false,"template":"","format":"standard","meta":{"footnotes":""},"categories":[83],"tags":[],"yoast_head":"<!-- This site is optimized with the Yoast SEO plugin v22.5 - https:\/\/yoast.com\/wordpress\/plugins\/seo\/ -->\n<title>Ministro Oswaldo Vera: La clase obrera est\u00e1 llamada a cambiar el modelo productivo - MPPPST<\/title>\n<meta name=\"robots\" content=\"index, follow, max-snippet:-1, max-image-preview:large, max-video-preview:-1\" \/>\n<link rel=\"canonical\" href=\"https:\/\/www.mpppst.gob.ve\/mpppstweb\/index.php\/2016\/03\/12\/ministro-oswaldo-vera-la-clase-obrera-esta-llamada-a-cambiar-el-modelo-productivo\/\" \/>\n<meta property=\"og:locale\" content=\"es_ES\" \/>\n<meta property=\"og:type\" content=\"article\" \/>\n<meta property=\"og:title\" content=\"Ministro Oswaldo Vera: La clase obrera est\u00e1 llamada a cambiar el modelo productivo - MPPPST\" \/>\n<meta property=\"og:description\" content=\"El ministro Oswaldo Vera se refiri\u00f3 a la necesidad de convertir a la clase obrera del pa\u00eds en la clase que dirija la Revoluci\u00f3n Bolivariana desde el punto de vista productivo\" \/>\n<meta property=\"og:url\" content=\"https:\/\/www.mpppst.gob.ve\/mpppstweb\/index.php\/2016\/03\/12\/ministro-oswaldo-vera-la-clase-obrera-esta-llamada-a-cambiar-el-modelo-productivo\/\" \/>\n<meta property=\"og:site_name\" content=\"MPPPST\" \/>\n<meta property=\"article:published_time\" content=\"2016-03-12T13:00:26+00:00\" \/>\n<meta property=\"article:modified_time\" content=\"2016-07-01T20:18:58+00:00\" \/>\n<meta property=\"og:image\" content=\"https:\/\/www.mpppst.gob.ve\/mpppstweb\/wp-content\/uploads\/2016\/03\/Ministro-Vera-en-Venvidrio.jpg\" \/>\n\t<meta property=\"og:image:width\" content=\"640\" \/>\n\t<meta property=\"og:image:height\" content=\"480\" \/>\n\t<meta property=\"og:image:type\" content=\"image\/jpeg\" \/>\n<meta name=\"author\" content=\"MPPPST Prensa\" \/>\n<meta name=\"twitter:card\" content=\"summary_large_image\" \/>\n<meta name=\"twitter:label1\" content=\"Escrito por\" \/>\n\t<meta name=\"twitter:data1\" content=\"MPPPST Prensa\" \/>\n\t<meta name=\"twitter:label2\" content=\"Tiempo de lectura\" \/>\n\t<meta name=\"twitter:data2\" content=\"3 minutos\" \/>\n<script type=\"application\/ld+json\" class=\"yoast-schema-graph\">{\"@context\":\"https:\/\/schema.org\",\"@graph\":[{\"@type\":\"Article\",\"@id\":\"https:\/\/www.mpppst.gob.ve\/mpppstweb\/index.php\/2016\/03\/12\/ministro-oswaldo-vera-la-clase-obrera-esta-llamada-a-cambiar-el-modelo-productivo\/#article\",\"isPartOf\":{\"@id\":\"https:\/\/www.mpppst.gob.ve\/mpppstweb\/index.php\/2016\/03\/12\/ministro-oswaldo-vera-la-clase-obrera-esta-llamada-a-cambiar-el-modelo-productivo\/\"},\"author\":{\"name\":\"MPPPST Prensa\",\"@id\":\"https:\/\/www.mpppst.gob.ve\/mpppstweb\/#\/schema\/person\/fc187ee8ead412bd4c9304b62f900ea4\"},\"headline\":\"Ministro Oswaldo Vera: La clase obrera est\u00e1 llamada a cambiar el modelo productivo\",\"datePublished\":\"2016-03-12T13:00:26+00:00\",\"dateModified\":\"2016-07-01T20:18:58+00:00\",\"mainEntityOfPage\":{\"@id\":\"https:\/\/www.mpppst.gob.ve\/mpppstweb\/index.php\/2016\/03\/12\/ministro-oswaldo-vera-la-clase-obrera-esta-llamada-a-cambiar-el-modelo-productivo\/\"},\"wordCount\":557,\"publisher\":{\"@id\":\"https:\/\/www.mpppst.gob.ve\/mpppstweb\/#organization\"},\"image\":{\"@id\":\"https:\/\/www.mpppst.gob.ve\/mpppstweb\/index.php\/2016\/03\/12\/ministro-oswaldo-vera-la-clase-obrera-esta-llamada-a-cambiar-el-modelo-productivo\/#primaryimage\"},\"thumbnailUrl\":\"https:\/\/www.mpppst.gob.ve\/mpppstweb\/wp-content\/uploads\/2016\/03\/Ministro-Vera-en-Venvidrio.jpg\",\"articleSection\":[\"Ministerio\"],\"inLanguage\":\"es\"},{\"@type\":\"WebPage\",\"@id\":\"https:\/\/www.mpppst.gob.ve\/mpppstweb\/index.php\/2016\/03\/12\/ministro-oswaldo-vera-la-clase-obrera-esta-llamada-a-cambiar-el-modelo-productivo\/\",\"url\":\"https:\/\/www.mpppst.gob.ve\/mpppstweb\/index.php\/2016\/03\/12\/ministro-oswaldo-vera-la-clase-obrera-esta-llamada-a-cambiar-el-modelo-productivo\/\",\"name\":\"Ministro Oswaldo Vera: La clase obrera est\u00e1 llamada a cambiar el modelo productivo - MPPPST\",\"isPartOf\":{\"@id\":\"https:\/\/www.mpppst.gob.ve\/mpppstweb\/#website\"},\"primaryImageOfPage\":{\"@id\":\"https:\/\/www.mpppst.gob.ve\/mpppstweb\/index.php\/2016\/03\/12\/ministro-oswaldo-vera-la-clase-obrera-esta-llamada-a-cambiar-el-modelo-productivo\/#primaryimage\"},\"image\":{\"@id\":\"https:\/\/www.mpppst.gob.ve\/mpppstweb\/index.php\/2016\/03\/12\/ministro-oswaldo-vera-la-clase-obrera-esta-llamada-a-cambiar-el-modelo-productivo\/#primaryimage\"},\"thumbnailUrl\":\"https:\/\/www.mpppst.gob.ve\/mpppstweb\/wp-content\/uploads\/2016\/03\/Ministro-Vera-en-Venvidrio.jpg\",\"datePublished\":\"2016-03-12T13:00:26+00:00\",\"dateModified\":\"2016-07-01T20:18:58+00:00\",\"breadcrumb\":{\"@id\":\"https:\/\/www.mpppst.gob.ve\/mpppstweb\/index.php\/2016\/03\/12\/ministro-oswaldo-vera-la-clase-obrera-esta-llamada-a-cambiar-el-modelo-productivo\/#breadcrumb\"},\"inLanguage\":\"es\",\"potentialAction\":[{\"@type\":\"ReadAction\",\"target\":[\"https:\/\/www.mpppst.gob.ve\/mpppstweb\/index.php\/2016\/03\/12\/ministro-oswaldo-vera-la-clase-obrera-esta-llamada-a-cambiar-el-modelo-productivo\/\"]}]},{\"@type\":\"ImageObject\",\"inLanguage\":\"es\",\"@id\":\"https:\/\/www.mpppst.gob.ve\/mpppstweb\/index.php\/2016\/03\/12\/ministro-oswaldo-vera-la-clase-obrera-esta-llamada-a-cambiar-el-modelo-productivo\/#primaryimage\",\"url\":\"https:\/\/www.mpppst.gob.ve\/mpppstweb\/wp-content\/uploads\/2016\/03\/Ministro-Vera-en-Venvidrio.jpg\",\"contentUrl\":\"https:\/\/www.mpppst.gob.ve\/mpppstweb\/wp-content\/uploads\/2016\/03\/Ministro-Vera-en-Venvidrio.jpg\",\"width\":640,\"height\":480},{\"@type\":\"BreadcrumbList\",\"@id\":\"https:\/\/www.mpppst.gob.ve\/mpppstweb\/index.php\/2016\/03\/12\/ministro-oswaldo-vera-la-clase-obrera-esta-llamada-a-cambiar-el-modelo-productivo\/#breadcrumb\",\"itemListElement\":[{\"@type\":\"ListItem\",\"position\":1,\"name\":\"Home\",\"item\":\"https:\/\/www.mpppst.gob.ve\/mpppstweb\/\"},{\"@type\":\"ListItem\",\"position\":2,\"name\":\"Ministro Oswaldo Vera: La clase obrera est\u00e1 llamada a cambiar el modelo productivo\"}]},{\"@type\":\"WebSite\",\"@id\":\"https:\/\/www.mpppst.gob.ve\/mpppstweb\/#website\",\"url\":\"https:\/\/www.mpppst.gob.ve\/mpppstweb\/\",\"name\":\"MPPPST\",\"description\":\"Ministerio del Poder Popular para el Proceso Social de Trabajo\",\"publisher\":{\"@id\":\"https:\/\/www.mpppst.gob.ve\/mpppstweb\/#organization\"},\"potentialAction\":[{\"@type\":\"SearchAction\",\"target\":{\"@type\":\"EntryPoint\",\"urlTemplate\":\"https:\/\/www.mpppst.gob.ve\/mpppstweb\/?s={search_term_string}\"},\"query-input\":\"required name=search_term_string\"}],\"inLanguage\":\"es\"},{\"@type\":\"Organization\",\"@id\":\"https:\/\/www.mpppst.gob.ve\/mpppstweb\/#organization\",\"name\":\"mpppst\",\"url\":\"https:\/\/www.mpppst.gob.ve\/mpppstweb\/\",\"logo\":{\"@type\":\"ImageObject\",\"inLanguage\":\"es\",\"@id\":\"https:\/\/www.mpppst.gob.ve\/mpppstweb\/#\/schema\/logo\/image\/\",\"url\":\"https:\/\/www.mpppst.gob.ve\/mpppstweb\/wp-content\/uploads\/2025\/07\/cropped-cropped-g910.png\",\"contentUrl\":\"https:\/\/www.mpppst.gob.ve\/mpppstweb\/wp-content\/uploads\/2025\/07\/cropped-cropped-g910.png\",\"width\":1080,\"height\":241,\"caption\":\"mpppst\"},\"image\":{\"@id\":\"https:\/\/www.mpppst.gob.ve\/mpppstweb\/#\/schema\/logo\/image\/\"}},{\"@type\":\"Person\",\"@id\":\"https:\/\/www.mpppst.gob.ve\/mpppstweb\/#\/schema\/person\/fc187ee8ead412bd4c9304b62f900ea4\",\"name\":\"MPPPST Prensa\",\"url\":\"https:\/\/www.mpppst.gob.ve\/mpppstweb\/index.php\/author\/prensa-mpppst\/\"}]}<\/script>\n<!-- \/ Yoast SEO plugin. -->","yoast_head_json":{"title":"Ministro Oswaldo Vera: La clase obrera est\u00e1 llamada a cambiar el modelo productivo - MPPPST","robots":{"index":"index","follow":"follow","max-snippet":"max-snippet:-1","max-image-preview":"max-image-preview:large","max-video-preview":"max-video-preview:-1"},"canonical":"https:\/\/www.mpppst.gob.ve\/mpppstweb\/index.php\/2016\/03\/12\/ministro-oswaldo-vera-la-clase-obrera-esta-llamada-a-cambiar-el-modelo-productivo\/","og_locale":"es_ES","og_type":"article","og_title":"Ministro Oswaldo Vera: La clase obrera est\u00e1 llamada a cambiar el modelo productivo - MPPPST","og_description":"El ministro Oswaldo Vera se refiri\u00f3 a la necesidad de convertir a la clase obrera del pa\u00eds en la clase que dirija la Revoluci\u00f3n Bolivariana desde el punto de vista productivo","og_url":"https:\/\/www.mpppst.gob.ve\/mpppstweb\/index.php\/2016\/03\/12\/ministro-oswaldo-vera-la-clase-obrera-esta-llamada-a-cambiar-el-modelo-productivo\/","og_site_name":"MPPPST","article_published_time":"2016-03-12T13:00:26+00:00","article_modified_time":"2016-07-01T20:18:58+00:00","og_image":[{"width":640,"height":480,"url":"https:\/\/www.mpppst.gob.ve\/mpppstweb\/wp-content\/uploads\/2016\/03\/Ministro-Vera-en-Venvidrio.jpg","type":"image\/jpeg"}],"author":"MPPPST Prensa","twitter_card":"summary_large_image","twitter_misc":{"Escrito por":"MPPPST Prensa","Tiempo de lectura":"3 minutos"},"schema":{"@context":"https:\/\/schema.org","@graph":[{"@type":"Article","@id":"https:\/\/www.mpppst.gob.ve\/mpppstweb\/index.php\/2016\/03\/12\/ministro-oswaldo-vera-la-clase-obrera-esta-llamada-a-cambiar-el-modelo-productivo\/#article","isPartOf":{"@id":"https:\/\/www.mpppst.gob.ve\/mpppstweb\/index.php\/2016\/03\/12\/ministro-oswaldo-vera-la-clase-obrera-esta-llamada-a-cambiar-el-modelo-productivo\/"},"author":{"name":"MPPPST Prensa","@id":"https:\/\/www.mpppst.gob.ve\/mpppstweb\/#\/schema\/person\/fc187ee8ead412bd4c9304b62f900ea4"},"headline":"Ministro Oswaldo Vera: La clase obrera est\u00e1 llamada a cambiar el modelo productivo","datePublished":"2016-03-12T13:00:26+00:00","dateModified":"2016-07-01T20:18:58+00:00","mainEntityOfPage":{"@id":"https:\/\/www.mpppst.gob.ve\/mpppstweb\/index.php\/2016\/03\/12\/ministro-oswaldo-vera-la-clase-obrera-esta-llamada-a-cambiar-el-modelo-productivo\/"},"wordCount":557,"publisher":{"@id":"https:\/\/www.mpppst.gob.ve\/mpppstweb\/#organization"},"image":{"@id":"https:\/\/www.mpppst.gob.ve\/mpppstweb\/index.php\/2016\/03\/12\/ministro-oswaldo-vera-la-clase-obrera-esta-llamada-a-cambiar-el-modelo-productivo\/#primaryimage"},"thumbnailUrl":"https:\/\/www.mpppst.gob.ve\/mpppstweb\/wp-content\/uploads\/2016\/03\/Ministro-Vera-en-Venvidrio.jpg","articleSection":["Ministerio"],"inLanguage":"es"},{"@type":"WebPage","@id":"https:\/\/www.mpppst.gob.ve\/mpppstweb\/index.php\/2016\/03\/12\/ministro-oswaldo-vera-la-clase-obrera-esta-llamada-a-cambiar-el-modelo-productivo\/","url":"https:\/\/www.mpppst.gob.ve\/mpppstweb\/index.php\/2016\/03\/12\/ministro-oswaldo-vera-la-clase-obrera-esta-llamada-a-cambiar-el-modelo-productivo\/","name":"Ministro Oswaldo Vera: La clase obrera est\u00e1 llamada a cambiar el modelo productivo - MPPPST","isPartOf":{"@id":"https:\/\/www.mpppst.gob.ve\/mpppstweb\/#website"},"primaryImageOfPage":{"@id":"https:\/\/www.mpppst.gob.ve\/mpppstweb\/index.php\/2016\/03\/12\/ministro-oswaldo-vera-la-clase-obrera-esta-llamada-a-cambiar-el-modelo-productivo\/#primaryimage"},"image":{"@id":"https:\/\/www.mpppst.gob.ve\/mpppstweb\/index.php\/2016\/03\/12\/ministro-oswaldo-vera-la-clase-obrera-esta-llamada-a-cambiar-el-modelo-productivo\/#primaryimage"},"thumbnailUrl":"https:\/\/www.mpppst.gob.ve\/mpppstweb\/wp-content\/uploads\/2016\/03\/Ministro-Vera-en-Venvidrio.jpg","datePublished":"2016-03-12T13:00:26+00:00","dateModified":"2016-07-01T20:18:58+00:00","breadcrumb":{"@id":"https:\/\/www.mpppst.gob.ve\/mpppstweb\/index.php\/2016\/03\/12\/ministro-oswaldo-vera-la-clase-obrera-esta-llamada-a-cambiar-el-modelo-productivo\/#breadcrumb"},"inLanguage":"es","potentialAction":[{"@type":"ReadAction","target":["https:\/\/www.mpppst.gob.ve\/mpppstweb\/index.php\/2016\/03\/12\/ministro-oswaldo-vera-la-clase-obrera-esta-llamada-a-cambiar-el-modelo-productivo\/"]}]},{"@type":"ImageObject","inLanguage":"es","@id":"https:\/\/www.mpppst.gob.ve\/mpppstweb\/index.php\/2016\/03\/12\/ministro-oswaldo-vera-la-clase-obrera-esta-llamada-a-cambiar-el-modelo-productivo\/#primaryimage","url":"https:\/\/www.mpppst.gob.ve\/mpppstweb\/wp-content\/uploads\/2016\/03\/Ministro-Vera-en-Venvidrio.jpg","contentUrl":"https:\/\/www.mpppst.gob.ve\/mpppstweb\/wp-content\/uploads\/2016\/03\/Ministro-Vera-en-Venvidrio.jpg","width":640,"height":480},{"@type":"BreadcrumbList","@id":"https:\/\/www.mpppst.gob.ve\/mpppstweb\/index.php\/2016\/03\/12\/ministro-oswaldo-vera-la-clase-obrera-esta-llamada-a-cambiar-el-modelo-productivo\/#breadcrumb","itemListElement":[{"@type":"ListItem","position":1,"name":"Home","item":"https:\/\/www.mpppst.gob.ve\/mpppstweb\/"},{"@type":"ListItem","position":2,"name":"Ministro Oswaldo Vera: La clase obrera est\u00e1 llamada a cambiar el modelo productivo"}]},{"@type":"WebSite","@id":"https:\/\/www.mpppst.gob.ve\/mpppstweb\/#website","url":"https:\/\/www.mpppst.gob.ve\/mpppstweb\/","name":"MPPPST","description":"Ministerio del Poder Popular para el Proceso Social de Trabajo","publisher":{"@id":"https:\/\/www.mpppst.gob.ve\/mpppstweb\/#organization"},"potentialAction":[{"@type":"SearchAction","target":{"@type":"EntryPoint","urlTemplate":"https:\/\/www.mpppst.gob.ve\/mpppstweb\/?s={search_term_string}"},"query-input":"required name=search_term_string"}],"inLanguage":"es"},{"@type":"Organization","@id":"https:\/\/www.mpppst.gob.ve\/mpppstweb\/#organization","name":"mpppst","url":"https:\/\/www.mpppst.gob.ve\/mpppstweb\/","logo":{"@type":"ImageObject","inLanguage":"es","@id":"https:\/\/www.mpppst.gob.ve\/mpppstweb\/#\/schema\/logo\/image\/","url":"https:\/\/www.mpppst.gob.ve\/mpppstweb\/wp-content\/uploads\/2025\/07\/cropped-cropped-g910.png","contentUrl":"https:\/\/www.mpppst.gob.ve\/mpppstweb\/wp-content\/uploads\/2025\/07\/cropped-cropped-g910.png","width":1080,"height":241,"caption":"mpppst"},"image":{"@id":"https:\/\/www.mpppst.gob.ve\/mpppstweb\/#\/schema\/logo\/image\/"}},{"@type":"Person","@id":"https:\/\/www.mpppst.gob.ve\/mpppstweb\/#\/schema\/person\/fc187ee8ead412bd4c9304b62f900ea4","name":"MPPPST Prensa","url":"https:\/\/www.mpppst.gob.ve\/mpppstweb\/index.php\/author\/prensa-mpppst\/"}]}},"_links":{"self":[{"href":"https:\/\/www.mpppst.gob.ve\/mpppstweb\/index.php\/wp-json\/wp\/v2\/posts\/5054"}],"collection":[{"href":"https:\/\/www.mpppst.gob.ve\/mpppstweb\/index.php\/wp-json\/wp\/v2\/posts"}],"about":[{"href":"https:\/\/www.mpppst.gob.ve\/mpppstweb\/index.php\/wp-json\/wp\/v2\/types\/post"}],"author":[{"embeddable":true,"href":"https:\/\/www.mpppst.gob.ve\/mpppstweb\/index.php\/wp-json\/wp\/v2\/users\/25"}],"replies":[{"embeddable":true,"href":"https:\/\/www.mpppst.gob.ve\/mpppstweb\/index.php\/wp-json\/wp\/v2\/comments?post=5054"}],"version-history":[{"count":1,"href":"https:\/\/www.mpppst.gob.ve\/mpppstweb\/index.php\/wp-json\/wp\/v2\/posts\/5054\/revisions"}],"predecessor-version":[{"id":7088,"href":"https:\/\/www.mpppst.gob.ve\/mpppstweb\/index.php\/wp-json\/wp\/v2\/posts\/5054\/revisions\/7088"}],"wp:featuredmedia":[{"embeddable":true,"href":"https:\/\/www.mpppst.gob.ve\/mpppstweb\/index.php\/wp-json\/wp\/v2\/media\/5055"}],"wp:attachment":[{"href":"https:\/\/www.mpppst.gob.ve\/mpppstweb\/index.php\/wp-json\/wp\/v2\/media?parent=5054"}],"wp:term":[{"taxonomy":"category","embeddable":true,"href":"https:\/\/www.mpppst.gob.ve\/mpppstweb\/index.php\/wp-json\/wp\/v2\/categories?post=5054"},{"taxonomy":"post_tag","embeddable":true,"href":"https:\/\/www.mpppst.gob.ve\/mpppstweb\/index.php\/wp-json\/wp\/v2\/tags?post=5054"}],"curies":[{"name":"wp","href":"https:\/\/api.w.org\/{rel}","templated":true}]}}