{"id":5068,"date":"2016-03-14T09:23:36","date_gmt":"2016-03-14T09:23:36","guid":{"rendered":"http:\/\/www.mpppst.gob.ve\/mpppstweb\/?p=5068"},"modified":"2016-07-01T20:19:35","modified_gmt":"2016-07-01T20:19:35","slug":"caracas-producira-25-millones-de-kilos-de-alimentos-con-la-agricultura-periurbana","status":"publish","type":"post","link":"https:\/\/www.mpppst.gob.ve\/mpppstweb\/index.php\/2016\/03\/14\/caracas-producira-25-millones-de-kilos-de-alimentos-con-la-agricultura-periurbana\/","title":{"rendered":"Caracas producir\u00e1  25 Millones de kilos de alimentos con la agricultura periurbana"},"content":{"rendered":"<p style=\"text-align: justify;\">Con la siembra de 2.700 pl\u00e1ntulas de tomate en el vivero ubicado en el barrio Isa\u00edas Medina Angarita, sector Ni\u00f1o Jes\u00fas de Catia, se inici\u00f3 el Plan Productivo de los 100 d\u00edas que estima cubrir 68% de la demanda de hortalizas de Caracas.<\/p>\n<p style=\"text-align: justify;\">As\u00ed lo dio a conocer el vicepresidente Ejecutivo de la Rep\u00fablica, Arist\u00f3bulo Ist\u00fariz, desde el lugar que fue recuperado por los Consejos Comunales de Catia para convertirlo en sitio para la siembra de alimentos.<\/p>\n<p style=\"text-align: justify;\">\u201cHay un plan para duplicar las hect\u00e1reas. Aqu\u00ed en Caracas tenemos 200 hect\u00e1reas cultivadas. El equipo del alcalde Jorge Rodr\u00edguez ha hecho un plan junto a su equipo para sembrar 405 hect\u00e1reas, esto hace que se eleve a 20 millones de kilos de producci\u00f3n, que significa un 68% de lo que se consume\u201d, asegur\u00f3 Ist\u00fariz.<\/p>\n<p style=\"text-align: justify;\">Seg\u00fan explic\u00f3 el Vicepresidente, una persona consume 15 kilos de hortalizas al a\u00f1o y la ciudad de Caracas consume 36.600.000 kilos. \u201cTeniendo esa informaci\u00f3n podemos planificar la siembra. Hay pa\u00edses que con su agricultura urbana producen lo que ellos consumen y la agricultura rural la usan para exportarla. Nosotros tenemos que usar y fortalecer la agricultura urbana\u201d.<\/p>\n<p style=\"text-align: justify;\">Ist\u00fariz recalc\u00f3 la importancia en la organizaci\u00f3n del Poder Popular y la recuperaci\u00f3n de los espacios para la producci\u00f3n de alimentos.<\/p>\n<p style=\"text-align: justify;\">El sector denominado por la Alcald\u00eda de Caracas como Corredor agroalimentario Carretera Caracas-La Guaira registr\u00f3 varios deslizamientos y p\u00e9rdidas de viviendas durante las fuertes lluvias registradas en 2010, por lo que las y los habitantes de la zona fueron desalojados y ubicados dentro de la Gran Misi\u00f3n Vivienda Venezuela.<\/p>\n<p style=\"text-align: justify;\">\u201cEsto era una zona que estaba en alto riesgo. El comandante Ch\u00e1vez comenz\u00f3 a desalojarla y se demolieron las casas para evitar que fueran nuevamente ocupadas, y ahora construimos espacios como este. Eso es lo que est\u00e1 haciendo la alcald\u00eda y vean c\u00f3mo se puede hacer una transformaci\u00f3n\u201d.<\/p>\n<p style=\"text-align: justify;\">En ese sentido, Ist\u00fariz recalc\u00f3 que la transformaci\u00f3n no solo debe ser del hombre sino del modelo econ\u00f3mico venezolano que se sosten\u00eda con altos precios del petr\u00f3leo y una econom\u00eda de puertos.<\/p>\n<p style=\"text-align: justify;\">La agricultura urbana o periurbana es la actividad productiva que usa espacios dentro de los terrenos de la ciudad y tiene como principal finalidad proveer de alimentos a las distintas comunidades. En Venezuela, la agricultura urbana la llevan adelante las distintas comunidades del pa\u00eds, organizadas en Consejos Comunales y con el apoyo del Gobierno Bolivariano.<\/p>\n<p style=\"text-align: justify;\"><strong>MUERTE AL RENTISMO PETROLERO <\/strong><\/p>\n<p style=\"text-align: justify;\">Ist\u00fariz record\u00f3 que est\u00e1 sometido a una guerra econ\u00f3mica que busca crear descontento en el pueblo con instrumentos especulativos e inflaci\u00f3n inducida como el caso de DolarToday, sin embargo hizo especial \u00e9nfasis en la muerte del rentismo petrolero.<\/p>\n<p style=\"text-align: justify;\">\u201cTenemos 100 a\u00f1os de una econom\u00eda rentista que definitivamente se agot\u00f3. Tenemos que buscar que la gente no solo sienta que se agot\u00f3 sino que con el coraz\u00f3n y el alma lo asumamos de verdad. Venezuela est\u00e1 sometida a una guerra econ\u00f3mica, que tiene un alto contenido pol\u00edtico, para derrotar la Revoluci\u00f3n Bolivariana.<\/p>\n<p style=\"text-align: justify;\">Por esa raz\u00f3n pidi\u00f3 al pueblo incorporarse al trabajo productivo y cambiar no solo el sistema sino la forma de consumir, para hacer una econom\u00eda m\u00e1s sustentable. \u201cLlamamos a la transformaci\u00f3n del hombre, del colectivo. Cada quien debe transformarse. No solo basta con transformar la econom\u00eda, tenemos que transformarnos nosotros; si seguimos con el consumismo que tenemos vamos a tener problemas\u201d.<\/p>\n<p style=\"text-align: justify;\">Sin embargo el Vicepresidente venezolano recalc\u00f3 que la transformaci\u00f3n no va a perjudicar todas las reivindicaciones sociales que se han logrado en Revoluci\u00f3n.<\/p>\n<p style=\"text-align: justify;\"><strong>GUERRA DIRIGIDA<\/strong><\/p>\n<p style=\"text-align: justify;\">Ist\u00fariz explic\u00f3 que en el pa\u00eds hay personas que todav\u00eda no asumen la guerra econ\u00f3mica como una realidad para el venezolano, por lo que puso el ejemplo de Dolar Today.<\/p>\n<p style=\"text-align: justify;\">\u201cEl Dolar Today viene de Miami, va a Colombia y golpea la moneda venezolana. Nos inyecta una inflaci\u00f3n de casi 80%, pero recordemos que es un producto contra nuestra moneda. Tenemos una inflaci\u00f3n pero est\u00e1 el componente inducido de 78% que tambi\u00e9n lo da Dolar Today. \u00bfPor qu\u00e9 no afecta a Colombia o Estados Unidos si viene de Miami? Porque tiene una direccionalidad pol\u00edtica sobre Venezuela\u201d, sostuvo.<\/p>\n<p style=\"text-align: justify;\">En ese punto, record\u00f3 que el pa\u00eds tiene un d\u00e9ficit de divisas, producto del descenso del precio del petr\u00f3leo, situaci\u00f3n que a su juicio es una maniobra imperialista para perjudicar no solo a Venezuela sino a otros pa\u00edses productores, como Rusia.<\/p>\n<p style=\"text-align: justify;\">Agreg\u00f3 que en el pa\u00eds tambi\u00e9n hay personas que colaboran con la guerra econ\u00f3mica, como empresas. \u201cAlgunas terminaron con las presentaciones de 300, 500 y 800 gramos y la ponen en presentaciones de dos kilos. Por lo que antes pon\u00edan 2 millones de unidades pero ahora ponen 500 mil y gastan la misma cantidad de materia prima. Frente a la Guerra econ\u00f3mica solo queda la conciencia y organizaci\u00f3n del pueblo. Este cultivo es una acci\u00f3n organizada del pueblo para enfrentar la guerra econ\u00f3mica. Esto tenemos que hacerlo todos los d\u00edas frente a las distinta expresiones de la guerra econ\u00f3mica\u201d, solicit\u00f3.<\/p>\n<p style=\"text-align: justify;\"><strong>RAMOS ALLUP DEBE RESPETAR<\/strong><\/p>\n<p style=\"text-align: justify;\">El Vicepresidente inst\u00f3 al presidente de la Asamblea Nacional, Henry Ramos Allup, a respetar la figura del presidente de la Rep\u00fablica Bolivariana de Venezuela, Nicol\u00e1s Maduro, si quiere que se le respete como autoridad.<\/p>\n<p style=\"text-align: justify;\">\u201cSi quieres que te respeten como presidente de la AN, empiece a respetar al Presidente de la Rep\u00fablica Bolivariana de Venezuela que fue electo por el pueblo\u201d.<\/p>\n<p style=\"text-align: justify;\">Ist\u00fariz acus\u00f3 a Ramos Allup de ser un instigador y de crear miedo entre la poblaci\u00f3n. \u201cTiene que comportarse como un diputado, no se puede comportar como un tirapiedras, grosero, en la televisi\u00f3n, y amenazar a todo el mundo, asustar a todo el mundo. Aqu\u00ed somos hombres y mujeres y no hay cobardes\u201d, sentenci\u00f3.<\/p>\n<p style=\"text-align: justify;\">Para finalizar, Ist\u00fariz inform\u00f3 que todav\u00eda no ha recibido la convocatoria oficial de la Asamblea Nacional para comparecer. \u201cLo vi y lo escuch\u00e9, pero todav\u00eda no ha llegado el texto oficial y cuando llegue lo estudiaremos\u201d.<\/p>\n","protected":false},"excerpt":{"rendered":"<p>Con la siembra de 2.700 pl\u00e1ntulas de tomate en el barrio Isa\u00edas Medina Angarita, se inici\u00f3 el Plan Productivo de los 100 d\u00edas que estima cubrir 68% de la demanda de hortalizas de Caracas<\/p>\n","protected":false},"author":25,"featured_media":5069,"comment_status":"closed","ping_status":"closed","sticky":false,"template":"","format":"standard","meta":{"footnotes":""},"categories":[82],"tags":[],"yoast_head":"<!-- This site is optimized with the Yoast SEO plugin v22.5 - https:\/\/yoast.com\/wordpress\/plugins\/seo\/ -->\n<title>Caracas producir\u00e1 25 Millones de kilos de alimentos con la agricultura periurbana - MPPPST<\/title>\n<meta name=\"robots\" content=\"index, follow, max-snippet:-1, max-image-preview:large, max-video-preview:-1\" \/>\n<link rel=\"canonical\" href=\"https:\/\/www.mpppst.gob.ve\/mpppstweb\/index.php\/2016\/03\/14\/caracas-producira-25-millones-de-kilos-de-alimentos-con-la-agricultura-periurbana\/\" \/>\n<meta property=\"og:locale\" content=\"es_ES\" \/>\n<meta property=\"og:type\" content=\"article\" \/>\n<meta property=\"og:title\" content=\"Caracas producir\u00e1 25 Millones de kilos de alimentos con la agricultura periurbana - MPPPST\" \/>\n<meta property=\"og:description\" content=\"Con la siembra de 2.700 pl\u00e1ntulas de tomate en el barrio Isa\u00edas Medina Angarita, se inici\u00f3 el Plan Productivo de los 100 d\u00edas que estima cubrir 68% de la demanda de hortalizas de Caracas\" \/>\n<meta property=\"og:url\" content=\"https:\/\/www.mpppst.gob.ve\/mpppstweb\/index.php\/2016\/03\/14\/caracas-producira-25-millones-de-kilos-de-alimentos-con-la-agricultura-periurbana\/\" \/>\n<meta property=\"og:site_name\" content=\"MPPPST\" \/>\n<meta property=\"article:published_time\" content=\"2016-03-14T09:23:36+00:00\" \/>\n<meta property=\"article:modified_time\" content=\"2016-07-01T20:19:35+00:00\" \/>\n<meta property=\"og:image\" content=\"https:\/\/www.mpppst.gob.ve\/mpppstweb\/wp-content\/uploads\/2016\/03\/foto-aris.jpg\" \/>\n\t<meta property=\"og:image:width\" content=\"526\" \/>\n\t<meta property=\"og:image:height\" content=\"349\" \/>\n\t<meta property=\"og:image:type\" content=\"image\/jpeg\" \/>\n<meta name=\"author\" content=\"MPPPST Prensa\" \/>\n<meta name=\"twitter:card\" content=\"summary_large_image\" \/>\n<meta name=\"twitter:label1\" content=\"Escrito por\" \/>\n\t<meta name=\"twitter:data1\" content=\"MPPPST Prensa\" \/>\n\t<meta name=\"twitter:label2\" content=\"Tiempo de lectura\" \/>\n\t<meta name=\"twitter:data2\" content=\"5 minutos\" \/>\n<script type=\"application\/ld+json\" class=\"yoast-schema-graph\">{\"@context\":\"https:\/\/schema.org\",\"@graph\":[{\"@type\":\"Article\",\"@id\":\"https:\/\/www.mpppst.gob.ve\/mpppstweb\/index.php\/2016\/03\/14\/caracas-producira-25-millones-de-kilos-de-alimentos-con-la-agricultura-periurbana\/#article\",\"isPartOf\":{\"@id\":\"https:\/\/www.mpppst.gob.ve\/mpppstweb\/index.php\/2016\/03\/14\/caracas-producira-25-millones-de-kilos-de-alimentos-con-la-agricultura-periurbana\/\"},\"author\":{\"name\":\"MPPPST Prensa\",\"@id\":\"https:\/\/www.mpppst.gob.ve\/mpppstweb\/#\/schema\/person\/fc187ee8ead412bd4c9304b62f900ea4\"},\"headline\":\"Caracas producir\u00e1 25 Millones de kilos de alimentos con la agricultura periurbana\",\"datePublished\":\"2016-03-14T09:23:36+00:00\",\"dateModified\":\"2016-07-01T20:19:35+00:00\",\"mainEntityOfPage\":{\"@id\":\"https:\/\/www.mpppst.gob.ve\/mpppstweb\/index.php\/2016\/03\/14\/caracas-producira-25-millones-de-kilos-de-alimentos-con-la-agricultura-periurbana\/\"},\"wordCount\":1045,\"publisher\":{\"@id\":\"https:\/\/www.mpppst.gob.ve\/mpppstweb\/#organization\"},\"image\":{\"@id\":\"https:\/\/www.mpppst.gob.ve\/mpppstweb\/index.php\/2016\/03\/14\/caracas-producira-25-millones-de-kilos-de-alimentos-con-la-agricultura-periurbana\/#primaryimage\"},\"thumbnailUrl\":\"https:\/\/www.mpppst.gob.ve\/mpppstweb\/wp-content\/uploads\/2016\/03\/foto-aris.jpg\",\"articleSection\":[\"Gobierno Nacional\"],\"inLanguage\":\"es\"},{\"@type\":\"WebPage\",\"@id\":\"https:\/\/www.mpppst.gob.ve\/mpppstweb\/index.php\/2016\/03\/14\/caracas-producira-25-millones-de-kilos-de-alimentos-con-la-agricultura-periurbana\/\",\"url\":\"https:\/\/www.mpppst.gob.ve\/mpppstweb\/index.php\/2016\/03\/14\/caracas-producira-25-millones-de-kilos-de-alimentos-con-la-agricultura-periurbana\/\",\"name\":\"Caracas producir\u00e1 25 Millones de kilos de alimentos con la agricultura periurbana - MPPPST\",\"isPartOf\":{\"@id\":\"https:\/\/www.mpppst.gob.ve\/mpppstweb\/#website\"},\"primaryImageOfPage\":{\"@id\":\"https:\/\/www.mpppst.gob.ve\/mpppstweb\/index.php\/2016\/03\/14\/caracas-producira-25-millones-de-kilos-de-alimentos-con-la-agricultura-periurbana\/#primaryimage\"},\"image\":{\"@id\":\"https:\/\/www.mpppst.gob.ve\/mpppstweb\/index.php\/2016\/03\/14\/caracas-producira-25-millones-de-kilos-de-alimentos-con-la-agricultura-periurbana\/#primaryimage\"},\"thumbnailUrl\":\"https:\/\/www.mpppst.gob.ve\/mpppstweb\/wp-content\/uploads\/2016\/03\/foto-aris.jpg\",\"datePublished\":\"2016-03-14T09:23:36+00:00\",\"dateModified\":\"2016-07-01T20:19:35+00:00\",\"breadcrumb\":{\"@id\":\"https:\/\/www.mpppst.gob.ve\/mpppstweb\/index.php\/2016\/03\/14\/caracas-producira-25-millones-de-kilos-de-alimentos-con-la-agricultura-periurbana\/#breadcrumb\"},\"inLanguage\":\"es\",\"potentialAction\":[{\"@type\":\"ReadAction\",\"target\":[\"https:\/\/www.mpppst.gob.ve\/mpppstweb\/index.php\/2016\/03\/14\/caracas-producira-25-millones-de-kilos-de-alimentos-con-la-agricultura-periurbana\/\"]}]},{\"@type\":\"ImageObject\",\"inLanguage\":\"es\",\"@id\":\"https:\/\/www.mpppst.gob.ve\/mpppstweb\/index.php\/2016\/03\/14\/caracas-producira-25-millones-de-kilos-de-alimentos-con-la-agricultura-periurbana\/#primaryimage\",\"url\":\"https:\/\/www.mpppst.gob.ve\/mpppstweb\/wp-content\/uploads\/2016\/03\/foto-aris.jpg\",\"contentUrl\":\"https:\/\/www.mpppst.gob.ve\/mpppstweb\/wp-content\/uploads\/2016\/03\/foto-aris.jpg\",\"width\":526,\"height\":349},{\"@type\":\"BreadcrumbList\",\"@id\":\"https:\/\/www.mpppst.gob.ve\/mpppstweb\/index.php\/2016\/03\/14\/caracas-producira-25-millones-de-kilos-de-alimentos-con-la-agricultura-periurbana\/#breadcrumb\",\"itemListElement\":[{\"@type\":\"ListItem\",\"position\":1,\"name\":\"Home\",\"item\":\"https:\/\/www.mpppst.gob.ve\/mpppstweb\/\"},{\"@type\":\"ListItem\",\"position\":2,\"name\":\"Caracas producir\u00e1 25 Millones de kilos de alimentos con la agricultura periurbana\"}]},{\"@type\":\"WebSite\",\"@id\":\"https:\/\/www.mpppst.gob.ve\/mpppstweb\/#website\",\"url\":\"https:\/\/www.mpppst.gob.ve\/mpppstweb\/\",\"name\":\"MPPPST\",\"description\":\"Ministerio del Poder Popular para el Proceso Social de Trabajo\",\"publisher\":{\"@id\":\"https:\/\/www.mpppst.gob.ve\/mpppstweb\/#organization\"},\"potentialAction\":[{\"@type\":\"SearchAction\",\"target\":{\"@type\":\"EntryPoint\",\"urlTemplate\":\"https:\/\/www.mpppst.gob.ve\/mpppstweb\/?s={search_term_string}\"},\"query-input\":\"required name=search_term_string\"}],\"inLanguage\":\"es\"},{\"@type\":\"Organization\",\"@id\":\"https:\/\/www.mpppst.gob.ve\/mpppstweb\/#organization\",\"name\":\"mpppst\",\"url\":\"https:\/\/www.mpppst.gob.ve\/mpppstweb\/\",\"logo\":{\"@type\":\"ImageObject\",\"inLanguage\":\"es\",\"@id\":\"https:\/\/www.mpppst.gob.ve\/mpppstweb\/#\/schema\/logo\/image\/\",\"url\":\"https:\/\/www.mpppst.gob.ve\/mpppstweb\/wp-content\/uploads\/2025\/07\/cropped-cropped-g910.png\",\"contentUrl\":\"https:\/\/www.mpppst.gob.ve\/mpppstweb\/wp-content\/uploads\/2025\/07\/cropped-cropped-g910.png\",\"width\":1080,\"height\":241,\"caption\":\"mpppst\"},\"image\":{\"@id\":\"https:\/\/www.mpppst.gob.ve\/mpppstweb\/#\/schema\/logo\/image\/\"}},{\"@type\":\"Person\",\"@id\":\"https:\/\/www.mpppst.gob.ve\/mpppstweb\/#\/schema\/person\/fc187ee8ead412bd4c9304b62f900ea4\",\"name\":\"MPPPST Prensa\",\"url\":\"https:\/\/www.mpppst.gob.ve\/mpppstweb\/index.php\/author\/prensa-mpppst\/\"}]}<\/script>\n<!-- \/ Yoast SEO plugin. -->","yoast_head_json":{"title":"Caracas producir\u00e1 25 Millones de kilos de alimentos con la agricultura periurbana - MPPPST","robots":{"index":"index","follow":"follow","max-snippet":"max-snippet:-1","max-image-preview":"max-image-preview:large","max-video-preview":"max-video-preview:-1"},"canonical":"https:\/\/www.mpppst.gob.ve\/mpppstweb\/index.php\/2016\/03\/14\/caracas-producira-25-millones-de-kilos-de-alimentos-con-la-agricultura-periurbana\/","og_locale":"es_ES","og_type":"article","og_title":"Caracas producir\u00e1 25 Millones de kilos de alimentos con la agricultura periurbana - MPPPST","og_description":"Con la siembra de 2.700 pl\u00e1ntulas de tomate en el barrio Isa\u00edas Medina Angarita, se inici\u00f3 el Plan Productivo de los 100 d\u00edas que estima cubrir 68% de la demanda de hortalizas de Caracas","og_url":"https:\/\/www.mpppst.gob.ve\/mpppstweb\/index.php\/2016\/03\/14\/caracas-producira-25-millones-de-kilos-de-alimentos-con-la-agricultura-periurbana\/","og_site_name":"MPPPST","article_published_time":"2016-03-14T09:23:36+00:00","article_modified_time":"2016-07-01T20:19:35+00:00","og_image":[{"width":526,"height":349,"url":"https:\/\/www.mpppst.gob.ve\/mpppstweb\/wp-content\/uploads\/2016\/03\/foto-aris.jpg","type":"image\/jpeg"}],"author":"MPPPST Prensa","twitter_card":"summary_large_image","twitter_misc":{"Escrito por":"MPPPST Prensa","Tiempo de lectura":"5 minutos"},"schema":{"@context":"https:\/\/schema.org","@graph":[{"@type":"Article","@id":"https:\/\/www.mpppst.gob.ve\/mpppstweb\/index.php\/2016\/03\/14\/caracas-producira-25-millones-de-kilos-de-alimentos-con-la-agricultura-periurbana\/#article","isPartOf":{"@id":"https:\/\/www.mpppst.gob.ve\/mpppstweb\/index.php\/2016\/03\/14\/caracas-producira-25-millones-de-kilos-de-alimentos-con-la-agricultura-periurbana\/"},"author":{"name":"MPPPST Prensa","@id":"https:\/\/www.mpppst.gob.ve\/mpppstweb\/#\/schema\/person\/fc187ee8ead412bd4c9304b62f900ea4"},"headline":"Caracas producir\u00e1 25 Millones de kilos de alimentos con la agricultura periurbana","datePublished":"2016-03-14T09:23:36+00:00","dateModified":"2016-07-01T20:19:35+00:00","mainEntityOfPage":{"@id":"https:\/\/www.mpppst.gob.ve\/mpppstweb\/index.php\/2016\/03\/14\/caracas-producira-25-millones-de-kilos-de-alimentos-con-la-agricultura-periurbana\/"},"wordCount":1045,"publisher":{"@id":"https:\/\/www.mpppst.gob.ve\/mpppstweb\/#organization"},"image":{"@id":"https:\/\/www.mpppst.gob.ve\/mpppstweb\/index.php\/2016\/03\/14\/caracas-producira-25-millones-de-kilos-de-alimentos-con-la-agricultura-periurbana\/#primaryimage"},"thumbnailUrl":"https:\/\/www.mpppst.gob.ve\/mpppstweb\/wp-content\/uploads\/2016\/03\/foto-aris.jpg","articleSection":["Gobierno Nacional"],"inLanguage":"es"},{"@type":"WebPage","@id":"https:\/\/www.mpppst.gob.ve\/mpppstweb\/index.php\/2016\/03\/14\/caracas-producira-25-millones-de-kilos-de-alimentos-con-la-agricultura-periurbana\/","url":"https:\/\/www.mpppst.gob.ve\/mpppstweb\/index.php\/2016\/03\/14\/caracas-producira-25-millones-de-kilos-de-alimentos-con-la-agricultura-periurbana\/","name":"Caracas producir\u00e1 25 Millones de kilos de alimentos con la agricultura periurbana - MPPPST","isPartOf":{"@id":"https:\/\/www.mpppst.gob.ve\/mpppstweb\/#website"},"primaryImageOfPage":{"@id":"https:\/\/www.mpppst.gob.ve\/mpppstweb\/index.php\/2016\/03\/14\/caracas-producira-25-millones-de-kilos-de-alimentos-con-la-agricultura-periurbana\/#primaryimage"},"image":{"@id":"https:\/\/www.mpppst.gob.ve\/mpppstweb\/index.php\/2016\/03\/14\/caracas-producira-25-millones-de-kilos-de-alimentos-con-la-agricultura-periurbana\/#primaryimage"},"thumbnailUrl":"https:\/\/www.mpppst.gob.ve\/mpppstweb\/wp-content\/uploads\/2016\/03\/foto-aris.jpg","datePublished":"2016-03-14T09:23:36+00:00","dateModified":"2016-07-01T20:19:35+00:00","breadcrumb":{"@id":"https:\/\/www.mpppst.gob.ve\/mpppstweb\/index.php\/2016\/03\/14\/caracas-producira-25-millones-de-kilos-de-alimentos-con-la-agricultura-periurbana\/#breadcrumb"},"inLanguage":"es","potentialAction":[{"@type":"ReadAction","target":["https:\/\/www.mpppst.gob.ve\/mpppstweb\/index.php\/2016\/03\/14\/caracas-producira-25-millones-de-kilos-de-alimentos-con-la-agricultura-periurbana\/"]}]},{"@type":"ImageObject","inLanguage":"es","@id":"https:\/\/www.mpppst.gob.ve\/mpppstweb\/index.php\/2016\/03\/14\/caracas-producira-25-millones-de-kilos-de-alimentos-con-la-agricultura-periurbana\/#primaryimage","url":"https:\/\/www.mpppst.gob.ve\/mpppstweb\/wp-content\/uploads\/2016\/03\/foto-aris.jpg","contentUrl":"https:\/\/www.mpppst.gob.ve\/mpppstweb\/wp-content\/uploads\/2016\/03\/foto-aris.jpg","width":526,"height":349},{"@type":"BreadcrumbList","@id":"https:\/\/www.mpppst.gob.ve\/mpppstweb\/index.php\/2016\/03\/14\/caracas-producira-25-millones-de-kilos-de-alimentos-con-la-agricultura-periurbana\/#breadcrumb","itemListElement":[{"@type":"ListItem","position":1,"name":"Home","item":"https:\/\/www.mpppst.gob.ve\/mpppstweb\/"},{"@type":"ListItem","position":2,"name":"Caracas producir\u00e1 25 Millones de kilos de alimentos con la agricultura periurbana"}]},{"@type":"WebSite","@id":"https:\/\/www.mpppst.gob.ve\/mpppstweb\/#website","url":"https:\/\/www.mpppst.gob.ve\/mpppstweb\/","name":"MPPPST","description":"Ministerio del Poder Popular para el Proceso Social de Trabajo","publisher":{"@id":"https:\/\/www.mpppst.gob.ve\/mpppstweb\/#organization"},"potentialAction":[{"@type":"SearchAction","target":{"@type":"EntryPoint","urlTemplate":"https:\/\/www.mpppst.gob.ve\/mpppstweb\/?s={search_term_string}"},"query-input":"required name=search_term_string"}],"inLanguage":"es"},{"@type":"Organization","@id":"https:\/\/www.mpppst.gob.ve\/mpppstweb\/#organization","name":"mpppst","url":"https:\/\/www.mpppst.gob.ve\/mpppstweb\/","logo":{"@type":"ImageObject","inLanguage":"es","@id":"https:\/\/www.mpppst.gob.ve\/mpppstweb\/#\/schema\/logo\/image\/","url":"https:\/\/www.mpppst.gob.ve\/mpppstweb\/wp-content\/uploads\/2025\/07\/cropped-cropped-g910.png","contentUrl":"https:\/\/www.mpppst.gob.ve\/mpppstweb\/wp-content\/uploads\/2025\/07\/cropped-cropped-g910.png","width":1080,"height":241,"caption":"mpppst"},"image":{"@id":"https:\/\/www.mpppst.gob.ve\/mpppstweb\/#\/schema\/logo\/image\/"}},{"@type":"Person","@id":"https:\/\/www.mpppst.gob.ve\/mpppstweb\/#\/schema\/person\/fc187ee8ead412bd4c9304b62f900ea4","name":"MPPPST Prensa","url":"https:\/\/www.mpppst.gob.ve\/mpppstweb\/index.php\/author\/prensa-mpppst\/"}]}},"_links":{"self":[{"href":"https:\/\/www.mpppst.gob.ve\/mpppstweb\/index.php\/wp-json\/wp\/v2\/posts\/5068"}],"collection":[{"href":"https:\/\/www.mpppst.gob.ve\/mpppstweb\/index.php\/wp-json\/wp\/v2\/posts"}],"about":[{"href":"https:\/\/www.mpppst.gob.ve\/mpppstweb\/index.php\/wp-json\/wp\/v2\/types\/post"}],"author":[{"embeddable":true,"href":"https:\/\/www.mpppst.gob.ve\/mpppstweb\/index.php\/wp-json\/wp\/v2\/users\/25"}],"replies":[{"embeddable":true,"href":"https:\/\/www.mpppst.gob.ve\/mpppstweb\/index.php\/wp-json\/wp\/v2\/comments?post=5068"}],"version-history":[{"count":1,"href":"https:\/\/www.mpppst.gob.ve\/mpppstweb\/index.php\/wp-json\/wp\/v2\/posts\/5068\/revisions"}],"predecessor-version":[{"id":7090,"href":"https:\/\/www.mpppst.gob.ve\/mpppstweb\/index.php\/wp-json\/wp\/v2\/posts\/5068\/revisions\/7090"}],"wp:featuredmedia":[{"embeddable":true,"href":"https:\/\/www.mpppst.gob.ve\/mpppstweb\/index.php\/wp-json\/wp\/v2\/media\/5069"}],"wp:attachment":[{"href":"https:\/\/www.mpppst.gob.ve\/mpppstweb\/index.php\/wp-json\/wp\/v2\/media?parent=5068"}],"wp:term":[{"taxonomy":"category","embeddable":true,"href":"https:\/\/www.mpppst.gob.ve\/mpppstweb\/index.php\/wp-json\/wp\/v2\/categories?post=5068"},{"taxonomy":"post_tag","embeddable":true,"href":"https:\/\/www.mpppst.gob.ve\/mpppstweb\/index.php\/wp-json\/wp\/v2\/tags?post=5068"}],"curies":[{"name":"wp","href":"https:\/\/api.w.org\/{rel}","templated":true}]}}