{"id":5071,"date":"2016-03-14T14:46:44","date_gmt":"2016-03-14T14:46:44","guid":{"rendered":"http:\/\/www.mpppst.gob.ve\/mpppstweb\/?p=5071"},"modified":"2016-07-01T20:20:09","modified_gmt":"2016-07-01T20:20:09","slug":"pueblo-revolucionario-marcho-en-rechazo-al-decreto-obama","status":"publish","type":"post","link":"https:\/\/www.mpppst.gob.ve\/mpppstweb\/index.php\/2016\/03\/14\/pueblo-revolucionario-marcho-en-rechazo-al-decreto-obama\/","title":{"rendered":"Pueblo Revolucionario march\u00f3 en rechazo al Decreto Obama"},"content":{"rendered":"<p style=\"text-align: justify;\">Caracas (MPPPST). El 12 de Marzo se realiz\u00f3 una multitudinaria concentraci\u00f3n en rechazo al decreto emitido por el presidente de los Estados Unidos, Barack Obama el pasado a\u00f1o, el cual fue extendido un a\u00f1os m\u00e1s, el pasado 3 de Marzo del a\u00f1o en curso. Los venezolanos marcharon desde la sede de la Cantv en la avenida Libertador de Caracas, hasta la plaza O\u2019Leary.<\/p>\n<p style=\"text-align: justify;\">Daniel Gonz\u00e1lez, profesor del estado Vargas, sostuvo que esta movilizaci\u00f3n demuestra el rechazo del pueblo venezolano al decreto injerencista del Presidente estadounidense Barack Obama, que define a Venezuela como una amenaza para el pa\u00eds norteamericano.<\/p>\n<p style=\"text-align: justify;\">\u201cEl Pueblo le est\u00e1 diciendo al presidente Barack Obama que Venezuela no es ninguna amenaza. Estamos hombres y mujeres comprometidos con esta Patria, que amamos la paz y la vida, el pueblo venezolano est\u00e1 firme y defenderemos nuestra Patria como siempre lo hemos hecho\u201d, puntualiz\u00f3 Gonz\u00e1lez.<\/p>\n<p style=\"text-align: justify;\">Por su parte, Julio Cesar Falc\u00f3n, trabajador de la Tesorer\u00eda Social, destac\u00f3 que los venezolanos defender\u00e1n la Patria y el legado del Comandante Hugo Ch\u00e1vez de ser un pueblo libre e independiente.<\/p>\n<p style=\"text-align: justify;\">\u201cEl pueblo venezolano ha dicho no a las amenazas de los Estados Unidos. Por segundo a\u00f1o consecutivo estamos en la mira del Imperio norteamericano. Aqu\u00ed hay un pueblo que no se doblega ante nadie que apoya todas las pol\u00edticas de la revoluci\u00f3n bolivariana, que apoya las canaimitas, las grandes misiones y que apoya el legado del comandante Hugo Ch\u00e1vez. Hoy el pueblo le dice a Barack Obama no somos una amenaza\u201d.<\/p>\n<p style=\"text-align: justify;\">Rafael R\u00edos, Presidente de la Tesorer\u00eda de la Seguridad Social,\u00a0 ente adscrito al Ministerio del Poder Popular para el Proceso Social de Trabajo, sostuvo que este decreto es una ofensa para los venezolanos, quienes hemos demostrado ser un pueblo de paz.<\/p>\n<p style=\"text-align: justify;\">\u201cLos venezolanos estamos expresando el rechazo a un decreto injerencista que ofende al pueblo venezolano, estamos plenamente conscientes de que este decreto es un preparativo para avanzar en la agresi\u00f3n a los pa\u00edses y conscientes de ello el pueblo venezolano est\u00e1 expresando el rechazo a estas acciones que est\u00e1n en consonancia con la derecha venezolana\u201d.<\/p>\n<p style=\"text-align: justify;\">R\u00edos destac\u00f3 que esta es una muestra de c\u00f3mo act\u00faan los Estados Unidos teniendo siempre en mente las pol\u00edticas injerencistas. Adem\u00e1s lament\u00f3 que la derecha parlamentaria no se sume al rechazo del decreto estadounidense.<\/p>\n<p style=\"text-align: justify;\">\u201cEsa es la forma de actuar de los Estados Unidos, quieren provocar en Venezuela un foco para destrozar las Revoluciones que se han gestado en Latinoam\u00e9rica y el Caribe. Y \u00a0es lamentable que la oposici\u00f3n venezolana desde la Asamblea Nacional no apoye el rechazo del decreto de los Estados Unidos\u201d.<\/p>\n<p style=\"text-align: justify;\">Cesar Mart\u00ednez, estudiante de la Misi\u00f3n Ribas, sostuvo que los estudiantes defender\u00e1n la Revoluci\u00f3n Bolivariana y todos los beneficios que han obtenido en este proceso revolucionario. \u201cLos estudiantes repudiamos este decreto del presidente Barack Obama, Venezuela no es una amenaza, somos un pueblo que quiere paz, un pueblo que hoy demuestra que no permitiremos ning\u00fan proceso injerencista de ning\u00fan pueblo. Hemos conseguido ser un pueblo libre y as\u00ed nos mantendremos\u201d.<\/p>\n<p style=\"text-align: justify;\">\n<p style=\"text-align: justify;\">Redacci\u00f3n: Carlos Palacios<\/p>\n<p style=\"text-align: justify;\">Fotograf\u00eda: Dellys Landaeta<\/p>\n","protected":false},"excerpt":{"rendered":"<p>El 12 de Marzo se realiz\u00f3 una multitudinaria concentraci\u00f3n en rechazo al decreto emitido por el presidente de los Estados Unidos, Barack Obama.<\/p>\n","protected":false},"author":25,"featured_media":5072,"comment_status":"closed","ping_status":"closed","sticky":false,"template":"","format":"standard","meta":{"footnotes":""},"categories":[82],"tags":[],"yoast_head":"<!-- This site is optimized with the Yoast SEO plugin v22.5 - https:\/\/yoast.com\/wordpress\/plugins\/seo\/ -->\n<title>Pueblo Revolucionario march\u00f3 en rechazo al Decreto Obama - MPPPST<\/title>\n<meta name=\"robots\" content=\"index, follow, max-snippet:-1, max-image-preview:large, max-video-preview:-1\" \/>\n<link rel=\"canonical\" href=\"https:\/\/www.mpppst.gob.ve\/mpppstweb\/index.php\/2016\/03\/14\/pueblo-revolucionario-marcho-en-rechazo-al-decreto-obama\/\" \/>\n<meta property=\"og:locale\" content=\"es_ES\" \/>\n<meta property=\"og:type\" content=\"article\" \/>\n<meta property=\"og:title\" content=\"Pueblo Revolucionario march\u00f3 en rechazo al Decreto Obama - MPPPST\" \/>\n<meta property=\"og:description\" content=\"El 12 de Marzo se realiz\u00f3 una multitudinaria concentraci\u00f3n en rechazo al decreto emitido por el presidente de los Estados Unidos, Barack Obama.\" \/>\n<meta property=\"og:url\" content=\"https:\/\/www.mpppst.gob.ve\/mpppstweb\/index.php\/2016\/03\/14\/pueblo-revolucionario-marcho-en-rechazo-al-decreto-obama\/\" \/>\n<meta property=\"og:site_name\" content=\"MPPPST\" \/>\n<meta property=\"article:published_time\" content=\"2016-03-14T14:46:44+00:00\" \/>\n<meta property=\"article:modified_time\" content=\"2016-07-01T20:20:09+00:00\" \/>\n<meta property=\"og:image\" content=\"https:\/\/www.mpppst.gob.ve\/mpppstweb\/wp-content\/uploads\/2016\/03\/Imagen-022.jpg\" \/>\n\t<meta property=\"og:image:width\" content=\"525\" \/>\n\t<meta property=\"og:image:height\" content=\"421\" \/>\n\t<meta property=\"og:image:type\" content=\"image\/jpeg\" \/>\n<meta name=\"author\" content=\"MPPPST Prensa\" \/>\n<meta name=\"twitter:card\" content=\"summary_large_image\" \/>\n<meta name=\"twitter:label1\" content=\"Escrito por\" \/>\n\t<meta name=\"twitter:data1\" content=\"MPPPST Prensa\" \/>\n\t<meta name=\"twitter:label2\" content=\"Tiempo de lectura\" \/>\n\t<meta name=\"twitter:data2\" content=\"3 minutos\" \/>\n<script type=\"application\/ld+json\" class=\"yoast-schema-graph\">{\"@context\":\"https:\/\/schema.org\",\"@graph\":[{\"@type\":\"Article\",\"@id\":\"https:\/\/www.mpppst.gob.ve\/mpppstweb\/index.php\/2016\/03\/14\/pueblo-revolucionario-marcho-en-rechazo-al-decreto-obama\/#article\",\"isPartOf\":{\"@id\":\"https:\/\/www.mpppst.gob.ve\/mpppstweb\/index.php\/2016\/03\/14\/pueblo-revolucionario-marcho-en-rechazo-al-decreto-obama\/\"},\"author\":{\"name\":\"MPPPST Prensa\",\"@id\":\"https:\/\/www.mpppst.gob.ve\/mpppstweb\/#\/schema\/person\/fc187ee8ead412bd4c9304b62f900ea4\"},\"headline\":\"Pueblo Revolucionario march\u00f3 en rechazo al Decreto Obama\",\"datePublished\":\"2016-03-14T14:46:44+00:00\",\"dateModified\":\"2016-07-01T20:20:09+00:00\",\"mainEntityOfPage\":{\"@id\":\"https:\/\/www.mpppst.gob.ve\/mpppstweb\/index.php\/2016\/03\/14\/pueblo-revolucionario-marcho-en-rechazo-al-decreto-obama\/\"},\"wordCount\":547,\"publisher\":{\"@id\":\"https:\/\/www.mpppst.gob.ve\/mpppstweb\/#organization\"},\"image\":{\"@id\":\"https:\/\/www.mpppst.gob.ve\/mpppstweb\/index.php\/2016\/03\/14\/pueblo-revolucionario-marcho-en-rechazo-al-decreto-obama\/#primaryimage\"},\"thumbnailUrl\":\"https:\/\/www.mpppst.gob.ve\/mpppstweb\/wp-content\/uploads\/2016\/03\/Imagen-022.jpg\",\"articleSection\":[\"Gobierno Nacional\"],\"inLanguage\":\"es\"},{\"@type\":\"WebPage\",\"@id\":\"https:\/\/www.mpppst.gob.ve\/mpppstweb\/index.php\/2016\/03\/14\/pueblo-revolucionario-marcho-en-rechazo-al-decreto-obama\/\",\"url\":\"https:\/\/www.mpppst.gob.ve\/mpppstweb\/index.php\/2016\/03\/14\/pueblo-revolucionario-marcho-en-rechazo-al-decreto-obama\/\",\"name\":\"Pueblo Revolucionario march\u00f3 en rechazo al Decreto Obama - MPPPST\",\"isPartOf\":{\"@id\":\"https:\/\/www.mpppst.gob.ve\/mpppstweb\/#website\"},\"primaryImageOfPage\":{\"@id\":\"https:\/\/www.mpppst.gob.ve\/mpppstweb\/index.php\/2016\/03\/14\/pueblo-revolucionario-marcho-en-rechazo-al-decreto-obama\/#primaryimage\"},\"image\":{\"@id\":\"https:\/\/www.mpppst.gob.ve\/mpppstweb\/index.php\/2016\/03\/14\/pueblo-revolucionario-marcho-en-rechazo-al-decreto-obama\/#primaryimage\"},\"thumbnailUrl\":\"https:\/\/www.mpppst.gob.ve\/mpppstweb\/wp-content\/uploads\/2016\/03\/Imagen-022.jpg\",\"datePublished\":\"2016-03-14T14:46:44+00:00\",\"dateModified\":\"2016-07-01T20:20:09+00:00\",\"breadcrumb\":{\"@id\":\"https:\/\/www.mpppst.gob.ve\/mpppstweb\/index.php\/2016\/03\/14\/pueblo-revolucionario-marcho-en-rechazo-al-decreto-obama\/#breadcrumb\"},\"inLanguage\":\"es\",\"potentialAction\":[{\"@type\":\"ReadAction\",\"target\":[\"https:\/\/www.mpppst.gob.ve\/mpppstweb\/index.php\/2016\/03\/14\/pueblo-revolucionario-marcho-en-rechazo-al-decreto-obama\/\"]}]},{\"@type\":\"ImageObject\",\"inLanguage\":\"es\",\"@id\":\"https:\/\/www.mpppst.gob.ve\/mpppstweb\/index.php\/2016\/03\/14\/pueblo-revolucionario-marcho-en-rechazo-al-decreto-obama\/#primaryimage\",\"url\":\"https:\/\/www.mpppst.gob.ve\/mpppstweb\/wp-content\/uploads\/2016\/03\/Imagen-022.jpg\",\"contentUrl\":\"https:\/\/www.mpppst.gob.ve\/mpppstweb\/wp-content\/uploads\/2016\/03\/Imagen-022.jpg\",\"width\":525,\"height\":421},{\"@type\":\"BreadcrumbList\",\"@id\":\"https:\/\/www.mpppst.gob.ve\/mpppstweb\/index.php\/2016\/03\/14\/pueblo-revolucionario-marcho-en-rechazo-al-decreto-obama\/#breadcrumb\",\"itemListElement\":[{\"@type\":\"ListItem\",\"position\":1,\"name\":\"Home\",\"item\":\"https:\/\/www.mpppst.gob.ve\/mpppstweb\/\"},{\"@type\":\"ListItem\",\"position\":2,\"name\":\"Pueblo Revolucionario march\u00f3 en rechazo al Decreto Obama\"}]},{\"@type\":\"WebSite\",\"@id\":\"https:\/\/www.mpppst.gob.ve\/mpppstweb\/#website\",\"url\":\"https:\/\/www.mpppst.gob.ve\/mpppstweb\/\",\"name\":\"MPPPST\",\"description\":\"Ministerio del Poder Popular para el Proceso Social de Trabajo\",\"publisher\":{\"@id\":\"https:\/\/www.mpppst.gob.ve\/mpppstweb\/#organization\"},\"potentialAction\":[{\"@type\":\"SearchAction\",\"target\":{\"@type\":\"EntryPoint\",\"urlTemplate\":\"https:\/\/www.mpppst.gob.ve\/mpppstweb\/?s={search_term_string}\"},\"query-input\":\"required name=search_term_string\"}],\"inLanguage\":\"es\"},{\"@type\":\"Organization\",\"@id\":\"https:\/\/www.mpppst.gob.ve\/mpppstweb\/#organization\",\"name\":\"mpppst\",\"url\":\"https:\/\/www.mpppst.gob.ve\/mpppstweb\/\",\"logo\":{\"@type\":\"ImageObject\",\"inLanguage\":\"es\",\"@id\":\"https:\/\/www.mpppst.gob.ve\/mpppstweb\/#\/schema\/logo\/image\/\",\"url\":\"https:\/\/www.mpppst.gob.ve\/mpppstweb\/wp-content\/uploads\/2025\/07\/cropped-cropped-g910.png\",\"contentUrl\":\"https:\/\/www.mpppst.gob.ve\/mpppstweb\/wp-content\/uploads\/2025\/07\/cropped-cropped-g910.png\",\"width\":1080,\"height\":241,\"caption\":\"mpppst\"},\"image\":{\"@id\":\"https:\/\/www.mpppst.gob.ve\/mpppstweb\/#\/schema\/logo\/image\/\"}},{\"@type\":\"Person\",\"@id\":\"https:\/\/www.mpppst.gob.ve\/mpppstweb\/#\/schema\/person\/fc187ee8ead412bd4c9304b62f900ea4\",\"name\":\"MPPPST Prensa\",\"url\":\"https:\/\/www.mpppst.gob.ve\/mpppstweb\/index.php\/author\/prensa-mpppst\/\"}]}<\/script>\n<!-- \/ Yoast SEO plugin. -->","yoast_head_json":{"title":"Pueblo Revolucionario march\u00f3 en rechazo al Decreto Obama - MPPPST","robots":{"index":"index","follow":"follow","max-snippet":"max-snippet:-1","max-image-preview":"max-image-preview:large","max-video-preview":"max-video-preview:-1"},"canonical":"https:\/\/www.mpppst.gob.ve\/mpppstweb\/index.php\/2016\/03\/14\/pueblo-revolucionario-marcho-en-rechazo-al-decreto-obama\/","og_locale":"es_ES","og_type":"article","og_title":"Pueblo Revolucionario march\u00f3 en rechazo al Decreto Obama - MPPPST","og_description":"El 12 de Marzo se realiz\u00f3 una multitudinaria concentraci\u00f3n en rechazo al decreto emitido por el presidente de los Estados Unidos, Barack Obama.","og_url":"https:\/\/www.mpppst.gob.ve\/mpppstweb\/index.php\/2016\/03\/14\/pueblo-revolucionario-marcho-en-rechazo-al-decreto-obama\/","og_site_name":"MPPPST","article_published_time":"2016-03-14T14:46:44+00:00","article_modified_time":"2016-07-01T20:20:09+00:00","og_image":[{"width":525,"height":421,"url":"https:\/\/www.mpppst.gob.ve\/mpppstweb\/wp-content\/uploads\/2016\/03\/Imagen-022.jpg","type":"image\/jpeg"}],"author":"MPPPST Prensa","twitter_card":"summary_large_image","twitter_misc":{"Escrito por":"MPPPST Prensa","Tiempo de lectura":"3 minutos"},"schema":{"@context":"https:\/\/schema.org","@graph":[{"@type":"Article","@id":"https:\/\/www.mpppst.gob.ve\/mpppstweb\/index.php\/2016\/03\/14\/pueblo-revolucionario-marcho-en-rechazo-al-decreto-obama\/#article","isPartOf":{"@id":"https:\/\/www.mpppst.gob.ve\/mpppstweb\/index.php\/2016\/03\/14\/pueblo-revolucionario-marcho-en-rechazo-al-decreto-obama\/"},"author":{"name":"MPPPST Prensa","@id":"https:\/\/www.mpppst.gob.ve\/mpppstweb\/#\/schema\/person\/fc187ee8ead412bd4c9304b62f900ea4"},"headline":"Pueblo Revolucionario march\u00f3 en rechazo al Decreto Obama","datePublished":"2016-03-14T14:46:44+00:00","dateModified":"2016-07-01T20:20:09+00:00","mainEntityOfPage":{"@id":"https:\/\/www.mpppst.gob.ve\/mpppstweb\/index.php\/2016\/03\/14\/pueblo-revolucionario-marcho-en-rechazo-al-decreto-obama\/"},"wordCount":547,"publisher":{"@id":"https:\/\/www.mpppst.gob.ve\/mpppstweb\/#organization"},"image":{"@id":"https:\/\/www.mpppst.gob.ve\/mpppstweb\/index.php\/2016\/03\/14\/pueblo-revolucionario-marcho-en-rechazo-al-decreto-obama\/#primaryimage"},"thumbnailUrl":"https:\/\/www.mpppst.gob.ve\/mpppstweb\/wp-content\/uploads\/2016\/03\/Imagen-022.jpg","articleSection":["Gobierno Nacional"],"inLanguage":"es"},{"@type":"WebPage","@id":"https:\/\/www.mpppst.gob.ve\/mpppstweb\/index.php\/2016\/03\/14\/pueblo-revolucionario-marcho-en-rechazo-al-decreto-obama\/","url":"https:\/\/www.mpppst.gob.ve\/mpppstweb\/index.php\/2016\/03\/14\/pueblo-revolucionario-marcho-en-rechazo-al-decreto-obama\/","name":"Pueblo Revolucionario march\u00f3 en rechazo al Decreto Obama - MPPPST","isPartOf":{"@id":"https:\/\/www.mpppst.gob.ve\/mpppstweb\/#website"},"primaryImageOfPage":{"@id":"https:\/\/www.mpppst.gob.ve\/mpppstweb\/index.php\/2016\/03\/14\/pueblo-revolucionario-marcho-en-rechazo-al-decreto-obama\/#primaryimage"},"image":{"@id":"https:\/\/www.mpppst.gob.ve\/mpppstweb\/index.php\/2016\/03\/14\/pueblo-revolucionario-marcho-en-rechazo-al-decreto-obama\/#primaryimage"},"thumbnailUrl":"https:\/\/www.mpppst.gob.ve\/mpppstweb\/wp-content\/uploads\/2016\/03\/Imagen-022.jpg","datePublished":"2016-03-14T14:46:44+00:00","dateModified":"2016-07-01T20:20:09+00:00","breadcrumb":{"@id":"https:\/\/www.mpppst.gob.ve\/mpppstweb\/index.php\/2016\/03\/14\/pueblo-revolucionario-marcho-en-rechazo-al-decreto-obama\/#breadcrumb"},"inLanguage":"es","potentialAction":[{"@type":"ReadAction","target":["https:\/\/www.mpppst.gob.ve\/mpppstweb\/index.php\/2016\/03\/14\/pueblo-revolucionario-marcho-en-rechazo-al-decreto-obama\/"]}]},{"@type":"ImageObject","inLanguage":"es","@id":"https:\/\/www.mpppst.gob.ve\/mpppstweb\/index.php\/2016\/03\/14\/pueblo-revolucionario-marcho-en-rechazo-al-decreto-obama\/#primaryimage","url":"https:\/\/www.mpppst.gob.ve\/mpppstweb\/wp-content\/uploads\/2016\/03\/Imagen-022.jpg","contentUrl":"https:\/\/www.mpppst.gob.ve\/mpppstweb\/wp-content\/uploads\/2016\/03\/Imagen-022.jpg","width":525,"height":421},{"@type":"BreadcrumbList","@id":"https:\/\/www.mpppst.gob.ve\/mpppstweb\/index.php\/2016\/03\/14\/pueblo-revolucionario-marcho-en-rechazo-al-decreto-obama\/#breadcrumb","itemListElement":[{"@type":"ListItem","position":1,"name":"Home","item":"https:\/\/www.mpppst.gob.ve\/mpppstweb\/"},{"@type":"ListItem","position":2,"name":"Pueblo Revolucionario march\u00f3 en rechazo al Decreto Obama"}]},{"@type":"WebSite","@id":"https:\/\/www.mpppst.gob.ve\/mpppstweb\/#website","url":"https:\/\/www.mpppst.gob.ve\/mpppstweb\/","name":"MPPPST","description":"Ministerio del Poder Popular para el Proceso Social de Trabajo","publisher":{"@id":"https:\/\/www.mpppst.gob.ve\/mpppstweb\/#organization"},"potentialAction":[{"@type":"SearchAction","target":{"@type":"EntryPoint","urlTemplate":"https:\/\/www.mpppst.gob.ve\/mpppstweb\/?s={search_term_string}"},"query-input":"required name=search_term_string"}],"inLanguage":"es"},{"@type":"Organization","@id":"https:\/\/www.mpppst.gob.ve\/mpppstweb\/#organization","name":"mpppst","url":"https:\/\/www.mpppst.gob.ve\/mpppstweb\/","logo":{"@type":"ImageObject","inLanguage":"es","@id":"https:\/\/www.mpppst.gob.ve\/mpppstweb\/#\/schema\/logo\/image\/","url":"https:\/\/www.mpppst.gob.ve\/mpppstweb\/wp-content\/uploads\/2025\/07\/cropped-cropped-g910.png","contentUrl":"https:\/\/www.mpppst.gob.ve\/mpppstweb\/wp-content\/uploads\/2025\/07\/cropped-cropped-g910.png","width":1080,"height":241,"caption":"mpppst"},"image":{"@id":"https:\/\/www.mpppst.gob.ve\/mpppstweb\/#\/schema\/logo\/image\/"}},{"@type":"Person","@id":"https:\/\/www.mpppst.gob.ve\/mpppstweb\/#\/schema\/person\/fc187ee8ead412bd4c9304b62f900ea4","name":"MPPPST Prensa","url":"https:\/\/www.mpppst.gob.ve\/mpppstweb\/index.php\/author\/prensa-mpppst\/"}]}},"_links":{"self":[{"href":"https:\/\/www.mpppst.gob.ve\/mpppstweb\/index.php\/wp-json\/wp\/v2\/posts\/5071"}],"collection":[{"href":"https:\/\/www.mpppst.gob.ve\/mpppstweb\/index.php\/wp-json\/wp\/v2\/posts"}],"about":[{"href":"https:\/\/www.mpppst.gob.ve\/mpppstweb\/index.php\/wp-json\/wp\/v2\/types\/post"}],"author":[{"embeddable":true,"href":"https:\/\/www.mpppst.gob.ve\/mpppstweb\/index.php\/wp-json\/wp\/v2\/users\/25"}],"replies":[{"embeddable":true,"href":"https:\/\/www.mpppst.gob.ve\/mpppstweb\/index.php\/wp-json\/wp\/v2\/comments?post=5071"}],"version-history":[{"count":1,"href":"https:\/\/www.mpppst.gob.ve\/mpppstweb\/index.php\/wp-json\/wp\/v2\/posts\/5071\/revisions"}],"predecessor-version":[{"id":7091,"href":"https:\/\/www.mpppst.gob.ve\/mpppstweb\/index.php\/wp-json\/wp\/v2\/posts\/5071\/revisions\/7091"}],"wp:featuredmedia":[{"embeddable":true,"href":"https:\/\/www.mpppst.gob.ve\/mpppstweb\/index.php\/wp-json\/wp\/v2\/media\/5072"}],"wp:attachment":[{"href":"https:\/\/www.mpppst.gob.ve\/mpppstweb\/index.php\/wp-json\/wp\/v2\/media?parent=5071"}],"wp:term":[{"taxonomy":"category","embeddable":true,"href":"https:\/\/www.mpppst.gob.ve\/mpppstweb\/index.php\/wp-json\/wp\/v2\/categories?post=5071"},{"taxonomy":"post_tag","embeddable":true,"href":"https:\/\/www.mpppst.gob.ve\/mpppstweb\/index.php\/wp-json\/wp\/v2\/tags?post=5071"}],"curies":[{"name":"wp","href":"https:\/\/api.w.org\/{rel}","templated":true}]}}