{"id":5075,"date":"2016-03-14T17:35:48","date_gmt":"2016-03-14T17:35:48","guid":{"rendered":"http:\/\/www.mpppst.gob.ve\/mpppstweb\/?p=5075"},"modified":"2016-07-01T20:21:16","modified_gmt":"2016-07-01T20:21:16","slug":"desde-este-martes-se-establece-nueva-escala-salarial-para-trabajadores-publicos","status":"publish","type":"post","link":"https:\/\/www.mpppst.gob.ve\/mpppstweb\/index.php\/2016\/03\/14\/desde-este-martes-se-establece-nueva-escala-salarial-para-trabajadores-publicos\/","title":{"rendered":"Desde este martes se establece nueva escala salarial para trabajadores p\u00fablicos"},"content":{"rendered":"<p>Caracas, 14 Mar. AVN.- El vicepresidente Ejecutivo de la Rep\u00fablica, Arist\u00f3bulo Ist\u00fariz, anunci\u00f3 que este martes entrar\u00e1 en vigencia la nivelaci\u00f3n de la escala salarial para los trabajadores de la administraci\u00f3n p\u00fablica con base al aumento del 20% en el salario m\u00ednimo decretado el pasado febrero.<\/p>\n<p>\u00abEs una decisi\u00f3n del presidente Nicol\u00e1s Maduro que al dar el aumento del salario m\u00ednimo y al aumentar la cestaticket, con dos unidades tributarias, se produzca tambi\u00e9n el aumento, la nivelaci\u00f3n del salario en la escala de la administraci\u00f3n p\u00fablica\u00bb, indic\u00f3 en transmisi\u00f3n de Venezolana de Televisi\u00f3n, desde la casa Anauco, en Caracas.<\/p>\n<p>Explic\u00f3 que el incremento de 20% aprobado por elpresidente de la Rep\u00fablica, Nicol\u00e1s Maduro, para proteger los ingresos de la clase trabajadora, y que ubica al salario m\u00ednimo en 11.578 bol\u00edvares (Bs), \u00abtiene una incidencia en el resto de la escala de la administraci\u00f3n p\u00fablica y muchas veces hace que un salario se solape con otro salario, por eso es necesario que cuando se aumenta el salario m\u00ednimo producir los ajustes, la nivelaci\u00f3n en la escala\u00bb.<\/p>\n<p>En el caso de los obreros, la escala oscilar\u00e1 entre 11.577,82 y 13.175 Bs; los bachilleres cobrar\u00e1n de 11.577 Bs a 24.000 Bs; el personal t\u00e9cnico percibir\u00e1 un monto comprendido entre los 12.801 Bs hasta los 26.424 Bs, y los profesionales recibir\u00e1n un sueldo de 13.618 Bs a 28.491 Bs, de acuerdo al grado de la escala.<\/p>\n<p>Con el incremento de 20% de febrero pasado, el salario m\u00ednimo pas\u00f3 de Bs 9.649 a Bs. 11.578, a partir del 1\u00ba de marzo. Se efectu\u00f3, adem\u00e1s, un ajuste en 2.5% de la base de c\u00e1lculo del bono de alimentaci\u00f3n, que pas\u00f3 de 6.750 bol\u00edvares a 13.255 bol\u00edvares.<\/p>\n<p>Durante los \u00faltimos 16 a\u00f1os de los gobiernos de la IV Rep\u00fablica se produjeron 9 ajustes salariales, mientras que en los primeros 16 a\u00f1os de Revoluci\u00f3n Bolivariana se han implementado 32 incrementos salariales, de los cuales 4 fueron decretados por el presidente Maduro en el transcurso de 2015 para garantizar el ingreso de las familias, frente a la guerra econ\u00f3mica perpetrada por la derecha.<\/p>\n<p>AVN 14\/03\/2016 15:50<\/p>\n<p>&nbsp;<\/p>\n","protected":false},"excerpt":{"rendered":"<p>El vicepresidente, Arist\u00f3bulo Ist\u00fariz, anunci\u00f3 que este martes entrar\u00e1 en vigencia la nivelaci\u00f3n de la escala salarial para los trabajadores de la administracion p\u00fablica.<\/p>\n","protected":false},"author":25,"featured_media":5076,"comment_status":"closed","ping_status":"closed","sticky":false,"template":"","format":"standard","meta":{"footnotes":""},"categories":[82],"tags":[],"yoast_head":"<!-- This site is optimized with the Yoast SEO plugin v22.5 - https:\/\/yoast.com\/wordpress\/plugins\/seo\/ -->\n<title>Desde este martes se establece nueva escala salarial para trabajadores p\u00fablicos - MPPPST<\/title>\n<meta name=\"robots\" content=\"index, follow, max-snippet:-1, max-image-preview:large, max-video-preview:-1\" \/>\n<link rel=\"canonical\" href=\"https:\/\/www.mpppst.gob.ve\/mpppstweb\/index.php\/2016\/03\/14\/desde-este-martes-se-establece-nueva-escala-salarial-para-trabajadores-publicos\/\" \/>\n<meta property=\"og:locale\" content=\"es_ES\" \/>\n<meta property=\"og:type\" content=\"article\" \/>\n<meta property=\"og:title\" content=\"Desde este martes se establece nueva escala salarial para trabajadores p\u00fablicos - MPPPST\" \/>\n<meta property=\"og:description\" content=\"El vicepresidente, Arist\u00f3bulo Ist\u00fariz, anunci\u00f3 que este martes entrar\u00e1 en vigencia la nivelaci\u00f3n de la escala salarial para los trabajadores de la administracion p\u00fablica.\" \/>\n<meta property=\"og:url\" content=\"https:\/\/www.mpppst.gob.ve\/mpppstweb\/index.php\/2016\/03\/14\/desde-este-martes-se-establece-nueva-escala-salarial-para-trabajadores-publicos\/\" \/>\n<meta property=\"og:site_name\" content=\"MPPPST\" \/>\n<meta property=\"article:published_time\" content=\"2016-03-14T17:35:48+00:00\" \/>\n<meta property=\"article:modified_time\" content=\"2016-07-01T20:21:16+00:00\" \/>\n<meta name=\"author\" content=\"MPPPST Prensa\" \/>\n<meta name=\"twitter:card\" content=\"summary_large_image\" \/>\n<meta name=\"twitter:label1\" content=\"Escrito por\" \/>\n\t<meta name=\"twitter:data1\" content=\"MPPPST Prensa\" \/>\n\t<meta name=\"twitter:label2\" content=\"Tiempo de lectura\" \/>\n\t<meta name=\"twitter:data2\" content=\"2 minutos\" \/>\n<script type=\"application\/ld+json\" class=\"yoast-schema-graph\">{\"@context\":\"https:\/\/schema.org\",\"@graph\":[{\"@type\":\"Article\",\"@id\":\"https:\/\/www.mpppst.gob.ve\/mpppstweb\/index.php\/2016\/03\/14\/desde-este-martes-se-establece-nueva-escala-salarial-para-trabajadores-publicos\/#article\",\"isPartOf\":{\"@id\":\"https:\/\/www.mpppst.gob.ve\/mpppstweb\/index.php\/2016\/03\/14\/desde-este-martes-se-establece-nueva-escala-salarial-para-trabajadores-publicos\/\"},\"author\":{\"name\":\"MPPPST Prensa\",\"@id\":\"https:\/\/www.mpppst.gob.ve\/mpppstweb\/#\/schema\/person\/fc187ee8ead412bd4c9304b62f900ea4\"},\"headline\":\"Desde este martes se establece nueva escala salarial para trabajadores p\u00fablicos\",\"datePublished\":\"2016-03-14T17:35:48+00:00\",\"dateModified\":\"2016-07-01T20:21:16+00:00\",\"mainEntityOfPage\":{\"@id\":\"https:\/\/www.mpppst.gob.ve\/mpppstweb\/index.php\/2016\/03\/14\/desde-este-martes-se-establece-nueva-escala-salarial-para-trabajadores-publicos\/\"},\"wordCount\":372,\"publisher\":{\"@id\":\"https:\/\/www.mpppst.gob.ve\/mpppstweb\/#organization\"},\"image\":{\"@id\":\"https:\/\/www.mpppst.gob.ve\/mpppstweb\/index.php\/2016\/03\/14\/desde-este-martes-se-establece-nueva-escala-salarial-para-trabajadores-publicos\/#primaryimage\"},\"thumbnailUrl\":\"\",\"articleSection\":[\"Gobierno Nacional\"],\"inLanguage\":\"es\"},{\"@type\":\"WebPage\",\"@id\":\"https:\/\/www.mpppst.gob.ve\/mpppstweb\/index.php\/2016\/03\/14\/desde-este-martes-se-establece-nueva-escala-salarial-para-trabajadores-publicos\/\",\"url\":\"https:\/\/www.mpppst.gob.ve\/mpppstweb\/index.php\/2016\/03\/14\/desde-este-martes-se-establece-nueva-escala-salarial-para-trabajadores-publicos\/\",\"name\":\"Desde este martes se establece nueva escala salarial para trabajadores p\u00fablicos - MPPPST\",\"isPartOf\":{\"@id\":\"https:\/\/www.mpppst.gob.ve\/mpppstweb\/#website\"},\"primaryImageOfPage\":{\"@id\":\"https:\/\/www.mpppst.gob.ve\/mpppstweb\/index.php\/2016\/03\/14\/desde-este-martes-se-establece-nueva-escala-salarial-para-trabajadores-publicos\/#primaryimage\"},\"image\":{\"@id\":\"https:\/\/www.mpppst.gob.ve\/mpppstweb\/index.php\/2016\/03\/14\/desde-este-martes-se-establece-nueva-escala-salarial-para-trabajadores-publicos\/#primaryimage\"},\"thumbnailUrl\":\"\",\"datePublished\":\"2016-03-14T17:35:48+00:00\",\"dateModified\":\"2016-07-01T20:21:16+00:00\",\"breadcrumb\":{\"@id\":\"https:\/\/www.mpppst.gob.ve\/mpppstweb\/index.php\/2016\/03\/14\/desde-este-martes-se-establece-nueva-escala-salarial-para-trabajadores-publicos\/#breadcrumb\"},\"inLanguage\":\"es\",\"potentialAction\":[{\"@type\":\"ReadAction\",\"target\":[\"https:\/\/www.mpppst.gob.ve\/mpppstweb\/index.php\/2016\/03\/14\/desde-este-martes-se-establece-nueva-escala-salarial-para-trabajadores-publicos\/\"]}]},{\"@type\":\"ImageObject\",\"inLanguage\":\"es\",\"@id\":\"https:\/\/www.mpppst.gob.ve\/mpppstweb\/index.php\/2016\/03\/14\/desde-este-martes-se-establece-nueva-escala-salarial-para-trabajadores-publicos\/#primaryimage\",\"url\":\"\",\"contentUrl\":\"\"},{\"@type\":\"BreadcrumbList\",\"@id\":\"https:\/\/www.mpppst.gob.ve\/mpppstweb\/index.php\/2016\/03\/14\/desde-este-martes-se-establece-nueva-escala-salarial-para-trabajadores-publicos\/#breadcrumb\",\"itemListElement\":[{\"@type\":\"ListItem\",\"position\":1,\"name\":\"Home\",\"item\":\"https:\/\/www.mpppst.gob.ve\/mpppstweb\/\"},{\"@type\":\"ListItem\",\"position\":2,\"name\":\"Desde este martes se establece nueva escala salarial para trabajadores p\u00fablicos\"}]},{\"@type\":\"WebSite\",\"@id\":\"https:\/\/www.mpppst.gob.ve\/mpppstweb\/#website\",\"url\":\"https:\/\/www.mpppst.gob.ve\/mpppstweb\/\",\"name\":\"MPPPST\",\"description\":\"Ministerio del Poder Popular para el Proceso Social de Trabajo\",\"publisher\":{\"@id\":\"https:\/\/www.mpppst.gob.ve\/mpppstweb\/#organization\"},\"potentialAction\":[{\"@type\":\"SearchAction\",\"target\":{\"@type\":\"EntryPoint\",\"urlTemplate\":\"https:\/\/www.mpppst.gob.ve\/mpppstweb\/?s={search_term_string}\"},\"query-input\":\"required name=search_term_string\"}],\"inLanguage\":\"es\"},{\"@type\":\"Organization\",\"@id\":\"https:\/\/www.mpppst.gob.ve\/mpppstweb\/#organization\",\"name\":\"mpppst\",\"url\":\"https:\/\/www.mpppst.gob.ve\/mpppstweb\/\",\"logo\":{\"@type\":\"ImageObject\",\"inLanguage\":\"es\",\"@id\":\"https:\/\/www.mpppst.gob.ve\/mpppstweb\/#\/schema\/logo\/image\/\",\"url\":\"https:\/\/www.mpppst.gob.ve\/mpppstweb\/wp-content\/uploads\/2025\/07\/cropped-cropped-g910.png\",\"contentUrl\":\"https:\/\/www.mpppst.gob.ve\/mpppstweb\/wp-content\/uploads\/2025\/07\/cropped-cropped-g910.png\",\"width\":1080,\"height\":241,\"caption\":\"mpppst\"},\"image\":{\"@id\":\"https:\/\/www.mpppst.gob.ve\/mpppstweb\/#\/schema\/logo\/image\/\"}},{\"@type\":\"Person\",\"@id\":\"https:\/\/www.mpppst.gob.ve\/mpppstweb\/#\/schema\/person\/fc187ee8ead412bd4c9304b62f900ea4\",\"name\":\"MPPPST Prensa\",\"url\":\"https:\/\/www.mpppst.gob.ve\/mpppstweb\/index.php\/author\/prensa-mpppst\/\"}]}<\/script>\n<!-- \/ Yoast SEO plugin. -->","yoast_head_json":{"title":"Desde este martes se establece nueva escala salarial para trabajadores p\u00fablicos - MPPPST","robots":{"index":"index","follow":"follow","max-snippet":"max-snippet:-1","max-image-preview":"max-image-preview:large","max-video-preview":"max-video-preview:-1"},"canonical":"https:\/\/www.mpppst.gob.ve\/mpppstweb\/index.php\/2016\/03\/14\/desde-este-martes-se-establece-nueva-escala-salarial-para-trabajadores-publicos\/","og_locale":"es_ES","og_type":"article","og_title":"Desde este martes se establece nueva escala salarial para trabajadores p\u00fablicos - MPPPST","og_description":"El vicepresidente, Arist\u00f3bulo Ist\u00fariz, anunci\u00f3 que este martes entrar\u00e1 en vigencia la nivelaci\u00f3n de la escala salarial para los trabajadores de la administracion p\u00fablica.","og_url":"https:\/\/www.mpppst.gob.ve\/mpppstweb\/index.php\/2016\/03\/14\/desde-este-martes-se-establece-nueva-escala-salarial-para-trabajadores-publicos\/","og_site_name":"MPPPST","article_published_time":"2016-03-14T17:35:48+00:00","article_modified_time":"2016-07-01T20:21:16+00:00","author":"MPPPST Prensa","twitter_card":"summary_large_image","twitter_misc":{"Escrito por":"MPPPST Prensa","Tiempo de lectura":"2 minutos"},"schema":{"@context":"https:\/\/schema.org","@graph":[{"@type":"Article","@id":"https:\/\/www.mpppst.gob.ve\/mpppstweb\/index.php\/2016\/03\/14\/desde-este-martes-se-establece-nueva-escala-salarial-para-trabajadores-publicos\/#article","isPartOf":{"@id":"https:\/\/www.mpppst.gob.ve\/mpppstweb\/index.php\/2016\/03\/14\/desde-este-martes-se-establece-nueva-escala-salarial-para-trabajadores-publicos\/"},"author":{"name":"MPPPST Prensa","@id":"https:\/\/www.mpppst.gob.ve\/mpppstweb\/#\/schema\/person\/fc187ee8ead412bd4c9304b62f900ea4"},"headline":"Desde este martes se establece nueva escala salarial para trabajadores p\u00fablicos","datePublished":"2016-03-14T17:35:48+00:00","dateModified":"2016-07-01T20:21:16+00:00","mainEntityOfPage":{"@id":"https:\/\/www.mpppst.gob.ve\/mpppstweb\/index.php\/2016\/03\/14\/desde-este-martes-se-establece-nueva-escala-salarial-para-trabajadores-publicos\/"},"wordCount":372,"publisher":{"@id":"https:\/\/www.mpppst.gob.ve\/mpppstweb\/#organization"},"image":{"@id":"https:\/\/www.mpppst.gob.ve\/mpppstweb\/index.php\/2016\/03\/14\/desde-este-martes-se-establece-nueva-escala-salarial-para-trabajadores-publicos\/#primaryimage"},"thumbnailUrl":"","articleSection":["Gobierno Nacional"],"inLanguage":"es"},{"@type":"WebPage","@id":"https:\/\/www.mpppst.gob.ve\/mpppstweb\/index.php\/2016\/03\/14\/desde-este-martes-se-establece-nueva-escala-salarial-para-trabajadores-publicos\/","url":"https:\/\/www.mpppst.gob.ve\/mpppstweb\/index.php\/2016\/03\/14\/desde-este-martes-se-establece-nueva-escala-salarial-para-trabajadores-publicos\/","name":"Desde este martes se establece nueva escala salarial para trabajadores p\u00fablicos - MPPPST","isPartOf":{"@id":"https:\/\/www.mpppst.gob.ve\/mpppstweb\/#website"},"primaryImageOfPage":{"@id":"https:\/\/www.mpppst.gob.ve\/mpppstweb\/index.php\/2016\/03\/14\/desde-este-martes-se-establece-nueva-escala-salarial-para-trabajadores-publicos\/#primaryimage"},"image":{"@id":"https:\/\/www.mpppst.gob.ve\/mpppstweb\/index.php\/2016\/03\/14\/desde-este-martes-se-establece-nueva-escala-salarial-para-trabajadores-publicos\/#primaryimage"},"thumbnailUrl":"","datePublished":"2016-03-14T17:35:48+00:00","dateModified":"2016-07-01T20:21:16+00:00","breadcrumb":{"@id":"https:\/\/www.mpppst.gob.ve\/mpppstweb\/index.php\/2016\/03\/14\/desde-este-martes-se-establece-nueva-escala-salarial-para-trabajadores-publicos\/#breadcrumb"},"inLanguage":"es","potentialAction":[{"@type":"ReadAction","target":["https:\/\/www.mpppst.gob.ve\/mpppstweb\/index.php\/2016\/03\/14\/desde-este-martes-se-establece-nueva-escala-salarial-para-trabajadores-publicos\/"]}]},{"@type":"ImageObject","inLanguage":"es","@id":"https:\/\/www.mpppst.gob.ve\/mpppstweb\/index.php\/2016\/03\/14\/desde-este-martes-se-establece-nueva-escala-salarial-para-trabajadores-publicos\/#primaryimage","url":"","contentUrl":""},{"@type":"BreadcrumbList","@id":"https:\/\/www.mpppst.gob.ve\/mpppstweb\/index.php\/2016\/03\/14\/desde-este-martes-se-establece-nueva-escala-salarial-para-trabajadores-publicos\/#breadcrumb","itemListElement":[{"@type":"ListItem","position":1,"name":"Home","item":"https:\/\/www.mpppst.gob.ve\/mpppstweb\/"},{"@type":"ListItem","position":2,"name":"Desde este martes se establece nueva escala salarial para trabajadores p\u00fablicos"}]},{"@type":"WebSite","@id":"https:\/\/www.mpppst.gob.ve\/mpppstweb\/#website","url":"https:\/\/www.mpppst.gob.ve\/mpppstweb\/","name":"MPPPST","description":"Ministerio del Poder Popular para el Proceso Social de Trabajo","publisher":{"@id":"https:\/\/www.mpppst.gob.ve\/mpppstweb\/#organization"},"potentialAction":[{"@type":"SearchAction","target":{"@type":"EntryPoint","urlTemplate":"https:\/\/www.mpppst.gob.ve\/mpppstweb\/?s={search_term_string}"},"query-input":"required name=search_term_string"}],"inLanguage":"es"},{"@type":"Organization","@id":"https:\/\/www.mpppst.gob.ve\/mpppstweb\/#organization","name":"mpppst","url":"https:\/\/www.mpppst.gob.ve\/mpppstweb\/","logo":{"@type":"ImageObject","inLanguage":"es","@id":"https:\/\/www.mpppst.gob.ve\/mpppstweb\/#\/schema\/logo\/image\/","url":"https:\/\/www.mpppst.gob.ve\/mpppstweb\/wp-content\/uploads\/2025\/07\/cropped-cropped-g910.png","contentUrl":"https:\/\/www.mpppst.gob.ve\/mpppstweb\/wp-content\/uploads\/2025\/07\/cropped-cropped-g910.png","width":1080,"height":241,"caption":"mpppst"},"image":{"@id":"https:\/\/www.mpppst.gob.ve\/mpppstweb\/#\/schema\/logo\/image\/"}},{"@type":"Person","@id":"https:\/\/www.mpppst.gob.ve\/mpppstweb\/#\/schema\/person\/fc187ee8ead412bd4c9304b62f900ea4","name":"MPPPST Prensa","url":"https:\/\/www.mpppst.gob.ve\/mpppstweb\/index.php\/author\/prensa-mpppst\/"}]}},"_links":{"self":[{"href":"https:\/\/www.mpppst.gob.ve\/mpppstweb\/index.php\/wp-json\/wp\/v2\/posts\/5075"}],"collection":[{"href":"https:\/\/www.mpppst.gob.ve\/mpppstweb\/index.php\/wp-json\/wp\/v2\/posts"}],"about":[{"href":"https:\/\/www.mpppst.gob.ve\/mpppstweb\/index.php\/wp-json\/wp\/v2\/types\/post"}],"author":[{"embeddable":true,"href":"https:\/\/www.mpppst.gob.ve\/mpppstweb\/index.php\/wp-json\/wp\/v2\/users\/25"}],"replies":[{"embeddable":true,"href":"https:\/\/www.mpppst.gob.ve\/mpppstweb\/index.php\/wp-json\/wp\/v2\/comments?post=5075"}],"version-history":[{"count":1,"href":"https:\/\/www.mpppst.gob.ve\/mpppstweb\/index.php\/wp-json\/wp\/v2\/posts\/5075\/revisions"}],"predecessor-version":[{"id":7092,"href":"https:\/\/www.mpppst.gob.ve\/mpppstweb\/index.php\/wp-json\/wp\/v2\/posts\/5075\/revisions\/7092"}],"wp:featuredmedia":[{"embeddable":true,"href":"https:\/\/www.mpppst.gob.ve\/mpppstweb\/index.php\/wp-json\/"}],"wp:attachment":[{"href":"https:\/\/www.mpppst.gob.ve\/mpppstweb\/index.php\/wp-json\/wp\/v2\/media?parent=5075"}],"wp:term":[{"taxonomy":"category","embeddable":true,"href":"https:\/\/www.mpppst.gob.ve\/mpppstweb\/index.php\/wp-json\/wp\/v2\/categories?post=5075"},{"taxonomy":"post_tag","embeddable":true,"href":"https:\/\/www.mpppst.gob.ve\/mpppstweb\/index.php\/wp-json\/wp\/v2\/tags?post=5075"}],"curies":[{"name":"wp","href":"https:\/\/api.w.org\/{rel}","templated":true}]}}