{"id":5078,"date":"2016-03-15T09:25:25","date_gmt":"2016-03-15T09:25:25","guid":{"rendered":"http:\/\/www.mpppst.gob.ve\/mpppstweb\/?p=5078"},"modified":"2016-07-01T20:21:34","modified_gmt":"2016-07-01T20:21:34","slug":"desde-hoy-se-ajusta-la-escala-salarial-para-trabajadores-de-la-administracion-publica","status":"publish","type":"post","link":"https:\/\/www.mpppst.gob.ve\/mpppstweb\/index.php\/2016\/03\/15\/desde-hoy-se-ajusta-la-escala-salarial-para-trabajadores-de-la-administracion-publica\/","title":{"rendered":"Desde hoy se ajusta la escala salarial para trabajadores de la administraci\u00f3n p\u00fablica"},"content":{"rendered":"<p><em>Noticias24)<\/em>.- El vicepresidente ejecutivo de la Rep\u00fablica, Arist\u00f3bulo Ist\u00fariz, explic\u00f3 los ajustes realizados en la escala salarial,<strong> aplicados a sueldos de empleados de la administraci\u00f3n p\u00fablica y los obreros<\/strong>.<\/p>\n<p>Desde la Quinta Anauco, en San Bernardino el vicepresidente expres\u00f3 que a partir del aumento decretado por el Presidente Nicol\u00e1s Maduro, que consta del 20% sobre el sueldo m\u00ednimo, es necesario producir los ajustes necesarios en la escala salarial, ya que esto tiene una incidencia en el resto de la escala.<\/p>\n<p>\u201c<strong>A partir de ma\u00f1ana todos los trabajadores de la administraci\u00f3n p\u00fablica ser\u00e1n nivelados de la escala, al igual que los obreros, que tienen 10 grados en la escala<\/strong>\u201c, dijo Ist\u00fariz.<\/p>\n<p>Los ajustes quedaron de la siguiente manera:<\/p>\n<p>Funcionarios de la administraci\u00f3n p\u00fablica, que se clasifican seg\u00fan el grado de bachiller:<\/p>\n<p>Bachiller 1 de Bs.F 11.577 a Bs.F 12.371<\/p>\n<p>T\u00e9cnico 1 cobrar\u00e1 Bs.F 12.801 hasta Bs.F 25.602 el t\u00e9cnico grado 7<\/p>\n<p>T\u00e9cnico 2 cobrar\u00e1 Bs.F 13.212 a Bs.F 26.424 el de grado 7<\/p>\n<p>Profesionales 1 del grado 1 cobrar\u00e1 Bs.F 13.618 y el de grado 7 Bs.F 27.236<\/p>\n<p>T\u00e9cnico 1 cobrar\u00e1 12.801<\/p>\n<p>Arist\u00f3bulo indic\u00f3 que el salario m\u00ednimo junto con el salario de los cesta tickets quedar\u00e1 de Bs.F 27.000.<\/p>\n<p>Adem\u00e1s, agreg\u00f3 que todas estas medidas son parte de la protecci\u00f3n al pueblo y dijo \u201c<strong>cuando tomamos medidas como la tarjeta de las misiones, todo ese esfuerzo es para proteger al pueblo, con este aumento vamos a lograr que los precios sean m\u00e1s accesibles para la gente<\/strong>\u201c.<\/p>\n<p>Igualmente, manifest\u00f3 que <strong>la tarjeta alimenticia ser\u00e1 entregada en todos los estados del pa\u00eds.<\/strong><\/p>\n","protected":false},"excerpt":{"rendered":"<p>El vicepresidente ejecutivo de la Rep\u00fablica, Arist\u00f3bulo Ist\u00fariz, explic\u00f3 los ajustes realizados en la escala salarial, aplicados a sueldos de empleados de la administraci\u00f3n p\u00fablica y los obreros.<\/p>\n","protected":false},"author":25,"featured_media":5079,"comment_status":"closed","ping_status":"closed","sticky":false,"template":"","format":"standard","meta":{"footnotes":""},"categories":[82],"tags":[],"yoast_head":"<!-- This site is optimized with the Yoast SEO plugin v22.5 - https:\/\/yoast.com\/wordpress\/plugins\/seo\/ -->\n<title>Desde hoy se ajusta la escala salarial para trabajadores de la administraci\u00f3n p\u00fablica - MPPPST<\/title>\n<meta name=\"robots\" content=\"index, follow, max-snippet:-1, max-image-preview:large, max-video-preview:-1\" \/>\n<link rel=\"canonical\" href=\"https:\/\/www.mpppst.gob.ve\/mpppstweb\/index.php\/2016\/03\/15\/desde-hoy-se-ajusta-la-escala-salarial-para-trabajadores-de-la-administracion-publica\/\" \/>\n<meta property=\"og:locale\" content=\"es_ES\" \/>\n<meta property=\"og:type\" content=\"article\" \/>\n<meta property=\"og:title\" content=\"Desde hoy se ajusta la escala salarial para trabajadores de la administraci\u00f3n p\u00fablica - MPPPST\" \/>\n<meta property=\"og:description\" content=\"El vicepresidente ejecutivo de la Rep\u00fablica, Arist\u00f3bulo Ist\u00fariz, explic\u00f3 los ajustes realizados en la escala salarial, aplicados a sueldos de empleados de la administraci\u00f3n p\u00fablica y los obreros.\" \/>\n<meta property=\"og:url\" content=\"https:\/\/www.mpppst.gob.ve\/mpppstweb\/index.php\/2016\/03\/15\/desde-hoy-se-ajusta-la-escala-salarial-para-trabajadores-de-la-administracion-publica\/\" \/>\n<meta property=\"og:site_name\" content=\"MPPPST\" \/>\n<meta property=\"article:published_time\" content=\"2016-03-15T09:25:25+00:00\" \/>\n<meta property=\"article:modified_time\" content=\"2016-07-01T20:21:34+00:00\" \/>\n<meta property=\"og:image\" content=\"https:\/\/www.mpppst.gob.ve\/mpppstweb\/wp-content\/uploads\/2016\/03\/salario-minimo-venezuela.jpg\" \/>\n\t<meta property=\"og:image:width\" content=\"1200\" \/>\n\t<meta property=\"og:image:height\" content=\"800\" \/>\n\t<meta property=\"og:image:type\" content=\"image\/jpeg\" \/>\n<meta name=\"author\" content=\"MPPPST Prensa\" \/>\n<meta name=\"twitter:card\" content=\"summary_large_image\" \/>\n<meta name=\"twitter:label1\" content=\"Escrito por\" \/>\n\t<meta name=\"twitter:data1\" content=\"MPPPST Prensa\" \/>\n\t<meta name=\"twitter:label2\" content=\"Tiempo de lectura\" \/>\n\t<meta name=\"twitter:data2\" content=\"1 minuto\" \/>\n<script type=\"application\/ld+json\" class=\"yoast-schema-graph\">{\"@context\":\"https:\/\/schema.org\",\"@graph\":[{\"@type\":\"Article\",\"@id\":\"https:\/\/www.mpppst.gob.ve\/mpppstweb\/index.php\/2016\/03\/15\/desde-hoy-se-ajusta-la-escala-salarial-para-trabajadores-de-la-administracion-publica\/#article\",\"isPartOf\":{\"@id\":\"https:\/\/www.mpppst.gob.ve\/mpppstweb\/index.php\/2016\/03\/15\/desde-hoy-se-ajusta-la-escala-salarial-para-trabajadores-de-la-administracion-publica\/\"},\"author\":{\"name\":\"MPPPST Prensa\",\"@id\":\"https:\/\/www.mpppst.gob.ve\/mpppstweb\/#\/schema\/person\/fc187ee8ead412bd4c9304b62f900ea4\"},\"headline\":\"Desde hoy se ajusta la escala salarial para trabajadores de la administraci\u00f3n p\u00fablica\",\"datePublished\":\"2016-03-15T09:25:25+00:00\",\"dateModified\":\"2016-07-01T20:21:34+00:00\",\"mainEntityOfPage\":{\"@id\":\"https:\/\/www.mpppst.gob.ve\/mpppstweb\/index.php\/2016\/03\/15\/desde-hoy-se-ajusta-la-escala-salarial-para-trabajadores-de-la-administracion-publica\/\"},\"wordCount\":289,\"publisher\":{\"@id\":\"https:\/\/www.mpppst.gob.ve\/mpppstweb\/#organization\"},\"image\":{\"@id\":\"https:\/\/www.mpppst.gob.ve\/mpppstweb\/index.php\/2016\/03\/15\/desde-hoy-se-ajusta-la-escala-salarial-para-trabajadores-de-la-administracion-publica\/#primaryimage\"},\"thumbnailUrl\":\"https:\/\/www.mpppst.gob.ve\/mpppstweb\/wp-content\/uploads\/2016\/03\/salario-minimo-venezuela.jpg\",\"articleSection\":[\"Gobierno Nacional\"],\"inLanguage\":\"es\"},{\"@type\":\"WebPage\",\"@id\":\"https:\/\/www.mpppst.gob.ve\/mpppstweb\/index.php\/2016\/03\/15\/desde-hoy-se-ajusta-la-escala-salarial-para-trabajadores-de-la-administracion-publica\/\",\"url\":\"https:\/\/www.mpppst.gob.ve\/mpppstweb\/index.php\/2016\/03\/15\/desde-hoy-se-ajusta-la-escala-salarial-para-trabajadores-de-la-administracion-publica\/\",\"name\":\"Desde hoy se ajusta la escala salarial para trabajadores de la administraci\u00f3n p\u00fablica - MPPPST\",\"isPartOf\":{\"@id\":\"https:\/\/www.mpppst.gob.ve\/mpppstweb\/#website\"},\"primaryImageOfPage\":{\"@id\":\"https:\/\/www.mpppst.gob.ve\/mpppstweb\/index.php\/2016\/03\/15\/desde-hoy-se-ajusta-la-escala-salarial-para-trabajadores-de-la-administracion-publica\/#primaryimage\"},\"image\":{\"@id\":\"https:\/\/www.mpppst.gob.ve\/mpppstweb\/index.php\/2016\/03\/15\/desde-hoy-se-ajusta-la-escala-salarial-para-trabajadores-de-la-administracion-publica\/#primaryimage\"},\"thumbnailUrl\":\"https:\/\/www.mpppst.gob.ve\/mpppstweb\/wp-content\/uploads\/2016\/03\/salario-minimo-venezuela.jpg\",\"datePublished\":\"2016-03-15T09:25:25+00:00\",\"dateModified\":\"2016-07-01T20:21:34+00:00\",\"breadcrumb\":{\"@id\":\"https:\/\/www.mpppst.gob.ve\/mpppstweb\/index.php\/2016\/03\/15\/desde-hoy-se-ajusta-la-escala-salarial-para-trabajadores-de-la-administracion-publica\/#breadcrumb\"},\"inLanguage\":\"es\",\"potentialAction\":[{\"@type\":\"ReadAction\",\"target\":[\"https:\/\/www.mpppst.gob.ve\/mpppstweb\/index.php\/2016\/03\/15\/desde-hoy-se-ajusta-la-escala-salarial-para-trabajadores-de-la-administracion-publica\/\"]}]},{\"@type\":\"ImageObject\",\"inLanguage\":\"es\",\"@id\":\"https:\/\/www.mpppst.gob.ve\/mpppstweb\/index.php\/2016\/03\/15\/desde-hoy-se-ajusta-la-escala-salarial-para-trabajadores-de-la-administracion-publica\/#primaryimage\",\"url\":\"https:\/\/www.mpppst.gob.ve\/mpppstweb\/wp-content\/uploads\/2016\/03\/salario-minimo-venezuela.jpg\",\"contentUrl\":\"https:\/\/www.mpppst.gob.ve\/mpppstweb\/wp-content\/uploads\/2016\/03\/salario-minimo-venezuela.jpg\",\"width\":1200,\"height\":800},{\"@type\":\"BreadcrumbList\",\"@id\":\"https:\/\/www.mpppst.gob.ve\/mpppstweb\/index.php\/2016\/03\/15\/desde-hoy-se-ajusta-la-escala-salarial-para-trabajadores-de-la-administracion-publica\/#breadcrumb\",\"itemListElement\":[{\"@type\":\"ListItem\",\"position\":1,\"name\":\"Home\",\"item\":\"https:\/\/www.mpppst.gob.ve\/mpppstweb\/\"},{\"@type\":\"ListItem\",\"position\":2,\"name\":\"Desde hoy se ajusta la escala salarial para trabajadores de la administraci\u00f3n p\u00fablica\"}]},{\"@type\":\"WebSite\",\"@id\":\"https:\/\/www.mpppst.gob.ve\/mpppstweb\/#website\",\"url\":\"https:\/\/www.mpppst.gob.ve\/mpppstweb\/\",\"name\":\"MPPPST\",\"description\":\"Ministerio del Poder Popular para el Proceso Social de Trabajo\",\"publisher\":{\"@id\":\"https:\/\/www.mpppst.gob.ve\/mpppstweb\/#organization\"},\"potentialAction\":[{\"@type\":\"SearchAction\",\"target\":{\"@type\":\"EntryPoint\",\"urlTemplate\":\"https:\/\/www.mpppst.gob.ve\/mpppstweb\/?s={search_term_string}\"},\"query-input\":\"required name=search_term_string\"}],\"inLanguage\":\"es\"},{\"@type\":\"Organization\",\"@id\":\"https:\/\/www.mpppst.gob.ve\/mpppstweb\/#organization\",\"name\":\"mpppst\",\"url\":\"https:\/\/www.mpppst.gob.ve\/mpppstweb\/\",\"logo\":{\"@type\":\"ImageObject\",\"inLanguage\":\"es\",\"@id\":\"https:\/\/www.mpppst.gob.ve\/mpppstweb\/#\/schema\/logo\/image\/\",\"url\":\"https:\/\/www.mpppst.gob.ve\/mpppstweb\/wp-content\/uploads\/2025\/07\/cropped-cropped-g910.png\",\"contentUrl\":\"https:\/\/www.mpppst.gob.ve\/mpppstweb\/wp-content\/uploads\/2025\/07\/cropped-cropped-g910.png\",\"width\":1080,\"height\":241,\"caption\":\"mpppst\"},\"image\":{\"@id\":\"https:\/\/www.mpppst.gob.ve\/mpppstweb\/#\/schema\/logo\/image\/\"}},{\"@type\":\"Person\",\"@id\":\"https:\/\/www.mpppst.gob.ve\/mpppstweb\/#\/schema\/person\/fc187ee8ead412bd4c9304b62f900ea4\",\"name\":\"MPPPST Prensa\",\"url\":\"https:\/\/www.mpppst.gob.ve\/mpppstweb\/index.php\/author\/prensa-mpppst\/\"}]}<\/script>\n<!-- \/ Yoast SEO plugin. -->","yoast_head_json":{"title":"Desde hoy se ajusta la escala salarial para trabajadores de la administraci\u00f3n p\u00fablica - MPPPST","robots":{"index":"index","follow":"follow","max-snippet":"max-snippet:-1","max-image-preview":"max-image-preview:large","max-video-preview":"max-video-preview:-1"},"canonical":"https:\/\/www.mpppst.gob.ve\/mpppstweb\/index.php\/2016\/03\/15\/desde-hoy-se-ajusta-la-escala-salarial-para-trabajadores-de-la-administracion-publica\/","og_locale":"es_ES","og_type":"article","og_title":"Desde hoy se ajusta la escala salarial para trabajadores de la administraci\u00f3n p\u00fablica - MPPPST","og_description":"El vicepresidente ejecutivo de la Rep\u00fablica, Arist\u00f3bulo Ist\u00fariz, explic\u00f3 los ajustes realizados en la escala salarial, aplicados a sueldos de empleados de la administraci\u00f3n p\u00fablica y los obreros.","og_url":"https:\/\/www.mpppst.gob.ve\/mpppstweb\/index.php\/2016\/03\/15\/desde-hoy-se-ajusta-la-escala-salarial-para-trabajadores-de-la-administracion-publica\/","og_site_name":"MPPPST","article_published_time":"2016-03-15T09:25:25+00:00","article_modified_time":"2016-07-01T20:21:34+00:00","og_image":[{"width":1200,"height":800,"url":"https:\/\/www.mpppst.gob.ve\/mpppstweb\/wp-content\/uploads\/2016\/03\/salario-minimo-venezuela.jpg","type":"image\/jpeg"}],"author":"MPPPST Prensa","twitter_card":"summary_large_image","twitter_misc":{"Escrito por":"MPPPST Prensa","Tiempo de lectura":"1 minuto"},"schema":{"@context":"https:\/\/schema.org","@graph":[{"@type":"Article","@id":"https:\/\/www.mpppst.gob.ve\/mpppstweb\/index.php\/2016\/03\/15\/desde-hoy-se-ajusta-la-escala-salarial-para-trabajadores-de-la-administracion-publica\/#article","isPartOf":{"@id":"https:\/\/www.mpppst.gob.ve\/mpppstweb\/index.php\/2016\/03\/15\/desde-hoy-se-ajusta-la-escala-salarial-para-trabajadores-de-la-administracion-publica\/"},"author":{"name":"MPPPST Prensa","@id":"https:\/\/www.mpppst.gob.ve\/mpppstweb\/#\/schema\/person\/fc187ee8ead412bd4c9304b62f900ea4"},"headline":"Desde hoy se ajusta la escala salarial para trabajadores de la administraci\u00f3n p\u00fablica","datePublished":"2016-03-15T09:25:25+00:00","dateModified":"2016-07-01T20:21:34+00:00","mainEntityOfPage":{"@id":"https:\/\/www.mpppst.gob.ve\/mpppstweb\/index.php\/2016\/03\/15\/desde-hoy-se-ajusta-la-escala-salarial-para-trabajadores-de-la-administracion-publica\/"},"wordCount":289,"publisher":{"@id":"https:\/\/www.mpppst.gob.ve\/mpppstweb\/#organization"},"image":{"@id":"https:\/\/www.mpppst.gob.ve\/mpppstweb\/index.php\/2016\/03\/15\/desde-hoy-se-ajusta-la-escala-salarial-para-trabajadores-de-la-administracion-publica\/#primaryimage"},"thumbnailUrl":"https:\/\/www.mpppst.gob.ve\/mpppstweb\/wp-content\/uploads\/2016\/03\/salario-minimo-venezuela.jpg","articleSection":["Gobierno Nacional"],"inLanguage":"es"},{"@type":"WebPage","@id":"https:\/\/www.mpppst.gob.ve\/mpppstweb\/index.php\/2016\/03\/15\/desde-hoy-se-ajusta-la-escala-salarial-para-trabajadores-de-la-administracion-publica\/","url":"https:\/\/www.mpppst.gob.ve\/mpppstweb\/index.php\/2016\/03\/15\/desde-hoy-se-ajusta-la-escala-salarial-para-trabajadores-de-la-administracion-publica\/","name":"Desde hoy se ajusta la escala salarial para trabajadores de la administraci\u00f3n p\u00fablica - MPPPST","isPartOf":{"@id":"https:\/\/www.mpppst.gob.ve\/mpppstweb\/#website"},"primaryImageOfPage":{"@id":"https:\/\/www.mpppst.gob.ve\/mpppstweb\/index.php\/2016\/03\/15\/desde-hoy-se-ajusta-la-escala-salarial-para-trabajadores-de-la-administracion-publica\/#primaryimage"},"image":{"@id":"https:\/\/www.mpppst.gob.ve\/mpppstweb\/index.php\/2016\/03\/15\/desde-hoy-se-ajusta-la-escala-salarial-para-trabajadores-de-la-administracion-publica\/#primaryimage"},"thumbnailUrl":"https:\/\/www.mpppst.gob.ve\/mpppstweb\/wp-content\/uploads\/2016\/03\/salario-minimo-venezuela.jpg","datePublished":"2016-03-15T09:25:25+00:00","dateModified":"2016-07-01T20:21:34+00:00","breadcrumb":{"@id":"https:\/\/www.mpppst.gob.ve\/mpppstweb\/index.php\/2016\/03\/15\/desde-hoy-se-ajusta-la-escala-salarial-para-trabajadores-de-la-administracion-publica\/#breadcrumb"},"inLanguage":"es","potentialAction":[{"@type":"ReadAction","target":["https:\/\/www.mpppst.gob.ve\/mpppstweb\/index.php\/2016\/03\/15\/desde-hoy-se-ajusta-la-escala-salarial-para-trabajadores-de-la-administracion-publica\/"]}]},{"@type":"ImageObject","inLanguage":"es","@id":"https:\/\/www.mpppst.gob.ve\/mpppstweb\/index.php\/2016\/03\/15\/desde-hoy-se-ajusta-la-escala-salarial-para-trabajadores-de-la-administracion-publica\/#primaryimage","url":"https:\/\/www.mpppst.gob.ve\/mpppstweb\/wp-content\/uploads\/2016\/03\/salario-minimo-venezuela.jpg","contentUrl":"https:\/\/www.mpppst.gob.ve\/mpppstweb\/wp-content\/uploads\/2016\/03\/salario-minimo-venezuela.jpg","width":1200,"height":800},{"@type":"BreadcrumbList","@id":"https:\/\/www.mpppst.gob.ve\/mpppstweb\/index.php\/2016\/03\/15\/desde-hoy-se-ajusta-la-escala-salarial-para-trabajadores-de-la-administracion-publica\/#breadcrumb","itemListElement":[{"@type":"ListItem","position":1,"name":"Home","item":"https:\/\/www.mpppst.gob.ve\/mpppstweb\/"},{"@type":"ListItem","position":2,"name":"Desde hoy se ajusta la escala salarial para trabajadores de la administraci\u00f3n p\u00fablica"}]},{"@type":"WebSite","@id":"https:\/\/www.mpppst.gob.ve\/mpppstweb\/#website","url":"https:\/\/www.mpppst.gob.ve\/mpppstweb\/","name":"MPPPST","description":"Ministerio del Poder Popular para el Proceso Social de Trabajo","publisher":{"@id":"https:\/\/www.mpppst.gob.ve\/mpppstweb\/#organization"},"potentialAction":[{"@type":"SearchAction","target":{"@type":"EntryPoint","urlTemplate":"https:\/\/www.mpppst.gob.ve\/mpppstweb\/?s={search_term_string}"},"query-input":"required name=search_term_string"}],"inLanguage":"es"},{"@type":"Organization","@id":"https:\/\/www.mpppst.gob.ve\/mpppstweb\/#organization","name":"mpppst","url":"https:\/\/www.mpppst.gob.ve\/mpppstweb\/","logo":{"@type":"ImageObject","inLanguage":"es","@id":"https:\/\/www.mpppst.gob.ve\/mpppstweb\/#\/schema\/logo\/image\/","url":"https:\/\/www.mpppst.gob.ve\/mpppstweb\/wp-content\/uploads\/2025\/07\/cropped-cropped-g910.png","contentUrl":"https:\/\/www.mpppst.gob.ve\/mpppstweb\/wp-content\/uploads\/2025\/07\/cropped-cropped-g910.png","width":1080,"height":241,"caption":"mpppst"},"image":{"@id":"https:\/\/www.mpppst.gob.ve\/mpppstweb\/#\/schema\/logo\/image\/"}},{"@type":"Person","@id":"https:\/\/www.mpppst.gob.ve\/mpppstweb\/#\/schema\/person\/fc187ee8ead412bd4c9304b62f900ea4","name":"MPPPST Prensa","url":"https:\/\/www.mpppst.gob.ve\/mpppstweb\/index.php\/author\/prensa-mpppst\/"}]}},"_links":{"self":[{"href":"https:\/\/www.mpppst.gob.ve\/mpppstweb\/index.php\/wp-json\/wp\/v2\/posts\/5078"}],"collection":[{"href":"https:\/\/www.mpppst.gob.ve\/mpppstweb\/index.php\/wp-json\/wp\/v2\/posts"}],"about":[{"href":"https:\/\/www.mpppst.gob.ve\/mpppstweb\/index.php\/wp-json\/wp\/v2\/types\/post"}],"author":[{"embeddable":true,"href":"https:\/\/www.mpppst.gob.ve\/mpppstweb\/index.php\/wp-json\/wp\/v2\/users\/25"}],"replies":[{"embeddable":true,"href":"https:\/\/www.mpppst.gob.ve\/mpppstweb\/index.php\/wp-json\/wp\/v2\/comments?post=5078"}],"version-history":[{"count":1,"href":"https:\/\/www.mpppst.gob.ve\/mpppstweb\/index.php\/wp-json\/wp\/v2\/posts\/5078\/revisions"}],"predecessor-version":[{"id":7093,"href":"https:\/\/www.mpppst.gob.ve\/mpppstweb\/index.php\/wp-json\/wp\/v2\/posts\/5078\/revisions\/7093"}],"wp:featuredmedia":[{"embeddable":true,"href":"https:\/\/www.mpppst.gob.ve\/mpppstweb\/index.php\/wp-json\/wp\/v2\/media\/5079"}],"wp:attachment":[{"href":"https:\/\/www.mpppst.gob.ve\/mpppstweb\/index.php\/wp-json\/wp\/v2\/media?parent=5078"}],"wp:term":[{"taxonomy":"category","embeddable":true,"href":"https:\/\/www.mpppst.gob.ve\/mpppstweb\/index.php\/wp-json\/wp\/v2\/categories?post=5078"},{"taxonomy":"post_tag","embeddable":true,"href":"https:\/\/www.mpppst.gob.ve\/mpppstweb\/index.php\/wp-json\/wp\/v2\/tags?post=5078"}],"curies":[{"name":"wp","href":"https:\/\/api.w.org\/{rel}","templated":true}]}}