{"id":5089,"date":"2016-03-15T17:39:06","date_gmt":"2016-03-15T17:39:06","guid":{"rendered":"http:\/\/www.mpppst.gob.ve\/mpppstweb\/?p=5089"},"modified":"2016-07-01T20:21:59","modified_gmt":"2016-07-01T20:21:59","slug":"clase-obrera-conforma-consejo-presidencial-para-realizar-propuestas-en-materia-productiva","status":"publish","type":"post","link":"https:\/\/www.mpppst.gob.ve\/mpppstweb\/index.php\/2016\/03\/15\/clase-obrera-conforma-consejo-presidencial-para-realizar-propuestas-en-materia-productiva\/","title":{"rendered":"Clase Obrera conforma Consejo Presidencial para realizar propuestas en materia\u00a0 productiva"},"content":{"rendered":"<p>Con el fin de asumir el poder y realizar propuestas al Presidente Nicol\u00e1s Maduro en la actual coyuntura con miras a contrarrestar la guerra econ\u00f3mica, de\u00a0 asumir responsabilidades t\u00e1cticas en el marco de los 14 motores y de plantear salidas a las necesidades del pueblo,\u00a0 fue conformado el Consejo Presidencial de la Clase Obrera.<\/p>\n<p>Tal como lo explic\u00f3 el ministro del Poder Popular para el Proceso Social de Trabajo, Oswaldo Vera, el Consejo Presidencial es una instancia asesora que tiene como prop\u00f3sito fundamental saldar una deuda existente con el pueblo venezolano: garantizarle la producci\u00f3n de productos, bienes y servicios.<\/p>\n<p><strong>Recorrer estado por estado <\/strong><\/p>\n<p>En tal sentido, Richard Verde (del sindicato de Venvidrio), se\u00f1al\u00f3 que \u201ces necesario ir a cada estado y determinar qu\u00e9 est\u00e1 pasando en cada Empresa, porque hay Gerentes que no est\u00e1n dejando que la clase obrera desempe\u00f1e su trabajo.<\/p>\n<p>Por su parte, Frank Quijada, del sindicato de empresas Polar, puso de manifiesto las declaraciones del Presidente Barack Obama, quien el d\u00eda de hoy se refiri\u00f3 a trav\u00e9s de los medios de comunicaci\u00f3n del espectro internacional a la necesidad de salir del Presidente, Nicol\u00e1s Maduro. En tal sentido, invit\u00f3 a la clase obrera a poyar al Primer Mandatario Nacional, pues considera que el nuevo pronunciamiento de Obama no es m\u00e1s que una declaratoria de guerra.<\/p>\n<p><strong>La defensa en las Empresas <\/strong><\/p>\n<p>Marisol Aponte, de la Milicia Nacional Bolivariana, expres\u00f3 su total disposici\u00f3n de \u201crecorrer estado por estado y municipio por municipio para que se conozca c\u00f3mo defender los centros de producci\u00f3n en caso de que los due\u00f1os de las Empresas paralicen dichos centros. Estoy preparada para defender esta Patria. Ya basta de sabotaje a nuestra Revoluci\u00f3n\u201d.<\/p>\n<p>Arqu\u00edmedes Hidalgo, trabajador de las industrias b\u00e1sicas, dijo que esta instancia es de \u201cdiscusi\u00f3n pol\u00edtica. Y este Consejo Presidencial debe asumir ese reto\u201d, al tiempo que agregaba que \u201cno es f\u00e1cil lo que est\u00e1 viviendo el Presidente, sin embargo, Maduro cuenta con nosotros\u201d (la clase obrera).<\/p>\n<p><strong>El sector de la juventud obrera\u00a0 <\/strong><\/p>\n<p>La Juventud Obrera presente en el acto de conformaci\u00f3n del Consejo Presidencial de la clase Obrera, se refiri\u00f3 a la necesidad de formar a la juventud obrera, pues este sector est\u00e1 siendo explotado en los centros comerciales, raz\u00f3n por la cual argumentaron lo necesario que resulta defender los derechos laborales de la juventud\u00a0 trabajadora.<\/p>\n<p>Esta actividad cont\u00f3 con la participaci\u00f3n del ministro del Poder Popular para el Proceso Social de Trabajo, Oswaldo Vera; el Viceministro de Previsi\u00f3n Social, N\u00e9stor Ovalles; el Viceministro para el Sistema Integrado de Inspecci\u00f3n Laboral y de la Seguridad Social, Jos\u00e9 Ram\u00f3n Rivero; el Presidente del INCES, Wuilkelman \u00c1ngel; el Presidente de la Central Bolivariana Socialista de Trabajadores y Coordinador del Consejo Presidencial, Wills Rangel, as\u00ed como miembros de la clase obrera que pertenecen a distintos sectores de la econom\u00eda nacional (motores) y que se han unido, de forma decidida, para salir al paso a la coyuntura econ\u00f3mica y social del pa\u00eds.<\/p>\n<p>&nbsp;<\/p>\n<p>Redacci\u00f3n: Marbelys Mav\u00e1rez Laguna<\/p>\n<p>Foto: Dellys Landaeta<\/p>\n","protected":false},"excerpt":{"rendered":"<p>Con el fin de realizar propuestas al Presidente Nicol\u00e1s Maduro en la actual coyuntura y contrarrestar la guerra econ\u00f3mica en el marco de los 14 motores,  fue conformado el Consejo Presidencial de la Clase Obrera.<\/p>\n","protected":false},"author":25,"featured_media":5090,"comment_status":"closed","ping_status":"closed","sticky":false,"template":"","format":"standard","meta":{"footnotes":""},"categories":[82],"tags":[],"yoast_head":"<!-- This site is optimized with the Yoast SEO plugin v22.5 - https:\/\/yoast.com\/wordpress\/plugins\/seo\/ -->\n<title>Clase Obrera conforma Consejo Presidencial para realizar propuestas en materia\u00a0 productiva - MPPPST<\/title>\n<meta name=\"robots\" content=\"index, follow, max-snippet:-1, max-image-preview:large, max-video-preview:-1\" \/>\n<link rel=\"canonical\" href=\"https:\/\/www.mpppst.gob.ve\/mpppstweb\/index.php\/2016\/03\/15\/clase-obrera-conforma-consejo-presidencial-para-realizar-propuestas-en-materia-productiva\/\" \/>\n<meta property=\"og:locale\" content=\"es_ES\" \/>\n<meta property=\"og:type\" content=\"article\" \/>\n<meta property=\"og:title\" content=\"Clase Obrera conforma Consejo Presidencial para realizar propuestas en materia\u00a0 productiva - MPPPST\" \/>\n<meta property=\"og:description\" content=\"Con el fin de realizar propuestas al Presidente Nicol\u00e1s Maduro en la actual coyuntura y contrarrestar la guerra econ\u00f3mica en el marco de los 14 motores, fue conformado el Consejo Presidencial de la Clase Obrera.\" \/>\n<meta property=\"og:url\" content=\"https:\/\/www.mpppst.gob.ve\/mpppstweb\/index.php\/2016\/03\/15\/clase-obrera-conforma-consejo-presidencial-para-realizar-propuestas-en-materia-productiva\/\" \/>\n<meta property=\"og:site_name\" content=\"MPPPST\" \/>\n<meta property=\"article:published_time\" content=\"2016-03-15T17:39:06+00:00\" \/>\n<meta property=\"article:modified_time\" content=\"2016-07-01T20:21:59+00:00\" \/>\n<meta name=\"author\" content=\"MPPPST Prensa\" \/>\n<meta name=\"twitter:card\" content=\"summary_large_image\" \/>\n<meta name=\"twitter:label1\" content=\"Escrito por\" \/>\n\t<meta name=\"twitter:data1\" content=\"MPPPST Prensa\" \/>\n\t<meta name=\"twitter:label2\" content=\"Tiempo de lectura\" \/>\n\t<meta name=\"twitter:data2\" content=\"3 minutos\" \/>\n<script type=\"application\/ld+json\" class=\"yoast-schema-graph\">{\"@context\":\"https:\/\/schema.org\",\"@graph\":[{\"@type\":\"Article\",\"@id\":\"https:\/\/www.mpppst.gob.ve\/mpppstweb\/index.php\/2016\/03\/15\/clase-obrera-conforma-consejo-presidencial-para-realizar-propuestas-en-materia-productiva\/#article\",\"isPartOf\":{\"@id\":\"https:\/\/www.mpppst.gob.ve\/mpppstweb\/index.php\/2016\/03\/15\/clase-obrera-conforma-consejo-presidencial-para-realizar-propuestas-en-materia-productiva\/\"},\"author\":{\"name\":\"MPPPST Prensa\",\"@id\":\"https:\/\/www.mpppst.gob.ve\/mpppstweb\/#\/schema\/person\/fc187ee8ead412bd4c9304b62f900ea4\"},\"headline\":\"Clase Obrera conforma Consejo Presidencial para realizar propuestas en materia\u00a0 productiva\",\"datePublished\":\"2016-03-15T17:39:06+00:00\",\"dateModified\":\"2016-07-01T20:21:59+00:00\",\"mainEntityOfPage\":{\"@id\":\"https:\/\/www.mpppst.gob.ve\/mpppstweb\/index.php\/2016\/03\/15\/clase-obrera-conforma-consejo-presidencial-para-realizar-propuestas-en-materia-productiva\/\"},\"wordCount\":538,\"publisher\":{\"@id\":\"https:\/\/www.mpppst.gob.ve\/mpppstweb\/#organization\"},\"image\":{\"@id\":\"https:\/\/www.mpppst.gob.ve\/mpppstweb\/index.php\/2016\/03\/15\/clase-obrera-conforma-consejo-presidencial-para-realizar-propuestas-en-materia-productiva\/#primaryimage\"},\"thumbnailUrl\":\"\",\"articleSection\":[\"Gobierno Nacional\"],\"inLanguage\":\"es\"},{\"@type\":\"WebPage\",\"@id\":\"https:\/\/www.mpppst.gob.ve\/mpppstweb\/index.php\/2016\/03\/15\/clase-obrera-conforma-consejo-presidencial-para-realizar-propuestas-en-materia-productiva\/\",\"url\":\"https:\/\/www.mpppst.gob.ve\/mpppstweb\/index.php\/2016\/03\/15\/clase-obrera-conforma-consejo-presidencial-para-realizar-propuestas-en-materia-productiva\/\",\"name\":\"Clase Obrera conforma Consejo Presidencial para realizar propuestas en materia\u00a0 productiva - MPPPST\",\"isPartOf\":{\"@id\":\"https:\/\/www.mpppst.gob.ve\/mpppstweb\/#website\"},\"primaryImageOfPage\":{\"@id\":\"https:\/\/www.mpppst.gob.ve\/mpppstweb\/index.php\/2016\/03\/15\/clase-obrera-conforma-consejo-presidencial-para-realizar-propuestas-en-materia-productiva\/#primaryimage\"},\"image\":{\"@id\":\"https:\/\/www.mpppst.gob.ve\/mpppstweb\/index.php\/2016\/03\/15\/clase-obrera-conforma-consejo-presidencial-para-realizar-propuestas-en-materia-productiva\/#primaryimage\"},\"thumbnailUrl\":\"\",\"datePublished\":\"2016-03-15T17:39:06+00:00\",\"dateModified\":\"2016-07-01T20:21:59+00:00\",\"breadcrumb\":{\"@id\":\"https:\/\/www.mpppst.gob.ve\/mpppstweb\/index.php\/2016\/03\/15\/clase-obrera-conforma-consejo-presidencial-para-realizar-propuestas-en-materia-productiva\/#breadcrumb\"},\"inLanguage\":\"es\",\"potentialAction\":[{\"@type\":\"ReadAction\",\"target\":[\"https:\/\/www.mpppst.gob.ve\/mpppstweb\/index.php\/2016\/03\/15\/clase-obrera-conforma-consejo-presidencial-para-realizar-propuestas-en-materia-productiva\/\"]}]},{\"@type\":\"ImageObject\",\"inLanguage\":\"es\",\"@id\":\"https:\/\/www.mpppst.gob.ve\/mpppstweb\/index.php\/2016\/03\/15\/clase-obrera-conforma-consejo-presidencial-para-realizar-propuestas-en-materia-productiva\/#primaryimage\",\"url\":\"\",\"contentUrl\":\"\"},{\"@type\":\"BreadcrumbList\",\"@id\":\"https:\/\/www.mpppst.gob.ve\/mpppstweb\/index.php\/2016\/03\/15\/clase-obrera-conforma-consejo-presidencial-para-realizar-propuestas-en-materia-productiva\/#breadcrumb\",\"itemListElement\":[{\"@type\":\"ListItem\",\"position\":1,\"name\":\"Home\",\"item\":\"https:\/\/www.mpppst.gob.ve\/mpppstweb\/\"},{\"@type\":\"ListItem\",\"position\":2,\"name\":\"Clase Obrera conforma Consejo Presidencial para realizar propuestas en materia\u00a0 productiva\"}]},{\"@type\":\"WebSite\",\"@id\":\"https:\/\/www.mpppst.gob.ve\/mpppstweb\/#website\",\"url\":\"https:\/\/www.mpppst.gob.ve\/mpppstweb\/\",\"name\":\"MPPPST\",\"description\":\"Ministerio del Poder Popular para el Proceso Social de Trabajo\",\"publisher\":{\"@id\":\"https:\/\/www.mpppst.gob.ve\/mpppstweb\/#organization\"},\"potentialAction\":[{\"@type\":\"SearchAction\",\"target\":{\"@type\":\"EntryPoint\",\"urlTemplate\":\"https:\/\/www.mpppst.gob.ve\/mpppstweb\/?s={search_term_string}\"},\"query-input\":\"required name=search_term_string\"}],\"inLanguage\":\"es\"},{\"@type\":\"Organization\",\"@id\":\"https:\/\/www.mpppst.gob.ve\/mpppstweb\/#organization\",\"name\":\"mpppst\",\"url\":\"https:\/\/www.mpppst.gob.ve\/mpppstweb\/\",\"logo\":{\"@type\":\"ImageObject\",\"inLanguage\":\"es\",\"@id\":\"https:\/\/www.mpppst.gob.ve\/mpppstweb\/#\/schema\/logo\/image\/\",\"url\":\"https:\/\/www.mpppst.gob.ve\/mpppstweb\/wp-content\/uploads\/2025\/07\/cropped-cropped-g910.png\",\"contentUrl\":\"https:\/\/www.mpppst.gob.ve\/mpppstweb\/wp-content\/uploads\/2025\/07\/cropped-cropped-g910.png\",\"width\":1080,\"height\":241,\"caption\":\"mpppst\"},\"image\":{\"@id\":\"https:\/\/www.mpppst.gob.ve\/mpppstweb\/#\/schema\/logo\/image\/\"}},{\"@type\":\"Person\",\"@id\":\"https:\/\/www.mpppst.gob.ve\/mpppstweb\/#\/schema\/person\/fc187ee8ead412bd4c9304b62f900ea4\",\"name\":\"MPPPST Prensa\",\"url\":\"https:\/\/www.mpppst.gob.ve\/mpppstweb\/index.php\/author\/prensa-mpppst\/\"}]}<\/script>\n<!-- \/ Yoast SEO plugin. -->","yoast_head_json":{"title":"Clase Obrera conforma Consejo Presidencial para realizar propuestas en materia\u00a0 productiva - MPPPST","robots":{"index":"index","follow":"follow","max-snippet":"max-snippet:-1","max-image-preview":"max-image-preview:large","max-video-preview":"max-video-preview:-1"},"canonical":"https:\/\/www.mpppst.gob.ve\/mpppstweb\/index.php\/2016\/03\/15\/clase-obrera-conforma-consejo-presidencial-para-realizar-propuestas-en-materia-productiva\/","og_locale":"es_ES","og_type":"article","og_title":"Clase Obrera conforma Consejo Presidencial para realizar propuestas en materia\u00a0 productiva - MPPPST","og_description":"Con el fin de realizar propuestas al Presidente Nicol\u00e1s Maduro en la actual coyuntura y contrarrestar la guerra econ\u00f3mica en el marco de los 14 motores, fue conformado el Consejo Presidencial de la Clase Obrera.","og_url":"https:\/\/www.mpppst.gob.ve\/mpppstweb\/index.php\/2016\/03\/15\/clase-obrera-conforma-consejo-presidencial-para-realizar-propuestas-en-materia-productiva\/","og_site_name":"MPPPST","article_published_time":"2016-03-15T17:39:06+00:00","article_modified_time":"2016-07-01T20:21:59+00:00","author":"MPPPST Prensa","twitter_card":"summary_large_image","twitter_misc":{"Escrito por":"MPPPST Prensa","Tiempo de lectura":"3 minutos"},"schema":{"@context":"https:\/\/schema.org","@graph":[{"@type":"Article","@id":"https:\/\/www.mpppst.gob.ve\/mpppstweb\/index.php\/2016\/03\/15\/clase-obrera-conforma-consejo-presidencial-para-realizar-propuestas-en-materia-productiva\/#article","isPartOf":{"@id":"https:\/\/www.mpppst.gob.ve\/mpppstweb\/index.php\/2016\/03\/15\/clase-obrera-conforma-consejo-presidencial-para-realizar-propuestas-en-materia-productiva\/"},"author":{"name":"MPPPST Prensa","@id":"https:\/\/www.mpppst.gob.ve\/mpppstweb\/#\/schema\/person\/fc187ee8ead412bd4c9304b62f900ea4"},"headline":"Clase Obrera conforma Consejo Presidencial para realizar propuestas en materia\u00a0 productiva","datePublished":"2016-03-15T17:39:06+00:00","dateModified":"2016-07-01T20:21:59+00:00","mainEntityOfPage":{"@id":"https:\/\/www.mpppst.gob.ve\/mpppstweb\/index.php\/2016\/03\/15\/clase-obrera-conforma-consejo-presidencial-para-realizar-propuestas-en-materia-productiva\/"},"wordCount":538,"publisher":{"@id":"https:\/\/www.mpppst.gob.ve\/mpppstweb\/#organization"},"image":{"@id":"https:\/\/www.mpppst.gob.ve\/mpppstweb\/index.php\/2016\/03\/15\/clase-obrera-conforma-consejo-presidencial-para-realizar-propuestas-en-materia-productiva\/#primaryimage"},"thumbnailUrl":"","articleSection":["Gobierno Nacional"],"inLanguage":"es"},{"@type":"WebPage","@id":"https:\/\/www.mpppst.gob.ve\/mpppstweb\/index.php\/2016\/03\/15\/clase-obrera-conforma-consejo-presidencial-para-realizar-propuestas-en-materia-productiva\/","url":"https:\/\/www.mpppst.gob.ve\/mpppstweb\/index.php\/2016\/03\/15\/clase-obrera-conforma-consejo-presidencial-para-realizar-propuestas-en-materia-productiva\/","name":"Clase Obrera conforma Consejo Presidencial para realizar propuestas en materia\u00a0 productiva - MPPPST","isPartOf":{"@id":"https:\/\/www.mpppst.gob.ve\/mpppstweb\/#website"},"primaryImageOfPage":{"@id":"https:\/\/www.mpppst.gob.ve\/mpppstweb\/index.php\/2016\/03\/15\/clase-obrera-conforma-consejo-presidencial-para-realizar-propuestas-en-materia-productiva\/#primaryimage"},"image":{"@id":"https:\/\/www.mpppst.gob.ve\/mpppstweb\/index.php\/2016\/03\/15\/clase-obrera-conforma-consejo-presidencial-para-realizar-propuestas-en-materia-productiva\/#primaryimage"},"thumbnailUrl":"","datePublished":"2016-03-15T17:39:06+00:00","dateModified":"2016-07-01T20:21:59+00:00","breadcrumb":{"@id":"https:\/\/www.mpppst.gob.ve\/mpppstweb\/index.php\/2016\/03\/15\/clase-obrera-conforma-consejo-presidencial-para-realizar-propuestas-en-materia-productiva\/#breadcrumb"},"inLanguage":"es","potentialAction":[{"@type":"ReadAction","target":["https:\/\/www.mpppst.gob.ve\/mpppstweb\/index.php\/2016\/03\/15\/clase-obrera-conforma-consejo-presidencial-para-realizar-propuestas-en-materia-productiva\/"]}]},{"@type":"ImageObject","inLanguage":"es","@id":"https:\/\/www.mpppst.gob.ve\/mpppstweb\/index.php\/2016\/03\/15\/clase-obrera-conforma-consejo-presidencial-para-realizar-propuestas-en-materia-productiva\/#primaryimage","url":"","contentUrl":""},{"@type":"BreadcrumbList","@id":"https:\/\/www.mpppst.gob.ve\/mpppstweb\/index.php\/2016\/03\/15\/clase-obrera-conforma-consejo-presidencial-para-realizar-propuestas-en-materia-productiva\/#breadcrumb","itemListElement":[{"@type":"ListItem","position":1,"name":"Home","item":"https:\/\/www.mpppst.gob.ve\/mpppstweb\/"},{"@type":"ListItem","position":2,"name":"Clase Obrera conforma Consejo Presidencial para realizar propuestas en materia\u00a0 productiva"}]},{"@type":"WebSite","@id":"https:\/\/www.mpppst.gob.ve\/mpppstweb\/#website","url":"https:\/\/www.mpppst.gob.ve\/mpppstweb\/","name":"MPPPST","description":"Ministerio del Poder Popular para el Proceso Social de Trabajo","publisher":{"@id":"https:\/\/www.mpppst.gob.ve\/mpppstweb\/#organization"},"potentialAction":[{"@type":"SearchAction","target":{"@type":"EntryPoint","urlTemplate":"https:\/\/www.mpppst.gob.ve\/mpppstweb\/?s={search_term_string}"},"query-input":"required name=search_term_string"}],"inLanguage":"es"},{"@type":"Organization","@id":"https:\/\/www.mpppst.gob.ve\/mpppstweb\/#organization","name":"mpppst","url":"https:\/\/www.mpppst.gob.ve\/mpppstweb\/","logo":{"@type":"ImageObject","inLanguage":"es","@id":"https:\/\/www.mpppst.gob.ve\/mpppstweb\/#\/schema\/logo\/image\/","url":"https:\/\/www.mpppst.gob.ve\/mpppstweb\/wp-content\/uploads\/2025\/07\/cropped-cropped-g910.png","contentUrl":"https:\/\/www.mpppst.gob.ve\/mpppstweb\/wp-content\/uploads\/2025\/07\/cropped-cropped-g910.png","width":1080,"height":241,"caption":"mpppst"},"image":{"@id":"https:\/\/www.mpppst.gob.ve\/mpppstweb\/#\/schema\/logo\/image\/"}},{"@type":"Person","@id":"https:\/\/www.mpppst.gob.ve\/mpppstweb\/#\/schema\/person\/fc187ee8ead412bd4c9304b62f900ea4","name":"MPPPST Prensa","url":"https:\/\/www.mpppst.gob.ve\/mpppstweb\/index.php\/author\/prensa-mpppst\/"}]}},"_links":{"self":[{"href":"https:\/\/www.mpppst.gob.ve\/mpppstweb\/index.php\/wp-json\/wp\/v2\/posts\/5089"}],"collection":[{"href":"https:\/\/www.mpppst.gob.ve\/mpppstweb\/index.php\/wp-json\/wp\/v2\/posts"}],"about":[{"href":"https:\/\/www.mpppst.gob.ve\/mpppstweb\/index.php\/wp-json\/wp\/v2\/types\/post"}],"author":[{"embeddable":true,"href":"https:\/\/www.mpppst.gob.ve\/mpppstweb\/index.php\/wp-json\/wp\/v2\/users\/25"}],"replies":[{"embeddable":true,"href":"https:\/\/www.mpppst.gob.ve\/mpppstweb\/index.php\/wp-json\/wp\/v2\/comments?post=5089"}],"version-history":[{"count":1,"href":"https:\/\/www.mpppst.gob.ve\/mpppstweb\/index.php\/wp-json\/wp\/v2\/posts\/5089\/revisions"}],"predecessor-version":[{"id":7094,"href":"https:\/\/www.mpppst.gob.ve\/mpppstweb\/index.php\/wp-json\/wp\/v2\/posts\/5089\/revisions\/7094"}],"wp:featuredmedia":[{"embeddable":true,"href":"https:\/\/www.mpppst.gob.ve\/mpppstweb\/index.php\/wp-json\/"}],"wp:attachment":[{"href":"https:\/\/www.mpppst.gob.ve\/mpppstweb\/index.php\/wp-json\/wp\/v2\/media?parent=5089"}],"wp:term":[{"taxonomy":"category","embeddable":true,"href":"https:\/\/www.mpppst.gob.ve\/mpppstweb\/index.php\/wp-json\/wp\/v2\/categories?post=5089"},{"taxonomy":"post_tag","embeddable":true,"href":"https:\/\/www.mpppst.gob.ve\/mpppstweb\/index.php\/wp-json\/wp\/v2\/tags?post=5089"}],"curies":[{"name":"wp","href":"https:\/\/api.w.org\/{rel}","templated":true}]}}