{"id":5106,"date":"2016-03-16T13:44:58","date_gmt":"2016-03-16T13:44:58","guid":{"rendered":"http:\/\/www.mpppst.gob.ve\/mpppstweb\/?p=5106"},"modified":"2016-07-01T20:22:31","modified_gmt":"2016-07-01T20:22:31","slug":"corpoelec-realiza-taller-de-ahorro-energetico-en-el-mpppst","status":"publish","type":"post","link":"https:\/\/www.mpppst.gob.ve\/mpppstweb\/index.php\/2016\/03\/16\/corpoelec-realiza-taller-de-ahorro-energetico-en-el-mpppst\/","title":{"rendered":"Corpoelec realiza taller de Ahorro Energ\u00e9tico en el MPPPST"},"content":{"rendered":"<p style=\"text-align: justify;\">Caracas (MPPPST). El 15 de marzo se realiz\u00f3 en el Ministerio del Poder Popular para el Proceso Social de Trabajo un taller sobre el Ahorro Energ\u00e9tico por parte de la Corporaci\u00f3n Electrica Nacional (CORPOELEC) como parte del Plan del Uso Racional y Eficiente de la Energ\u00eda El\u00e9ctrica.<\/p>\n<p style=\"text-align: justify;\">La actividad estuvo encabezada por Kelly Valenzuela, del equipo de apoyo profesional de la direcci\u00f3n de Gesti\u00f3n del Uso de la Energ\u00eda El\u00e9ctrica de Corpoelec, quien destac\u00f3 que este tipo de talleres son muy importantes para que las personas conozcan la importancia de usar de forma racional y eficiente la Energ\u00eda El\u00e9ctrica. \u201cEn esta actividad se abord\u00f3 el tema del fen\u00f3meno climatol\u00f3gico <em>El Ni\u00f1o<\/em> y los efectos que puede causar en nuestro pa\u00eds, adem\u00e1s de mostrar qu\u00e9 efectos ha causado en el mundo. Esto es importante conocerlo para buscar conciencia en el uso racional y eficiente de la energ\u00eda y el agua\u201d.<\/p>\n<p style=\"text-align: justify;\">Valenzuela, indic\u00f3 que es importante entender que en estos momentos los embalses de agua est\u00e1n muy por debajo de su capacidad y es por eso que se debe ahorrar la energ\u00eda el\u00e9ctrica y el agua.<\/p>\n<p style=\"text-align: justify;\">\u201cTodos los embalses de Venezuela est\u00e1n en sus niveles bajos, hay que procurar hacer uso eficiente de la energ\u00eda y el uso eficiente de los equipos electr\u00f3nicos eso es muy importante, hay que apagar los equipos cuando no se usen, desconectar los cargadores para evitar derrochar energ\u00eda\u201d, puntualiz\u00f3 Valenzuela.<\/p>\n<p style=\"text-align: justify;\">Destac\u00f3 adem\u00e1s \u00a0que estos talleres son impartidos a las comunidades y trabajadores de instituciones p\u00fablicas, por los trabajadores y trabajadoras de Mesas de Energ\u00eda de Corpoelec. \u201cDesde Corpoelec apoyaremos las actividades vitales que conlleven disminuir el consumo de energ\u00eda, con el fin de disminuir en estos momentos los efectos del fen\u00f3meno <em>el Ni\u00f1o<\/em> y aprovechar los recursos naturales que tenemos en Venezuela\u201d.<\/p>\n<p style=\"text-align: justify;\">Redacci\u00f3n: Carlos Palacios<\/p>\n<p style=\"text-align: justify;\">Fotograf\u00eda: Dellys Landaeta<\/p>\n","protected":false},"excerpt":{"rendered":"<p>El 15 de marzo se realiz\u00f3 en el MPPPST un taller sobre el Ahorro Energ\u00e9tico por parte de (CORPOELEC) como parte del Plan del Uso Racional  de la Energ\u00eda El\u00e9ctrica.<\/p>\n","protected":false},"author":25,"featured_media":5108,"comment_status":"closed","ping_status":"closed","sticky":false,"template":"","format":"standard","meta":{"footnotes":""},"categories":[83],"tags":[],"yoast_head":"<!-- This site is optimized with the Yoast SEO plugin v22.5 - https:\/\/yoast.com\/wordpress\/plugins\/seo\/ -->\n<title>Corpoelec realiza taller de Ahorro Energ\u00e9tico en el MPPPST - MPPPST<\/title>\n<meta name=\"robots\" content=\"index, follow, max-snippet:-1, max-image-preview:large, max-video-preview:-1\" \/>\n<link rel=\"canonical\" href=\"https:\/\/www.mpppst.gob.ve\/mpppstweb\/index.php\/2016\/03\/16\/corpoelec-realiza-taller-de-ahorro-energetico-en-el-mpppst\/\" \/>\n<meta property=\"og:locale\" content=\"es_ES\" \/>\n<meta property=\"og:type\" content=\"article\" \/>\n<meta property=\"og:title\" content=\"Corpoelec realiza taller de Ahorro Energ\u00e9tico en el MPPPST - MPPPST\" \/>\n<meta property=\"og:description\" content=\"El 15 de marzo se realiz\u00f3 en el MPPPST un taller sobre el Ahorro Energ\u00e9tico por parte de (CORPOELEC) como parte del Plan del Uso Racional de la Energ\u00eda El\u00e9ctrica.\" \/>\n<meta property=\"og:url\" content=\"https:\/\/www.mpppst.gob.ve\/mpppstweb\/index.php\/2016\/03\/16\/corpoelec-realiza-taller-de-ahorro-energetico-en-el-mpppst\/\" \/>\n<meta property=\"og:site_name\" content=\"MPPPST\" \/>\n<meta property=\"article:published_time\" content=\"2016-03-16T13:44:58+00:00\" \/>\n<meta property=\"article:modified_time\" content=\"2016-07-01T20:22:31+00:00\" \/>\n<meta name=\"author\" content=\"MPPPST Prensa\" \/>\n<meta name=\"twitter:card\" content=\"summary_large_image\" \/>\n<meta name=\"twitter:label1\" content=\"Escrito por\" \/>\n\t<meta name=\"twitter:data1\" content=\"MPPPST Prensa\" \/>\n\t<meta name=\"twitter:label2\" content=\"Tiempo de lectura\" \/>\n\t<meta name=\"twitter:data2\" content=\"2 minutos\" \/>\n<script type=\"application\/ld+json\" class=\"yoast-schema-graph\">{\"@context\":\"https:\/\/schema.org\",\"@graph\":[{\"@type\":\"Article\",\"@id\":\"https:\/\/www.mpppst.gob.ve\/mpppstweb\/index.php\/2016\/03\/16\/corpoelec-realiza-taller-de-ahorro-energetico-en-el-mpppst\/#article\",\"isPartOf\":{\"@id\":\"https:\/\/www.mpppst.gob.ve\/mpppstweb\/index.php\/2016\/03\/16\/corpoelec-realiza-taller-de-ahorro-energetico-en-el-mpppst\/\"},\"author\":{\"name\":\"MPPPST Prensa\",\"@id\":\"https:\/\/www.mpppst.gob.ve\/mpppstweb\/#\/schema\/person\/fc187ee8ead412bd4c9304b62f900ea4\"},\"headline\":\"Corpoelec realiza taller de Ahorro Energ\u00e9tico en el MPPPST\",\"datePublished\":\"2016-03-16T13:44:58+00:00\",\"dateModified\":\"2016-07-01T20:22:31+00:00\",\"mainEntityOfPage\":{\"@id\":\"https:\/\/www.mpppst.gob.ve\/mpppstweb\/index.php\/2016\/03\/16\/corpoelec-realiza-taller-de-ahorro-energetico-en-el-mpppst\/\"},\"wordCount\":341,\"publisher\":{\"@id\":\"https:\/\/www.mpppst.gob.ve\/mpppstweb\/#organization\"},\"image\":{\"@id\":\"https:\/\/www.mpppst.gob.ve\/mpppstweb\/index.php\/2016\/03\/16\/corpoelec-realiza-taller-de-ahorro-energetico-en-el-mpppst\/#primaryimage\"},\"thumbnailUrl\":\"\",\"articleSection\":[\"Ministerio\"],\"inLanguage\":\"es\"},{\"@type\":\"WebPage\",\"@id\":\"https:\/\/www.mpppst.gob.ve\/mpppstweb\/index.php\/2016\/03\/16\/corpoelec-realiza-taller-de-ahorro-energetico-en-el-mpppst\/\",\"url\":\"https:\/\/www.mpppst.gob.ve\/mpppstweb\/index.php\/2016\/03\/16\/corpoelec-realiza-taller-de-ahorro-energetico-en-el-mpppst\/\",\"name\":\"Corpoelec realiza taller de Ahorro Energ\u00e9tico en el MPPPST - MPPPST\",\"isPartOf\":{\"@id\":\"https:\/\/www.mpppst.gob.ve\/mpppstweb\/#website\"},\"primaryImageOfPage\":{\"@id\":\"https:\/\/www.mpppst.gob.ve\/mpppstweb\/index.php\/2016\/03\/16\/corpoelec-realiza-taller-de-ahorro-energetico-en-el-mpppst\/#primaryimage\"},\"image\":{\"@id\":\"https:\/\/www.mpppst.gob.ve\/mpppstweb\/index.php\/2016\/03\/16\/corpoelec-realiza-taller-de-ahorro-energetico-en-el-mpppst\/#primaryimage\"},\"thumbnailUrl\":\"\",\"datePublished\":\"2016-03-16T13:44:58+00:00\",\"dateModified\":\"2016-07-01T20:22:31+00:00\",\"breadcrumb\":{\"@id\":\"https:\/\/www.mpppst.gob.ve\/mpppstweb\/index.php\/2016\/03\/16\/corpoelec-realiza-taller-de-ahorro-energetico-en-el-mpppst\/#breadcrumb\"},\"inLanguage\":\"es\",\"potentialAction\":[{\"@type\":\"ReadAction\",\"target\":[\"https:\/\/www.mpppst.gob.ve\/mpppstweb\/index.php\/2016\/03\/16\/corpoelec-realiza-taller-de-ahorro-energetico-en-el-mpppst\/\"]}]},{\"@type\":\"ImageObject\",\"inLanguage\":\"es\",\"@id\":\"https:\/\/www.mpppst.gob.ve\/mpppstweb\/index.php\/2016\/03\/16\/corpoelec-realiza-taller-de-ahorro-energetico-en-el-mpppst\/#primaryimage\",\"url\":\"\",\"contentUrl\":\"\"},{\"@type\":\"BreadcrumbList\",\"@id\":\"https:\/\/www.mpppst.gob.ve\/mpppstweb\/index.php\/2016\/03\/16\/corpoelec-realiza-taller-de-ahorro-energetico-en-el-mpppst\/#breadcrumb\",\"itemListElement\":[{\"@type\":\"ListItem\",\"position\":1,\"name\":\"Home\",\"item\":\"https:\/\/www.mpppst.gob.ve\/mpppstweb\/\"},{\"@type\":\"ListItem\",\"position\":2,\"name\":\"Corpoelec realiza taller de Ahorro Energ\u00e9tico en el MPPPST\"}]},{\"@type\":\"WebSite\",\"@id\":\"https:\/\/www.mpppst.gob.ve\/mpppstweb\/#website\",\"url\":\"https:\/\/www.mpppst.gob.ve\/mpppstweb\/\",\"name\":\"MPPPST\",\"description\":\"Ministerio del Poder Popular para el Proceso Social de Trabajo\",\"publisher\":{\"@id\":\"https:\/\/www.mpppst.gob.ve\/mpppstweb\/#organization\"},\"potentialAction\":[{\"@type\":\"SearchAction\",\"target\":{\"@type\":\"EntryPoint\",\"urlTemplate\":\"https:\/\/www.mpppst.gob.ve\/mpppstweb\/?s={search_term_string}\"},\"query-input\":\"required name=search_term_string\"}],\"inLanguage\":\"es\"},{\"@type\":\"Organization\",\"@id\":\"https:\/\/www.mpppst.gob.ve\/mpppstweb\/#organization\",\"name\":\"mpppst\",\"url\":\"https:\/\/www.mpppst.gob.ve\/mpppstweb\/\",\"logo\":{\"@type\":\"ImageObject\",\"inLanguage\":\"es\",\"@id\":\"https:\/\/www.mpppst.gob.ve\/mpppstweb\/#\/schema\/logo\/image\/\",\"url\":\"https:\/\/www.mpppst.gob.ve\/mpppstweb\/wp-content\/uploads\/2025\/07\/cropped-cropped-g910.png\",\"contentUrl\":\"https:\/\/www.mpppst.gob.ve\/mpppstweb\/wp-content\/uploads\/2025\/07\/cropped-cropped-g910.png\",\"width\":1080,\"height\":241,\"caption\":\"mpppst\"},\"image\":{\"@id\":\"https:\/\/www.mpppst.gob.ve\/mpppstweb\/#\/schema\/logo\/image\/\"}},{\"@type\":\"Person\",\"@id\":\"https:\/\/www.mpppst.gob.ve\/mpppstweb\/#\/schema\/person\/fc187ee8ead412bd4c9304b62f900ea4\",\"name\":\"MPPPST Prensa\",\"url\":\"https:\/\/www.mpppst.gob.ve\/mpppstweb\/index.php\/author\/prensa-mpppst\/\"}]}<\/script>\n<!-- \/ Yoast SEO plugin. -->","yoast_head_json":{"title":"Corpoelec realiza taller de Ahorro Energ\u00e9tico en el MPPPST - MPPPST","robots":{"index":"index","follow":"follow","max-snippet":"max-snippet:-1","max-image-preview":"max-image-preview:large","max-video-preview":"max-video-preview:-1"},"canonical":"https:\/\/www.mpppst.gob.ve\/mpppstweb\/index.php\/2016\/03\/16\/corpoelec-realiza-taller-de-ahorro-energetico-en-el-mpppst\/","og_locale":"es_ES","og_type":"article","og_title":"Corpoelec realiza taller de Ahorro Energ\u00e9tico en el MPPPST - MPPPST","og_description":"El 15 de marzo se realiz\u00f3 en el MPPPST un taller sobre el Ahorro Energ\u00e9tico por parte de (CORPOELEC) como parte del Plan del Uso Racional de la Energ\u00eda El\u00e9ctrica.","og_url":"https:\/\/www.mpppst.gob.ve\/mpppstweb\/index.php\/2016\/03\/16\/corpoelec-realiza-taller-de-ahorro-energetico-en-el-mpppst\/","og_site_name":"MPPPST","article_published_time":"2016-03-16T13:44:58+00:00","article_modified_time":"2016-07-01T20:22:31+00:00","author":"MPPPST Prensa","twitter_card":"summary_large_image","twitter_misc":{"Escrito por":"MPPPST Prensa","Tiempo de lectura":"2 minutos"},"schema":{"@context":"https:\/\/schema.org","@graph":[{"@type":"Article","@id":"https:\/\/www.mpppst.gob.ve\/mpppstweb\/index.php\/2016\/03\/16\/corpoelec-realiza-taller-de-ahorro-energetico-en-el-mpppst\/#article","isPartOf":{"@id":"https:\/\/www.mpppst.gob.ve\/mpppstweb\/index.php\/2016\/03\/16\/corpoelec-realiza-taller-de-ahorro-energetico-en-el-mpppst\/"},"author":{"name":"MPPPST Prensa","@id":"https:\/\/www.mpppst.gob.ve\/mpppstweb\/#\/schema\/person\/fc187ee8ead412bd4c9304b62f900ea4"},"headline":"Corpoelec realiza taller de Ahorro Energ\u00e9tico en el MPPPST","datePublished":"2016-03-16T13:44:58+00:00","dateModified":"2016-07-01T20:22:31+00:00","mainEntityOfPage":{"@id":"https:\/\/www.mpppst.gob.ve\/mpppstweb\/index.php\/2016\/03\/16\/corpoelec-realiza-taller-de-ahorro-energetico-en-el-mpppst\/"},"wordCount":341,"publisher":{"@id":"https:\/\/www.mpppst.gob.ve\/mpppstweb\/#organization"},"image":{"@id":"https:\/\/www.mpppst.gob.ve\/mpppstweb\/index.php\/2016\/03\/16\/corpoelec-realiza-taller-de-ahorro-energetico-en-el-mpppst\/#primaryimage"},"thumbnailUrl":"","articleSection":["Ministerio"],"inLanguage":"es"},{"@type":"WebPage","@id":"https:\/\/www.mpppst.gob.ve\/mpppstweb\/index.php\/2016\/03\/16\/corpoelec-realiza-taller-de-ahorro-energetico-en-el-mpppst\/","url":"https:\/\/www.mpppst.gob.ve\/mpppstweb\/index.php\/2016\/03\/16\/corpoelec-realiza-taller-de-ahorro-energetico-en-el-mpppst\/","name":"Corpoelec realiza taller de Ahorro Energ\u00e9tico en el MPPPST - MPPPST","isPartOf":{"@id":"https:\/\/www.mpppst.gob.ve\/mpppstweb\/#website"},"primaryImageOfPage":{"@id":"https:\/\/www.mpppst.gob.ve\/mpppstweb\/index.php\/2016\/03\/16\/corpoelec-realiza-taller-de-ahorro-energetico-en-el-mpppst\/#primaryimage"},"image":{"@id":"https:\/\/www.mpppst.gob.ve\/mpppstweb\/index.php\/2016\/03\/16\/corpoelec-realiza-taller-de-ahorro-energetico-en-el-mpppst\/#primaryimage"},"thumbnailUrl":"","datePublished":"2016-03-16T13:44:58+00:00","dateModified":"2016-07-01T20:22:31+00:00","breadcrumb":{"@id":"https:\/\/www.mpppst.gob.ve\/mpppstweb\/index.php\/2016\/03\/16\/corpoelec-realiza-taller-de-ahorro-energetico-en-el-mpppst\/#breadcrumb"},"inLanguage":"es","potentialAction":[{"@type":"ReadAction","target":["https:\/\/www.mpppst.gob.ve\/mpppstweb\/index.php\/2016\/03\/16\/corpoelec-realiza-taller-de-ahorro-energetico-en-el-mpppst\/"]}]},{"@type":"ImageObject","inLanguage":"es","@id":"https:\/\/www.mpppst.gob.ve\/mpppstweb\/index.php\/2016\/03\/16\/corpoelec-realiza-taller-de-ahorro-energetico-en-el-mpppst\/#primaryimage","url":"","contentUrl":""},{"@type":"BreadcrumbList","@id":"https:\/\/www.mpppst.gob.ve\/mpppstweb\/index.php\/2016\/03\/16\/corpoelec-realiza-taller-de-ahorro-energetico-en-el-mpppst\/#breadcrumb","itemListElement":[{"@type":"ListItem","position":1,"name":"Home","item":"https:\/\/www.mpppst.gob.ve\/mpppstweb\/"},{"@type":"ListItem","position":2,"name":"Corpoelec realiza taller de Ahorro Energ\u00e9tico en el MPPPST"}]},{"@type":"WebSite","@id":"https:\/\/www.mpppst.gob.ve\/mpppstweb\/#website","url":"https:\/\/www.mpppst.gob.ve\/mpppstweb\/","name":"MPPPST","description":"Ministerio del Poder Popular para el Proceso Social de Trabajo","publisher":{"@id":"https:\/\/www.mpppst.gob.ve\/mpppstweb\/#organization"},"potentialAction":[{"@type":"SearchAction","target":{"@type":"EntryPoint","urlTemplate":"https:\/\/www.mpppst.gob.ve\/mpppstweb\/?s={search_term_string}"},"query-input":"required name=search_term_string"}],"inLanguage":"es"},{"@type":"Organization","@id":"https:\/\/www.mpppst.gob.ve\/mpppstweb\/#organization","name":"mpppst","url":"https:\/\/www.mpppst.gob.ve\/mpppstweb\/","logo":{"@type":"ImageObject","inLanguage":"es","@id":"https:\/\/www.mpppst.gob.ve\/mpppstweb\/#\/schema\/logo\/image\/","url":"https:\/\/www.mpppst.gob.ve\/mpppstweb\/wp-content\/uploads\/2025\/07\/cropped-cropped-g910.png","contentUrl":"https:\/\/www.mpppst.gob.ve\/mpppstweb\/wp-content\/uploads\/2025\/07\/cropped-cropped-g910.png","width":1080,"height":241,"caption":"mpppst"},"image":{"@id":"https:\/\/www.mpppst.gob.ve\/mpppstweb\/#\/schema\/logo\/image\/"}},{"@type":"Person","@id":"https:\/\/www.mpppst.gob.ve\/mpppstweb\/#\/schema\/person\/fc187ee8ead412bd4c9304b62f900ea4","name":"MPPPST Prensa","url":"https:\/\/www.mpppst.gob.ve\/mpppstweb\/index.php\/author\/prensa-mpppst\/"}]}},"_links":{"self":[{"href":"https:\/\/www.mpppst.gob.ve\/mpppstweb\/index.php\/wp-json\/wp\/v2\/posts\/5106"}],"collection":[{"href":"https:\/\/www.mpppst.gob.ve\/mpppstweb\/index.php\/wp-json\/wp\/v2\/posts"}],"about":[{"href":"https:\/\/www.mpppst.gob.ve\/mpppstweb\/index.php\/wp-json\/wp\/v2\/types\/post"}],"author":[{"embeddable":true,"href":"https:\/\/www.mpppst.gob.ve\/mpppstweb\/index.php\/wp-json\/wp\/v2\/users\/25"}],"replies":[{"embeddable":true,"href":"https:\/\/www.mpppst.gob.ve\/mpppstweb\/index.php\/wp-json\/wp\/v2\/comments?post=5106"}],"version-history":[{"count":1,"href":"https:\/\/www.mpppst.gob.ve\/mpppstweb\/index.php\/wp-json\/wp\/v2\/posts\/5106\/revisions"}],"predecessor-version":[{"id":7095,"href":"https:\/\/www.mpppst.gob.ve\/mpppstweb\/index.php\/wp-json\/wp\/v2\/posts\/5106\/revisions\/7095"}],"wp:featuredmedia":[{"embeddable":true,"href":"https:\/\/www.mpppst.gob.ve\/mpppstweb\/index.php\/wp-json\/"}],"wp:attachment":[{"href":"https:\/\/www.mpppst.gob.ve\/mpppstweb\/index.php\/wp-json\/wp\/v2\/media?parent=5106"}],"wp:term":[{"taxonomy":"category","embeddable":true,"href":"https:\/\/www.mpppst.gob.ve\/mpppstweb\/index.php\/wp-json\/wp\/v2\/categories?post=5106"},{"taxonomy":"post_tag","embeddable":true,"href":"https:\/\/www.mpppst.gob.ve\/mpppstweb\/index.php\/wp-json\/wp\/v2\/tags?post=5106"}],"curies":[{"name":"wp","href":"https:\/\/api.w.org\/{rel}","templated":true}]}}