{"id":5120,"date":"2016-03-16T15:17:42","date_gmt":"2016-03-16T15:17:42","guid":{"rendered":"http:\/\/www.mpppst.gob.ve\/mpppstweb\/?p=5120"},"modified":"2016-07-01T20:23:08","modified_gmt":"2016-07-01T20:23:08","slug":"mision-arbol-e-inces-ejecutaran-planes-de-accion-para-activar-la-produccion-2","status":"publish","type":"post","link":"https:\/\/www.mpppst.gob.ve\/mpppstweb\/index.php\/2016\/03\/16\/mision-arbol-e-inces-ejecutaran-planes-de-accion-para-activar-la-produccion-2\/","title":{"rendered":"Misi\u00f3n \u00c1rbol e INCES ejecutar\u00e1n planes de acci\u00f3n para activar la producci\u00f3n"},"content":{"rendered":"<p style=\"text-align: justify;\">Caracas, 16 de marzo (MPPPST). La Misi\u00f3n \u00c1rbol y el Instituto Nacional de Capacitaci\u00f3n y Educaci\u00f3n Socialista (INCES), trabajar\u00e1n de forma conjunta para\u00a0 ejecutar el plan de siembra por la Patria con el fin de impulsar el motor agroalimentario y activar el aparato productivo nacional, as\u00ed lo inform\u00f3 la presidenta de la Misi\u00f3n \u00c1rbol, Osly Hern\u00e1ndez.<\/p>\n<p style=\"text-align: justify;\">En el marco del lanzamiento de registro de voluntariado de la Misi\u00f3n \u00c1rbol, Hern\u00e1ndez destac\u00f3 que a trav\u00e9s de la p\u00e1gina web del INCES se contempl\u00f3 un enlace con el fin de realizar un registro para las personas que desean ingresar a labores como recolecci\u00f3n de semillas, restauraci\u00f3n de bosques y cuencas hidrogr\u00e1ficas.<\/p>\n<p style=\"text-align: justify;\">\u201cEn la Misi\u00f3n se hacen labores de recolecci\u00f3n de semillas, jornadas de germinaci\u00f3n y de reforestaci\u00f3n. Desde la p\u00e1gina web del INCES las personas pueden registrarse en todas estas actividades que estamos realizando desde la Misi\u00f3n \u00c1rbol.\u201d<\/p>\n<p style=\"text-align: justify;\">A\u00f1adi\u00f3 adem\u00e1s que ambas instituciones (INCES-Misi\u00f3n \u00c1rbol), realizar\u00e1n planes de formaci\u00f3n para fortalecer el Plan Nacional de 100 D\u00edas para la Siembra Urbana en diferentes viveros y espacios productivos de la Misi\u00f3n \u00c1rbol en todo el territorio nacional.<\/p>\n<p style=\"text-align: justify;\">Osly Hern\u00e1ndez\u00a0 se\u00f1al\u00f3 que La Misi\u00f3n \u00c1rbol ha logrado una recolecci\u00f3n de m\u00e1s de 8568 kilogramos de semillas en los estados priorizados. \u201cTenemos 8 estados que est\u00e1n haciendo un trabajo intensivo y est\u00e1n en proceso de germinaci\u00f3n m\u00e1s de 12 mil plantas de vegetales de ciclos cortos que contribuyen al plan de siembra por la Patria\u201d.<\/p>\n<p style=\"text-align: justify;\">Por su parte, Wuikelman \u00c1ngel, presidente del Inces, destac\u00f3 que desde los 140 centros de formaci\u00f3n de esta instituci\u00f3n dar\u00e1n apoyo a la Misi\u00f3n \u00c1rbol para impulsar el motor agroalimentario. \u201cDesde el INCES trabajaremos para fortalecer la producci\u00f3n, estaremos produciendo 50 rubros priorizados para eliminar la importaci\u00f3n\u201d.<\/p>\n<p style=\"text-align: justify;\">\u00c1ngel sostuvo que la Misi\u00f3n \u00c1rbol y el Inces precisaron objetivos como el reto agroforestal, el establecer los indicadores de impacto, diagnosticar el estado de las cuencas hidrogr\u00e1ficas y llevar el proceso de lectura satelital de las siembras, \u00a0estudiando la situaci\u00f3n del agua, del suelo y el impacto sociocultural.<\/p>\n<p style=\"text-align: justify;\">Redacci\u00f3n: Carlos Palacios<\/p>\n<p style=\"text-align: justify;\">Fotograf\u00eda: F\u00e9lix Ordaz<\/p>\n","protected":false},"excerpt":{"rendered":"<p>La Misi\u00f3n \u00c1rbol y el INCES trabajar\u00e1n de forma conjunta para  ejecutar el plan de siembra por la Patria<\/p>\n","protected":false},"author":25,"featured_media":5121,"comment_status":"closed","ping_status":"closed","sticky":false,"template":"","format":"standard","meta":{"footnotes":""},"categories":[82],"tags":[],"yoast_head":"<!-- This site is optimized with the Yoast SEO plugin v22.5 - https:\/\/yoast.com\/wordpress\/plugins\/seo\/ -->\n<title>Misi\u00f3n \u00c1rbol e INCES ejecutar\u00e1n planes de acci\u00f3n para activar la producci\u00f3n - MPPPST<\/title>\n<meta name=\"robots\" content=\"index, follow, max-snippet:-1, max-image-preview:large, max-video-preview:-1\" \/>\n<link rel=\"canonical\" href=\"https:\/\/www.mpppst.gob.ve\/mpppstweb\/index.php\/2016\/03\/16\/mision-arbol-e-inces-ejecutaran-planes-de-accion-para-activar-la-produccion-2\/\" \/>\n<meta property=\"og:locale\" content=\"es_ES\" \/>\n<meta property=\"og:type\" content=\"article\" \/>\n<meta property=\"og:title\" content=\"Misi\u00f3n \u00c1rbol e INCES ejecutar\u00e1n planes de acci\u00f3n para activar la producci\u00f3n - MPPPST\" \/>\n<meta property=\"og:description\" content=\"La Misi\u00f3n \u00c1rbol y el INCES trabajar\u00e1n de forma conjunta para ejecutar el plan de siembra por la Patria\" \/>\n<meta property=\"og:url\" content=\"https:\/\/www.mpppst.gob.ve\/mpppstweb\/index.php\/2016\/03\/16\/mision-arbol-e-inces-ejecutaran-planes-de-accion-para-activar-la-produccion-2\/\" \/>\n<meta property=\"og:site_name\" content=\"MPPPST\" \/>\n<meta property=\"article:published_time\" content=\"2016-03-16T15:17:42+00:00\" \/>\n<meta property=\"article:modified_time\" content=\"2016-07-01T20:23:08+00:00\" \/>\n<meta property=\"og:image\" content=\"https:\/\/www.mpppst.gob.ve\/mpppstweb\/wp-content\/uploads\/2016\/03\/IMG_2704.jpg\" \/>\n\t<meta property=\"og:image:width\" content=\"800\" \/>\n\t<meta property=\"og:image:height\" content=\"533\" \/>\n\t<meta property=\"og:image:type\" content=\"image\/jpeg\" \/>\n<meta name=\"author\" content=\"MPPPST Prensa\" \/>\n<meta name=\"twitter:card\" content=\"summary_large_image\" \/>\n<meta name=\"twitter:label1\" content=\"Escrito por\" \/>\n\t<meta name=\"twitter:data1\" content=\"MPPPST Prensa\" \/>\n\t<meta name=\"twitter:label2\" content=\"Tiempo de lectura\" \/>\n\t<meta name=\"twitter:data2\" content=\"2 minutos\" \/>\n<script type=\"application\/ld+json\" class=\"yoast-schema-graph\">{\"@context\":\"https:\/\/schema.org\",\"@graph\":[{\"@type\":\"Article\",\"@id\":\"https:\/\/www.mpppst.gob.ve\/mpppstweb\/index.php\/2016\/03\/16\/mision-arbol-e-inces-ejecutaran-planes-de-accion-para-activar-la-produccion-2\/#article\",\"isPartOf\":{\"@id\":\"https:\/\/www.mpppst.gob.ve\/mpppstweb\/index.php\/2016\/03\/16\/mision-arbol-e-inces-ejecutaran-planes-de-accion-para-activar-la-produccion-2\/\"},\"author\":{\"name\":\"MPPPST Prensa\",\"@id\":\"https:\/\/www.mpppst.gob.ve\/mpppstweb\/#\/schema\/person\/fc187ee8ead412bd4c9304b62f900ea4\"},\"headline\":\"Misi\u00f3n \u00c1rbol e INCES ejecutar\u00e1n planes de acci\u00f3n para activar la producci\u00f3n\",\"datePublished\":\"2016-03-16T15:17:42+00:00\",\"dateModified\":\"2016-07-01T20:23:08+00:00\",\"mainEntityOfPage\":{\"@id\":\"https:\/\/www.mpppst.gob.ve\/mpppstweb\/index.php\/2016\/03\/16\/mision-arbol-e-inces-ejecutaran-planes-de-accion-para-activar-la-produccion-2\/\"},\"wordCount\":398,\"publisher\":{\"@id\":\"https:\/\/www.mpppst.gob.ve\/mpppstweb\/#organization\"},\"image\":{\"@id\":\"https:\/\/www.mpppst.gob.ve\/mpppstweb\/index.php\/2016\/03\/16\/mision-arbol-e-inces-ejecutaran-planes-de-accion-para-activar-la-produccion-2\/#primaryimage\"},\"thumbnailUrl\":\"https:\/\/www.mpppst.gob.ve\/mpppstweb\/wp-content\/uploads\/2016\/03\/IMG_2704.jpg\",\"articleSection\":[\"Gobierno Nacional\"],\"inLanguage\":\"es\"},{\"@type\":\"WebPage\",\"@id\":\"https:\/\/www.mpppst.gob.ve\/mpppstweb\/index.php\/2016\/03\/16\/mision-arbol-e-inces-ejecutaran-planes-de-accion-para-activar-la-produccion-2\/\",\"url\":\"https:\/\/www.mpppst.gob.ve\/mpppstweb\/index.php\/2016\/03\/16\/mision-arbol-e-inces-ejecutaran-planes-de-accion-para-activar-la-produccion-2\/\",\"name\":\"Misi\u00f3n \u00c1rbol e INCES ejecutar\u00e1n planes de acci\u00f3n para activar la producci\u00f3n - MPPPST\",\"isPartOf\":{\"@id\":\"https:\/\/www.mpppst.gob.ve\/mpppstweb\/#website\"},\"primaryImageOfPage\":{\"@id\":\"https:\/\/www.mpppst.gob.ve\/mpppstweb\/index.php\/2016\/03\/16\/mision-arbol-e-inces-ejecutaran-planes-de-accion-para-activar-la-produccion-2\/#primaryimage\"},\"image\":{\"@id\":\"https:\/\/www.mpppst.gob.ve\/mpppstweb\/index.php\/2016\/03\/16\/mision-arbol-e-inces-ejecutaran-planes-de-accion-para-activar-la-produccion-2\/#primaryimage\"},\"thumbnailUrl\":\"https:\/\/www.mpppst.gob.ve\/mpppstweb\/wp-content\/uploads\/2016\/03\/IMG_2704.jpg\",\"datePublished\":\"2016-03-16T15:17:42+00:00\",\"dateModified\":\"2016-07-01T20:23:08+00:00\",\"breadcrumb\":{\"@id\":\"https:\/\/www.mpppst.gob.ve\/mpppstweb\/index.php\/2016\/03\/16\/mision-arbol-e-inces-ejecutaran-planes-de-accion-para-activar-la-produccion-2\/#breadcrumb\"},\"inLanguage\":\"es\",\"potentialAction\":[{\"@type\":\"ReadAction\",\"target\":[\"https:\/\/www.mpppst.gob.ve\/mpppstweb\/index.php\/2016\/03\/16\/mision-arbol-e-inces-ejecutaran-planes-de-accion-para-activar-la-produccion-2\/\"]}]},{\"@type\":\"ImageObject\",\"inLanguage\":\"es\",\"@id\":\"https:\/\/www.mpppst.gob.ve\/mpppstweb\/index.php\/2016\/03\/16\/mision-arbol-e-inces-ejecutaran-planes-de-accion-para-activar-la-produccion-2\/#primaryimage\",\"url\":\"https:\/\/www.mpppst.gob.ve\/mpppstweb\/wp-content\/uploads\/2016\/03\/IMG_2704.jpg\",\"contentUrl\":\"https:\/\/www.mpppst.gob.ve\/mpppstweb\/wp-content\/uploads\/2016\/03\/IMG_2704.jpg\",\"width\":800,\"height\":533},{\"@type\":\"BreadcrumbList\",\"@id\":\"https:\/\/www.mpppst.gob.ve\/mpppstweb\/index.php\/2016\/03\/16\/mision-arbol-e-inces-ejecutaran-planes-de-accion-para-activar-la-produccion-2\/#breadcrumb\",\"itemListElement\":[{\"@type\":\"ListItem\",\"position\":1,\"name\":\"Home\",\"item\":\"https:\/\/www.mpppst.gob.ve\/mpppstweb\/\"},{\"@type\":\"ListItem\",\"position\":2,\"name\":\"Misi\u00f3n \u00c1rbol e INCES ejecutar\u00e1n planes de acci\u00f3n para activar la producci\u00f3n\"}]},{\"@type\":\"WebSite\",\"@id\":\"https:\/\/www.mpppst.gob.ve\/mpppstweb\/#website\",\"url\":\"https:\/\/www.mpppst.gob.ve\/mpppstweb\/\",\"name\":\"MPPPST\",\"description\":\"Ministerio del Poder Popular para el Proceso Social de Trabajo\",\"publisher\":{\"@id\":\"https:\/\/www.mpppst.gob.ve\/mpppstweb\/#organization\"},\"potentialAction\":[{\"@type\":\"SearchAction\",\"target\":{\"@type\":\"EntryPoint\",\"urlTemplate\":\"https:\/\/www.mpppst.gob.ve\/mpppstweb\/?s={search_term_string}\"},\"query-input\":\"required name=search_term_string\"}],\"inLanguage\":\"es\"},{\"@type\":\"Organization\",\"@id\":\"https:\/\/www.mpppst.gob.ve\/mpppstweb\/#organization\",\"name\":\"mpppst\",\"url\":\"https:\/\/www.mpppst.gob.ve\/mpppstweb\/\",\"logo\":{\"@type\":\"ImageObject\",\"inLanguage\":\"es\",\"@id\":\"https:\/\/www.mpppst.gob.ve\/mpppstweb\/#\/schema\/logo\/image\/\",\"url\":\"https:\/\/www.mpppst.gob.ve\/mpppstweb\/wp-content\/uploads\/2025\/07\/cropped-cropped-g910.png\",\"contentUrl\":\"https:\/\/www.mpppst.gob.ve\/mpppstweb\/wp-content\/uploads\/2025\/07\/cropped-cropped-g910.png\",\"width\":1080,\"height\":241,\"caption\":\"mpppst\"},\"image\":{\"@id\":\"https:\/\/www.mpppst.gob.ve\/mpppstweb\/#\/schema\/logo\/image\/\"}},{\"@type\":\"Person\",\"@id\":\"https:\/\/www.mpppst.gob.ve\/mpppstweb\/#\/schema\/person\/fc187ee8ead412bd4c9304b62f900ea4\",\"name\":\"MPPPST Prensa\",\"url\":\"https:\/\/www.mpppst.gob.ve\/mpppstweb\/index.php\/author\/prensa-mpppst\/\"}]}<\/script>\n<!-- \/ Yoast SEO plugin. -->","yoast_head_json":{"title":"Misi\u00f3n \u00c1rbol e INCES ejecutar\u00e1n planes de acci\u00f3n para activar la producci\u00f3n - MPPPST","robots":{"index":"index","follow":"follow","max-snippet":"max-snippet:-1","max-image-preview":"max-image-preview:large","max-video-preview":"max-video-preview:-1"},"canonical":"https:\/\/www.mpppst.gob.ve\/mpppstweb\/index.php\/2016\/03\/16\/mision-arbol-e-inces-ejecutaran-planes-de-accion-para-activar-la-produccion-2\/","og_locale":"es_ES","og_type":"article","og_title":"Misi\u00f3n \u00c1rbol e INCES ejecutar\u00e1n planes de acci\u00f3n para activar la producci\u00f3n - MPPPST","og_description":"La Misi\u00f3n \u00c1rbol y el INCES trabajar\u00e1n de forma conjunta para ejecutar el plan de siembra por la Patria","og_url":"https:\/\/www.mpppst.gob.ve\/mpppstweb\/index.php\/2016\/03\/16\/mision-arbol-e-inces-ejecutaran-planes-de-accion-para-activar-la-produccion-2\/","og_site_name":"MPPPST","article_published_time":"2016-03-16T15:17:42+00:00","article_modified_time":"2016-07-01T20:23:08+00:00","og_image":[{"width":800,"height":533,"url":"https:\/\/www.mpppst.gob.ve\/mpppstweb\/wp-content\/uploads\/2016\/03\/IMG_2704.jpg","type":"image\/jpeg"}],"author":"MPPPST Prensa","twitter_card":"summary_large_image","twitter_misc":{"Escrito por":"MPPPST Prensa","Tiempo de lectura":"2 minutos"},"schema":{"@context":"https:\/\/schema.org","@graph":[{"@type":"Article","@id":"https:\/\/www.mpppst.gob.ve\/mpppstweb\/index.php\/2016\/03\/16\/mision-arbol-e-inces-ejecutaran-planes-de-accion-para-activar-la-produccion-2\/#article","isPartOf":{"@id":"https:\/\/www.mpppst.gob.ve\/mpppstweb\/index.php\/2016\/03\/16\/mision-arbol-e-inces-ejecutaran-planes-de-accion-para-activar-la-produccion-2\/"},"author":{"name":"MPPPST Prensa","@id":"https:\/\/www.mpppst.gob.ve\/mpppstweb\/#\/schema\/person\/fc187ee8ead412bd4c9304b62f900ea4"},"headline":"Misi\u00f3n \u00c1rbol e INCES ejecutar\u00e1n planes de acci\u00f3n para activar la producci\u00f3n","datePublished":"2016-03-16T15:17:42+00:00","dateModified":"2016-07-01T20:23:08+00:00","mainEntityOfPage":{"@id":"https:\/\/www.mpppst.gob.ve\/mpppstweb\/index.php\/2016\/03\/16\/mision-arbol-e-inces-ejecutaran-planes-de-accion-para-activar-la-produccion-2\/"},"wordCount":398,"publisher":{"@id":"https:\/\/www.mpppst.gob.ve\/mpppstweb\/#organization"},"image":{"@id":"https:\/\/www.mpppst.gob.ve\/mpppstweb\/index.php\/2016\/03\/16\/mision-arbol-e-inces-ejecutaran-planes-de-accion-para-activar-la-produccion-2\/#primaryimage"},"thumbnailUrl":"https:\/\/www.mpppst.gob.ve\/mpppstweb\/wp-content\/uploads\/2016\/03\/IMG_2704.jpg","articleSection":["Gobierno Nacional"],"inLanguage":"es"},{"@type":"WebPage","@id":"https:\/\/www.mpppst.gob.ve\/mpppstweb\/index.php\/2016\/03\/16\/mision-arbol-e-inces-ejecutaran-planes-de-accion-para-activar-la-produccion-2\/","url":"https:\/\/www.mpppst.gob.ve\/mpppstweb\/index.php\/2016\/03\/16\/mision-arbol-e-inces-ejecutaran-planes-de-accion-para-activar-la-produccion-2\/","name":"Misi\u00f3n \u00c1rbol e INCES ejecutar\u00e1n planes de acci\u00f3n para activar la producci\u00f3n - MPPPST","isPartOf":{"@id":"https:\/\/www.mpppst.gob.ve\/mpppstweb\/#website"},"primaryImageOfPage":{"@id":"https:\/\/www.mpppst.gob.ve\/mpppstweb\/index.php\/2016\/03\/16\/mision-arbol-e-inces-ejecutaran-planes-de-accion-para-activar-la-produccion-2\/#primaryimage"},"image":{"@id":"https:\/\/www.mpppst.gob.ve\/mpppstweb\/index.php\/2016\/03\/16\/mision-arbol-e-inces-ejecutaran-planes-de-accion-para-activar-la-produccion-2\/#primaryimage"},"thumbnailUrl":"https:\/\/www.mpppst.gob.ve\/mpppstweb\/wp-content\/uploads\/2016\/03\/IMG_2704.jpg","datePublished":"2016-03-16T15:17:42+00:00","dateModified":"2016-07-01T20:23:08+00:00","breadcrumb":{"@id":"https:\/\/www.mpppst.gob.ve\/mpppstweb\/index.php\/2016\/03\/16\/mision-arbol-e-inces-ejecutaran-planes-de-accion-para-activar-la-produccion-2\/#breadcrumb"},"inLanguage":"es","potentialAction":[{"@type":"ReadAction","target":["https:\/\/www.mpppst.gob.ve\/mpppstweb\/index.php\/2016\/03\/16\/mision-arbol-e-inces-ejecutaran-planes-de-accion-para-activar-la-produccion-2\/"]}]},{"@type":"ImageObject","inLanguage":"es","@id":"https:\/\/www.mpppst.gob.ve\/mpppstweb\/index.php\/2016\/03\/16\/mision-arbol-e-inces-ejecutaran-planes-de-accion-para-activar-la-produccion-2\/#primaryimage","url":"https:\/\/www.mpppst.gob.ve\/mpppstweb\/wp-content\/uploads\/2016\/03\/IMG_2704.jpg","contentUrl":"https:\/\/www.mpppst.gob.ve\/mpppstweb\/wp-content\/uploads\/2016\/03\/IMG_2704.jpg","width":800,"height":533},{"@type":"BreadcrumbList","@id":"https:\/\/www.mpppst.gob.ve\/mpppstweb\/index.php\/2016\/03\/16\/mision-arbol-e-inces-ejecutaran-planes-de-accion-para-activar-la-produccion-2\/#breadcrumb","itemListElement":[{"@type":"ListItem","position":1,"name":"Home","item":"https:\/\/www.mpppst.gob.ve\/mpppstweb\/"},{"@type":"ListItem","position":2,"name":"Misi\u00f3n \u00c1rbol e INCES ejecutar\u00e1n planes de acci\u00f3n para activar la producci\u00f3n"}]},{"@type":"WebSite","@id":"https:\/\/www.mpppst.gob.ve\/mpppstweb\/#website","url":"https:\/\/www.mpppst.gob.ve\/mpppstweb\/","name":"MPPPST","description":"Ministerio del Poder Popular para el Proceso Social de Trabajo","publisher":{"@id":"https:\/\/www.mpppst.gob.ve\/mpppstweb\/#organization"},"potentialAction":[{"@type":"SearchAction","target":{"@type":"EntryPoint","urlTemplate":"https:\/\/www.mpppst.gob.ve\/mpppstweb\/?s={search_term_string}"},"query-input":"required name=search_term_string"}],"inLanguage":"es"},{"@type":"Organization","@id":"https:\/\/www.mpppst.gob.ve\/mpppstweb\/#organization","name":"mpppst","url":"https:\/\/www.mpppst.gob.ve\/mpppstweb\/","logo":{"@type":"ImageObject","inLanguage":"es","@id":"https:\/\/www.mpppst.gob.ve\/mpppstweb\/#\/schema\/logo\/image\/","url":"https:\/\/www.mpppst.gob.ve\/mpppstweb\/wp-content\/uploads\/2025\/07\/cropped-cropped-g910.png","contentUrl":"https:\/\/www.mpppst.gob.ve\/mpppstweb\/wp-content\/uploads\/2025\/07\/cropped-cropped-g910.png","width":1080,"height":241,"caption":"mpppst"},"image":{"@id":"https:\/\/www.mpppst.gob.ve\/mpppstweb\/#\/schema\/logo\/image\/"}},{"@type":"Person","@id":"https:\/\/www.mpppst.gob.ve\/mpppstweb\/#\/schema\/person\/fc187ee8ead412bd4c9304b62f900ea4","name":"MPPPST Prensa","url":"https:\/\/www.mpppst.gob.ve\/mpppstweb\/index.php\/author\/prensa-mpppst\/"}]}},"_links":{"self":[{"href":"https:\/\/www.mpppst.gob.ve\/mpppstweb\/index.php\/wp-json\/wp\/v2\/posts\/5120"}],"collection":[{"href":"https:\/\/www.mpppst.gob.ve\/mpppstweb\/index.php\/wp-json\/wp\/v2\/posts"}],"about":[{"href":"https:\/\/www.mpppst.gob.ve\/mpppstweb\/index.php\/wp-json\/wp\/v2\/types\/post"}],"author":[{"embeddable":true,"href":"https:\/\/www.mpppst.gob.ve\/mpppstweb\/index.php\/wp-json\/wp\/v2\/users\/25"}],"replies":[{"embeddable":true,"href":"https:\/\/www.mpppst.gob.ve\/mpppstweb\/index.php\/wp-json\/wp\/v2\/comments?post=5120"}],"version-history":[{"count":1,"href":"https:\/\/www.mpppst.gob.ve\/mpppstweb\/index.php\/wp-json\/wp\/v2\/posts\/5120\/revisions"}],"predecessor-version":[{"id":7096,"href":"https:\/\/www.mpppst.gob.ve\/mpppstweb\/index.php\/wp-json\/wp\/v2\/posts\/5120\/revisions\/7096"}],"wp:featuredmedia":[{"embeddable":true,"href":"https:\/\/www.mpppst.gob.ve\/mpppstweb\/index.php\/wp-json\/wp\/v2\/media\/5121"}],"wp:attachment":[{"href":"https:\/\/www.mpppst.gob.ve\/mpppstweb\/index.php\/wp-json\/wp\/v2\/media?parent=5120"}],"wp:term":[{"taxonomy":"category","embeddable":true,"href":"https:\/\/www.mpppst.gob.ve\/mpppstweb\/index.php\/wp-json\/wp\/v2\/categories?post=5120"},{"taxonomy":"post_tag","embeddable":true,"href":"https:\/\/www.mpppst.gob.ve\/mpppstweb\/index.php\/wp-json\/wp\/v2\/tags?post=5120"}],"curies":[{"name":"wp","href":"https:\/\/api.w.org\/{rel}","templated":true}]}}