{"id":5123,"date":"2016-03-16T16:06:23","date_gmt":"2016-03-16T16:06:23","guid":{"rendered":"http:\/\/www.mpppst.gob.ve\/mpppstweb\/?p=5123"},"modified":"2016-07-01T20:23:52","modified_gmt":"2016-07-01T20:23:52","slug":"el-presidente-maduro-sera-asesorado-en-materia-productiva-por-la-clase-obrera-2","status":"publish","type":"post","link":"https:\/\/www.mpppst.gob.ve\/mpppstweb\/index.php\/2016\/03\/16\/el-presidente-maduro-sera-asesorado-en-materia-productiva-por-la-clase-obrera-2\/","title":{"rendered":"El Presidente Maduro ser\u00e1 asesorado en materia productiva  por la Clase Obrera"},"content":{"rendered":"<p style=\"text-align: justify;\">Caracas, 15 de marzo de 2016.- Con la finalidad de recomendar, proponer, plantear asuntos para la toma de decisiones desde el Gobierno Central, este martes el ministro del Poder Popular para el Proceso Social de Trabajo, Oswaldo Vera, instal\u00f3 el Consejo Presidencial de la Clase Obrera.<\/p>\n<p style=\"text-align: justify;\">Este Consejo arrancar\u00e1 con 35 nombres y se convertir\u00e1 en un \u00f3rgano asesor para la toma de decisiones del Presidente Nicol\u00e1s Maduro. Uno de los fines principales consiste en que el Primer Mandatario pueda delegar responsabilidades para la implementaci\u00f3n de pol\u00edticas.<\/p>\n<p style=\"text-align: justify;\">El ministro Vera aclar\u00f3 que este Consejo debe tener coordinaci\u00f3n con otros consejos presidenciales y que en el debate que debe darse all\u00ed deben surgir propuestas concretas que se elevar\u00e1n al Presidente de la Rep\u00fablica para que tome las decisiones necesarias. Es por ello que considera fundamental la organizaci\u00f3n de la clase obrera, enfocarse en \u00e1reas espec\u00edficas, combinar los motores econ\u00f3micos con temas que se han venido desarrollando, tales como la intendencia para la defensa del salario, la milicia, los delegados de prevenci\u00f3n, entre otros.<\/p>\n<p style=\"text-align: justify;\"><strong>Reuniones cada 15 d\u00edas <\/strong><\/p>\n<p style=\"text-align: justify;\">Asimismo, record\u00f3 que muchos consideran a la Clase Obrera como una clase poderosa, es por ello que tienen como reto el ganar espacio dentro de la Revoluci\u00f3n Bolivariana, y por ello propuso que este Consejo Presidencial se re\u00fana quincenalmente en una primera etapa para poder dar respuestas concretas en la actual coyuntura.<\/p>\n<p style=\"text-align: justify;\">\u00a0\u201cSemanalmente, como cada integrante est\u00e1 vinculado a un motor o una estructura, debe asistir \u00a0a las reuniones en los diferentes organismos, en los estados como fue planteado\u201d. El titular del Despacho del Trabajo cit\u00f3 el ejemplo del motor petrolero, en el cual sus voceros deben escuchar a los trabajadores del \u00e1rea y traer las propuestas para que este sector avance.<\/p>\n<p style=\"text-align: justify;\">Agreg\u00f3 que es necesario avanzar y garantizar la distribuci\u00f3n, concretar propuestas para enfrentar la Guerra Econ\u00f3mica, que no solo ser\u00e1n elevadas al Gabinete Social sino al Presidente de la Rep\u00fablica con la finalidad de cambiar el modelo productivo y no depender del sector petrolero. Finaliz\u00f3 que est\u00e1 claro que esas son medidas para la coyuntura y no tendr\u00edan resultado sino se incorporan los trabajadores.<\/p>\n<p style=\"text-align: justify;\">\n<p style=\"text-align: justify;\">Redactor Elio Garc\u00eda<\/p>\n<p style=\"text-align: justify;\">Fotos Dellys Landaeta<\/p>\n","protected":false},"excerpt":{"rendered":"<p>Con la finalidad de recomendar, proponer, plantear asuntos para la toma de decisiones desde el Gobierno Central,  el ministro Oswaldo Vera, instal\u00f3 el Consejo Presidencial de la Clase Obrera<\/p>\n","protected":false},"author":25,"featured_media":5125,"comment_status":"closed","ping_status":"closed","sticky":false,"template":"","format":"standard","meta":{"footnotes":""},"categories":[83],"tags":[],"yoast_head":"<!-- This site is optimized with the Yoast SEO plugin v22.5 - https:\/\/yoast.com\/wordpress\/plugins\/seo\/ -->\n<title>El Presidente Maduro ser\u00e1 asesorado en materia productiva por la Clase Obrera - MPPPST<\/title>\n<meta name=\"robots\" content=\"index, follow, max-snippet:-1, max-image-preview:large, max-video-preview:-1\" \/>\n<link rel=\"canonical\" href=\"https:\/\/www.mpppst.gob.ve\/mpppstweb\/index.php\/2016\/03\/16\/el-presidente-maduro-sera-asesorado-en-materia-productiva-por-la-clase-obrera-2\/\" \/>\n<meta property=\"og:locale\" content=\"es_ES\" \/>\n<meta property=\"og:type\" content=\"article\" \/>\n<meta property=\"og:title\" content=\"El Presidente Maduro ser\u00e1 asesorado en materia productiva por la Clase Obrera - MPPPST\" \/>\n<meta property=\"og:description\" content=\"Con la finalidad de recomendar, proponer, plantear asuntos para la toma de decisiones desde el Gobierno Central, el ministro Oswaldo Vera, instal\u00f3 el Consejo Presidencial de la Clase Obrera\" \/>\n<meta property=\"og:url\" content=\"https:\/\/www.mpppst.gob.ve\/mpppstweb\/index.php\/2016\/03\/16\/el-presidente-maduro-sera-asesorado-en-materia-productiva-por-la-clase-obrera-2\/\" \/>\n<meta property=\"og:site_name\" content=\"MPPPST\" \/>\n<meta property=\"article:published_time\" content=\"2016-03-16T16:06:23+00:00\" \/>\n<meta property=\"article:modified_time\" content=\"2016-07-01T20:23:52+00:00\" \/>\n<meta property=\"og:image\" content=\"https:\/\/www.mpppst.gob.ve\/mpppstweb\/wp-content\/uploads\/2016\/03\/Imagen-072.jpg\" \/>\n\t<meta property=\"og:image:width\" content=\"448\" \/>\n\t<meta property=\"og:image:height\" content=\"258\" \/>\n\t<meta property=\"og:image:type\" content=\"image\/jpeg\" \/>\n<meta name=\"author\" content=\"MPPPST Prensa\" \/>\n<meta name=\"twitter:card\" content=\"summary_large_image\" \/>\n<meta name=\"twitter:label1\" content=\"Escrito por\" \/>\n\t<meta name=\"twitter:data1\" content=\"MPPPST Prensa\" \/>\n\t<meta name=\"twitter:label2\" content=\"Tiempo de lectura\" \/>\n\t<meta name=\"twitter:data2\" content=\"2 minutos\" \/>\n<script type=\"application\/ld+json\" class=\"yoast-schema-graph\">{\"@context\":\"https:\/\/schema.org\",\"@graph\":[{\"@type\":\"Article\",\"@id\":\"https:\/\/www.mpppst.gob.ve\/mpppstweb\/index.php\/2016\/03\/16\/el-presidente-maduro-sera-asesorado-en-materia-productiva-por-la-clase-obrera-2\/#article\",\"isPartOf\":{\"@id\":\"https:\/\/www.mpppst.gob.ve\/mpppstweb\/index.php\/2016\/03\/16\/el-presidente-maduro-sera-asesorado-en-materia-productiva-por-la-clase-obrera-2\/\"},\"author\":{\"name\":\"MPPPST Prensa\",\"@id\":\"https:\/\/www.mpppst.gob.ve\/mpppstweb\/#\/schema\/person\/fc187ee8ead412bd4c9304b62f900ea4\"},\"headline\":\"El Presidente Maduro ser\u00e1 asesorado en materia productiva por la Clase Obrera\",\"datePublished\":\"2016-03-16T16:06:23+00:00\",\"dateModified\":\"2016-07-01T20:23:52+00:00\",\"mainEntityOfPage\":{\"@id\":\"https:\/\/www.mpppst.gob.ve\/mpppstweb\/index.php\/2016\/03\/16\/el-presidente-maduro-sera-asesorado-en-materia-productiva-por-la-clase-obrera-2\/\"},\"wordCount\":386,\"publisher\":{\"@id\":\"https:\/\/www.mpppst.gob.ve\/mpppstweb\/#organization\"},\"image\":{\"@id\":\"https:\/\/www.mpppst.gob.ve\/mpppstweb\/index.php\/2016\/03\/16\/el-presidente-maduro-sera-asesorado-en-materia-productiva-por-la-clase-obrera-2\/#primaryimage\"},\"thumbnailUrl\":\"https:\/\/www.mpppst.gob.ve\/mpppstweb\/wp-content\/uploads\/2016\/03\/Imagen-072.jpg\",\"articleSection\":[\"Ministerio\"],\"inLanguage\":\"es\"},{\"@type\":\"WebPage\",\"@id\":\"https:\/\/www.mpppst.gob.ve\/mpppstweb\/index.php\/2016\/03\/16\/el-presidente-maduro-sera-asesorado-en-materia-productiva-por-la-clase-obrera-2\/\",\"url\":\"https:\/\/www.mpppst.gob.ve\/mpppstweb\/index.php\/2016\/03\/16\/el-presidente-maduro-sera-asesorado-en-materia-productiva-por-la-clase-obrera-2\/\",\"name\":\"El Presidente Maduro ser\u00e1 asesorado en materia productiva por la Clase Obrera - MPPPST\",\"isPartOf\":{\"@id\":\"https:\/\/www.mpppst.gob.ve\/mpppstweb\/#website\"},\"primaryImageOfPage\":{\"@id\":\"https:\/\/www.mpppst.gob.ve\/mpppstweb\/index.php\/2016\/03\/16\/el-presidente-maduro-sera-asesorado-en-materia-productiva-por-la-clase-obrera-2\/#primaryimage\"},\"image\":{\"@id\":\"https:\/\/www.mpppst.gob.ve\/mpppstweb\/index.php\/2016\/03\/16\/el-presidente-maduro-sera-asesorado-en-materia-productiva-por-la-clase-obrera-2\/#primaryimage\"},\"thumbnailUrl\":\"https:\/\/www.mpppst.gob.ve\/mpppstweb\/wp-content\/uploads\/2016\/03\/Imagen-072.jpg\",\"datePublished\":\"2016-03-16T16:06:23+00:00\",\"dateModified\":\"2016-07-01T20:23:52+00:00\",\"breadcrumb\":{\"@id\":\"https:\/\/www.mpppst.gob.ve\/mpppstweb\/index.php\/2016\/03\/16\/el-presidente-maduro-sera-asesorado-en-materia-productiva-por-la-clase-obrera-2\/#breadcrumb\"},\"inLanguage\":\"es\",\"potentialAction\":[{\"@type\":\"ReadAction\",\"target\":[\"https:\/\/www.mpppst.gob.ve\/mpppstweb\/index.php\/2016\/03\/16\/el-presidente-maduro-sera-asesorado-en-materia-productiva-por-la-clase-obrera-2\/\"]}]},{\"@type\":\"ImageObject\",\"inLanguage\":\"es\",\"@id\":\"https:\/\/www.mpppst.gob.ve\/mpppstweb\/index.php\/2016\/03\/16\/el-presidente-maduro-sera-asesorado-en-materia-productiva-por-la-clase-obrera-2\/#primaryimage\",\"url\":\"https:\/\/www.mpppst.gob.ve\/mpppstweb\/wp-content\/uploads\/2016\/03\/Imagen-072.jpg\",\"contentUrl\":\"https:\/\/www.mpppst.gob.ve\/mpppstweb\/wp-content\/uploads\/2016\/03\/Imagen-072.jpg\",\"width\":448,\"height\":258},{\"@type\":\"BreadcrumbList\",\"@id\":\"https:\/\/www.mpppst.gob.ve\/mpppstweb\/index.php\/2016\/03\/16\/el-presidente-maduro-sera-asesorado-en-materia-productiva-por-la-clase-obrera-2\/#breadcrumb\",\"itemListElement\":[{\"@type\":\"ListItem\",\"position\":1,\"name\":\"Home\",\"item\":\"https:\/\/www.mpppst.gob.ve\/mpppstweb\/\"},{\"@type\":\"ListItem\",\"position\":2,\"name\":\"El Presidente Maduro ser\u00e1 asesorado en materia productiva por la Clase Obrera\"}]},{\"@type\":\"WebSite\",\"@id\":\"https:\/\/www.mpppst.gob.ve\/mpppstweb\/#website\",\"url\":\"https:\/\/www.mpppst.gob.ve\/mpppstweb\/\",\"name\":\"MPPPST\",\"description\":\"Ministerio del Poder Popular para el Proceso Social de Trabajo\",\"publisher\":{\"@id\":\"https:\/\/www.mpppst.gob.ve\/mpppstweb\/#organization\"},\"potentialAction\":[{\"@type\":\"SearchAction\",\"target\":{\"@type\":\"EntryPoint\",\"urlTemplate\":\"https:\/\/www.mpppst.gob.ve\/mpppstweb\/?s={search_term_string}\"},\"query-input\":\"required name=search_term_string\"}],\"inLanguage\":\"es\"},{\"@type\":\"Organization\",\"@id\":\"https:\/\/www.mpppst.gob.ve\/mpppstweb\/#organization\",\"name\":\"mpppst\",\"url\":\"https:\/\/www.mpppst.gob.ve\/mpppstweb\/\",\"logo\":{\"@type\":\"ImageObject\",\"inLanguage\":\"es\",\"@id\":\"https:\/\/www.mpppst.gob.ve\/mpppstweb\/#\/schema\/logo\/image\/\",\"url\":\"https:\/\/www.mpppst.gob.ve\/mpppstweb\/wp-content\/uploads\/2025\/07\/cropped-cropped-g910.png\",\"contentUrl\":\"https:\/\/www.mpppst.gob.ve\/mpppstweb\/wp-content\/uploads\/2025\/07\/cropped-cropped-g910.png\",\"width\":1080,\"height\":241,\"caption\":\"mpppst\"},\"image\":{\"@id\":\"https:\/\/www.mpppst.gob.ve\/mpppstweb\/#\/schema\/logo\/image\/\"}},{\"@type\":\"Person\",\"@id\":\"https:\/\/www.mpppst.gob.ve\/mpppstweb\/#\/schema\/person\/fc187ee8ead412bd4c9304b62f900ea4\",\"name\":\"MPPPST Prensa\",\"url\":\"https:\/\/www.mpppst.gob.ve\/mpppstweb\/index.php\/author\/prensa-mpppst\/\"}]}<\/script>\n<!-- \/ Yoast SEO plugin. -->","yoast_head_json":{"title":"El Presidente Maduro ser\u00e1 asesorado en materia productiva por la Clase Obrera - MPPPST","robots":{"index":"index","follow":"follow","max-snippet":"max-snippet:-1","max-image-preview":"max-image-preview:large","max-video-preview":"max-video-preview:-1"},"canonical":"https:\/\/www.mpppst.gob.ve\/mpppstweb\/index.php\/2016\/03\/16\/el-presidente-maduro-sera-asesorado-en-materia-productiva-por-la-clase-obrera-2\/","og_locale":"es_ES","og_type":"article","og_title":"El Presidente Maduro ser\u00e1 asesorado en materia productiva por la Clase Obrera - MPPPST","og_description":"Con la finalidad de recomendar, proponer, plantear asuntos para la toma de decisiones desde el Gobierno Central, el ministro Oswaldo Vera, instal\u00f3 el Consejo Presidencial de la Clase Obrera","og_url":"https:\/\/www.mpppst.gob.ve\/mpppstweb\/index.php\/2016\/03\/16\/el-presidente-maduro-sera-asesorado-en-materia-productiva-por-la-clase-obrera-2\/","og_site_name":"MPPPST","article_published_time":"2016-03-16T16:06:23+00:00","article_modified_time":"2016-07-01T20:23:52+00:00","og_image":[{"width":448,"height":258,"url":"https:\/\/www.mpppst.gob.ve\/mpppstweb\/wp-content\/uploads\/2016\/03\/Imagen-072.jpg","type":"image\/jpeg"}],"author":"MPPPST Prensa","twitter_card":"summary_large_image","twitter_misc":{"Escrito por":"MPPPST Prensa","Tiempo de lectura":"2 minutos"},"schema":{"@context":"https:\/\/schema.org","@graph":[{"@type":"Article","@id":"https:\/\/www.mpppst.gob.ve\/mpppstweb\/index.php\/2016\/03\/16\/el-presidente-maduro-sera-asesorado-en-materia-productiva-por-la-clase-obrera-2\/#article","isPartOf":{"@id":"https:\/\/www.mpppst.gob.ve\/mpppstweb\/index.php\/2016\/03\/16\/el-presidente-maduro-sera-asesorado-en-materia-productiva-por-la-clase-obrera-2\/"},"author":{"name":"MPPPST Prensa","@id":"https:\/\/www.mpppst.gob.ve\/mpppstweb\/#\/schema\/person\/fc187ee8ead412bd4c9304b62f900ea4"},"headline":"El Presidente Maduro ser\u00e1 asesorado en materia productiva por la Clase Obrera","datePublished":"2016-03-16T16:06:23+00:00","dateModified":"2016-07-01T20:23:52+00:00","mainEntityOfPage":{"@id":"https:\/\/www.mpppst.gob.ve\/mpppstweb\/index.php\/2016\/03\/16\/el-presidente-maduro-sera-asesorado-en-materia-productiva-por-la-clase-obrera-2\/"},"wordCount":386,"publisher":{"@id":"https:\/\/www.mpppst.gob.ve\/mpppstweb\/#organization"},"image":{"@id":"https:\/\/www.mpppst.gob.ve\/mpppstweb\/index.php\/2016\/03\/16\/el-presidente-maduro-sera-asesorado-en-materia-productiva-por-la-clase-obrera-2\/#primaryimage"},"thumbnailUrl":"https:\/\/www.mpppst.gob.ve\/mpppstweb\/wp-content\/uploads\/2016\/03\/Imagen-072.jpg","articleSection":["Ministerio"],"inLanguage":"es"},{"@type":"WebPage","@id":"https:\/\/www.mpppst.gob.ve\/mpppstweb\/index.php\/2016\/03\/16\/el-presidente-maduro-sera-asesorado-en-materia-productiva-por-la-clase-obrera-2\/","url":"https:\/\/www.mpppst.gob.ve\/mpppstweb\/index.php\/2016\/03\/16\/el-presidente-maduro-sera-asesorado-en-materia-productiva-por-la-clase-obrera-2\/","name":"El Presidente Maduro ser\u00e1 asesorado en materia productiva por la Clase Obrera - MPPPST","isPartOf":{"@id":"https:\/\/www.mpppst.gob.ve\/mpppstweb\/#website"},"primaryImageOfPage":{"@id":"https:\/\/www.mpppst.gob.ve\/mpppstweb\/index.php\/2016\/03\/16\/el-presidente-maduro-sera-asesorado-en-materia-productiva-por-la-clase-obrera-2\/#primaryimage"},"image":{"@id":"https:\/\/www.mpppst.gob.ve\/mpppstweb\/index.php\/2016\/03\/16\/el-presidente-maduro-sera-asesorado-en-materia-productiva-por-la-clase-obrera-2\/#primaryimage"},"thumbnailUrl":"https:\/\/www.mpppst.gob.ve\/mpppstweb\/wp-content\/uploads\/2016\/03\/Imagen-072.jpg","datePublished":"2016-03-16T16:06:23+00:00","dateModified":"2016-07-01T20:23:52+00:00","breadcrumb":{"@id":"https:\/\/www.mpppst.gob.ve\/mpppstweb\/index.php\/2016\/03\/16\/el-presidente-maduro-sera-asesorado-en-materia-productiva-por-la-clase-obrera-2\/#breadcrumb"},"inLanguage":"es","potentialAction":[{"@type":"ReadAction","target":["https:\/\/www.mpppst.gob.ve\/mpppstweb\/index.php\/2016\/03\/16\/el-presidente-maduro-sera-asesorado-en-materia-productiva-por-la-clase-obrera-2\/"]}]},{"@type":"ImageObject","inLanguage":"es","@id":"https:\/\/www.mpppst.gob.ve\/mpppstweb\/index.php\/2016\/03\/16\/el-presidente-maduro-sera-asesorado-en-materia-productiva-por-la-clase-obrera-2\/#primaryimage","url":"https:\/\/www.mpppst.gob.ve\/mpppstweb\/wp-content\/uploads\/2016\/03\/Imagen-072.jpg","contentUrl":"https:\/\/www.mpppst.gob.ve\/mpppstweb\/wp-content\/uploads\/2016\/03\/Imagen-072.jpg","width":448,"height":258},{"@type":"BreadcrumbList","@id":"https:\/\/www.mpppst.gob.ve\/mpppstweb\/index.php\/2016\/03\/16\/el-presidente-maduro-sera-asesorado-en-materia-productiva-por-la-clase-obrera-2\/#breadcrumb","itemListElement":[{"@type":"ListItem","position":1,"name":"Home","item":"https:\/\/www.mpppst.gob.ve\/mpppstweb\/"},{"@type":"ListItem","position":2,"name":"El Presidente Maduro ser\u00e1 asesorado en materia productiva por la Clase Obrera"}]},{"@type":"WebSite","@id":"https:\/\/www.mpppst.gob.ve\/mpppstweb\/#website","url":"https:\/\/www.mpppst.gob.ve\/mpppstweb\/","name":"MPPPST","description":"Ministerio del Poder Popular para el Proceso Social de Trabajo","publisher":{"@id":"https:\/\/www.mpppst.gob.ve\/mpppstweb\/#organization"},"potentialAction":[{"@type":"SearchAction","target":{"@type":"EntryPoint","urlTemplate":"https:\/\/www.mpppst.gob.ve\/mpppstweb\/?s={search_term_string}"},"query-input":"required name=search_term_string"}],"inLanguage":"es"},{"@type":"Organization","@id":"https:\/\/www.mpppst.gob.ve\/mpppstweb\/#organization","name":"mpppst","url":"https:\/\/www.mpppst.gob.ve\/mpppstweb\/","logo":{"@type":"ImageObject","inLanguage":"es","@id":"https:\/\/www.mpppst.gob.ve\/mpppstweb\/#\/schema\/logo\/image\/","url":"https:\/\/www.mpppst.gob.ve\/mpppstweb\/wp-content\/uploads\/2025\/07\/cropped-cropped-g910.png","contentUrl":"https:\/\/www.mpppst.gob.ve\/mpppstweb\/wp-content\/uploads\/2025\/07\/cropped-cropped-g910.png","width":1080,"height":241,"caption":"mpppst"},"image":{"@id":"https:\/\/www.mpppst.gob.ve\/mpppstweb\/#\/schema\/logo\/image\/"}},{"@type":"Person","@id":"https:\/\/www.mpppst.gob.ve\/mpppstweb\/#\/schema\/person\/fc187ee8ead412bd4c9304b62f900ea4","name":"MPPPST Prensa","url":"https:\/\/www.mpppst.gob.ve\/mpppstweb\/index.php\/author\/prensa-mpppst\/"}]}},"_links":{"self":[{"href":"https:\/\/www.mpppst.gob.ve\/mpppstweb\/index.php\/wp-json\/wp\/v2\/posts\/5123"}],"collection":[{"href":"https:\/\/www.mpppst.gob.ve\/mpppstweb\/index.php\/wp-json\/wp\/v2\/posts"}],"about":[{"href":"https:\/\/www.mpppst.gob.ve\/mpppstweb\/index.php\/wp-json\/wp\/v2\/types\/post"}],"author":[{"embeddable":true,"href":"https:\/\/www.mpppst.gob.ve\/mpppstweb\/index.php\/wp-json\/wp\/v2\/users\/25"}],"replies":[{"embeddable":true,"href":"https:\/\/www.mpppst.gob.ve\/mpppstweb\/index.php\/wp-json\/wp\/v2\/comments?post=5123"}],"version-history":[{"count":1,"href":"https:\/\/www.mpppst.gob.ve\/mpppstweb\/index.php\/wp-json\/wp\/v2\/posts\/5123\/revisions"}],"predecessor-version":[{"id":7097,"href":"https:\/\/www.mpppst.gob.ve\/mpppstweb\/index.php\/wp-json\/wp\/v2\/posts\/5123\/revisions\/7097"}],"wp:featuredmedia":[{"embeddable":true,"href":"https:\/\/www.mpppst.gob.ve\/mpppstweb\/index.php\/wp-json\/wp\/v2\/media\/5125"}],"wp:attachment":[{"href":"https:\/\/www.mpppst.gob.ve\/mpppstweb\/index.php\/wp-json\/wp\/v2\/media?parent=5123"}],"wp:term":[{"taxonomy":"category","embeddable":true,"href":"https:\/\/www.mpppst.gob.ve\/mpppstweb\/index.php\/wp-json\/wp\/v2\/categories?post=5123"},{"taxonomy":"post_tag","embeddable":true,"href":"https:\/\/www.mpppst.gob.ve\/mpppstweb\/index.php\/wp-json\/wp\/v2\/tags?post=5123"}],"curies":[{"name":"wp","href":"https:\/\/api.w.org\/{rel}","templated":true}]}}