{"id":5166,"date":"2016-03-25T19:43:05","date_gmt":"2016-03-25T19:43:05","guid":{"rendered":"http:\/\/www.mpppst.gob.ve\/mpppstweb\/?p=5166"},"modified":"2016-07-01T20:24:51","modified_gmt":"2016-07-01T20:24:51","slug":"en-paz-y-con-alegria-el-pueblo-disfruta-de-semana-santa","status":"publish","type":"post","link":"https:\/\/www.mpppst.gob.ve\/mpppstweb\/index.php\/2016\/03\/25\/en-paz-y-con-alegria-el-pueblo-disfruta-de-semana-santa\/","title":{"rendered":"En paz y con alegr\u00eda el pueblo  disfruta de Semana Santa"},"content":{"rendered":"<p style=\"text-align: justify;\">Un conjunto de actividades dirigidas a ni\u00f1os, ni\u00f1as, adolescentes \u00a0y adultos despleg\u00f3 el\u00a0 <em>\u00a0<\/em>Instituto Nacional de Capacitaci\u00f3n y Recreaci\u00f3n de los Trabajadores (INCRET) en la ciudad Recreacional \u00a0Los Caracas con el fin de amenizar estos d\u00edas de descanso del pueblo en general, as\u00ed como de los trabajadores y trabajadoras \u00a0del pa\u00eds en particular.<\/p>\n<p style=\"text-align: justify;\">En tal sentido, \u00a0el ministro del Poder Popular para el Proceso Social de Trabajo, \u00a0Oswaldo Vera, \u00a0calific\u00f3 la jornada de hoy de \u201calegre y en paz\u201d, al tiempo que agregaba que \u201cestamos en el extremo\u00a0 este del litoral central, uno de los sitios m\u00e1s seguros del estado Vargas, donde el pueblo puede disfrutar de actividades \u00a0culturales y deportivas. Hemos logrado incorporar incluso caballos\u201d para que la gente haga tambi\u00e9n turismo de monta\u00f1a. De manera tal que, tal como lo puntualiz\u00f3, en Vargas la gente puede hacer turismo de playa, de monta\u00f1a e incluso puede ir a los r\u00edos que se hallan en la zona.<\/p>\n<p style=\"text-align: justify;\">Destac\u00f3 las actividades desplegadas por el INCRET, y de manera especial la bailoterapia y los juegos \u00a0tales como el f\u00fatbol de playa, el voleibol, halar el mecate, juegos de mesa \u00a0como el domin\u00f3. \u201cLa bailoterapia destaca la cualidad de los varguenses\u201d.<\/p>\n<p style=\"text-align: justify;\">Asimismo, el ministro Vera aprovech\u00f3 la ocasi\u00f3n para invitar a la poblaci\u00f3n a la Ciudad Vacacional Los Caracas, dado que a\u00fan restan d\u00edas de asueto. \u00a0\u201cVamos a batir r\u00e9cord de visitantes en Vargas\u201d. En tal sentido, precis\u00f3 que al menos \u201c85 mil personas han visitado Los Caracas durante estos d\u00edas\u201d<\/p>\n<p style=\"text-align: justify;\"><strong>Contra la guerra econ\u00f3mica <\/strong><\/p>\n<p style=\"text-align: justify;\">Al ser consultado sobre la matriz que se cre\u00f3 antes del inicio del asueto de Semana Santa, seg\u00fan la cual el pueblo venezolano no se desplazar\u00eda en el pa\u00eds dada la guerra econ\u00f3mica, el ministro manifest\u00f3 que \u201cestamos librando una batalla tambi\u00e9n en las playas\u2026 La guerra econ\u00f3mica pretenden llevarla a los espacios recreativos\u201d. Y a\u00f1adi\u00f3 que \u201cvamos a derrotarla\u201d. \u201cVamos a seguir librando la lucha para combatir esta guerra\u201d.<\/p>\n<p style=\"text-align: justify;\">Finalmente, reconoci\u00f3 el despliegue de la Guardia Nacional Bolivariana, los Bomberos, Protecci\u00f3n Civil, \u00a0Polic\u00eda Nacional Bolivariana, Polic\u00eda del estado Vargas, as\u00ed como \u00a0el despliegue del Gobierno nacional para garantizar la mayor suma de felicidad posible.<\/p>\n<p style=\"text-align: justify;\">Por: Marbelys Mav\u00e1rez Laguna<\/p>\n","protected":false},"excerpt":{"rendered":"<p>El ministro del Poder Popular para el Proceso Social de Trabajo,  Oswaldo Vera,  calific\u00f3 la jornada de hoy de \u201calegre y en paz\u201d. Dijo que 85 mil personas han visitado Los Caracas <\/p>\n","protected":false},"author":25,"featured_media":5167,"comment_status":"closed","ping_status":"closed","sticky":false,"template":"","format":"standard","meta":{"footnotes":""},"categories":[83],"tags":[],"yoast_head":"<!-- This site is optimized with the Yoast SEO plugin v22.5 - https:\/\/yoast.com\/wordpress\/plugins\/seo\/ -->\n<title>En paz y con alegr\u00eda el pueblo disfruta de Semana Santa - MPPPST<\/title>\n<meta name=\"robots\" content=\"index, follow, max-snippet:-1, max-image-preview:large, max-video-preview:-1\" \/>\n<link rel=\"canonical\" href=\"https:\/\/www.mpppst.gob.ve\/mpppstweb\/index.php\/2016\/03\/25\/en-paz-y-con-alegria-el-pueblo-disfruta-de-semana-santa\/\" \/>\n<meta property=\"og:locale\" content=\"es_ES\" \/>\n<meta property=\"og:type\" content=\"article\" \/>\n<meta property=\"og:title\" content=\"En paz y con alegr\u00eda el pueblo disfruta de Semana Santa - MPPPST\" \/>\n<meta property=\"og:description\" content=\"El ministro del Poder Popular para el Proceso Social de Trabajo, Oswaldo Vera, calific\u00f3 la jornada de hoy de \u201calegre y en paz\u201d. Dijo que 85 mil personas han visitado Los Caracas\" \/>\n<meta property=\"og:url\" content=\"https:\/\/www.mpppst.gob.ve\/mpppstweb\/index.php\/2016\/03\/25\/en-paz-y-con-alegria-el-pueblo-disfruta-de-semana-santa\/\" \/>\n<meta property=\"og:site_name\" content=\"MPPPST\" \/>\n<meta property=\"article:published_time\" content=\"2016-03-25T19:43:05+00:00\" \/>\n<meta property=\"article:modified_time\" content=\"2016-07-01T20:24:51+00:00\" \/>\n<meta property=\"og:image\" content=\"https:\/\/www.mpppst.gob.ve\/mpppstweb\/wp-content\/uploads\/2016\/03\/IMG_20160325_111112.jpg\" \/>\n\t<meta property=\"og:image:width\" content=\"2560\" \/>\n\t<meta property=\"og:image:height\" content=\"1920\" \/>\n\t<meta property=\"og:image:type\" content=\"image\/jpeg\" \/>\n<meta name=\"author\" content=\"MPPPST Prensa\" \/>\n<meta name=\"twitter:card\" content=\"summary_large_image\" \/>\n<meta name=\"twitter:label1\" content=\"Escrito por\" \/>\n\t<meta name=\"twitter:data1\" content=\"MPPPST Prensa\" \/>\n\t<meta name=\"twitter:label2\" content=\"Tiempo de lectura\" \/>\n\t<meta name=\"twitter:data2\" content=\"2 minutos\" \/>\n<script type=\"application\/ld+json\" class=\"yoast-schema-graph\">{\"@context\":\"https:\/\/schema.org\",\"@graph\":[{\"@type\":\"Article\",\"@id\":\"https:\/\/www.mpppst.gob.ve\/mpppstweb\/index.php\/2016\/03\/25\/en-paz-y-con-alegria-el-pueblo-disfruta-de-semana-santa\/#article\",\"isPartOf\":{\"@id\":\"https:\/\/www.mpppst.gob.ve\/mpppstweb\/index.php\/2016\/03\/25\/en-paz-y-con-alegria-el-pueblo-disfruta-de-semana-santa\/\"},\"author\":{\"name\":\"MPPPST Prensa\",\"@id\":\"https:\/\/www.mpppst.gob.ve\/mpppstweb\/#\/schema\/person\/fc187ee8ead412bd4c9304b62f900ea4\"},\"headline\":\"En paz y con alegr\u00eda el pueblo disfruta de Semana Santa\",\"datePublished\":\"2016-03-25T19:43:05+00:00\",\"dateModified\":\"2016-07-01T20:24:51+00:00\",\"mainEntityOfPage\":{\"@id\":\"https:\/\/www.mpppst.gob.ve\/mpppstweb\/index.php\/2016\/03\/25\/en-paz-y-con-alegria-el-pueblo-disfruta-de-semana-santa\/\"},\"wordCount\":402,\"publisher\":{\"@id\":\"https:\/\/www.mpppst.gob.ve\/mpppstweb\/#organization\"},\"image\":{\"@id\":\"https:\/\/www.mpppst.gob.ve\/mpppstweb\/index.php\/2016\/03\/25\/en-paz-y-con-alegria-el-pueblo-disfruta-de-semana-santa\/#primaryimage\"},\"thumbnailUrl\":\"https:\/\/www.mpppst.gob.ve\/mpppstweb\/wp-content\/uploads\/2016\/03\/IMG_20160325_111112.jpg\",\"articleSection\":[\"Ministerio\"],\"inLanguage\":\"es\"},{\"@type\":\"WebPage\",\"@id\":\"https:\/\/www.mpppst.gob.ve\/mpppstweb\/index.php\/2016\/03\/25\/en-paz-y-con-alegria-el-pueblo-disfruta-de-semana-santa\/\",\"url\":\"https:\/\/www.mpppst.gob.ve\/mpppstweb\/index.php\/2016\/03\/25\/en-paz-y-con-alegria-el-pueblo-disfruta-de-semana-santa\/\",\"name\":\"En paz y con alegr\u00eda el pueblo disfruta de Semana Santa - MPPPST\",\"isPartOf\":{\"@id\":\"https:\/\/www.mpppst.gob.ve\/mpppstweb\/#website\"},\"primaryImageOfPage\":{\"@id\":\"https:\/\/www.mpppst.gob.ve\/mpppstweb\/index.php\/2016\/03\/25\/en-paz-y-con-alegria-el-pueblo-disfruta-de-semana-santa\/#primaryimage\"},\"image\":{\"@id\":\"https:\/\/www.mpppst.gob.ve\/mpppstweb\/index.php\/2016\/03\/25\/en-paz-y-con-alegria-el-pueblo-disfruta-de-semana-santa\/#primaryimage\"},\"thumbnailUrl\":\"https:\/\/www.mpppst.gob.ve\/mpppstweb\/wp-content\/uploads\/2016\/03\/IMG_20160325_111112.jpg\",\"datePublished\":\"2016-03-25T19:43:05+00:00\",\"dateModified\":\"2016-07-01T20:24:51+00:00\",\"breadcrumb\":{\"@id\":\"https:\/\/www.mpppst.gob.ve\/mpppstweb\/index.php\/2016\/03\/25\/en-paz-y-con-alegria-el-pueblo-disfruta-de-semana-santa\/#breadcrumb\"},\"inLanguage\":\"es\",\"potentialAction\":[{\"@type\":\"ReadAction\",\"target\":[\"https:\/\/www.mpppst.gob.ve\/mpppstweb\/index.php\/2016\/03\/25\/en-paz-y-con-alegria-el-pueblo-disfruta-de-semana-santa\/\"]}]},{\"@type\":\"ImageObject\",\"inLanguage\":\"es\",\"@id\":\"https:\/\/www.mpppst.gob.ve\/mpppstweb\/index.php\/2016\/03\/25\/en-paz-y-con-alegria-el-pueblo-disfruta-de-semana-santa\/#primaryimage\",\"url\":\"https:\/\/www.mpppst.gob.ve\/mpppstweb\/wp-content\/uploads\/2016\/03\/IMG_20160325_111112.jpg\",\"contentUrl\":\"https:\/\/www.mpppst.gob.ve\/mpppstweb\/wp-content\/uploads\/2016\/03\/IMG_20160325_111112.jpg\",\"width\":2560,\"height\":1920},{\"@type\":\"BreadcrumbList\",\"@id\":\"https:\/\/www.mpppst.gob.ve\/mpppstweb\/index.php\/2016\/03\/25\/en-paz-y-con-alegria-el-pueblo-disfruta-de-semana-santa\/#breadcrumb\",\"itemListElement\":[{\"@type\":\"ListItem\",\"position\":1,\"name\":\"Home\",\"item\":\"https:\/\/www.mpppst.gob.ve\/mpppstweb\/\"},{\"@type\":\"ListItem\",\"position\":2,\"name\":\"En paz y con alegr\u00eda el pueblo disfruta de Semana Santa\"}]},{\"@type\":\"WebSite\",\"@id\":\"https:\/\/www.mpppst.gob.ve\/mpppstweb\/#website\",\"url\":\"https:\/\/www.mpppst.gob.ve\/mpppstweb\/\",\"name\":\"MPPPST\",\"description\":\"Ministerio del Poder Popular para el Proceso Social de Trabajo\",\"publisher\":{\"@id\":\"https:\/\/www.mpppst.gob.ve\/mpppstweb\/#organization\"},\"potentialAction\":[{\"@type\":\"SearchAction\",\"target\":{\"@type\":\"EntryPoint\",\"urlTemplate\":\"https:\/\/www.mpppst.gob.ve\/mpppstweb\/?s={search_term_string}\"},\"query-input\":\"required name=search_term_string\"}],\"inLanguage\":\"es\"},{\"@type\":\"Organization\",\"@id\":\"https:\/\/www.mpppst.gob.ve\/mpppstweb\/#organization\",\"name\":\"mpppst\",\"url\":\"https:\/\/www.mpppst.gob.ve\/mpppstweb\/\",\"logo\":{\"@type\":\"ImageObject\",\"inLanguage\":\"es\",\"@id\":\"https:\/\/www.mpppst.gob.ve\/mpppstweb\/#\/schema\/logo\/image\/\",\"url\":\"https:\/\/www.mpppst.gob.ve\/mpppstweb\/wp-content\/uploads\/2025\/07\/cropped-cropped-g910.png\",\"contentUrl\":\"https:\/\/www.mpppst.gob.ve\/mpppstweb\/wp-content\/uploads\/2025\/07\/cropped-cropped-g910.png\",\"width\":1080,\"height\":241,\"caption\":\"mpppst\"},\"image\":{\"@id\":\"https:\/\/www.mpppst.gob.ve\/mpppstweb\/#\/schema\/logo\/image\/\"}},{\"@type\":\"Person\",\"@id\":\"https:\/\/www.mpppst.gob.ve\/mpppstweb\/#\/schema\/person\/fc187ee8ead412bd4c9304b62f900ea4\",\"name\":\"MPPPST Prensa\",\"url\":\"https:\/\/www.mpppst.gob.ve\/mpppstweb\/index.php\/author\/prensa-mpppst\/\"}]}<\/script>\n<!-- \/ Yoast SEO plugin. -->","yoast_head_json":{"title":"En paz y con alegr\u00eda el pueblo disfruta de Semana Santa - MPPPST","robots":{"index":"index","follow":"follow","max-snippet":"max-snippet:-1","max-image-preview":"max-image-preview:large","max-video-preview":"max-video-preview:-1"},"canonical":"https:\/\/www.mpppst.gob.ve\/mpppstweb\/index.php\/2016\/03\/25\/en-paz-y-con-alegria-el-pueblo-disfruta-de-semana-santa\/","og_locale":"es_ES","og_type":"article","og_title":"En paz y con alegr\u00eda el pueblo disfruta de Semana Santa - MPPPST","og_description":"El ministro del Poder Popular para el Proceso Social de Trabajo, Oswaldo Vera, calific\u00f3 la jornada de hoy de \u201calegre y en paz\u201d. Dijo que 85 mil personas han visitado Los Caracas","og_url":"https:\/\/www.mpppst.gob.ve\/mpppstweb\/index.php\/2016\/03\/25\/en-paz-y-con-alegria-el-pueblo-disfruta-de-semana-santa\/","og_site_name":"MPPPST","article_published_time":"2016-03-25T19:43:05+00:00","article_modified_time":"2016-07-01T20:24:51+00:00","og_image":[{"width":2560,"height":1920,"url":"https:\/\/www.mpppst.gob.ve\/mpppstweb\/wp-content\/uploads\/2016\/03\/IMG_20160325_111112.jpg","type":"image\/jpeg"}],"author":"MPPPST Prensa","twitter_card":"summary_large_image","twitter_misc":{"Escrito por":"MPPPST Prensa","Tiempo de lectura":"2 minutos"},"schema":{"@context":"https:\/\/schema.org","@graph":[{"@type":"Article","@id":"https:\/\/www.mpppst.gob.ve\/mpppstweb\/index.php\/2016\/03\/25\/en-paz-y-con-alegria-el-pueblo-disfruta-de-semana-santa\/#article","isPartOf":{"@id":"https:\/\/www.mpppst.gob.ve\/mpppstweb\/index.php\/2016\/03\/25\/en-paz-y-con-alegria-el-pueblo-disfruta-de-semana-santa\/"},"author":{"name":"MPPPST Prensa","@id":"https:\/\/www.mpppst.gob.ve\/mpppstweb\/#\/schema\/person\/fc187ee8ead412bd4c9304b62f900ea4"},"headline":"En paz y con alegr\u00eda el pueblo disfruta de Semana Santa","datePublished":"2016-03-25T19:43:05+00:00","dateModified":"2016-07-01T20:24:51+00:00","mainEntityOfPage":{"@id":"https:\/\/www.mpppst.gob.ve\/mpppstweb\/index.php\/2016\/03\/25\/en-paz-y-con-alegria-el-pueblo-disfruta-de-semana-santa\/"},"wordCount":402,"publisher":{"@id":"https:\/\/www.mpppst.gob.ve\/mpppstweb\/#organization"},"image":{"@id":"https:\/\/www.mpppst.gob.ve\/mpppstweb\/index.php\/2016\/03\/25\/en-paz-y-con-alegria-el-pueblo-disfruta-de-semana-santa\/#primaryimage"},"thumbnailUrl":"https:\/\/www.mpppst.gob.ve\/mpppstweb\/wp-content\/uploads\/2016\/03\/IMG_20160325_111112.jpg","articleSection":["Ministerio"],"inLanguage":"es"},{"@type":"WebPage","@id":"https:\/\/www.mpppst.gob.ve\/mpppstweb\/index.php\/2016\/03\/25\/en-paz-y-con-alegria-el-pueblo-disfruta-de-semana-santa\/","url":"https:\/\/www.mpppst.gob.ve\/mpppstweb\/index.php\/2016\/03\/25\/en-paz-y-con-alegria-el-pueblo-disfruta-de-semana-santa\/","name":"En paz y con alegr\u00eda el pueblo disfruta de Semana Santa - MPPPST","isPartOf":{"@id":"https:\/\/www.mpppst.gob.ve\/mpppstweb\/#website"},"primaryImageOfPage":{"@id":"https:\/\/www.mpppst.gob.ve\/mpppstweb\/index.php\/2016\/03\/25\/en-paz-y-con-alegria-el-pueblo-disfruta-de-semana-santa\/#primaryimage"},"image":{"@id":"https:\/\/www.mpppst.gob.ve\/mpppstweb\/index.php\/2016\/03\/25\/en-paz-y-con-alegria-el-pueblo-disfruta-de-semana-santa\/#primaryimage"},"thumbnailUrl":"https:\/\/www.mpppst.gob.ve\/mpppstweb\/wp-content\/uploads\/2016\/03\/IMG_20160325_111112.jpg","datePublished":"2016-03-25T19:43:05+00:00","dateModified":"2016-07-01T20:24:51+00:00","breadcrumb":{"@id":"https:\/\/www.mpppst.gob.ve\/mpppstweb\/index.php\/2016\/03\/25\/en-paz-y-con-alegria-el-pueblo-disfruta-de-semana-santa\/#breadcrumb"},"inLanguage":"es","potentialAction":[{"@type":"ReadAction","target":["https:\/\/www.mpppst.gob.ve\/mpppstweb\/index.php\/2016\/03\/25\/en-paz-y-con-alegria-el-pueblo-disfruta-de-semana-santa\/"]}]},{"@type":"ImageObject","inLanguage":"es","@id":"https:\/\/www.mpppst.gob.ve\/mpppstweb\/index.php\/2016\/03\/25\/en-paz-y-con-alegria-el-pueblo-disfruta-de-semana-santa\/#primaryimage","url":"https:\/\/www.mpppst.gob.ve\/mpppstweb\/wp-content\/uploads\/2016\/03\/IMG_20160325_111112.jpg","contentUrl":"https:\/\/www.mpppst.gob.ve\/mpppstweb\/wp-content\/uploads\/2016\/03\/IMG_20160325_111112.jpg","width":2560,"height":1920},{"@type":"BreadcrumbList","@id":"https:\/\/www.mpppst.gob.ve\/mpppstweb\/index.php\/2016\/03\/25\/en-paz-y-con-alegria-el-pueblo-disfruta-de-semana-santa\/#breadcrumb","itemListElement":[{"@type":"ListItem","position":1,"name":"Home","item":"https:\/\/www.mpppst.gob.ve\/mpppstweb\/"},{"@type":"ListItem","position":2,"name":"En paz y con alegr\u00eda el pueblo disfruta de Semana Santa"}]},{"@type":"WebSite","@id":"https:\/\/www.mpppst.gob.ve\/mpppstweb\/#website","url":"https:\/\/www.mpppst.gob.ve\/mpppstweb\/","name":"MPPPST","description":"Ministerio del Poder Popular para el Proceso Social de Trabajo","publisher":{"@id":"https:\/\/www.mpppst.gob.ve\/mpppstweb\/#organization"},"potentialAction":[{"@type":"SearchAction","target":{"@type":"EntryPoint","urlTemplate":"https:\/\/www.mpppst.gob.ve\/mpppstweb\/?s={search_term_string}"},"query-input":"required name=search_term_string"}],"inLanguage":"es"},{"@type":"Organization","@id":"https:\/\/www.mpppst.gob.ve\/mpppstweb\/#organization","name":"mpppst","url":"https:\/\/www.mpppst.gob.ve\/mpppstweb\/","logo":{"@type":"ImageObject","inLanguage":"es","@id":"https:\/\/www.mpppst.gob.ve\/mpppstweb\/#\/schema\/logo\/image\/","url":"https:\/\/www.mpppst.gob.ve\/mpppstweb\/wp-content\/uploads\/2025\/07\/cropped-cropped-g910.png","contentUrl":"https:\/\/www.mpppst.gob.ve\/mpppstweb\/wp-content\/uploads\/2025\/07\/cropped-cropped-g910.png","width":1080,"height":241,"caption":"mpppst"},"image":{"@id":"https:\/\/www.mpppst.gob.ve\/mpppstweb\/#\/schema\/logo\/image\/"}},{"@type":"Person","@id":"https:\/\/www.mpppst.gob.ve\/mpppstweb\/#\/schema\/person\/fc187ee8ead412bd4c9304b62f900ea4","name":"MPPPST Prensa","url":"https:\/\/www.mpppst.gob.ve\/mpppstweb\/index.php\/author\/prensa-mpppst\/"}]}},"_links":{"self":[{"href":"https:\/\/www.mpppst.gob.ve\/mpppstweb\/index.php\/wp-json\/wp\/v2\/posts\/5166"}],"collection":[{"href":"https:\/\/www.mpppst.gob.ve\/mpppstweb\/index.php\/wp-json\/wp\/v2\/posts"}],"about":[{"href":"https:\/\/www.mpppst.gob.ve\/mpppstweb\/index.php\/wp-json\/wp\/v2\/types\/post"}],"author":[{"embeddable":true,"href":"https:\/\/www.mpppst.gob.ve\/mpppstweb\/index.php\/wp-json\/wp\/v2\/users\/25"}],"replies":[{"embeddable":true,"href":"https:\/\/www.mpppst.gob.ve\/mpppstweb\/index.php\/wp-json\/wp\/v2\/comments?post=5166"}],"version-history":[{"count":1,"href":"https:\/\/www.mpppst.gob.ve\/mpppstweb\/index.php\/wp-json\/wp\/v2\/posts\/5166\/revisions"}],"predecessor-version":[{"id":7099,"href":"https:\/\/www.mpppst.gob.ve\/mpppstweb\/index.php\/wp-json\/wp\/v2\/posts\/5166\/revisions\/7099"}],"wp:featuredmedia":[{"embeddable":true,"href":"https:\/\/www.mpppst.gob.ve\/mpppstweb\/index.php\/wp-json\/wp\/v2\/media\/5167"}],"wp:attachment":[{"href":"https:\/\/www.mpppst.gob.ve\/mpppstweb\/index.php\/wp-json\/wp\/v2\/media?parent=5166"}],"wp:term":[{"taxonomy":"category","embeddable":true,"href":"https:\/\/www.mpppst.gob.ve\/mpppstweb\/index.php\/wp-json\/wp\/v2\/categories?post=5166"},{"taxonomy":"post_tag","embeddable":true,"href":"https:\/\/www.mpppst.gob.ve\/mpppstweb\/index.php\/wp-json\/wp\/v2\/tags?post=5166"}],"curies":[{"name":"wp","href":"https:\/\/api.w.org\/{rel}","templated":true}]}}