{"id":5189,"date":"2016-03-28T14:11:46","date_gmt":"2016-03-28T14:11:46","guid":{"rendered":"http:\/\/www.mpppst.gob.ve\/mpppstweb\/?p=5189"},"modified":"2016-07-01T20:25:31","modified_gmt":"2016-07-01T20:25:31","slug":"ahorrar-energia-electrica-es-una-tarea-diaria-en-todos-los-espacios-2","status":"publish","type":"post","link":"https:\/\/www.mpppst.gob.ve\/mpppstweb\/index.php\/2016\/03\/28\/ahorrar-energia-electrica-es-una-tarea-diaria-en-todos-los-espacios-2\/","title":{"rendered":"Ahorrar energ\u00eda el\u00e9ctrica es una tarea diaria en todos los espacios"},"content":{"rendered":"<p>28 de marzo (MPPPST) El Gobierno Nacional, a trav\u00e9s del Ministerio del Poder Popular para la Energ\u00eda El\u00e9ctrica, ha impulsado el uso racional y eficiente de la energ\u00eda el\u00e9ctrica, debido al largo per\u00edodo de sequ\u00eda que ha afectado a la regi\u00f3n Latinoamericana como consecuencia del fen\u00f3meno El Ni\u00f1o. Las acciones propuestas por el Gobierno est\u00e1n enmarcadas en el 5to objetivo del Plan de la Patria 2013-2019, referente a la necesidad de preservar la vida en el planeta y la salvaci\u00f3n de la especie humana.<\/p>\n<p>Como es conocido, desde el a\u00f1o 2015, el fen\u00f3meno natural \u201cEl Ni\u00f1o\u201d, viene afectando a diferentes pa\u00edses de la regi\u00f3n: Per\u00fa, Colombia, Brasil, Ecuador, Argentina y Venezuela.<\/p>\n<p>Asimismo, es importante advertir que desde 1914 Venezuela no enfrenta una sequ\u00eda tan grande, por eso se han disminuido significativamente los embalses que nutren a las centrales hidroel\u00e9ctricas, las cuales nos abastecen de agua y de electricidad.<\/p>\n<p>Entre las medidas del Gobierno Nacional para enfrentar el impacto negativo de este fen\u00f3meno clim\u00e1tico, \u00a0se encuentran la decisi\u00f3n de reducir el horario de actividades del sector p\u00fablico, como medida para ahorrar energ\u00eda, Adem\u00e1s, se inici\u00f3 un programa de sustituci\u00f3n de equipos ineficientes por eficientes, se instaur\u00f3 el etiquetado de artefactos el\u00e9ctricos y se tomaron acciones de formaci\u00f3n y concientizaci\u00f3n sobre el uso racional y eficiente de la energ\u00eda.<\/p>\n<p><strong>Recomendaciones para el uso racional y eficiente de la energ\u00eda<\/strong><\/p>\n<p><strong>Equipos de Oficina<\/strong><\/p>\n<ul>\n<li>Apagar las computadoras, impresoras y otros equipos de oficina al finalizar la jornada laboral y desenchufar los generadores de voltaje<\/li>\n<li>Promover el apagado de monitores en ausencias mayores a 15 minutos<\/li>\n<li>Programar la fotocopiadora en modo de ahorro de energ\u00eda e impresi\u00f3n a doble cara<\/li>\n<li>Usa escaleras para dirigirte a tu Oficina, pues el consumo de electricidad de los ascensores es realmente alto.<\/li>\n<\/ul>\n<p><strong>Aire acondicionado<\/strong><\/p>\n<ul>\n<li>Mantener ventanas y puertas cerradas para evitar escapes innecesarios<\/li>\n<li>La temperatura de confort en Venezuela se encuentra en 23 y 25\u00baC, por lo cual se recomienda ajustar los equipos de aires acondicionados en estos niveles. Por cada grado menos el equipo consume 5% menos de energ\u00eda.<\/li>\n<\/ul>\n<p><strong>En el Hogar<\/strong><\/p>\n<ul>\n<li>Aprovecha la luz natural al m\u00e1ximo. Durante el d\u00eda evita encender focos en habitaciones iluminadas por el sol. Cambia todos los focos por unos de bajo consumo, pues consumen cuatro veces menos energ\u00eda y duran hasta diez veces m\u00e1s.<\/li>\n<li>Desconecta todo lo que no ocupes. La televisi\u00f3n, radio, la bater\u00eda del celular al terminar de cargarlo, licuadoras, microondas<\/li>\n<li>Lavadora: Hay que tratar de llenarla con la cantidad de ropa indicada como m\u00e1ximo, ya que si coloca menos de su capacidad, gastaremos agua y electricidad de m\u00e1s. Y si pone m\u00e1s de lo permitido, la ropa quedar\u00e1 mal lavada y se corre el riesgo de forzar el motor. Tambi\u00e9n es importante utilizar agua fr\u00eda para lavar, y usar la secadora s\u00f3lo en \u00e9poca de lluvias, cuando la ropa no se pueda secar r\u00e1pidamente al aire libre.<\/li>\n<\/ul>\n<p>Redacci\u00f3n: Carlos Palacios<\/p>\n","protected":false},"excerpt":{"rendered":"<p>El Gobierno Nacional, a trav\u00e9s del Ministerio del Poder Popular para la Energ\u00eda El\u00e9ctrica, ha impulsado el uso racional y eficiente de la energ\u00eda el\u00e9ctrica.<\/p>\n","protected":false},"author":25,"featured_media":5216,"comment_status":"closed","ping_status":"closed","sticky":false,"template":"","format":"standard","meta":{"footnotes":""},"categories":[82],"tags":[],"yoast_head":"<!-- This site is optimized with the Yoast SEO plugin v22.5 - https:\/\/yoast.com\/wordpress\/plugins\/seo\/ -->\n<title>Ahorrar energ\u00eda el\u00e9ctrica es una tarea diaria en todos los espacios - MPPPST<\/title>\n<meta name=\"robots\" content=\"index, follow, max-snippet:-1, max-image-preview:large, max-video-preview:-1\" \/>\n<link rel=\"canonical\" href=\"https:\/\/www.mpppst.gob.ve\/mpppstweb\/index.php\/2016\/03\/28\/ahorrar-energia-electrica-es-una-tarea-diaria-en-todos-los-espacios-2\/\" \/>\n<meta property=\"og:locale\" content=\"es_ES\" \/>\n<meta property=\"og:type\" content=\"article\" \/>\n<meta property=\"og:title\" content=\"Ahorrar energ\u00eda el\u00e9ctrica es una tarea diaria en todos los espacios - MPPPST\" \/>\n<meta property=\"og:description\" content=\"El Gobierno Nacional, a trav\u00e9s del Ministerio del Poder Popular para la Energ\u00eda El\u00e9ctrica, ha impulsado el uso racional y eficiente de la energ\u00eda el\u00e9ctrica.\" \/>\n<meta property=\"og:url\" content=\"https:\/\/www.mpppst.gob.ve\/mpppstweb\/index.php\/2016\/03\/28\/ahorrar-energia-electrica-es-una-tarea-diaria-en-todos-los-espacios-2\/\" \/>\n<meta property=\"og:site_name\" content=\"MPPPST\" \/>\n<meta property=\"article:published_time\" content=\"2016-03-28T14:11:46+00:00\" \/>\n<meta property=\"article:modified_time\" content=\"2016-07-01T20:25:31+00:00\" \/>\n<meta property=\"og:image\" content=\"https:\/\/www.mpppst.gob.ve\/mpppstweb\/wp-content\/uploads\/2016\/03\/AhorroEnergia2016.jpg\" \/>\n\t<meta property=\"og:image:width\" content=\"336\" \/>\n\t<meta property=\"og:image:height\" content=\"403\" \/>\n\t<meta property=\"og:image:type\" content=\"image\/jpeg\" \/>\n<meta name=\"author\" content=\"MPPPST Prensa\" \/>\n<meta name=\"twitter:card\" content=\"summary_large_image\" \/>\n<meta name=\"twitter:label1\" content=\"Escrito por\" \/>\n\t<meta name=\"twitter:data1\" content=\"MPPPST Prensa\" \/>\n\t<meta name=\"twitter:label2\" content=\"Tiempo de lectura\" \/>\n\t<meta name=\"twitter:data2\" content=\"3 minutos\" \/>\n<script type=\"application\/ld+json\" class=\"yoast-schema-graph\">{\"@context\":\"https:\/\/schema.org\",\"@graph\":[{\"@type\":\"Article\",\"@id\":\"https:\/\/www.mpppst.gob.ve\/mpppstweb\/index.php\/2016\/03\/28\/ahorrar-energia-electrica-es-una-tarea-diaria-en-todos-los-espacios-2\/#article\",\"isPartOf\":{\"@id\":\"https:\/\/www.mpppst.gob.ve\/mpppstweb\/index.php\/2016\/03\/28\/ahorrar-energia-electrica-es-una-tarea-diaria-en-todos-los-espacios-2\/\"},\"author\":{\"name\":\"MPPPST Prensa\",\"@id\":\"https:\/\/www.mpppst.gob.ve\/mpppstweb\/#\/schema\/person\/fc187ee8ead412bd4c9304b62f900ea4\"},\"headline\":\"Ahorrar energ\u00eda el\u00e9ctrica es una tarea diaria en todos los espacios\",\"datePublished\":\"2016-03-28T14:11:46+00:00\",\"dateModified\":\"2016-07-01T20:25:31+00:00\",\"mainEntityOfPage\":{\"@id\":\"https:\/\/www.mpppst.gob.ve\/mpppstweb\/index.php\/2016\/03\/28\/ahorrar-energia-electrica-es-una-tarea-diaria-en-todos-los-espacios-2\/\"},\"wordCount\":537,\"publisher\":{\"@id\":\"https:\/\/www.mpppst.gob.ve\/mpppstweb\/#organization\"},\"image\":{\"@id\":\"https:\/\/www.mpppst.gob.ve\/mpppstweb\/index.php\/2016\/03\/28\/ahorrar-energia-electrica-es-una-tarea-diaria-en-todos-los-espacios-2\/#primaryimage\"},\"thumbnailUrl\":\"https:\/\/www.mpppst.gob.ve\/mpppstweb\/wp-content\/uploads\/2016\/03\/AhorroEnergia2016.jpg\",\"articleSection\":[\"Gobierno Nacional\"],\"inLanguage\":\"es\"},{\"@type\":\"WebPage\",\"@id\":\"https:\/\/www.mpppst.gob.ve\/mpppstweb\/index.php\/2016\/03\/28\/ahorrar-energia-electrica-es-una-tarea-diaria-en-todos-los-espacios-2\/\",\"url\":\"https:\/\/www.mpppst.gob.ve\/mpppstweb\/index.php\/2016\/03\/28\/ahorrar-energia-electrica-es-una-tarea-diaria-en-todos-los-espacios-2\/\",\"name\":\"Ahorrar energ\u00eda el\u00e9ctrica es una tarea diaria en todos los espacios - MPPPST\",\"isPartOf\":{\"@id\":\"https:\/\/www.mpppst.gob.ve\/mpppstweb\/#website\"},\"primaryImageOfPage\":{\"@id\":\"https:\/\/www.mpppst.gob.ve\/mpppstweb\/index.php\/2016\/03\/28\/ahorrar-energia-electrica-es-una-tarea-diaria-en-todos-los-espacios-2\/#primaryimage\"},\"image\":{\"@id\":\"https:\/\/www.mpppst.gob.ve\/mpppstweb\/index.php\/2016\/03\/28\/ahorrar-energia-electrica-es-una-tarea-diaria-en-todos-los-espacios-2\/#primaryimage\"},\"thumbnailUrl\":\"https:\/\/www.mpppst.gob.ve\/mpppstweb\/wp-content\/uploads\/2016\/03\/AhorroEnergia2016.jpg\",\"datePublished\":\"2016-03-28T14:11:46+00:00\",\"dateModified\":\"2016-07-01T20:25:31+00:00\",\"breadcrumb\":{\"@id\":\"https:\/\/www.mpppst.gob.ve\/mpppstweb\/index.php\/2016\/03\/28\/ahorrar-energia-electrica-es-una-tarea-diaria-en-todos-los-espacios-2\/#breadcrumb\"},\"inLanguage\":\"es\",\"potentialAction\":[{\"@type\":\"ReadAction\",\"target\":[\"https:\/\/www.mpppst.gob.ve\/mpppstweb\/index.php\/2016\/03\/28\/ahorrar-energia-electrica-es-una-tarea-diaria-en-todos-los-espacios-2\/\"]}]},{\"@type\":\"ImageObject\",\"inLanguage\":\"es\",\"@id\":\"https:\/\/www.mpppst.gob.ve\/mpppstweb\/index.php\/2016\/03\/28\/ahorrar-energia-electrica-es-una-tarea-diaria-en-todos-los-espacios-2\/#primaryimage\",\"url\":\"https:\/\/www.mpppst.gob.ve\/mpppstweb\/wp-content\/uploads\/2016\/03\/AhorroEnergia2016.jpg\",\"contentUrl\":\"https:\/\/www.mpppst.gob.ve\/mpppstweb\/wp-content\/uploads\/2016\/03\/AhorroEnergia2016.jpg\",\"width\":336,\"height\":403},{\"@type\":\"BreadcrumbList\",\"@id\":\"https:\/\/www.mpppst.gob.ve\/mpppstweb\/index.php\/2016\/03\/28\/ahorrar-energia-electrica-es-una-tarea-diaria-en-todos-los-espacios-2\/#breadcrumb\",\"itemListElement\":[{\"@type\":\"ListItem\",\"position\":1,\"name\":\"Home\",\"item\":\"https:\/\/www.mpppst.gob.ve\/mpppstweb\/\"},{\"@type\":\"ListItem\",\"position\":2,\"name\":\"Ahorrar energ\u00eda el\u00e9ctrica es una tarea diaria en todos los espacios\"}]},{\"@type\":\"WebSite\",\"@id\":\"https:\/\/www.mpppst.gob.ve\/mpppstweb\/#website\",\"url\":\"https:\/\/www.mpppst.gob.ve\/mpppstweb\/\",\"name\":\"MPPPST\",\"description\":\"Ministerio del Poder Popular para el Proceso Social de Trabajo\",\"publisher\":{\"@id\":\"https:\/\/www.mpppst.gob.ve\/mpppstweb\/#organization\"},\"potentialAction\":[{\"@type\":\"SearchAction\",\"target\":{\"@type\":\"EntryPoint\",\"urlTemplate\":\"https:\/\/www.mpppst.gob.ve\/mpppstweb\/?s={search_term_string}\"},\"query-input\":\"required name=search_term_string\"}],\"inLanguage\":\"es\"},{\"@type\":\"Organization\",\"@id\":\"https:\/\/www.mpppst.gob.ve\/mpppstweb\/#organization\",\"name\":\"mpppst\",\"url\":\"https:\/\/www.mpppst.gob.ve\/mpppstweb\/\",\"logo\":{\"@type\":\"ImageObject\",\"inLanguage\":\"es\",\"@id\":\"https:\/\/www.mpppst.gob.ve\/mpppstweb\/#\/schema\/logo\/image\/\",\"url\":\"https:\/\/www.mpppst.gob.ve\/mpppstweb\/wp-content\/uploads\/2025\/07\/cropped-cropped-g910.png\",\"contentUrl\":\"https:\/\/www.mpppst.gob.ve\/mpppstweb\/wp-content\/uploads\/2025\/07\/cropped-cropped-g910.png\",\"width\":1080,\"height\":241,\"caption\":\"mpppst\"},\"image\":{\"@id\":\"https:\/\/www.mpppst.gob.ve\/mpppstweb\/#\/schema\/logo\/image\/\"}},{\"@type\":\"Person\",\"@id\":\"https:\/\/www.mpppst.gob.ve\/mpppstweb\/#\/schema\/person\/fc187ee8ead412bd4c9304b62f900ea4\",\"name\":\"MPPPST Prensa\",\"url\":\"https:\/\/www.mpppst.gob.ve\/mpppstweb\/index.php\/author\/prensa-mpppst\/\"}]}<\/script>\n<!-- \/ Yoast SEO plugin. -->","yoast_head_json":{"title":"Ahorrar energ\u00eda el\u00e9ctrica es una tarea diaria en todos los espacios - MPPPST","robots":{"index":"index","follow":"follow","max-snippet":"max-snippet:-1","max-image-preview":"max-image-preview:large","max-video-preview":"max-video-preview:-1"},"canonical":"https:\/\/www.mpppst.gob.ve\/mpppstweb\/index.php\/2016\/03\/28\/ahorrar-energia-electrica-es-una-tarea-diaria-en-todos-los-espacios-2\/","og_locale":"es_ES","og_type":"article","og_title":"Ahorrar energ\u00eda el\u00e9ctrica es una tarea diaria en todos los espacios - MPPPST","og_description":"El Gobierno Nacional, a trav\u00e9s del Ministerio del Poder Popular para la Energ\u00eda El\u00e9ctrica, ha impulsado el uso racional y eficiente de la energ\u00eda el\u00e9ctrica.","og_url":"https:\/\/www.mpppst.gob.ve\/mpppstweb\/index.php\/2016\/03\/28\/ahorrar-energia-electrica-es-una-tarea-diaria-en-todos-los-espacios-2\/","og_site_name":"MPPPST","article_published_time":"2016-03-28T14:11:46+00:00","article_modified_time":"2016-07-01T20:25:31+00:00","og_image":[{"width":336,"height":403,"url":"https:\/\/www.mpppst.gob.ve\/mpppstweb\/wp-content\/uploads\/2016\/03\/AhorroEnergia2016.jpg","type":"image\/jpeg"}],"author":"MPPPST Prensa","twitter_card":"summary_large_image","twitter_misc":{"Escrito por":"MPPPST Prensa","Tiempo de lectura":"3 minutos"},"schema":{"@context":"https:\/\/schema.org","@graph":[{"@type":"Article","@id":"https:\/\/www.mpppst.gob.ve\/mpppstweb\/index.php\/2016\/03\/28\/ahorrar-energia-electrica-es-una-tarea-diaria-en-todos-los-espacios-2\/#article","isPartOf":{"@id":"https:\/\/www.mpppst.gob.ve\/mpppstweb\/index.php\/2016\/03\/28\/ahorrar-energia-electrica-es-una-tarea-diaria-en-todos-los-espacios-2\/"},"author":{"name":"MPPPST Prensa","@id":"https:\/\/www.mpppst.gob.ve\/mpppstweb\/#\/schema\/person\/fc187ee8ead412bd4c9304b62f900ea4"},"headline":"Ahorrar energ\u00eda el\u00e9ctrica es una tarea diaria en todos los espacios","datePublished":"2016-03-28T14:11:46+00:00","dateModified":"2016-07-01T20:25:31+00:00","mainEntityOfPage":{"@id":"https:\/\/www.mpppst.gob.ve\/mpppstweb\/index.php\/2016\/03\/28\/ahorrar-energia-electrica-es-una-tarea-diaria-en-todos-los-espacios-2\/"},"wordCount":537,"publisher":{"@id":"https:\/\/www.mpppst.gob.ve\/mpppstweb\/#organization"},"image":{"@id":"https:\/\/www.mpppst.gob.ve\/mpppstweb\/index.php\/2016\/03\/28\/ahorrar-energia-electrica-es-una-tarea-diaria-en-todos-los-espacios-2\/#primaryimage"},"thumbnailUrl":"https:\/\/www.mpppst.gob.ve\/mpppstweb\/wp-content\/uploads\/2016\/03\/AhorroEnergia2016.jpg","articleSection":["Gobierno Nacional"],"inLanguage":"es"},{"@type":"WebPage","@id":"https:\/\/www.mpppst.gob.ve\/mpppstweb\/index.php\/2016\/03\/28\/ahorrar-energia-electrica-es-una-tarea-diaria-en-todos-los-espacios-2\/","url":"https:\/\/www.mpppst.gob.ve\/mpppstweb\/index.php\/2016\/03\/28\/ahorrar-energia-electrica-es-una-tarea-diaria-en-todos-los-espacios-2\/","name":"Ahorrar energ\u00eda el\u00e9ctrica es una tarea diaria en todos los espacios - MPPPST","isPartOf":{"@id":"https:\/\/www.mpppst.gob.ve\/mpppstweb\/#website"},"primaryImageOfPage":{"@id":"https:\/\/www.mpppst.gob.ve\/mpppstweb\/index.php\/2016\/03\/28\/ahorrar-energia-electrica-es-una-tarea-diaria-en-todos-los-espacios-2\/#primaryimage"},"image":{"@id":"https:\/\/www.mpppst.gob.ve\/mpppstweb\/index.php\/2016\/03\/28\/ahorrar-energia-electrica-es-una-tarea-diaria-en-todos-los-espacios-2\/#primaryimage"},"thumbnailUrl":"https:\/\/www.mpppst.gob.ve\/mpppstweb\/wp-content\/uploads\/2016\/03\/AhorroEnergia2016.jpg","datePublished":"2016-03-28T14:11:46+00:00","dateModified":"2016-07-01T20:25:31+00:00","breadcrumb":{"@id":"https:\/\/www.mpppst.gob.ve\/mpppstweb\/index.php\/2016\/03\/28\/ahorrar-energia-electrica-es-una-tarea-diaria-en-todos-los-espacios-2\/#breadcrumb"},"inLanguage":"es","potentialAction":[{"@type":"ReadAction","target":["https:\/\/www.mpppst.gob.ve\/mpppstweb\/index.php\/2016\/03\/28\/ahorrar-energia-electrica-es-una-tarea-diaria-en-todos-los-espacios-2\/"]}]},{"@type":"ImageObject","inLanguage":"es","@id":"https:\/\/www.mpppst.gob.ve\/mpppstweb\/index.php\/2016\/03\/28\/ahorrar-energia-electrica-es-una-tarea-diaria-en-todos-los-espacios-2\/#primaryimage","url":"https:\/\/www.mpppst.gob.ve\/mpppstweb\/wp-content\/uploads\/2016\/03\/AhorroEnergia2016.jpg","contentUrl":"https:\/\/www.mpppst.gob.ve\/mpppstweb\/wp-content\/uploads\/2016\/03\/AhorroEnergia2016.jpg","width":336,"height":403},{"@type":"BreadcrumbList","@id":"https:\/\/www.mpppst.gob.ve\/mpppstweb\/index.php\/2016\/03\/28\/ahorrar-energia-electrica-es-una-tarea-diaria-en-todos-los-espacios-2\/#breadcrumb","itemListElement":[{"@type":"ListItem","position":1,"name":"Home","item":"https:\/\/www.mpppst.gob.ve\/mpppstweb\/"},{"@type":"ListItem","position":2,"name":"Ahorrar energ\u00eda el\u00e9ctrica es una tarea diaria en todos los espacios"}]},{"@type":"WebSite","@id":"https:\/\/www.mpppst.gob.ve\/mpppstweb\/#website","url":"https:\/\/www.mpppst.gob.ve\/mpppstweb\/","name":"MPPPST","description":"Ministerio del Poder Popular para el Proceso Social de Trabajo","publisher":{"@id":"https:\/\/www.mpppst.gob.ve\/mpppstweb\/#organization"},"potentialAction":[{"@type":"SearchAction","target":{"@type":"EntryPoint","urlTemplate":"https:\/\/www.mpppst.gob.ve\/mpppstweb\/?s={search_term_string}"},"query-input":"required name=search_term_string"}],"inLanguage":"es"},{"@type":"Organization","@id":"https:\/\/www.mpppst.gob.ve\/mpppstweb\/#organization","name":"mpppst","url":"https:\/\/www.mpppst.gob.ve\/mpppstweb\/","logo":{"@type":"ImageObject","inLanguage":"es","@id":"https:\/\/www.mpppst.gob.ve\/mpppstweb\/#\/schema\/logo\/image\/","url":"https:\/\/www.mpppst.gob.ve\/mpppstweb\/wp-content\/uploads\/2025\/07\/cropped-cropped-g910.png","contentUrl":"https:\/\/www.mpppst.gob.ve\/mpppstweb\/wp-content\/uploads\/2025\/07\/cropped-cropped-g910.png","width":1080,"height":241,"caption":"mpppst"},"image":{"@id":"https:\/\/www.mpppst.gob.ve\/mpppstweb\/#\/schema\/logo\/image\/"}},{"@type":"Person","@id":"https:\/\/www.mpppst.gob.ve\/mpppstweb\/#\/schema\/person\/fc187ee8ead412bd4c9304b62f900ea4","name":"MPPPST Prensa","url":"https:\/\/www.mpppst.gob.ve\/mpppstweb\/index.php\/author\/prensa-mpppst\/"}]}},"_links":{"self":[{"href":"https:\/\/www.mpppst.gob.ve\/mpppstweb\/index.php\/wp-json\/wp\/v2\/posts\/5189"}],"collection":[{"href":"https:\/\/www.mpppst.gob.ve\/mpppstweb\/index.php\/wp-json\/wp\/v2\/posts"}],"about":[{"href":"https:\/\/www.mpppst.gob.ve\/mpppstweb\/index.php\/wp-json\/wp\/v2\/types\/post"}],"author":[{"embeddable":true,"href":"https:\/\/www.mpppst.gob.ve\/mpppstweb\/index.php\/wp-json\/wp\/v2\/users\/25"}],"replies":[{"embeddable":true,"href":"https:\/\/www.mpppst.gob.ve\/mpppstweb\/index.php\/wp-json\/wp\/v2\/comments?post=5189"}],"version-history":[{"count":1,"href":"https:\/\/www.mpppst.gob.ve\/mpppstweb\/index.php\/wp-json\/wp\/v2\/posts\/5189\/revisions"}],"predecessor-version":[{"id":7100,"href":"https:\/\/www.mpppst.gob.ve\/mpppstweb\/index.php\/wp-json\/wp\/v2\/posts\/5189\/revisions\/7100"}],"wp:featuredmedia":[{"embeddable":true,"href":"https:\/\/www.mpppst.gob.ve\/mpppstweb\/index.php\/wp-json\/wp\/v2\/media\/5216"}],"wp:attachment":[{"href":"https:\/\/www.mpppst.gob.ve\/mpppstweb\/index.php\/wp-json\/wp\/v2\/media?parent=5189"}],"wp:term":[{"taxonomy":"category","embeddable":true,"href":"https:\/\/www.mpppst.gob.ve\/mpppstweb\/index.php\/wp-json\/wp\/v2\/categories?post=5189"},{"taxonomy":"post_tag","embeddable":true,"href":"https:\/\/www.mpppst.gob.ve\/mpppstweb\/index.php\/wp-json\/wp\/v2\/tags?post=5189"}],"curies":[{"name":"wp","href":"https:\/\/api.w.org\/{rel}","templated":true}]}}