{"id":5210,"date":"2016-03-29T16:12:57","date_gmt":"2016-03-29T16:12:57","guid":{"rendered":"http:\/\/www.mpppst.gob.ve\/mpppstweb\/?p=5210"},"modified":"2016-07-01T20:25:54","modified_gmt":"2016-07-01T20:25:54","slug":"estas-son-las-medidas-implementadas-por-el-gobierno-nacional-para-combatir-la-guerra-economica-i","status":"publish","type":"post","link":"https:\/\/www.mpppst.gob.ve\/mpppstweb\/index.php\/2016\/03\/29\/estas-son-las-medidas-implementadas-por-el-gobierno-nacional-para-combatir-la-guerra-economica-i\/","title":{"rendered":"Estas son las medidas implementadas por el Gobierno Nacional para combatir la Guerra Econ\u00f3mica (I)"},"content":{"rendered":"<p style=\"text-align: justify;\">En el marco de la actual coyuntura pol\u00edtica y econ\u00f3mica en el pa\u00eds, el Gobierno Bolivariano del presidente Nicol\u00e1s Maduro ha implementado una serie de medidas econ\u00f3micas y sociales en defensa del pueblo venezolano, con el fin de combatir la Guerra Econ\u00f3mica, el desabastecimiento y la especulaci\u00f3n.<\/p>\n<p style=\"text-align: justify;\">Comenzando este ejercicio fiscal, el Gobierno present\u00f3 un decreto de Estado de Emergencia Econ\u00f3mica para Venezuela, el cual establece una serie de medidas con el fin de atender la coyuntura \u00a0que vive el pa\u00eds, en la cual ha tenido una gran influencia el complot de los grupos de poder del pa\u00eds con sus aliados en el exterior.<\/p>\n<p style=\"text-align: justify;\"><strong>\u00a0<\/strong><\/p>\n<p style=\"text-align: justify;\"><strong>Estas son las medidas econ\u00f3micas que dicta el decreto:<\/strong><\/p>\n<p style=\"text-align: justify;\"><strong>\u00a0<\/strong><\/p>\n<ol style=\"text-align: justify;\">\n<li>Disponer de los recursos provenientes de la econom\u00eda presupuestaria del ejercicio econ\u00f3mico financiero 2015 con la finalidad de garantizar la inversi\u00f3n que asegure la continuidad de las misiones sociales, inversi\u00f3n en infraestructura productiva, agr\u00edcola e industrial y el abastecimiento oportuno de alimentos y productos esenciales para la vida.<\/li>\n<li>Asignar recursos extraordinarios a proyectos previstos o no en la Ley de presupuestos a los \u00f3rganos y entes de la administraci\u00f3n p\u00fablica para optimizar la atenci\u00f3n de los venezolanos en los sectores de salud, educaci\u00f3n, alimento y vivienda.<\/li>\n<li>Dise\u00f1ar e implementar medidas especiales de aplicaci\u00f3n inmediata para la reducci\u00f3n de la evasi\u00f3n y la elusi\u00f3n fiscal.<\/li>\n<li>Dispensar de las modalidades y requisitos propios del r\u00e9gimen de contrataciones p\u00fablicas a los \u00f3rganos y entes contratantes en determinados sectores a fin de agilizar las compras del Estado que revistan car\u00e1cter de urgencia dentro del plazo de vigencia de este decreto.<\/li>\n<li>Disponer de los tr\u00e1mites, procedimientos y requisitos para la exportaci\u00f3n y nacionalizaci\u00f3n de mercanc\u00eda.<\/li>\n<li>Implementar medidas especiales para agilizar el tr\u00e1nsito de mercanc\u00eda por puertos y aeropuertos del pa\u00eds.<\/li>\n<li>Dispensar de los tr\u00e1mites cambiarios establecidos por Cencoex y por el Banco Central de Venezuela a \u00f3rganos y entes del sector p\u00fablico y privado a fin de agilizar y garantizar la importaci\u00f3n de bienes o insumos indispensables para el abastecimiento nacional.<\/li>\n<li>Requerir a empresas del sector p\u00fablico y privado incrementar sus niveles de producci\u00f3n, as\u00ed como el abastecimiento de determinados insumos a los centros de producci\u00f3n de alimentos y de bienes esencial para garantizar las satisfacciones de las necesidades b\u00e1sicas de los venezolanos.<\/li>\n<\/ol>\n<p style=\"text-align: justify;\">9 Adoptar todas las medidas necesarias para garantizar el acceso oportuno de la poblaci\u00f3n a alimentos, medicinas y dem\u00e1s bienes de primera necesidad.<\/p>\n<p style=\"text-align: justify;\">10 Adoptar las medidas necesarias para estimular la inversi\u00f3n extranjera en beneficio del desarrollo del aparato productivo nacional, as\u00ed como las exportaciones de rubros no tradicionales como mecanismo para la generaci\u00f3n de nuevas fuentes de empleo, divisas e ingresos.<\/p>\n<p style=\"text-align: justify;\">11 Desarrollar, fortalecer y proteger el sistema de grandes misiones y misiones socialistas en aras de propender a la incorporaci\u00f3n de peque\u00f1os y medianos productores, ya sean comunales, privados, estatales o mixtos.<\/p>\n<p style=\"text-align: justify;\"><strong>Nuevas medidas<\/strong><\/p>\n<p style=\"text-align: justify;\">Posteriormente, el presidente de la Rep\u00fablica, Nicol\u00e1s Maduro, realiz\u00f3 una serie de anuncios de las nuevas medidas econ\u00f3micas en 6 aspectos claves:<\/p>\n<p style=\"text-align: justify;\"><strong>\u00a0<\/strong><\/p>\n<p style=\"text-align: justify;\"><strong>1.-\u00a0 Alimentario y distributivo<\/strong><\/p>\n<p style=\"text-align: justify;\">\u00a0* Crear\u00e1n una Corporaci\u00f3n \u00danica de servicios alimentarios<\/p>\n<p style=\"text-align: justify;\">\u00a0* Reestructuraci\u00f3n profunda de Abastos Bicentenario<\/p>\n<p style=\"text-align: justify;\">\u00a0* Mercal y Pdval tambi\u00e9n ser\u00e1n reestructurados<\/p>\n<p style=\"text-align: justify;\">\u00a0* Se pondr\u00e1 el acento en Mercal<\/p>\n<p style=\"text-align: justify;\">\u00a0* Se establecer\u00e1 un nuevo sistema de bodegueros de la Misi\u00f3n Alimentaci\u00f3n<\/p>\n<p style=\"text-align: justify;\"><strong>\u00a0<\/strong><\/p>\n<p style=\"text-align: justify;\"><strong>2.-\u00a0 Nuevo sistema de fijaci\u00f3n de precios<\/strong><\/p>\n<p style=\"text-align: justify;\">\u00a0* Designado Estado Mayor para la implementaci\u00f3n de un nuevo sistema de fijaci\u00f3n de precios y reestructuraci\u00f3n de la Misi\u00f3n Alimentaci\u00f3n<\/p>\n<p style=\"text-align: justify;\">\u00a0* El equipo estar\u00e1 encabezado por el Vicepresidente de Econom\u00eda Productiva Miguel P\u00e9rez Abad.<\/p>\n<p style=\"text-align: justify;\">\u00a0* Lo conforman tambi\u00e9n cinco Consejos Presidenciales de Gobierno (Comunas, Campesinos, Pescadores, Mujeres y Clase obrera)<\/p>\n<p style=\"text-align: justify;\"><strong>3.-\u00a0 Nuevo esquema de precios de la gasolina<\/strong><\/p>\n<p style=\"text-align: justify;\">\u00a0* A partir del viernes 17 de febrero entr\u00f3 en vigencia nuevo aumento de la gasolina.<\/p>\n<p style=\"text-align: justify;\">\u00a0* Ahora el combustible pasa a costar 1 bol\u00edvar (91 octanos) y 6 bol\u00edvares (95 octanos).<\/p>\n<p style=\"text-align: justify;\">\u00a0* Los recursos de los nuevos precios de la gasolina, ser\u00e1n destinados al Fondo Nacional de Misiones<\/p>\n<p style=\"text-align: justify;\"><strong>4.-\u00a0 Nuevo sistema de creaci\u00f3n, captaci\u00f3n e inversi\u00f3n de las divisas del pa\u00eds<\/strong><\/p>\n<p style=\"text-align: justify;\">\u00a0* Se establece nuevo sistema cambiario con dos bandas: una protegida por el Estado venezolano para \u00e1reas prioritarias de la econom\u00eda, fijada en 10 bol\u00edvares por d\u00f3lar, y otra a tasa Simadi, que fluctuar\u00e1<\/p>\n<p style=\"text-align: justify;\">\u00a0* Se enfocar\u00e1 en tres objetivos de trabajo: desmontar la guerra econ\u00f3mica, sustituir el modelo rentista y fijar las bases para conquistar lo nuevo.<\/p>\n<p style=\"text-align: justify;\">\u00a0* El d\u00f3lar para \u00e1reas prioritarias de la econom\u00eda pasar\u00e1 de 6,30 a 10 bol\u00edvares<\/p>\n<p style=\"text-align: justify;\"><strong>5.-\u00a0 Plan reforzado de empleo y protecci\u00f3n del salario y las pensiones<\/strong><\/p>\n<p style=\"text-align: justify;\">\u00a0* Aprobados Bs 190 mil millones para generaci\u00f3n de empleo<\/p>\n<p style=\"text-align: justify;\">\u00a0* Aumento del salario m\u00ednimo a 20% y cesta ticket en 2,5%.<\/p>\n<p style=\"text-align: justify;\">\u00a0* Salario m\u00ednimo integral se ubicar\u00e1 en Bs 24.853; mientras que el bono de alimentaci\u00f3n pasar\u00e1 a Bs 13.255.<\/p>\n<p style=\"text-align: justify;\">\u00a0* Se implementar\u00e1 la tarjeta de misiones socialistas<\/p>\n<p style=\"text-align: justify;\"><strong>6.-\u00a0 Plan de la Revoluci\u00f3n Tributaria<\/strong><\/p>\n<p style=\"text-align: justify;\">\u00a0* Implementaci\u00f3n de un nuevo sistema tributario, para acabar con el fraude fiscal, a trav\u00e9s de un modelo de facturaci\u00f3n electr\u00f3nica<\/p>\n<p style=\"text-align: justify;\">No son pocas las acciones que el hermano Presidente, Nicol\u00e1s Maduro, ha emprendido,\u00a0 sensibilizado por la realidad que vive el pueblo como producto de las acciones de los grupos de poder en el pa\u00eds que le han declarado una guerra sin cuartel.\u00a0 Ahora se ha propuesto poner en funcionamiento 14 motores de la econom\u00eda nacional para dar al traste con el paradigma rentista que hizo de Venezuela un pa\u00eds netamente dependiente. Este tema ser\u00e1 abordado en una segunda entrega.<\/p>\n","protected":false},"excerpt":{"rendered":"<p>El presidente Nicol\u00e1s Maduro ha implementado una serie de medidas econ\u00f3micas y sociales en defensa del pueblo venezolano<\/p>\n","protected":false},"author":25,"featured_media":5211,"comment_status":"closed","ping_status":"closed","sticky":false,"template":"","format":"standard","meta":{"footnotes":""},"categories":[82],"tags":[],"yoast_head":"<!-- This site is optimized with the Yoast SEO plugin v22.5 - https:\/\/yoast.com\/wordpress\/plugins\/seo\/ -->\n<title>Estas son las medidas implementadas por el Gobierno Nacional para combatir la Guerra Econ\u00f3mica (I) - MPPPST<\/title>\n<meta name=\"robots\" content=\"index, follow, max-snippet:-1, max-image-preview:large, max-video-preview:-1\" \/>\n<link rel=\"canonical\" href=\"https:\/\/www.mpppst.gob.ve\/mpppstweb\/index.php\/2016\/03\/29\/estas-son-las-medidas-implementadas-por-el-gobierno-nacional-para-combatir-la-guerra-economica-i\/\" \/>\n<meta property=\"og:locale\" content=\"es_ES\" \/>\n<meta property=\"og:type\" content=\"article\" \/>\n<meta property=\"og:title\" content=\"Estas son las medidas implementadas por el Gobierno Nacional para combatir la Guerra Econ\u00f3mica (I) - MPPPST\" \/>\n<meta property=\"og:description\" content=\"El presidente Nicol\u00e1s Maduro ha implementado una serie de medidas econ\u00f3micas y sociales en defensa del pueblo venezolano\" \/>\n<meta property=\"og:url\" content=\"https:\/\/www.mpppst.gob.ve\/mpppstweb\/index.php\/2016\/03\/29\/estas-son-las-medidas-implementadas-por-el-gobierno-nacional-para-combatir-la-guerra-economica-i\/\" \/>\n<meta property=\"og:site_name\" content=\"MPPPST\" \/>\n<meta property=\"article:published_time\" content=\"2016-03-29T16:12:57+00:00\" \/>\n<meta property=\"article:modified_time\" content=\"2016-07-01T20:25:54+00:00\" \/>\n<meta name=\"author\" content=\"MPPPST Prensa\" \/>\n<meta name=\"twitter:card\" content=\"summary_large_image\" \/>\n<meta name=\"twitter:label1\" content=\"Escrito por\" \/>\n\t<meta name=\"twitter:data1\" content=\"MPPPST Prensa\" \/>\n\t<meta name=\"twitter:label2\" content=\"Tiempo de lectura\" \/>\n\t<meta name=\"twitter:data2\" content=\"5 minutos\" \/>\n<script type=\"application\/ld+json\" class=\"yoast-schema-graph\">{\"@context\":\"https:\/\/schema.org\",\"@graph\":[{\"@type\":\"Article\",\"@id\":\"https:\/\/www.mpppst.gob.ve\/mpppstweb\/index.php\/2016\/03\/29\/estas-son-las-medidas-implementadas-por-el-gobierno-nacional-para-combatir-la-guerra-economica-i\/#article\",\"isPartOf\":{\"@id\":\"https:\/\/www.mpppst.gob.ve\/mpppstweb\/index.php\/2016\/03\/29\/estas-son-las-medidas-implementadas-por-el-gobierno-nacional-para-combatir-la-guerra-economica-i\/\"},\"author\":{\"name\":\"MPPPST Prensa\",\"@id\":\"https:\/\/www.mpppst.gob.ve\/mpppstweb\/#\/schema\/person\/fc187ee8ead412bd4c9304b62f900ea4\"},\"headline\":\"Estas son las medidas implementadas por el Gobierno Nacional para combatir la Guerra Econ\u00f3mica (I)\",\"datePublished\":\"2016-03-29T16:12:57+00:00\",\"dateModified\":\"2016-07-01T20:25:54+00:00\",\"mainEntityOfPage\":{\"@id\":\"https:\/\/www.mpppst.gob.ve\/mpppstweb\/index.php\/2016\/03\/29\/estas-son-las-medidas-implementadas-por-el-gobierno-nacional-para-combatir-la-guerra-economica-i\/\"},\"wordCount\":974,\"publisher\":{\"@id\":\"https:\/\/www.mpppst.gob.ve\/mpppstweb\/#organization\"},\"image\":{\"@id\":\"https:\/\/www.mpppst.gob.ve\/mpppstweb\/index.php\/2016\/03\/29\/estas-son-las-medidas-implementadas-por-el-gobierno-nacional-para-combatir-la-guerra-economica-i\/#primaryimage\"},\"thumbnailUrl\":\"\",\"articleSection\":[\"Gobierno Nacional\"],\"inLanguage\":\"es\"},{\"@type\":\"WebPage\",\"@id\":\"https:\/\/www.mpppst.gob.ve\/mpppstweb\/index.php\/2016\/03\/29\/estas-son-las-medidas-implementadas-por-el-gobierno-nacional-para-combatir-la-guerra-economica-i\/\",\"url\":\"https:\/\/www.mpppst.gob.ve\/mpppstweb\/index.php\/2016\/03\/29\/estas-son-las-medidas-implementadas-por-el-gobierno-nacional-para-combatir-la-guerra-economica-i\/\",\"name\":\"Estas son las medidas implementadas por el Gobierno Nacional para combatir la Guerra Econ\u00f3mica (I) - MPPPST\",\"isPartOf\":{\"@id\":\"https:\/\/www.mpppst.gob.ve\/mpppstweb\/#website\"},\"primaryImageOfPage\":{\"@id\":\"https:\/\/www.mpppst.gob.ve\/mpppstweb\/index.php\/2016\/03\/29\/estas-son-las-medidas-implementadas-por-el-gobierno-nacional-para-combatir-la-guerra-economica-i\/#primaryimage\"},\"image\":{\"@id\":\"https:\/\/www.mpppst.gob.ve\/mpppstweb\/index.php\/2016\/03\/29\/estas-son-las-medidas-implementadas-por-el-gobierno-nacional-para-combatir-la-guerra-economica-i\/#primaryimage\"},\"thumbnailUrl\":\"\",\"datePublished\":\"2016-03-29T16:12:57+00:00\",\"dateModified\":\"2016-07-01T20:25:54+00:00\",\"breadcrumb\":{\"@id\":\"https:\/\/www.mpppst.gob.ve\/mpppstweb\/index.php\/2016\/03\/29\/estas-son-las-medidas-implementadas-por-el-gobierno-nacional-para-combatir-la-guerra-economica-i\/#breadcrumb\"},\"inLanguage\":\"es\",\"potentialAction\":[{\"@type\":\"ReadAction\",\"target\":[\"https:\/\/www.mpppst.gob.ve\/mpppstweb\/index.php\/2016\/03\/29\/estas-son-las-medidas-implementadas-por-el-gobierno-nacional-para-combatir-la-guerra-economica-i\/\"]}]},{\"@type\":\"ImageObject\",\"inLanguage\":\"es\",\"@id\":\"https:\/\/www.mpppst.gob.ve\/mpppstweb\/index.php\/2016\/03\/29\/estas-son-las-medidas-implementadas-por-el-gobierno-nacional-para-combatir-la-guerra-economica-i\/#primaryimage\",\"url\":\"\",\"contentUrl\":\"\"},{\"@type\":\"BreadcrumbList\",\"@id\":\"https:\/\/www.mpppst.gob.ve\/mpppstweb\/index.php\/2016\/03\/29\/estas-son-las-medidas-implementadas-por-el-gobierno-nacional-para-combatir-la-guerra-economica-i\/#breadcrumb\",\"itemListElement\":[{\"@type\":\"ListItem\",\"position\":1,\"name\":\"Home\",\"item\":\"https:\/\/www.mpppst.gob.ve\/mpppstweb\/\"},{\"@type\":\"ListItem\",\"position\":2,\"name\":\"Estas son las medidas implementadas por el Gobierno Nacional para combatir la Guerra Econ\u00f3mica (I)\"}]},{\"@type\":\"WebSite\",\"@id\":\"https:\/\/www.mpppst.gob.ve\/mpppstweb\/#website\",\"url\":\"https:\/\/www.mpppst.gob.ve\/mpppstweb\/\",\"name\":\"MPPPST\",\"description\":\"Ministerio del Poder Popular para el Proceso Social de Trabajo\",\"publisher\":{\"@id\":\"https:\/\/www.mpppst.gob.ve\/mpppstweb\/#organization\"},\"potentialAction\":[{\"@type\":\"SearchAction\",\"target\":{\"@type\":\"EntryPoint\",\"urlTemplate\":\"https:\/\/www.mpppst.gob.ve\/mpppstweb\/?s={search_term_string}\"},\"query-input\":\"required name=search_term_string\"}],\"inLanguage\":\"es\"},{\"@type\":\"Organization\",\"@id\":\"https:\/\/www.mpppst.gob.ve\/mpppstweb\/#organization\",\"name\":\"mpppst\",\"url\":\"https:\/\/www.mpppst.gob.ve\/mpppstweb\/\",\"logo\":{\"@type\":\"ImageObject\",\"inLanguage\":\"es\",\"@id\":\"https:\/\/www.mpppst.gob.ve\/mpppstweb\/#\/schema\/logo\/image\/\",\"url\":\"https:\/\/www.mpppst.gob.ve\/mpppstweb\/wp-content\/uploads\/2025\/07\/cropped-cropped-g910.png\",\"contentUrl\":\"https:\/\/www.mpppst.gob.ve\/mpppstweb\/wp-content\/uploads\/2025\/07\/cropped-cropped-g910.png\",\"width\":1080,\"height\":241,\"caption\":\"mpppst\"},\"image\":{\"@id\":\"https:\/\/www.mpppst.gob.ve\/mpppstweb\/#\/schema\/logo\/image\/\"}},{\"@type\":\"Person\",\"@id\":\"https:\/\/www.mpppst.gob.ve\/mpppstweb\/#\/schema\/person\/fc187ee8ead412bd4c9304b62f900ea4\",\"name\":\"MPPPST Prensa\",\"url\":\"https:\/\/www.mpppst.gob.ve\/mpppstweb\/index.php\/author\/prensa-mpppst\/\"}]}<\/script>\n<!-- \/ Yoast SEO plugin. -->","yoast_head_json":{"title":"Estas son las medidas implementadas por el Gobierno Nacional para combatir la Guerra Econ\u00f3mica (I) - MPPPST","robots":{"index":"index","follow":"follow","max-snippet":"max-snippet:-1","max-image-preview":"max-image-preview:large","max-video-preview":"max-video-preview:-1"},"canonical":"https:\/\/www.mpppst.gob.ve\/mpppstweb\/index.php\/2016\/03\/29\/estas-son-las-medidas-implementadas-por-el-gobierno-nacional-para-combatir-la-guerra-economica-i\/","og_locale":"es_ES","og_type":"article","og_title":"Estas son las medidas implementadas por el Gobierno Nacional para combatir la Guerra Econ\u00f3mica (I) - MPPPST","og_description":"El presidente Nicol\u00e1s Maduro ha implementado una serie de medidas econ\u00f3micas y sociales en defensa del pueblo venezolano","og_url":"https:\/\/www.mpppst.gob.ve\/mpppstweb\/index.php\/2016\/03\/29\/estas-son-las-medidas-implementadas-por-el-gobierno-nacional-para-combatir-la-guerra-economica-i\/","og_site_name":"MPPPST","article_published_time":"2016-03-29T16:12:57+00:00","article_modified_time":"2016-07-01T20:25:54+00:00","author":"MPPPST Prensa","twitter_card":"summary_large_image","twitter_misc":{"Escrito por":"MPPPST Prensa","Tiempo de lectura":"5 minutos"},"schema":{"@context":"https:\/\/schema.org","@graph":[{"@type":"Article","@id":"https:\/\/www.mpppst.gob.ve\/mpppstweb\/index.php\/2016\/03\/29\/estas-son-las-medidas-implementadas-por-el-gobierno-nacional-para-combatir-la-guerra-economica-i\/#article","isPartOf":{"@id":"https:\/\/www.mpppst.gob.ve\/mpppstweb\/index.php\/2016\/03\/29\/estas-son-las-medidas-implementadas-por-el-gobierno-nacional-para-combatir-la-guerra-economica-i\/"},"author":{"name":"MPPPST Prensa","@id":"https:\/\/www.mpppst.gob.ve\/mpppstweb\/#\/schema\/person\/fc187ee8ead412bd4c9304b62f900ea4"},"headline":"Estas son las medidas implementadas por el Gobierno Nacional para combatir la Guerra Econ\u00f3mica (I)","datePublished":"2016-03-29T16:12:57+00:00","dateModified":"2016-07-01T20:25:54+00:00","mainEntityOfPage":{"@id":"https:\/\/www.mpppst.gob.ve\/mpppstweb\/index.php\/2016\/03\/29\/estas-son-las-medidas-implementadas-por-el-gobierno-nacional-para-combatir-la-guerra-economica-i\/"},"wordCount":974,"publisher":{"@id":"https:\/\/www.mpppst.gob.ve\/mpppstweb\/#organization"},"image":{"@id":"https:\/\/www.mpppst.gob.ve\/mpppstweb\/index.php\/2016\/03\/29\/estas-son-las-medidas-implementadas-por-el-gobierno-nacional-para-combatir-la-guerra-economica-i\/#primaryimage"},"thumbnailUrl":"","articleSection":["Gobierno Nacional"],"inLanguage":"es"},{"@type":"WebPage","@id":"https:\/\/www.mpppst.gob.ve\/mpppstweb\/index.php\/2016\/03\/29\/estas-son-las-medidas-implementadas-por-el-gobierno-nacional-para-combatir-la-guerra-economica-i\/","url":"https:\/\/www.mpppst.gob.ve\/mpppstweb\/index.php\/2016\/03\/29\/estas-son-las-medidas-implementadas-por-el-gobierno-nacional-para-combatir-la-guerra-economica-i\/","name":"Estas son las medidas implementadas por el Gobierno Nacional para combatir la Guerra Econ\u00f3mica (I) - MPPPST","isPartOf":{"@id":"https:\/\/www.mpppst.gob.ve\/mpppstweb\/#website"},"primaryImageOfPage":{"@id":"https:\/\/www.mpppst.gob.ve\/mpppstweb\/index.php\/2016\/03\/29\/estas-son-las-medidas-implementadas-por-el-gobierno-nacional-para-combatir-la-guerra-economica-i\/#primaryimage"},"image":{"@id":"https:\/\/www.mpppst.gob.ve\/mpppstweb\/index.php\/2016\/03\/29\/estas-son-las-medidas-implementadas-por-el-gobierno-nacional-para-combatir-la-guerra-economica-i\/#primaryimage"},"thumbnailUrl":"","datePublished":"2016-03-29T16:12:57+00:00","dateModified":"2016-07-01T20:25:54+00:00","breadcrumb":{"@id":"https:\/\/www.mpppst.gob.ve\/mpppstweb\/index.php\/2016\/03\/29\/estas-son-las-medidas-implementadas-por-el-gobierno-nacional-para-combatir-la-guerra-economica-i\/#breadcrumb"},"inLanguage":"es","potentialAction":[{"@type":"ReadAction","target":["https:\/\/www.mpppst.gob.ve\/mpppstweb\/index.php\/2016\/03\/29\/estas-son-las-medidas-implementadas-por-el-gobierno-nacional-para-combatir-la-guerra-economica-i\/"]}]},{"@type":"ImageObject","inLanguage":"es","@id":"https:\/\/www.mpppst.gob.ve\/mpppstweb\/index.php\/2016\/03\/29\/estas-son-las-medidas-implementadas-por-el-gobierno-nacional-para-combatir-la-guerra-economica-i\/#primaryimage","url":"","contentUrl":""},{"@type":"BreadcrumbList","@id":"https:\/\/www.mpppst.gob.ve\/mpppstweb\/index.php\/2016\/03\/29\/estas-son-las-medidas-implementadas-por-el-gobierno-nacional-para-combatir-la-guerra-economica-i\/#breadcrumb","itemListElement":[{"@type":"ListItem","position":1,"name":"Home","item":"https:\/\/www.mpppst.gob.ve\/mpppstweb\/"},{"@type":"ListItem","position":2,"name":"Estas son las medidas implementadas por el Gobierno Nacional para combatir la Guerra Econ\u00f3mica (I)"}]},{"@type":"WebSite","@id":"https:\/\/www.mpppst.gob.ve\/mpppstweb\/#website","url":"https:\/\/www.mpppst.gob.ve\/mpppstweb\/","name":"MPPPST","description":"Ministerio del Poder Popular para el Proceso Social de Trabajo","publisher":{"@id":"https:\/\/www.mpppst.gob.ve\/mpppstweb\/#organization"},"potentialAction":[{"@type":"SearchAction","target":{"@type":"EntryPoint","urlTemplate":"https:\/\/www.mpppst.gob.ve\/mpppstweb\/?s={search_term_string}"},"query-input":"required name=search_term_string"}],"inLanguage":"es"},{"@type":"Organization","@id":"https:\/\/www.mpppst.gob.ve\/mpppstweb\/#organization","name":"mpppst","url":"https:\/\/www.mpppst.gob.ve\/mpppstweb\/","logo":{"@type":"ImageObject","inLanguage":"es","@id":"https:\/\/www.mpppst.gob.ve\/mpppstweb\/#\/schema\/logo\/image\/","url":"https:\/\/www.mpppst.gob.ve\/mpppstweb\/wp-content\/uploads\/2025\/07\/cropped-cropped-g910.png","contentUrl":"https:\/\/www.mpppst.gob.ve\/mpppstweb\/wp-content\/uploads\/2025\/07\/cropped-cropped-g910.png","width":1080,"height":241,"caption":"mpppst"},"image":{"@id":"https:\/\/www.mpppst.gob.ve\/mpppstweb\/#\/schema\/logo\/image\/"}},{"@type":"Person","@id":"https:\/\/www.mpppst.gob.ve\/mpppstweb\/#\/schema\/person\/fc187ee8ead412bd4c9304b62f900ea4","name":"MPPPST Prensa","url":"https:\/\/www.mpppst.gob.ve\/mpppstweb\/index.php\/author\/prensa-mpppst\/"}]}},"_links":{"self":[{"href":"https:\/\/www.mpppst.gob.ve\/mpppstweb\/index.php\/wp-json\/wp\/v2\/posts\/5210"}],"collection":[{"href":"https:\/\/www.mpppst.gob.ve\/mpppstweb\/index.php\/wp-json\/wp\/v2\/posts"}],"about":[{"href":"https:\/\/www.mpppst.gob.ve\/mpppstweb\/index.php\/wp-json\/wp\/v2\/types\/post"}],"author":[{"embeddable":true,"href":"https:\/\/www.mpppst.gob.ve\/mpppstweb\/index.php\/wp-json\/wp\/v2\/users\/25"}],"replies":[{"embeddable":true,"href":"https:\/\/www.mpppst.gob.ve\/mpppstweb\/index.php\/wp-json\/wp\/v2\/comments?post=5210"}],"version-history":[{"count":1,"href":"https:\/\/www.mpppst.gob.ve\/mpppstweb\/index.php\/wp-json\/wp\/v2\/posts\/5210\/revisions"}],"predecessor-version":[{"id":7101,"href":"https:\/\/www.mpppst.gob.ve\/mpppstweb\/index.php\/wp-json\/wp\/v2\/posts\/5210\/revisions\/7101"}],"wp:featuredmedia":[{"embeddable":true,"href":"https:\/\/www.mpppst.gob.ve\/mpppstweb\/index.php\/wp-json\/"}],"wp:attachment":[{"href":"https:\/\/www.mpppst.gob.ve\/mpppstweb\/index.php\/wp-json\/wp\/v2\/media?parent=5210"}],"wp:term":[{"taxonomy":"category","embeddable":true,"href":"https:\/\/www.mpppst.gob.ve\/mpppstweb\/index.php\/wp-json\/wp\/v2\/categories?post=5210"},{"taxonomy":"post_tag","embeddable":true,"href":"https:\/\/www.mpppst.gob.ve\/mpppstweb\/index.php\/wp-json\/wp\/v2\/tags?post=5210"}],"curies":[{"name":"wp","href":"https:\/\/api.w.org\/{rel}","templated":true}]}}