{"id":5221,"date":"2016-03-30T10:02:56","date_gmt":"2016-03-30T10:02:56","guid":{"rendered":"http:\/\/www.mpppst.gob.ve\/mpppstweb\/?p=5221"},"modified":"2016-07-01T20:26:17","modified_gmt":"2016-07-01T20:26:17","slug":"quien-es-el-autor-de-la-guerra-no-convencional-que-ha-debido-enfrentar-el-presidente-maduro","status":"publish","type":"post","link":"https:\/\/www.mpppst.gob.ve\/mpppstweb\/index.php\/2016\/03\/30\/quien-es-el-autor-de-la-guerra-no-convencional-que-ha-debido-enfrentar-el-presidente-maduro\/","title":{"rendered":"\u00bfQui\u00e9n  es el autor de la guerra no convencional que ha debido enfrentar el Presidente Maduro?"},"content":{"rendered":"<p style=\"text-align: justify;\">El Presidente Nicol\u00e1s Maduro y su Gobierno han debido salir al paso a una guerra no convencional. Y aunque para algunos venezolanos(as) es dif\u00edcil visualizar esta guerra, pues no hay tanques, ni misiles, ni fusiles; sin duda, existe una conflagraci\u00f3n en el pa\u00eds sin precedentes.<\/p>\n<p style=\"text-align: justify;\">Equipo Prensa MPPPST.- No hay duda que nos encontramos frente a una guerra no convencional \u00bfQu\u00e9 significa esto? Que estamos \u00a0ante una guerra que no usa ning\u00fan tipo de armamento b\u00e9lico, pero cuyas acciones son tan devastadoras como cuando se usan fusiles, misiles o tanques. Se trata de una guerra que no desmaya, que no cede ni un \u00e1pice por sacar del Gobierno al Presidente Nicol\u00e1s Maduro, pues el Imperio y su poder vio en este momento hist\u00f3rico -luego de la partida f\u00edsica del Comandante Eterno Hugo Ch\u00e1vez- la oportunidad de dar al traste con la Revoluci\u00f3n emprendida por Venezuela, de la cual se hicieron eco varios pa\u00edses de Am\u00e9rica Latina: Bolivia, Ecuador, Brasil, Nicaragua, Argentina (cuyo Gobierno ha dado un vuelco de 180 grados para asumir el modelo neoliberal, consorte del capitalismo)\u2026 En fin, al Presidente Maduro se le ha asestado un Golpe que algunos autores han denominado \u201csuave\u201d, \u201clight\u201d, \u201cno convencional\u201d, \u201cpor goteo\u201d, \u201csilencioso\u201d. \u00a0En definitiva, un Golpe. Y el instrumento utilizado es la guerra \u201cno convencional\u201d.<\/p>\n<p style=\"text-align: justify;\"><strong>El Imperio: el autor de esta guerra <\/strong><\/p>\n<p style=\"text-align: justify;\">El autor de esta guerra es el Imperio, ese pulpo de mil cabezas, cada una de las cuales es expresi\u00f3n de una poderosa Instituci\u00f3n de alcance global, cuya existencia es posible gracias a la presencia de varios poderes, tales como el econ\u00f3mico, financiero, pol\u00edtico, medi\u00e1tico. Se trata de una compleja red de instituciones unidas en el prop\u00f3sito de sacar de su paso todo cuanto vaya a contrapelo de su misi\u00f3n, que no es otra que la de garantizar el orden establecido o el llamado <em>status quo<\/em>: la otrora relaci\u00f3n entre pa\u00edses empobrecidos (por esa misma estructura de poder o Imperio) y pa\u00edses \u201cpotencia\u201d o \u201cindustrializados\u201d que han hecho posible sus ingentes fortunas gracias a la explotaci\u00f3n de los recursos energ\u00e9ticos y de minerales (materia prima) que le ofrecen los pa\u00edses mal llamados subdesarrollados o del tercer mundo.<\/p>\n<p style=\"text-align: justify;\">Para el logro de ese objetivo, el Imperio cuenta con unos aliados en Venezuela, como lo son las empresas General Motors, Colgate Palmolive, Firestone, Pirelli, Johnson y Johnson,\u00a0 Kraf-Heinz, Empresas Polar, entre muchas otras que bailan el comp\u00e1s que les dicta el mercado, especialmente cuando se trata de implementar t\u00e1cticas especulativas\u00a0 y de sacar provecho a una situaci\u00f3n de escasez y de desabastecimiento por ellos causada.<\/p>\n<p style=\"text-align: justify;\">Tan as\u00ed es que las estrategias formuladas por estos empresarios venezolanos han sido concertadas. Todos se han puesto de acuerdo para acometer, de forma sistem\u00e1tica y sostenida, una serie de acciones para torpedear la Revoluci\u00f3n. El argumento que explica esta situaci\u00f3n es sencillo. Este proceso ha asumido como bandera la autodeterminaci\u00f3n de los pueblos y la toma de algunas empresas estrat\u00e9gicas que en el pasado estuvieron en manos de privados. Es el caso de las empresas llamadas RONCA: recuperadas, ocupadas, nacionalizadas,\u00a0 creadas y aliadas. Es el caso concreto de empresas como la CANTV que en tiempos de la Cuarta Rep\u00fablica se propuso ser privatizada y que ahora es una empresa manejada por y para los venezolanos. Tambi\u00e9n es el caso de F\u00e1brica Nacional de Cemento, Fama de Am\u00e9rica, Souto, Mercal, Alucasa, Orinoco Iron, Comsigua, Venprecar, Suvinca y Metal\u00fargica Matesi, Invepal, Venvidrios.<\/p>\n<p style=\"text-align: justify;\">\u00a0<strong>Factores geopol\u00edticos unidos a la guerra <\/strong><\/p>\n<p style=\"text-align: justify;\">\u00a0Como es conocido, el \u00a0desplome del precio internacional del petr\u00f3leo, la lucha por el Esequibo, el cierre en la frontera con Colombia para acabar con el paramilitarismo, fueron parte de los aspectos geopol\u00edticos que incidieron en agudizar la tensi\u00f3n en la Revoluci\u00f3n Bolivariana, pues la abrupta ca\u00edda \u00a0del precio internacional del barril de crudo implica la p\u00e9rdida de al menos el \u00a070 por ciento de las divisas que ingresaban a Venezuela.<\/p>\n<p style=\"text-align: justify;\">Muy a pesar de estas circunstancias, el presidente Maduro incluy\u00f3 50 mil nuevos pensionados en 2015 alcanzando la cifra de 3 millones 31 mil 381 pensionados en tiempos de Revoluci\u00f3n (antes de la Revoluci\u00f3n Bolivariana solo 387 mil personas recibieron pensiones).<\/p>\n<p style=\"text-align: justify;\">Por su parte, Venezuela junto a Ecuador, Libia y Argelia propusieron a la OPEP un congelamiento conjunto de la oferta debido a la baja de precios en el mercado; atribuida por algunas naciones a la sobreoferta generada por Estados Unidos. \u00a0Y no se puede dejar de advertir el asedio internacional tras el decreto de EE.UU. que considera a Venezuela una amenaza para su seguridad.<\/p>\n<p style=\"text-align: justify;\"><strong>Cuando se implosiona una econom\u00eda <\/strong><\/p>\n<p style=\"text-align: justify;\">Las actuales dificultades econ\u00f3micas que afronta ahora Venezuela y su magnificaci\u00f3n medi\u00e1tica son resultados netos de esa guerra econ\u00f3mica y propagand\u00edstica, y no de fallas en el sistema econ\u00f3mico, por m\u00e1s que \u00e9stas existan, como en cualquier pa\u00eds. Los objetivos consisten en cansar al ciudadano, desmoralizar a las filas revolucionarias, generar estados de zozobra y angustia en la poblaci\u00f3n con \u201casidero \u00a0en la realidad\u201d, al buscar por todos los medios de mostrar al Gobierno como responsable de la situaci\u00f3n econ\u00f3mica por la que atraviesa el pa\u00eds.<\/p>\n<p style=\"text-align: justify;\">La idea es generar un caldo de cultivo econ\u00f3mico, cerrar las posibilidades de inversi\u00f3n de grupos internacionales, posicionar a Venezuela como un pa\u00eds no apto para asumir los desaf\u00edos de la inversi\u00f3n por lo \u201criesgoso\u201d que resulta, y un largo etc\u00e9tera. Mientras tanto, las calificadoras de riesgo hacen su trabajo tras bastidores: aumentan y aumentan nuestro \u00a0riesgo pa\u00eds.<\/p>\n<p style=\"text-align: justify;\"><strong>\u00bfY en lo medi\u00e1tico? <\/strong><\/p>\n<p style=\"text-align: justify;\">Se ha echado mano de una agenda diaria para hablar negativamente de Venezuela, situaci\u00f3n solo comparable con los preparativos de la invasi\u00f3n a Libia y Siria. El Gobierno Bolivariano, adem\u00e1s de enfrentarse a especuladores o acaparadores, lo ha hecho contra toda una maquinaria de guerra global. Basta dar un paneo a medios como El Nuevo Herald. El Pa\u00eds, El Espectador, BBC Mundo, CNN en Espa\u00f1ol, Diario Las Am\u00e9ricas, entre otros tantos, dedicados a generar matrices del pa\u00eds como si se tratara de una naci\u00f3n al margen de toda Ley, donde priva la anarqu\u00eda: es la tesis del Estado forajido.<\/p>\n","protected":false},"excerpt":{"rendered":"<p>El Presidente Nicol\u00e1s Maduro y su Gobierno han debido salir al paso a una guerra no convencional.<\/p>\n","protected":false},"author":25,"featured_media":5214,"comment_status":"closed","ping_status":"closed","sticky":false,"template":"","format":"standard","meta":{"footnotes":""},"categories":[82],"tags":[],"yoast_head":"<!-- This site is optimized with the Yoast SEO plugin v22.5 - https:\/\/yoast.com\/wordpress\/plugins\/seo\/ -->\n<title>\u00bfQui\u00e9n es el autor de la guerra no convencional que ha debido enfrentar el Presidente Maduro? - MPPPST<\/title>\n<meta name=\"robots\" content=\"index, follow, max-snippet:-1, max-image-preview:large, max-video-preview:-1\" \/>\n<link rel=\"canonical\" href=\"https:\/\/www.mpppst.gob.ve\/mpppstweb\/index.php\/2016\/03\/30\/quien-es-el-autor-de-la-guerra-no-convencional-que-ha-debido-enfrentar-el-presidente-maduro\/\" \/>\n<meta property=\"og:locale\" content=\"es_ES\" \/>\n<meta property=\"og:type\" content=\"article\" \/>\n<meta property=\"og:title\" content=\"\u00bfQui\u00e9n es el autor de la guerra no convencional que ha debido enfrentar el Presidente Maduro? - MPPPST\" \/>\n<meta property=\"og:description\" content=\"El Presidente Nicol\u00e1s Maduro y su Gobierno han debido salir al paso a una guerra no convencional.\" \/>\n<meta property=\"og:url\" content=\"https:\/\/www.mpppst.gob.ve\/mpppstweb\/index.php\/2016\/03\/30\/quien-es-el-autor-de-la-guerra-no-convencional-que-ha-debido-enfrentar-el-presidente-maduro\/\" \/>\n<meta property=\"og:site_name\" content=\"MPPPST\" \/>\n<meta property=\"article:published_time\" content=\"2016-03-30T10:02:56+00:00\" \/>\n<meta property=\"article:modified_time\" content=\"2016-07-01T20:26:17+00:00\" \/>\n<meta property=\"og:image\" content=\"https:\/\/www.mpppst.gob.ve\/mpppstweb\/wp-content\/uploads\/2016\/03\/GUERRA-CONVENCIONAL.jpg\" \/>\n\t<meta property=\"og:image:width\" content=\"384\" \/>\n\t<meta property=\"og:image:height\" content=\"336\" \/>\n\t<meta property=\"og:image:type\" content=\"image\/jpeg\" \/>\n<meta name=\"author\" content=\"MPPPST Prensa\" \/>\n<meta name=\"twitter:card\" content=\"summary_large_image\" \/>\n<meta name=\"twitter:label1\" content=\"Escrito por\" \/>\n\t<meta name=\"twitter:data1\" content=\"MPPPST Prensa\" \/>\n\t<meta name=\"twitter:label2\" content=\"Tiempo de lectura\" \/>\n\t<meta name=\"twitter:data2\" content=\"5 minutos\" \/>\n<script type=\"application\/ld+json\" class=\"yoast-schema-graph\">{\"@context\":\"https:\/\/schema.org\",\"@graph\":[{\"@type\":\"Article\",\"@id\":\"https:\/\/www.mpppst.gob.ve\/mpppstweb\/index.php\/2016\/03\/30\/quien-es-el-autor-de-la-guerra-no-convencional-que-ha-debido-enfrentar-el-presidente-maduro\/#article\",\"isPartOf\":{\"@id\":\"https:\/\/www.mpppst.gob.ve\/mpppstweb\/index.php\/2016\/03\/30\/quien-es-el-autor-de-la-guerra-no-convencional-que-ha-debido-enfrentar-el-presidente-maduro\/\"},\"author\":{\"name\":\"MPPPST Prensa\",\"@id\":\"https:\/\/www.mpppst.gob.ve\/mpppstweb\/#\/schema\/person\/fc187ee8ead412bd4c9304b62f900ea4\"},\"headline\":\"\u00bfQui\u00e9n es el autor de la guerra no convencional que ha debido enfrentar el Presidente Maduro?\",\"datePublished\":\"2016-03-30T10:02:56+00:00\",\"dateModified\":\"2016-07-01T20:26:17+00:00\",\"mainEntityOfPage\":{\"@id\":\"https:\/\/www.mpppst.gob.ve\/mpppstweb\/index.php\/2016\/03\/30\/quien-es-el-autor-de-la-guerra-no-convencional-que-ha-debido-enfrentar-el-presidente-maduro\/\"},\"wordCount\":1089,\"publisher\":{\"@id\":\"https:\/\/www.mpppst.gob.ve\/mpppstweb\/#organization\"},\"image\":{\"@id\":\"https:\/\/www.mpppst.gob.ve\/mpppstweb\/index.php\/2016\/03\/30\/quien-es-el-autor-de-la-guerra-no-convencional-que-ha-debido-enfrentar-el-presidente-maduro\/#primaryimage\"},\"thumbnailUrl\":\"https:\/\/www.mpppst.gob.ve\/mpppstweb\/wp-content\/uploads\/2016\/03\/GUERRA-CONVENCIONAL.jpg\",\"articleSection\":[\"Gobierno Nacional\"],\"inLanguage\":\"es\"},{\"@type\":\"WebPage\",\"@id\":\"https:\/\/www.mpppst.gob.ve\/mpppstweb\/index.php\/2016\/03\/30\/quien-es-el-autor-de-la-guerra-no-convencional-que-ha-debido-enfrentar-el-presidente-maduro\/\",\"url\":\"https:\/\/www.mpppst.gob.ve\/mpppstweb\/index.php\/2016\/03\/30\/quien-es-el-autor-de-la-guerra-no-convencional-que-ha-debido-enfrentar-el-presidente-maduro\/\",\"name\":\"\u00bfQui\u00e9n es el autor de la guerra no convencional que ha debido enfrentar el Presidente Maduro? - MPPPST\",\"isPartOf\":{\"@id\":\"https:\/\/www.mpppst.gob.ve\/mpppstweb\/#website\"},\"primaryImageOfPage\":{\"@id\":\"https:\/\/www.mpppst.gob.ve\/mpppstweb\/index.php\/2016\/03\/30\/quien-es-el-autor-de-la-guerra-no-convencional-que-ha-debido-enfrentar-el-presidente-maduro\/#primaryimage\"},\"image\":{\"@id\":\"https:\/\/www.mpppst.gob.ve\/mpppstweb\/index.php\/2016\/03\/30\/quien-es-el-autor-de-la-guerra-no-convencional-que-ha-debido-enfrentar-el-presidente-maduro\/#primaryimage\"},\"thumbnailUrl\":\"https:\/\/www.mpppst.gob.ve\/mpppstweb\/wp-content\/uploads\/2016\/03\/GUERRA-CONVENCIONAL.jpg\",\"datePublished\":\"2016-03-30T10:02:56+00:00\",\"dateModified\":\"2016-07-01T20:26:17+00:00\",\"breadcrumb\":{\"@id\":\"https:\/\/www.mpppst.gob.ve\/mpppstweb\/index.php\/2016\/03\/30\/quien-es-el-autor-de-la-guerra-no-convencional-que-ha-debido-enfrentar-el-presidente-maduro\/#breadcrumb\"},\"inLanguage\":\"es\",\"potentialAction\":[{\"@type\":\"ReadAction\",\"target\":[\"https:\/\/www.mpppst.gob.ve\/mpppstweb\/index.php\/2016\/03\/30\/quien-es-el-autor-de-la-guerra-no-convencional-que-ha-debido-enfrentar-el-presidente-maduro\/\"]}]},{\"@type\":\"ImageObject\",\"inLanguage\":\"es\",\"@id\":\"https:\/\/www.mpppst.gob.ve\/mpppstweb\/index.php\/2016\/03\/30\/quien-es-el-autor-de-la-guerra-no-convencional-que-ha-debido-enfrentar-el-presidente-maduro\/#primaryimage\",\"url\":\"https:\/\/www.mpppst.gob.ve\/mpppstweb\/wp-content\/uploads\/2016\/03\/GUERRA-CONVENCIONAL.jpg\",\"contentUrl\":\"https:\/\/www.mpppst.gob.ve\/mpppstweb\/wp-content\/uploads\/2016\/03\/GUERRA-CONVENCIONAL.jpg\",\"width\":384,\"height\":336},{\"@type\":\"BreadcrumbList\",\"@id\":\"https:\/\/www.mpppst.gob.ve\/mpppstweb\/index.php\/2016\/03\/30\/quien-es-el-autor-de-la-guerra-no-convencional-que-ha-debido-enfrentar-el-presidente-maduro\/#breadcrumb\",\"itemListElement\":[{\"@type\":\"ListItem\",\"position\":1,\"name\":\"Home\",\"item\":\"https:\/\/www.mpppst.gob.ve\/mpppstweb\/\"},{\"@type\":\"ListItem\",\"position\":2,\"name\":\"\u00bfQui\u00e9n es el autor de la guerra no convencional que ha debido enfrentar el Presidente Maduro?\"}]},{\"@type\":\"WebSite\",\"@id\":\"https:\/\/www.mpppst.gob.ve\/mpppstweb\/#website\",\"url\":\"https:\/\/www.mpppst.gob.ve\/mpppstweb\/\",\"name\":\"MPPPST\",\"description\":\"Ministerio del Poder Popular para el Proceso Social de Trabajo\",\"publisher\":{\"@id\":\"https:\/\/www.mpppst.gob.ve\/mpppstweb\/#organization\"},\"potentialAction\":[{\"@type\":\"SearchAction\",\"target\":{\"@type\":\"EntryPoint\",\"urlTemplate\":\"https:\/\/www.mpppst.gob.ve\/mpppstweb\/?s={search_term_string}\"},\"query-input\":\"required name=search_term_string\"}],\"inLanguage\":\"es\"},{\"@type\":\"Organization\",\"@id\":\"https:\/\/www.mpppst.gob.ve\/mpppstweb\/#organization\",\"name\":\"mpppst\",\"url\":\"https:\/\/www.mpppst.gob.ve\/mpppstweb\/\",\"logo\":{\"@type\":\"ImageObject\",\"inLanguage\":\"es\",\"@id\":\"https:\/\/www.mpppst.gob.ve\/mpppstweb\/#\/schema\/logo\/image\/\",\"url\":\"https:\/\/www.mpppst.gob.ve\/mpppstweb\/wp-content\/uploads\/2025\/07\/cropped-cropped-g910.png\",\"contentUrl\":\"https:\/\/www.mpppst.gob.ve\/mpppstweb\/wp-content\/uploads\/2025\/07\/cropped-cropped-g910.png\",\"width\":1080,\"height\":241,\"caption\":\"mpppst\"},\"image\":{\"@id\":\"https:\/\/www.mpppst.gob.ve\/mpppstweb\/#\/schema\/logo\/image\/\"}},{\"@type\":\"Person\",\"@id\":\"https:\/\/www.mpppst.gob.ve\/mpppstweb\/#\/schema\/person\/fc187ee8ead412bd4c9304b62f900ea4\",\"name\":\"MPPPST Prensa\",\"url\":\"https:\/\/www.mpppst.gob.ve\/mpppstweb\/index.php\/author\/prensa-mpppst\/\"}]}<\/script>\n<!-- \/ Yoast SEO plugin. -->","yoast_head_json":{"title":"\u00bfQui\u00e9n es el autor de la guerra no convencional que ha debido enfrentar el Presidente Maduro? - MPPPST","robots":{"index":"index","follow":"follow","max-snippet":"max-snippet:-1","max-image-preview":"max-image-preview:large","max-video-preview":"max-video-preview:-1"},"canonical":"https:\/\/www.mpppst.gob.ve\/mpppstweb\/index.php\/2016\/03\/30\/quien-es-el-autor-de-la-guerra-no-convencional-que-ha-debido-enfrentar-el-presidente-maduro\/","og_locale":"es_ES","og_type":"article","og_title":"\u00bfQui\u00e9n es el autor de la guerra no convencional que ha debido enfrentar el Presidente Maduro? - MPPPST","og_description":"El Presidente Nicol\u00e1s Maduro y su Gobierno han debido salir al paso a una guerra no convencional.","og_url":"https:\/\/www.mpppst.gob.ve\/mpppstweb\/index.php\/2016\/03\/30\/quien-es-el-autor-de-la-guerra-no-convencional-que-ha-debido-enfrentar-el-presidente-maduro\/","og_site_name":"MPPPST","article_published_time":"2016-03-30T10:02:56+00:00","article_modified_time":"2016-07-01T20:26:17+00:00","og_image":[{"width":384,"height":336,"url":"https:\/\/www.mpppst.gob.ve\/mpppstweb\/wp-content\/uploads\/2016\/03\/GUERRA-CONVENCIONAL.jpg","type":"image\/jpeg"}],"author":"MPPPST Prensa","twitter_card":"summary_large_image","twitter_misc":{"Escrito por":"MPPPST Prensa","Tiempo de lectura":"5 minutos"},"schema":{"@context":"https:\/\/schema.org","@graph":[{"@type":"Article","@id":"https:\/\/www.mpppst.gob.ve\/mpppstweb\/index.php\/2016\/03\/30\/quien-es-el-autor-de-la-guerra-no-convencional-que-ha-debido-enfrentar-el-presidente-maduro\/#article","isPartOf":{"@id":"https:\/\/www.mpppst.gob.ve\/mpppstweb\/index.php\/2016\/03\/30\/quien-es-el-autor-de-la-guerra-no-convencional-que-ha-debido-enfrentar-el-presidente-maduro\/"},"author":{"name":"MPPPST Prensa","@id":"https:\/\/www.mpppst.gob.ve\/mpppstweb\/#\/schema\/person\/fc187ee8ead412bd4c9304b62f900ea4"},"headline":"\u00bfQui\u00e9n es el autor de la guerra no convencional que ha debido enfrentar el Presidente Maduro?","datePublished":"2016-03-30T10:02:56+00:00","dateModified":"2016-07-01T20:26:17+00:00","mainEntityOfPage":{"@id":"https:\/\/www.mpppst.gob.ve\/mpppstweb\/index.php\/2016\/03\/30\/quien-es-el-autor-de-la-guerra-no-convencional-que-ha-debido-enfrentar-el-presidente-maduro\/"},"wordCount":1089,"publisher":{"@id":"https:\/\/www.mpppst.gob.ve\/mpppstweb\/#organization"},"image":{"@id":"https:\/\/www.mpppst.gob.ve\/mpppstweb\/index.php\/2016\/03\/30\/quien-es-el-autor-de-la-guerra-no-convencional-que-ha-debido-enfrentar-el-presidente-maduro\/#primaryimage"},"thumbnailUrl":"https:\/\/www.mpppst.gob.ve\/mpppstweb\/wp-content\/uploads\/2016\/03\/GUERRA-CONVENCIONAL.jpg","articleSection":["Gobierno Nacional"],"inLanguage":"es"},{"@type":"WebPage","@id":"https:\/\/www.mpppst.gob.ve\/mpppstweb\/index.php\/2016\/03\/30\/quien-es-el-autor-de-la-guerra-no-convencional-que-ha-debido-enfrentar-el-presidente-maduro\/","url":"https:\/\/www.mpppst.gob.ve\/mpppstweb\/index.php\/2016\/03\/30\/quien-es-el-autor-de-la-guerra-no-convencional-que-ha-debido-enfrentar-el-presidente-maduro\/","name":"\u00bfQui\u00e9n es el autor de la guerra no convencional que ha debido enfrentar el Presidente Maduro? - MPPPST","isPartOf":{"@id":"https:\/\/www.mpppst.gob.ve\/mpppstweb\/#website"},"primaryImageOfPage":{"@id":"https:\/\/www.mpppst.gob.ve\/mpppstweb\/index.php\/2016\/03\/30\/quien-es-el-autor-de-la-guerra-no-convencional-que-ha-debido-enfrentar-el-presidente-maduro\/#primaryimage"},"image":{"@id":"https:\/\/www.mpppst.gob.ve\/mpppstweb\/index.php\/2016\/03\/30\/quien-es-el-autor-de-la-guerra-no-convencional-que-ha-debido-enfrentar-el-presidente-maduro\/#primaryimage"},"thumbnailUrl":"https:\/\/www.mpppst.gob.ve\/mpppstweb\/wp-content\/uploads\/2016\/03\/GUERRA-CONVENCIONAL.jpg","datePublished":"2016-03-30T10:02:56+00:00","dateModified":"2016-07-01T20:26:17+00:00","breadcrumb":{"@id":"https:\/\/www.mpppst.gob.ve\/mpppstweb\/index.php\/2016\/03\/30\/quien-es-el-autor-de-la-guerra-no-convencional-que-ha-debido-enfrentar-el-presidente-maduro\/#breadcrumb"},"inLanguage":"es","potentialAction":[{"@type":"ReadAction","target":["https:\/\/www.mpppst.gob.ve\/mpppstweb\/index.php\/2016\/03\/30\/quien-es-el-autor-de-la-guerra-no-convencional-que-ha-debido-enfrentar-el-presidente-maduro\/"]}]},{"@type":"ImageObject","inLanguage":"es","@id":"https:\/\/www.mpppst.gob.ve\/mpppstweb\/index.php\/2016\/03\/30\/quien-es-el-autor-de-la-guerra-no-convencional-que-ha-debido-enfrentar-el-presidente-maduro\/#primaryimage","url":"https:\/\/www.mpppst.gob.ve\/mpppstweb\/wp-content\/uploads\/2016\/03\/GUERRA-CONVENCIONAL.jpg","contentUrl":"https:\/\/www.mpppst.gob.ve\/mpppstweb\/wp-content\/uploads\/2016\/03\/GUERRA-CONVENCIONAL.jpg","width":384,"height":336},{"@type":"BreadcrumbList","@id":"https:\/\/www.mpppst.gob.ve\/mpppstweb\/index.php\/2016\/03\/30\/quien-es-el-autor-de-la-guerra-no-convencional-que-ha-debido-enfrentar-el-presidente-maduro\/#breadcrumb","itemListElement":[{"@type":"ListItem","position":1,"name":"Home","item":"https:\/\/www.mpppst.gob.ve\/mpppstweb\/"},{"@type":"ListItem","position":2,"name":"\u00bfQui\u00e9n es el autor de la guerra no convencional que ha debido enfrentar el Presidente Maduro?"}]},{"@type":"WebSite","@id":"https:\/\/www.mpppst.gob.ve\/mpppstweb\/#website","url":"https:\/\/www.mpppst.gob.ve\/mpppstweb\/","name":"MPPPST","description":"Ministerio del Poder Popular para el Proceso Social de Trabajo","publisher":{"@id":"https:\/\/www.mpppst.gob.ve\/mpppstweb\/#organization"},"potentialAction":[{"@type":"SearchAction","target":{"@type":"EntryPoint","urlTemplate":"https:\/\/www.mpppst.gob.ve\/mpppstweb\/?s={search_term_string}"},"query-input":"required name=search_term_string"}],"inLanguage":"es"},{"@type":"Organization","@id":"https:\/\/www.mpppst.gob.ve\/mpppstweb\/#organization","name":"mpppst","url":"https:\/\/www.mpppst.gob.ve\/mpppstweb\/","logo":{"@type":"ImageObject","inLanguage":"es","@id":"https:\/\/www.mpppst.gob.ve\/mpppstweb\/#\/schema\/logo\/image\/","url":"https:\/\/www.mpppst.gob.ve\/mpppstweb\/wp-content\/uploads\/2025\/07\/cropped-cropped-g910.png","contentUrl":"https:\/\/www.mpppst.gob.ve\/mpppstweb\/wp-content\/uploads\/2025\/07\/cropped-cropped-g910.png","width":1080,"height":241,"caption":"mpppst"},"image":{"@id":"https:\/\/www.mpppst.gob.ve\/mpppstweb\/#\/schema\/logo\/image\/"}},{"@type":"Person","@id":"https:\/\/www.mpppst.gob.ve\/mpppstweb\/#\/schema\/person\/fc187ee8ead412bd4c9304b62f900ea4","name":"MPPPST Prensa","url":"https:\/\/www.mpppst.gob.ve\/mpppstweb\/index.php\/author\/prensa-mpppst\/"}]}},"_links":{"self":[{"href":"https:\/\/www.mpppst.gob.ve\/mpppstweb\/index.php\/wp-json\/wp\/v2\/posts\/5221"}],"collection":[{"href":"https:\/\/www.mpppst.gob.ve\/mpppstweb\/index.php\/wp-json\/wp\/v2\/posts"}],"about":[{"href":"https:\/\/www.mpppst.gob.ve\/mpppstweb\/index.php\/wp-json\/wp\/v2\/types\/post"}],"author":[{"embeddable":true,"href":"https:\/\/www.mpppst.gob.ve\/mpppstweb\/index.php\/wp-json\/wp\/v2\/users\/25"}],"replies":[{"embeddable":true,"href":"https:\/\/www.mpppst.gob.ve\/mpppstweb\/index.php\/wp-json\/wp\/v2\/comments?post=5221"}],"version-history":[{"count":1,"href":"https:\/\/www.mpppst.gob.ve\/mpppstweb\/index.php\/wp-json\/wp\/v2\/posts\/5221\/revisions"}],"predecessor-version":[{"id":7102,"href":"https:\/\/www.mpppst.gob.ve\/mpppstweb\/index.php\/wp-json\/wp\/v2\/posts\/5221\/revisions\/7102"}],"wp:featuredmedia":[{"embeddable":true,"href":"https:\/\/www.mpppst.gob.ve\/mpppstweb\/index.php\/wp-json\/wp\/v2\/media\/5214"}],"wp:attachment":[{"href":"https:\/\/www.mpppst.gob.ve\/mpppstweb\/index.php\/wp-json\/wp\/v2\/media?parent=5221"}],"wp:term":[{"taxonomy":"category","embeddable":true,"href":"https:\/\/www.mpppst.gob.ve\/mpppstweb\/index.php\/wp-json\/wp\/v2\/categories?post=5221"},{"taxonomy":"post_tag","embeddable":true,"href":"https:\/\/www.mpppst.gob.ve\/mpppstweb\/index.php\/wp-json\/wp\/v2\/tags?post=5221"}],"curies":[{"name":"wp","href":"https:\/\/api.w.org\/{rel}","templated":true}]}}