{"id":5247,"date":"2016-03-31T17:25:42","date_gmt":"2016-03-31T17:25:42","guid":{"rendered":"http:\/\/www.mpppst.gob.ve\/mpppstweb\/?p=5247"},"modified":"2016-07-01T20:28:48","modified_gmt":"2016-07-01T20:28:48","slug":"nueva-contratacion-colectiva-del-magisterio-beneficia-a-mas-de-700-mil-trabajadores-2","status":"publish","type":"post","link":"https:\/\/www.mpppst.gob.ve\/mpppstweb\/index.php\/2016\/03\/31\/nueva-contratacion-colectiva-del-magisterio-beneficia-a-mas-de-700-mil-trabajadores-2\/","title":{"rendered":"Nueva Contrataci\u00f3n Colectiva del magisterio beneficia a m\u00e1s de 700 mil trabajadores"},"content":{"rendered":"<p style=\"text-align: justify;\">El d\u00eda martes 29 de Marzo el Ejecutivo Nacional firm\u00f3 en Miraflores la Convenci\u00f3n \u00fanica y unitaria del Magisterio, que beneficia a educadores, personal administrativo y obrero.\u00a0 Como hecho emblem\u00e1tico por primera vez se incorpora en las discusiones a todos los sindicatos del sector, hecho que fue calificado por el Presidente Nicol\u00e1s Maduro de \u201chist\u00f3rico\u201d. En tal sentido, agradeci\u00f3 la gran participaci\u00f3n de los distintos actores \u00a0sindicales. Y como gran logro destaca que estos trabajadores recibir\u00e1n 125% de aumento\u2026 Conozca los beneficios de esta Contrataci\u00f3n Colectiva:<\/p>\n<ol style=\"text-align: justify;\">\n<li><strong> Beneficios espec\u00edficos para docentes <\/strong><\/li>\n<\/ol>\n<p style=\"text-align: justify;\">&#8211; Prima de aspectos propios del Ejercicio Docente 10% del salario base (o salario tabla)<\/p>\n<ol style=\"text-align: justify;\" start=\"2\">\n<li><strong> Beneficios comunes para todos y todas <\/strong><\/li>\n<\/ol>\n<p style=\"text-align: justify;\">&#8211; Se establecen mecanismos para el acceso a la vivienda, la alimentaci\u00f3n, la salud, la recreaci\u00f3n, la participaci\u00f3n cultural y deportiva<\/p>\n<ol style=\"text-align: justify;\" start=\"3\">\n<li><strong> Beneficios comunes para todos<\/strong><\/li>\n<\/ol>\n<p style=\"text-align: justify;\">&#8211; Se acord\u00f3 una contribuci\u00f3n para hijos o hijas con discapacidad grave o severa, establecida en 40% del monto del salario m\u00ednimo (mensual y equivalente a Bs. 4.630 con el actual salario m\u00ednimo).<\/p>\n<ol style=\"text-align: justify;\" start=\"4\">\n<li><strong> Establecimiento de contribuciones por inicio de a\u00f1o<\/strong>: Bs. 2 mil desde enero de 2017<\/li>\n<li><strong> Establecimiento de contribuciones por Semana Mayor<\/strong>: Bs. 8 mil en el a\u00f1o 2016 y Bs. 10 mil en el 2017<\/li>\n<li><strong> Establecimiento de contribuciones por Navidad<\/strong>: contribuci\u00f3n navide\u00f1a Bs. 10 mil en el a\u00f1o 2016 y 11 mil en 2017<\/li>\n<li><strong> Pago de un bono \u00fanico de Bs. 10 mil<\/strong> para trabajadores activos y jubilados una vez homologada la convenci\u00f3n<\/li>\n<li><strong> Se crea un Consejo para la reorganizaci\u00f3n del Ipasme,<\/strong> con participaci\u00f3n de las organizaciones sindicales y de los trabajadores del Instituto, para mejorar y ampliar sus funciones como organismo dirigido a la protecci\u00f3n social de las trabajadoras, los trabajadores y sus familias.<\/li>\n<li><strong> Creaci\u00f3n del Fondo Auto administrado de Apoyo Social y Salud<\/strong> del MPPE, el cual garantizar\u00e1: Una cobertura de Hospitalizaci\u00f3n, cirug\u00eda y maternidad de Bs. 100 mil m\u00e1s 50 mil de exceso.<\/li>\n<\/ol>\n<p style=\"text-align: justify;\">\n<p style=\"text-align: justify;\">Redacci\u00f3n: Equipo de Prensa MPPPST<\/p>\n<p style=\"text-align: justify;\">\n","protected":false},"excerpt":{"rendered":"<p>El d\u00eda martes 29 de Marzo el Ejecutivo Nacional firm\u00f3 en Miraflores la Convenci\u00f3n \u00fanica y unitaria del Magisterio<\/p>\n","protected":false},"author":25,"featured_media":5248,"comment_status":"closed","ping_status":"closed","sticky":false,"template":"","format":"standard","meta":{"footnotes":""},"categories":[82],"tags":[],"yoast_head":"<!-- This site is optimized with the Yoast SEO plugin v22.5 - https:\/\/yoast.com\/wordpress\/plugins\/seo\/ -->\n<title>Nueva Contrataci\u00f3n Colectiva del magisterio beneficia a m\u00e1s de 700 mil trabajadores - MPPPST<\/title>\n<meta name=\"robots\" content=\"index, follow, max-snippet:-1, max-image-preview:large, max-video-preview:-1\" \/>\n<link rel=\"canonical\" href=\"https:\/\/www.mpppst.gob.ve\/mpppstweb\/index.php\/2016\/03\/31\/nueva-contratacion-colectiva-del-magisterio-beneficia-a-mas-de-700-mil-trabajadores-2\/\" \/>\n<meta property=\"og:locale\" content=\"es_ES\" \/>\n<meta property=\"og:type\" content=\"article\" \/>\n<meta property=\"og:title\" content=\"Nueva Contrataci\u00f3n Colectiva del magisterio beneficia a m\u00e1s de 700 mil trabajadores - MPPPST\" \/>\n<meta property=\"og:description\" content=\"El d\u00eda martes 29 de Marzo el Ejecutivo Nacional firm\u00f3 en Miraflores la Convenci\u00f3n \u00fanica y unitaria del Magisterio\" \/>\n<meta property=\"og:url\" content=\"https:\/\/www.mpppst.gob.ve\/mpppstweb\/index.php\/2016\/03\/31\/nueva-contratacion-colectiva-del-magisterio-beneficia-a-mas-de-700-mil-trabajadores-2\/\" \/>\n<meta property=\"og:site_name\" content=\"MPPPST\" \/>\n<meta property=\"article:published_time\" content=\"2016-03-31T17:25:42+00:00\" \/>\n<meta property=\"article:modified_time\" content=\"2016-07-01T20:28:48+00:00\" \/>\n<meta name=\"author\" content=\"MPPPST Prensa\" \/>\n<meta name=\"twitter:card\" content=\"summary_large_image\" \/>\n<meta name=\"twitter:label1\" content=\"Escrito por\" \/>\n\t<meta name=\"twitter:data1\" content=\"MPPPST Prensa\" \/>\n\t<meta name=\"twitter:label2\" content=\"Tiempo de lectura\" \/>\n\t<meta name=\"twitter:data2\" content=\"2 minutos\" \/>\n<script type=\"application\/ld+json\" class=\"yoast-schema-graph\">{\"@context\":\"https:\/\/schema.org\",\"@graph\":[{\"@type\":\"Article\",\"@id\":\"https:\/\/www.mpppst.gob.ve\/mpppstweb\/index.php\/2016\/03\/31\/nueva-contratacion-colectiva-del-magisterio-beneficia-a-mas-de-700-mil-trabajadores-2\/#article\",\"isPartOf\":{\"@id\":\"https:\/\/www.mpppst.gob.ve\/mpppstweb\/index.php\/2016\/03\/31\/nueva-contratacion-colectiva-del-magisterio-beneficia-a-mas-de-700-mil-trabajadores-2\/\"},\"author\":{\"name\":\"MPPPST Prensa\",\"@id\":\"https:\/\/www.mpppst.gob.ve\/mpppstweb\/#\/schema\/person\/fc187ee8ead412bd4c9304b62f900ea4\"},\"headline\":\"Nueva Contrataci\u00f3n Colectiva del magisterio beneficia a m\u00e1s de 700 mil trabajadores\",\"datePublished\":\"2016-03-31T17:25:42+00:00\",\"dateModified\":\"2016-07-01T20:28:48+00:00\",\"mainEntityOfPage\":{\"@id\":\"https:\/\/www.mpppst.gob.ve\/mpppstweb\/index.php\/2016\/03\/31\/nueva-contratacion-colectiva-del-magisterio-beneficia-a-mas-de-700-mil-trabajadores-2\/\"},\"wordCount\":343,\"publisher\":{\"@id\":\"https:\/\/www.mpppst.gob.ve\/mpppstweb\/#organization\"},\"image\":{\"@id\":\"https:\/\/www.mpppst.gob.ve\/mpppstweb\/index.php\/2016\/03\/31\/nueva-contratacion-colectiva-del-magisterio-beneficia-a-mas-de-700-mil-trabajadores-2\/#primaryimage\"},\"thumbnailUrl\":\"\",\"articleSection\":[\"Gobierno Nacional\"],\"inLanguage\":\"es\"},{\"@type\":\"WebPage\",\"@id\":\"https:\/\/www.mpppst.gob.ve\/mpppstweb\/index.php\/2016\/03\/31\/nueva-contratacion-colectiva-del-magisterio-beneficia-a-mas-de-700-mil-trabajadores-2\/\",\"url\":\"https:\/\/www.mpppst.gob.ve\/mpppstweb\/index.php\/2016\/03\/31\/nueva-contratacion-colectiva-del-magisterio-beneficia-a-mas-de-700-mil-trabajadores-2\/\",\"name\":\"Nueva Contrataci\u00f3n Colectiva del magisterio beneficia a m\u00e1s de 700 mil trabajadores - MPPPST\",\"isPartOf\":{\"@id\":\"https:\/\/www.mpppst.gob.ve\/mpppstweb\/#website\"},\"primaryImageOfPage\":{\"@id\":\"https:\/\/www.mpppst.gob.ve\/mpppstweb\/index.php\/2016\/03\/31\/nueva-contratacion-colectiva-del-magisterio-beneficia-a-mas-de-700-mil-trabajadores-2\/#primaryimage\"},\"image\":{\"@id\":\"https:\/\/www.mpppst.gob.ve\/mpppstweb\/index.php\/2016\/03\/31\/nueva-contratacion-colectiva-del-magisterio-beneficia-a-mas-de-700-mil-trabajadores-2\/#primaryimage\"},\"thumbnailUrl\":\"\",\"datePublished\":\"2016-03-31T17:25:42+00:00\",\"dateModified\":\"2016-07-01T20:28:48+00:00\",\"breadcrumb\":{\"@id\":\"https:\/\/www.mpppst.gob.ve\/mpppstweb\/index.php\/2016\/03\/31\/nueva-contratacion-colectiva-del-magisterio-beneficia-a-mas-de-700-mil-trabajadores-2\/#breadcrumb\"},\"inLanguage\":\"es\",\"potentialAction\":[{\"@type\":\"ReadAction\",\"target\":[\"https:\/\/www.mpppst.gob.ve\/mpppstweb\/index.php\/2016\/03\/31\/nueva-contratacion-colectiva-del-magisterio-beneficia-a-mas-de-700-mil-trabajadores-2\/\"]}]},{\"@type\":\"ImageObject\",\"inLanguage\":\"es\",\"@id\":\"https:\/\/www.mpppst.gob.ve\/mpppstweb\/index.php\/2016\/03\/31\/nueva-contratacion-colectiva-del-magisterio-beneficia-a-mas-de-700-mil-trabajadores-2\/#primaryimage\",\"url\":\"\",\"contentUrl\":\"\"},{\"@type\":\"BreadcrumbList\",\"@id\":\"https:\/\/www.mpppst.gob.ve\/mpppstweb\/index.php\/2016\/03\/31\/nueva-contratacion-colectiva-del-magisterio-beneficia-a-mas-de-700-mil-trabajadores-2\/#breadcrumb\",\"itemListElement\":[{\"@type\":\"ListItem\",\"position\":1,\"name\":\"Home\",\"item\":\"https:\/\/www.mpppst.gob.ve\/mpppstweb\/\"},{\"@type\":\"ListItem\",\"position\":2,\"name\":\"Nueva Contrataci\u00f3n Colectiva del magisterio beneficia a m\u00e1s de 700 mil trabajadores\"}]},{\"@type\":\"WebSite\",\"@id\":\"https:\/\/www.mpppst.gob.ve\/mpppstweb\/#website\",\"url\":\"https:\/\/www.mpppst.gob.ve\/mpppstweb\/\",\"name\":\"MPPPST\",\"description\":\"Ministerio del Poder Popular para el Proceso Social de Trabajo\",\"publisher\":{\"@id\":\"https:\/\/www.mpppst.gob.ve\/mpppstweb\/#organization\"},\"potentialAction\":[{\"@type\":\"SearchAction\",\"target\":{\"@type\":\"EntryPoint\",\"urlTemplate\":\"https:\/\/www.mpppst.gob.ve\/mpppstweb\/?s={search_term_string}\"},\"query-input\":\"required name=search_term_string\"}],\"inLanguage\":\"es\"},{\"@type\":\"Organization\",\"@id\":\"https:\/\/www.mpppst.gob.ve\/mpppstweb\/#organization\",\"name\":\"mpppst\",\"url\":\"https:\/\/www.mpppst.gob.ve\/mpppstweb\/\",\"logo\":{\"@type\":\"ImageObject\",\"inLanguage\":\"es\",\"@id\":\"https:\/\/www.mpppst.gob.ve\/mpppstweb\/#\/schema\/logo\/image\/\",\"url\":\"https:\/\/www.mpppst.gob.ve\/mpppstweb\/wp-content\/uploads\/2025\/07\/cropped-cropped-g910.png\",\"contentUrl\":\"https:\/\/www.mpppst.gob.ve\/mpppstweb\/wp-content\/uploads\/2025\/07\/cropped-cropped-g910.png\",\"width\":1080,\"height\":241,\"caption\":\"mpppst\"},\"image\":{\"@id\":\"https:\/\/www.mpppst.gob.ve\/mpppstweb\/#\/schema\/logo\/image\/\"}},{\"@type\":\"Person\",\"@id\":\"https:\/\/www.mpppst.gob.ve\/mpppstweb\/#\/schema\/person\/fc187ee8ead412bd4c9304b62f900ea4\",\"name\":\"MPPPST Prensa\",\"url\":\"https:\/\/www.mpppst.gob.ve\/mpppstweb\/index.php\/author\/prensa-mpppst\/\"}]}<\/script>\n<!-- \/ Yoast SEO plugin. -->","yoast_head_json":{"title":"Nueva Contrataci\u00f3n Colectiva del magisterio beneficia a m\u00e1s de 700 mil trabajadores - MPPPST","robots":{"index":"index","follow":"follow","max-snippet":"max-snippet:-1","max-image-preview":"max-image-preview:large","max-video-preview":"max-video-preview:-1"},"canonical":"https:\/\/www.mpppst.gob.ve\/mpppstweb\/index.php\/2016\/03\/31\/nueva-contratacion-colectiva-del-magisterio-beneficia-a-mas-de-700-mil-trabajadores-2\/","og_locale":"es_ES","og_type":"article","og_title":"Nueva Contrataci\u00f3n Colectiva del magisterio beneficia a m\u00e1s de 700 mil trabajadores - MPPPST","og_description":"El d\u00eda martes 29 de Marzo el Ejecutivo Nacional firm\u00f3 en Miraflores la Convenci\u00f3n \u00fanica y unitaria del Magisterio","og_url":"https:\/\/www.mpppst.gob.ve\/mpppstweb\/index.php\/2016\/03\/31\/nueva-contratacion-colectiva-del-magisterio-beneficia-a-mas-de-700-mil-trabajadores-2\/","og_site_name":"MPPPST","article_published_time":"2016-03-31T17:25:42+00:00","article_modified_time":"2016-07-01T20:28:48+00:00","author":"MPPPST Prensa","twitter_card":"summary_large_image","twitter_misc":{"Escrito por":"MPPPST Prensa","Tiempo de lectura":"2 minutos"},"schema":{"@context":"https:\/\/schema.org","@graph":[{"@type":"Article","@id":"https:\/\/www.mpppst.gob.ve\/mpppstweb\/index.php\/2016\/03\/31\/nueva-contratacion-colectiva-del-magisterio-beneficia-a-mas-de-700-mil-trabajadores-2\/#article","isPartOf":{"@id":"https:\/\/www.mpppst.gob.ve\/mpppstweb\/index.php\/2016\/03\/31\/nueva-contratacion-colectiva-del-magisterio-beneficia-a-mas-de-700-mil-trabajadores-2\/"},"author":{"name":"MPPPST Prensa","@id":"https:\/\/www.mpppst.gob.ve\/mpppstweb\/#\/schema\/person\/fc187ee8ead412bd4c9304b62f900ea4"},"headline":"Nueva Contrataci\u00f3n Colectiva del magisterio beneficia a m\u00e1s de 700 mil trabajadores","datePublished":"2016-03-31T17:25:42+00:00","dateModified":"2016-07-01T20:28:48+00:00","mainEntityOfPage":{"@id":"https:\/\/www.mpppst.gob.ve\/mpppstweb\/index.php\/2016\/03\/31\/nueva-contratacion-colectiva-del-magisterio-beneficia-a-mas-de-700-mil-trabajadores-2\/"},"wordCount":343,"publisher":{"@id":"https:\/\/www.mpppst.gob.ve\/mpppstweb\/#organization"},"image":{"@id":"https:\/\/www.mpppst.gob.ve\/mpppstweb\/index.php\/2016\/03\/31\/nueva-contratacion-colectiva-del-magisterio-beneficia-a-mas-de-700-mil-trabajadores-2\/#primaryimage"},"thumbnailUrl":"","articleSection":["Gobierno Nacional"],"inLanguage":"es"},{"@type":"WebPage","@id":"https:\/\/www.mpppst.gob.ve\/mpppstweb\/index.php\/2016\/03\/31\/nueva-contratacion-colectiva-del-magisterio-beneficia-a-mas-de-700-mil-trabajadores-2\/","url":"https:\/\/www.mpppst.gob.ve\/mpppstweb\/index.php\/2016\/03\/31\/nueva-contratacion-colectiva-del-magisterio-beneficia-a-mas-de-700-mil-trabajadores-2\/","name":"Nueva Contrataci\u00f3n Colectiva del magisterio beneficia a m\u00e1s de 700 mil trabajadores - MPPPST","isPartOf":{"@id":"https:\/\/www.mpppst.gob.ve\/mpppstweb\/#website"},"primaryImageOfPage":{"@id":"https:\/\/www.mpppst.gob.ve\/mpppstweb\/index.php\/2016\/03\/31\/nueva-contratacion-colectiva-del-magisterio-beneficia-a-mas-de-700-mil-trabajadores-2\/#primaryimage"},"image":{"@id":"https:\/\/www.mpppst.gob.ve\/mpppstweb\/index.php\/2016\/03\/31\/nueva-contratacion-colectiva-del-magisterio-beneficia-a-mas-de-700-mil-trabajadores-2\/#primaryimage"},"thumbnailUrl":"","datePublished":"2016-03-31T17:25:42+00:00","dateModified":"2016-07-01T20:28:48+00:00","breadcrumb":{"@id":"https:\/\/www.mpppst.gob.ve\/mpppstweb\/index.php\/2016\/03\/31\/nueva-contratacion-colectiva-del-magisterio-beneficia-a-mas-de-700-mil-trabajadores-2\/#breadcrumb"},"inLanguage":"es","potentialAction":[{"@type":"ReadAction","target":["https:\/\/www.mpppst.gob.ve\/mpppstweb\/index.php\/2016\/03\/31\/nueva-contratacion-colectiva-del-magisterio-beneficia-a-mas-de-700-mil-trabajadores-2\/"]}]},{"@type":"ImageObject","inLanguage":"es","@id":"https:\/\/www.mpppst.gob.ve\/mpppstweb\/index.php\/2016\/03\/31\/nueva-contratacion-colectiva-del-magisterio-beneficia-a-mas-de-700-mil-trabajadores-2\/#primaryimage","url":"","contentUrl":""},{"@type":"BreadcrumbList","@id":"https:\/\/www.mpppst.gob.ve\/mpppstweb\/index.php\/2016\/03\/31\/nueva-contratacion-colectiva-del-magisterio-beneficia-a-mas-de-700-mil-trabajadores-2\/#breadcrumb","itemListElement":[{"@type":"ListItem","position":1,"name":"Home","item":"https:\/\/www.mpppst.gob.ve\/mpppstweb\/"},{"@type":"ListItem","position":2,"name":"Nueva Contrataci\u00f3n Colectiva del magisterio beneficia a m\u00e1s de 700 mil trabajadores"}]},{"@type":"WebSite","@id":"https:\/\/www.mpppst.gob.ve\/mpppstweb\/#website","url":"https:\/\/www.mpppst.gob.ve\/mpppstweb\/","name":"MPPPST","description":"Ministerio del Poder Popular para el Proceso Social de Trabajo","publisher":{"@id":"https:\/\/www.mpppst.gob.ve\/mpppstweb\/#organization"},"potentialAction":[{"@type":"SearchAction","target":{"@type":"EntryPoint","urlTemplate":"https:\/\/www.mpppst.gob.ve\/mpppstweb\/?s={search_term_string}"},"query-input":"required name=search_term_string"}],"inLanguage":"es"},{"@type":"Organization","@id":"https:\/\/www.mpppst.gob.ve\/mpppstweb\/#organization","name":"mpppst","url":"https:\/\/www.mpppst.gob.ve\/mpppstweb\/","logo":{"@type":"ImageObject","inLanguage":"es","@id":"https:\/\/www.mpppst.gob.ve\/mpppstweb\/#\/schema\/logo\/image\/","url":"https:\/\/www.mpppst.gob.ve\/mpppstweb\/wp-content\/uploads\/2025\/07\/cropped-cropped-g910.png","contentUrl":"https:\/\/www.mpppst.gob.ve\/mpppstweb\/wp-content\/uploads\/2025\/07\/cropped-cropped-g910.png","width":1080,"height":241,"caption":"mpppst"},"image":{"@id":"https:\/\/www.mpppst.gob.ve\/mpppstweb\/#\/schema\/logo\/image\/"}},{"@type":"Person","@id":"https:\/\/www.mpppst.gob.ve\/mpppstweb\/#\/schema\/person\/fc187ee8ead412bd4c9304b62f900ea4","name":"MPPPST Prensa","url":"https:\/\/www.mpppst.gob.ve\/mpppstweb\/index.php\/author\/prensa-mpppst\/"}]}},"_links":{"self":[{"href":"https:\/\/www.mpppst.gob.ve\/mpppstweb\/index.php\/wp-json\/wp\/v2\/posts\/5247"}],"collection":[{"href":"https:\/\/www.mpppst.gob.ve\/mpppstweb\/index.php\/wp-json\/wp\/v2\/posts"}],"about":[{"href":"https:\/\/www.mpppst.gob.ve\/mpppstweb\/index.php\/wp-json\/wp\/v2\/types\/post"}],"author":[{"embeddable":true,"href":"https:\/\/www.mpppst.gob.ve\/mpppstweb\/index.php\/wp-json\/wp\/v2\/users\/25"}],"replies":[{"embeddable":true,"href":"https:\/\/www.mpppst.gob.ve\/mpppstweb\/index.php\/wp-json\/wp\/v2\/comments?post=5247"}],"version-history":[{"count":1,"href":"https:\/\/www.mpppst.gob.ve\/mpppstweb\/index.php\/wp-json\/wp\/v2\/posts\/5247\/revisions"}],"predecessor-version":[{"id":7104,"href":"https:\/\/www.mpppst.gob.ve\/mpppstweb\/index.php\/wp-json\/wp\/v2\/posts\/5247\/revisions\/7104"}],"wp:featuredmedia":[{"embeddable":true,"href":"https:\/\/www.mpppst.gob.ve\/mpppstweb\/index.php\/wp-json\/"}],"wp:attachment":[{"href":"https:\/\/www.mpppst.gob.ve\/mpppstweb\/index.php\/wp-json\/wp\/v2\/media?parent=5247"}],"wp:term":[{"taxonomy":"category","embeddable":true,"href":"https:\/\/www.mpppst.gob.ve\/mpppstweb\/index.php\/wp-json\/wp\/v2\/categories?post=5247"},{"taxonomy":"post_tag","embeddable":true,"href":"https:\/\/www.mpppst.gob.ve\/mpppstweb\/index.php\/wp-json\/wp\/v2\/tags?post=5247"}],"curies":[{"name":"wp","href":"https:\/\/api.w.org\/{rel}","templated":true}]}}