{"id":5250,"date":"2016-03-31T17:31:50","date_gmt":"2016-03-31T17:31:50","guid":{"rendered":"http:\/\/www.mpppst.gob.ve\/mpppstweb\/?p=5250"},"modified":"2016-07-01T20:29:19","modified_gmt":"2016-07-01T20:29:19","slug":"estas-son-las-medidas-implementadas-por-el-gobierno-nacional-para-combatir-la-guerra-economica-ii-2","status":"publish","type":"post","link":"https:\/\/www.mpppst.gob.ve\/mpppstweb\/index.php\/2016\/03\/31\/estas-son-las-medidas-implementadas-por-el-gobierno-nacional-para-combatir-la-guerra-economica-ii-2\/","title":{"rendered":"Estas son las medidas implementadas por el Gobierno Nacional para combatir la Guerra Econ\u00f3mica (II)"},"content":{"rendered":"<p>Caracas, 30 de marzo de 2016.- Con la finalidad de superar el rentismo petrolero y construir un nuevo modelo econ\u00f3mico en el pa\u00eds, el presidente de la Rep\u00fablica, Nicol\u00e1s Maduro, dio a conocer en el primer trimestre del a\u00f1o una serie de acciones que conforman la Agenda Econ\u00f3mica Bolivariana. Entre ellas destaca el desarrollo de los 14 motores productivos.<\/p>\n<p>Luego de la instalaci\u00f3n del Consejo Nacional de Econom\u00eda Productiva, el gobierno ha llamado a la activaci\u00f3n de estos 14 motores econ\u00f3micos, equipos de trabajo entre gobierno y empresarios para impulsar la producci\u00f3n nacional. Dichos motores deben convertirse en el centro del esfuerzo del Gobierno Bolivariano hasta superar la emergencia econ\u00f3mica.<\/p>\n<p><strong>Los motores son los siguientes: <\/strong><\/p>\n<p><strong>1.- Motor agroalimentario: <\/strong>es el centro del esfuerzo del Ejecutivo. Incluye el Plan Productivo de Agricultura Urbana, que se ejecuta durante 100 d\u00edas, se activ\u00f3 el 27 de febrero y consiste en la siembra de productos en espacios ubicados en las ciudades.<\/p>\n<p><strong>2.- Motor farmac\u00e9utico y de medicinas: <\/strong>considerado como \u00abvital\u00bb para el pa\u00eds. El Gobierno se reuni\u00f3 con este sector para concretar medidas que permitan aumentar la producci\u00f3n y distribuci\u00f3n de f\u00e1rmacos en el pa\u00eds. En este sentido, el presidente Nicol\u00e1s Maduro explic\u00f3 que se debe aprovechar las alianzas que sostiene Venezuela en materia de salud con pa\u00edses como Brasil, Nicaragua y Cuba para aumentar la producci\u00f3n de f\u00e1rmacos en las plantas del pa\u00eds y para garantizar la llegada y distribuci\u00f3n de medicinas a nivel nacional.<\/p>\n<p>El Ejecutivo Nacional aprob\u00f3 75 millones de d\u00f3lares para abastecer este motor en el marco del fortalecimiento de la Agenda Econ\u00f3mica Bolivariana.<\/p>\n<p><strong>3.- Motor Industrial: <\/strong>con la presencia de empresas productoras de 4 sectores espec\u00edficos, como lo son la confecci\u00f3n o textil, calzado, productos desechables, tales como pa\u00f1ales y aseo personal o de higiene del hogar.<\/p>\n<p><strong>4.- Motor de las exportaciones: <\/strong>es un nuevo motor. El mismo fue activado en los sectores productivos del Municipio Guaicaipuro del estado Miranda.<\/p>\n<p><strong>5.- Motor de la econom\u00eda comunal, social y socialista: <\/strong>La puesta en marcha de este motor de la Agenda Econ\u00f3mica Bolivariana es el mapa para la construcci\u00f3n del futuro productivo nacional. Muestra de ello es el trabajo hecho en las comunidades con las manos del Poder Popular, del pueblo organizado, del trabajo en equipo. Este es el caso de la Empresa de Propiedad Social Directa Comunal (EPSDC), Aserradero Arreboles Barinas, ubicada en el municipio Cruz Paredes del estado Barinas.<\/p>\n<p><strong>6.- Motor hidrocarburos: <\/strong>la finalidad es estabilizarlo e invertir. Para activarlo el presidente Nicol\u00e1s Maduro firm\u00f3 el decreto para la creaci\u00f3n de la Zona de Desarrollo Estrat\u00e9gico Nacional de la Faja Petrol\u00edfera del Orinoco. Inst\u00f3 a iniciar un plan de 100 d\u00edas para planificar la ruta de esta zona.<\/p>\n<p><strong>7.- Motor petroqu\u00edmico: <\/strong>Para activar este motor, en el marco de la Ley Habilitante, el Primer Mandatario Maduro le otorg\u00f3 una licencia a la empresa Petroqu\u00edmica de Venezuela (Pequiven) para llevar a cabo la explotaci\u00f3n de una mina de fosfato, situada en el estado T\u00e1chira, que permitir\u00e1 impulsar la generaci\u00f3n de alimentos balanceados para animales.<\/p>\n<p><strong>8.- Motor de la miner\u00eda: <\/strong>El Jefe de Estado Nicol\u00e1s Maduro activ\u00f3 el motor minero durante el encuentro de empresas nacionales e internacionales para la exploraci\u00f3n y explotaci\u00f3n del Arco del Orinoco, ubicado en el estado Bol\u00edvar, donde existen minerales como oro, hierro, bauxita y diamantes.<\/p>\n<p><strong>9.- Motor turismo: <\/strong>El Presidente Maduro invit\u00f3 a los inversionistas internacionales a participar en el desarrollo de este sector. Para su activaci\u00f3n, una comisi\u00f3n del Ministerio del Poder Popular para el Turismo sostuvo un encuentro empezando el mes de febrero, con prestadores de servicios del estado T\u00e1chira. Los representantes del sector participaron en las mesas de trabajo en aras de incentivar las nuevas estrategias\u00a0 para la productividad del pa\u00eds.<\/p>\n<p><strong>10.- Motor construcci\u00f3n: <\/strong>Ya est\u00e1 en marcha. Promueve la industrializaci\u00f3n y tiene como misi\u00f3n desarrollar las capacidades nacionales para construir viviendas y obras p\u00fablicas.<\/p>\n<p><strong>11.- Motor forestal: <\/strong>este motor sumar\u00e1 a los esfuerzos del Estado en pro de la estabilidad econ\u00f3mica y del crecimiento del pa\u00eds. Se activ\u00f3 con tres mesas de trabajo: desarrollo de aserradero, carpinter\u00eda, papel y cart\u00f3n.<\/p>\n<p><strong>12.- Motor Industria militar: <\/strong>se aprobaron 99 \u00e1reas de defensa y desarrollo econ\u00f3mico del pa\u00eds que depende de la FAN. Para activar este motor, el ministro para Industria y Comercio (MPPIC), Miguel P\u00e9rez Abad inspeccion\u00f3 junto al ministro para la Defensa (MinDefensa), G\/J Vladimir Padrino L\u00f3pez, el Complejo de Comandancias Generales en Fuerte Tiuna, ubicado en Caracas, sitio donde se encuentra la Planta de Agua Tiuna y una f\u00e1brica de textiles y bordados.<\/p>\n<p><strong>13.- Motor telecomunicaciones: <\/strong>Venezuela es un pa\u00eds alfabetizado tecnol\u00f3gicamente, con el aporte de la industria mixta y con transferencia de tecnolog\u00eda China. Para activar el motor, el vicepresidente de la Rep\u00fablica, Arist\u00f3bulo Ist\u00fariz, instal\u00f3 dos mesas de trabajo: la primera, dirigida al Desarrollo de Programas y Aplicaciones (software), y una segunda orientada a la Producci\u00f3n de Equipos Inform\u00e1ticos y Telecomunicaciones.<\/p>\n<p><strong>14.- Motor del sector banca y finanzas:<\/strong> con financiamiento y apalancamiento al resto de los motores. Este motor contempla nuevos instrumentos para inversi\u00f3n y ahorro, carteras crediticias para turismo, agricultura, etc.<\/p>\n<p><strong>Inclusi\u00f3n de la Clase obrera<\/strong><\/p>\n<p>En el Instituto Nacional de Capacitaci\u00f3n y Recreaci\u00f3n de los Trabajadores (Incret) se reunieron m\u00e1s de 200 voceros y voceras de diversas empresas del Estado para definir un plan de acci\u00f3n inmediato que conlleve el aumento de la productividad en el sector agroalimentario y de industrias pesadas con los recursos e insumos que cuentan en la actualidad.<\/p>\n<p>El comisionado de la Clase Obrera ante el Consejo Nacional de Econom\u00eda Productiva, Ernesto Rivero, presente en este evento, explic\u00f3 que los trabajadores son el eje trasversal de la producci\u00f3n del pa\u00eds y atendieron el llamado del presidente Nicol\u00e1s Maduro, organiz\u00e1ndose en los motores de la econom\u00eda nacional para plantear las propuestas estrat\u00e9gicas ante el agotamiento del modelo rentista petrolero.<\/p>\n<p>Entre las empresas que dieron a conocer sus proyectos para permitir el aumento de la producci\u00f3n ante la emergencia econ\u00f3mica que vive el pa\u00eds, est\u00e1n L\u00e1cteos Los Andes, las cafeteras Madrid, Fama de Am\u00e9rica y Caf\u00e9 Venezuela, Pdvsa, Cantv, Venezolana de Cementos, Centrales Azucareros Santa Clara y Cariaco, Industrias Diana, Corporaci\u00f3n Venezolana de Guayana, Sefar, Quimbiotec, entre otras.<\/p>\n<p>Redacci\u00f3n Elio Garc\u00eda<\/p>\n","protected":false},"excerpt":{"rendered":"<p>El presidente Nicol\u00e1s Maduro, dio a conocer en el primer trimestre del a\u00f1o una serie de acciones que conforman la Agenda Econ\u00f3mica Bolivariana<\/p>\n","protected":false},"author":25,"featured_media":5251,"comment_status":"closed","ping_status":"closed","sticky":false,"template":"","format":"standard","meta":{"footnotes":""},"categories":[82],"tags":[],"yoast_head":"<!-- This site is optimized with the Yoast SEO plugin v22.5 - https:\/\/yoast.com\/wordpress\/plugins\/seo\/ -->\n<title>Estas son las medidas implementadas por el Gobierno Nacional para combatir la Guerra Econ\u00f3mica (II) - MPPPST<\/title>\n<meta name=\"robots\" content=\"index, follow, max-snippet:-1, max-image-preview:large, max-video-preview:-1\" \/>\n<link rel=\"canonical\" href=\"https:\/\/www.mpppst.gob.ve\/mpppstweb\/index.php\/2016\/03\/31\/estas-son-las-medidas-implementadas-por-el-gobierno-nacional-para-combatir-la-guerra-economica-ii-2\/\" \/>\n<meta property=\"og:locale\" content=\"es_ES\" \/>\n<meta property=\"og:type\" content=\"article\" \/>\n<meta property=\"og:title\" content=\"Estas son las medidas implementadas por el Gobierno Nacional para combatir la Guerra Econ\u00f3mica (II) - MPPPST\" \/>\n<meta property=\"og:description\" content=\"El presidente Nicol\u00e1s Maduro, dio a conocer en el primer trimestre del a\u00f1o una serie de acciones que conforman la Agenda Econ\u00f3mica Bolivariana\" \/>\n<meta property=\"og:url\" content=\"https:\/\/www.mpppst.gob.ve\/mpppstweb\/index.php\/2016\/03\/31\/estas-son-las-medidas-implementadas-por-el-gobierno-nacional-para-combatir-la-guerra-economica-ii-2\/\" \/>\n<meta property=\"og:site_name\" content=\"MPPPST\" \/>\n<meta property=\"article:published_time\" content=\"2016-03-31T17:31:50+00:00\" \/>\n<meta property=\"article:modified_time\" content=\"2016-07-01T20:29:19+00:00\" \/>\n<meta property=\"og:image\" content=\"https:\/\/www.mpppst.gob.ve\/mpppstweb\/wp-content\/uploads\/2016\/03\/para-motores-2.jpg\" \/>\n\t<meta property=\"og:image:width\" content=\"448\" \/>\n\t<meta property=\"og:image:height\" content=\"281\" \/>\n\t<meta property=\"og:image:type\" content=\"image\/jpeg\" \/>\n<meta name=\"author\" content=\"MPPPST Prensa\" \/>\n<meta name=\"twitter:card\" content=\"summary_large_image\" \/>\n<meta name=\"twitter:label1\" content=\"Escrito por\" \/>\n\t<meta name=\"twitter:data1\" content=\"MPPPST Prensa\" \/>\n\t<meta name=\"twitter:label2\" content=\"Tiempo de lectura\" \/>\n\t<meta name=\"twitter:data2\" content=\"6 minutos\" \/>\n<script type=\"application\/ld+json\" class=\"yoast-schema-graph\">{\"@context\":\"https:\/\/schema.org\",\"@graph\":[{\"@type\":\"Article\",\"@id\":\"https:\/\/www.mpppst.gob.ve\/mpppstweb\/index.php\/2016\/03\/31\/estas-son-las-medidas-implementadas-por-el-gobierno-nacional-para-combatir-la-guerra-economica-ii-2\/#article\",\"isPartOf\":{\"@id\":\"https:\/\/www.mpppst.gob.ve\/mpppstweb\/index.php\/2016\/03\/31\/estas-son-las-medidas-implementadas-por-el-gobierno-nacional-para-combatir-la-guerra-economica-ii-2\/\"},\"author\":{\"name\":\"MPPPST Prensa\",\"@id\":\"https:\/\/www.mpppst.gob.ve\/mpppstweb\/#\/schema\/person\/fc187ee8ead412bd4c9304b62f900ea4\"},\"headline\":\"Estas son las medidas implementadas por el Gobierno Nacional para combatir la Guerra Econ\u00f3mica (II)\",\"datePublished\":\"2016-03-31T17:31:50+00:00\",\"dateModified\":\"2016-07-01T20:29:19+00:00\",\"mainEntityOfPage\":{\"@id\":\"https:\/\/www.mpppst.gob.ve\/mpppstweb\/index.php\/2016\/03\/31\/estas-son-las-medidas-implementadas-por-el-gobierno-nacional-para-combatir-la-guerra-economica-ii-2\/\"},\"wordCount\":1128,\"publisher\":{\"@id\":\"https:\/\/www.mpppst.gob.ve\/mpppstweb\/#organization\"},\"image\":{\"@id\":\"https:\/\/www.mpppst.gob.ve\/mpppstweb\/index.php\/2016\/03\/31\/estas-son-las-medidas-implementadas-por-el-gobierno-nacional-para-combatir-la-guerra-economica-ii-2\/#primaryimage\"},\"thumbnailUrl\":\"https:\/\/www.mpppst.gob.ve\/mpppstweb\/wp-content\/uploads\/2016\/03\/para-motores-2.jpg\",\"articleSection\":[\"Gobierno Nacional\"],\"inLanguage\":\"es\"},{\"@type\":\"WebPage\",\"@id\":\"https:\/\/www.mpppst.gob.ve\/mpppstweb\/index.php\/2016\/03\/31\/estas-son-las-medidas-implementadas-por-el-gobierno-nacional-para-combatir-la-guerra-economica-ii-2\/\",\"url\":\"https:\/\/www.mpppst.gob.ve\/mpppstweb\/index.php\/2016\/03\/31\/estas-son-las-medidas-implementadas-por-el-gobierno-nacional-para-combatir-la-guerra-economica-ii-2\/\",\"name\":\"Estas son las medidas implementadas por el Gobierno Nacional para combatir la Guerra Econ\u00f3mica (II) - MPPPST\",\"isPartOf\":{\"@id\":\"https:\/\/www.mpppst.gob.ve\/mpppstweb\/#website\"},\"primaryImageOfPage\":{\"@id\":\"https:\/\/www.mpppst.gob.ve\/mpppstweb\/index.php\/2016\/03\/31\/estas-son-las-medidas-implementadas-por-el-gobierno-nacional-para-combatir-la-guerra-economica-ii-2\/#primaryimage\"},\"image\":{\"@id\":\"https:\/\/www.mpppst.gob.ve\/mpppstweb\/index.php\/2016\/03\/31\/estas-son-las-medidas-implementadas-por-el-gobierno-nacional-para-combatir-la-guerra-economica-ii-2\/#primaryimage\"},\"thumbnailUrl\":\"https:\/\/www.mpppst.gob.ve\/mpppstweb\/wp-content\/uploads\/2016\/03\/para-motores-2.jpg\",\"datePublished\":\"2016-03-31T17:31:50+00:00\",\"dateModified\":\"2016-07-01T20:29:19+00:00\",\"breadcrumb\":{\"@id\":\"https:\/\/www.mpppst.gob.ve\/mpppstweb\/index.php\/2016\/03\/31\/estas-son-las-medidas-implementadas-por-el-gobierno-nacional-para-combatir-la-guerra-economica-ii-2\/#breadcrumb\"},\"inLanguage\":\"es\",\"potentialAction\":[{\"@type\":\"ReadAction\",\"target\":[\"https:\/\/www.mpppst.gob.ve\/mpppstweb\/index.php\/2016\/03\/31\/estas-son-las-medidas-implementadas-por-el-gobierno-nacional-para-combatir-la-guerra-economica-ii-2\/\"]}]},{\"@type\":\"ImageObject\",\"inLanguage\":\"es\",\"@id\":\"https:\/\/www.mpppst.gob.ve\/mpppstweb\/index.php\/2016\/03\/31\/estas-son-las-medidas-implementadas-por-el-gobierno-nacional-para-combatir-la-guerra-economica-ii-2\/#primaryimage\",\"url\":\"https:\/\/www.mpppst.gob.ve\/mpppstweb\/wp-content\/uploads\/2016\/03\/para-motores-2.jpg\",\"contentUrl\":\"https:\/\/www.mpppst.gob.ve\/mpppstweb\/wp-content\/uploads\/2016\/03\/para-motores-2.jpg\",\"width\":448,\"height\":281},{\"@type\":\"BreadcrumbList\",\"@id\":\"https:\/\/www.mpppst.gob.ve\/mpppstweb\/index.php\/2016\/03\/31\/estas-son-las-medidas-implementadas-por-el-gobierno-nacional-para-combatir-la-guerra-economica-ii-2\/#breadcrumb\",\"itemListElement\":[{\"@type\":\"ListItem\",\"position\":1,\"name\":\"Home\",\"item\":\"https:\/\/www.mpppst.gob.ve\/mpppstweb\/\"},{\"@type\":\"ListItem\",\"position\":2,\"name\":\"Estas son las medidas implementadas por el Gobierno Nacional para combatir la Guerra Econ\u00f3mica (II)\"}]},{\"@type\":\"WebSite\",\"@id\":\"https:\/\/www.mpppst.gob.ve\/mpppstweb\/#website\",\"url\":\"https:\/\/www.mpppst.gob.ve\/mpppstweb\/\",\"name\":\"MPPPST\",\"description\":\"Ministerio del Poder Popular para el Proceso Social de Trabajo\",\"publisher\":{\"@id\":\"https:\/\/www.mpppst.gob.ve\/mpppstweb\/#organization\"},\"potentialAction\":[{\"@type\":\"SearchAction\",\"target\":{\"@type\":\"EntryPoint\",\"urlTemplate\":\"https:\/\/www.mpppst.gob.ve\/mpppstweb\/?s={search_term_string}\"},\"query-input\":\"required name=search_term_string\"}],\"inLanguage\":\"es\"},{\"@type\":\"Organization\",\"@id\":\"https:\/\/www.mpppst.gob.ve\/mpppstweb\/#organization\",\"name\":\"mpppst\",\"url\":\"https:\/\/www.mpppst.gob.ve\/mpppstweb\/\",\"logo\":{\"@type\":\"ImageObject\",\"inLanguage\":\"es\",\"@id\":\"https:\/\/www.mpppst.gob.ve\/mpppstweb\/#\/schema\/logo\/image\/\",\"url\":\"https:\/\/www.mpppst.gob.ve\/mpppstweb\/wp-content\/uploads\/2025\/07\/cropped-cropped-g910.png\",\"contentUrl\":\"https:\/\/www.mpppst.gob.ve\/mpppstweb\/wp-content\/uploads\/2025\/07\/cropped-cropped-g910.png\",\"width\":1080,\"height\":241,\"caption\":\"mpppst\"},\"image\":{\"@id\":\"https:\/\/www.mpppst.gob.ve\/mpppstweb\/#\/schema\/logo\/image\/\"}},{\"@type\":\"Person\",\"@id\":\"https:\/\/www.mpppst.gob.ve\/mpppstweb\/#\/schema\/person\/fc187ee8ead412bd4c9304b62f900ea4\",\"name\":\"MPPPST Prensa\",\"url\":\"https:\/\/www.mpppst.gob.ve\/mpppstweb\/index.php\/author\/prensa-mpppst\/\"}]}<\/script>\n<!-- \/ Yoast SEO plugin. -->","yoast_head_json":{"title":"Estas son las medidas implementadas por el Gobierno Nacional para combatir la Guerra Econ\u00f3mica (II) - MPPPST","robots":{"index":"index","follow":"follow","max-snippet":"max-snippet:-1","max-image-preview":"max-image-preview:large","max-video-preview":"max-video-preview:-1"},"canonical":"https:\/\/www.mpppst.gob.ve\/mpppstweb\/index.php\/2016\/03\/31\/estas-son-las-medidas-implementadas-por-el-gobierno-nacional-para-combatir-la-guerra-economica-ii-2\/","og_locale":"es_ES","og_type":"article","og_title":"Estas son las medidas implementadas por el Gobierno Nacional para combatir la Guerra Econ\u00f3mica (II) - MPPPST","og_description":"El presidente Nicol\u00e1s Maduro, dio a conocer en el primer trimestre del a\u00f1o una serie de acciones que conforman la Agenda Econ\u00f3mica Bolivariana","og_url":"https:\/\/www.mpppst.gob.ve\/mpppstweb\/index.php\/2016\/03\/31\/estas-son-las-medidas-implementadas-por-el-gobierno-nacional-para-combatir-la-guerra-economica-ii-2\/","og_site_name":"MPPPST","article_published_time":"2016-03-31T17:31:50+00:00","article_modified_time":"2016-07-01T20:29:19+00:00","og_image":[{"width":448,"height":281,"url":"https:\/\/www.mpppst.gob.ve\/mpppstweb\/wp-content\/uploads\/2016\/03\/para-motores-2.jpg","type":"image\/jpeg"}],"author":"MPPPST Prensa","twitter_card":"summary_large_image","twitter_misc":{"Escrito por":"MPPPST Prensa","Tiempo de lectura":"6 minutos"},"schema":{"@context":"https:\/\/schema.org","@graph":[{"@type":"Article","@id":"https:\/\/www.mpppst.gob.ve\/mpppstweb\/index.php\/2016\/03\/31\/estas-son-las-medidas-implementadas-por-el-gobierno-nacional-para-combatir-la-guerra-economica-ii-2\/#article","isPartOf":{"@id":"https:\/\/www.mpppst.gob.ve\/mpppstweb\/index.php\/2016\/03\/31\/estas-son-las-medidas-implementadas-por-el-gobierno-nacional-para-combatir-la-guerra-economica-ii-2\/"},"author":{"name":"MPPPST Prensa","@id":"https:\/\/www.mpppst.gob.ve\/mpppstweb\/#\/schema\/person\/fc187ee8ead412bd4c9304b62f900ea4"},"headline":"Estas son las medidas implementadas por el Gobierno Nacional para combatir la Guerra Econ\u00f3mica (II)","datePublished":"2016-03-31T17:31:50+00:00","dateModified":"2016-07-01T20:29:19+00:00","mainEntityOfPage":{"@id":"https:\/\/www.mpppst.gob.ve\/mpppstweb\/index.php\/2016\/03\/31\/estas-son-las-medidas-implementadas-por-el-gobierno-nacional-para-combatir-la-guerra-economica-ii-2\/"},"wordCount":1128,"publisher":{"@id":"https:\/\/www.mpppst.gob.ve\/mpppstweb\/#organization"},"image":{"@id":"https:\/\/www.mpppst.gob.ve\/mpppstweb\/index.php\/2016\/03\/31\/estas-son-las-medidas-implementadas-por-el-gobierno-nacional-para-combatir-la-guerra-economica-ii-2\/#primaryimage"},"thumbnailUrl":"https:\/\/www.mpppst.gob.ve\/mpppstweb\/wp-content\/uploads\/2016\/03\/para-motores-2.jpg","articleSection":["Gobierno Nacional"],"inLanguage":"es"},{"@type":"WebPage","@id":"https:\/\/www.mpppst.gob.ve\/mpppstweb\/index.php\/2016\/03\/31\/estas-son-las-medidas-implementadas-por-el-gobierno-nacional-para-combatir-la-guerra-economica-ii-2\/","url":"https:\/\/www.mpppst.gob.ve\/mpppstweb\/index.php\/2016\/03\/31\/estas-son-las-medidas-implementadas-por-el-gobierno-nacional-para-combatir-la-guerra-economica-ii-2\/","name":"Estas son las medidas implementadas por el Gobierno Nacional para combatir la Guerra Econ\u00f3mica (II) - MPPPST","isPartOf":{"@id":"https:\/\/www.mpppst.gob.ve\/mpppstweb\/#website"},"primaryImageOfPage":{"@id":"https:\/\/www.mpppst.gob.ve\/mpppstweb\/index.php\/2016\/03\/31\/estas-son-las-medidas-implementadas-por-el-gobierno-nacional-para-combatir-la-guerra-economica-ii-2\/#primaryimage"},"image":{"@id":"https:\/\/www.mpppst.gob.ve\/mpppstweb\/index.php\/2016\/03\/31\/estas-son-las-medidas-implementadas-por-el-gobierno-nacional-para-combatir-la-guerra-economica-ii-2\/#primaryimage"},"thumbnailUrl":"https:\/\/www.mpppst.gob.ve\/mpppstweb\/wp-content\/uploads\/2016\/03\/para-motores-2.jpg","datePublished":"2016-03-31T17:31:50+00:00","dateModified":"2016-07-01T20:29:19+00:00","breadcrumb":{"@id":"https:\/\/www.mpppst.gob.ve\/mpppstweb\/index.php\/2016\/03\/31\/estas-son-las-medidas-implementadas-por-el-gobierno-nacional-para-combatir-la-guerra-economica-ii-2\/#breadcrumb"},"inLanguage":"es","potentialAction":[{"@type":"ReadAction","target":["https:\/\/www.mpppst.gob.ve\/mpppstweb\/index.php\/2016\/03\/31\/estas-son-las-medidas-implementadas-por-el-gobierno-nacional-para-combatir-la-guerra-economica-ii-2\/"]}]},{"@type":"ImageObject","inLanguage":"es","@id":"https:\/\/www.mpppst.gob.ve\/mpppstweb\/index.php\/2016\/03\/31\/estas-son-las-medidas-implementadas-por-el-gobierno-nacional-para-combatir-la-guerra-economica-ii-2\/#primaryimage","url":"https:\/\/www.mpppst.gob.ve\/mpppstweb\/wp-content\/uploads\/2016\/03\/para-motores-2.jpg","contentUrl":"https:\/\/www.mpppst.gob.ve\/mpppstweb\/wp-content\/uploads\/2016\/03\/para-motores-2.jpg","width":448,"height":281},{"@type":"BreadcrumbList","@id":"https:\/\/www.mpppst.gob.ve\/mpppstweb\/index.php\/2016\/03\/31\/estas-son-las-medidas-implementadas-por-el-gobierno-nacional-para-combatir-la-guerra-economica-ii-2\/#breadcrumb","itemListElement":[{"@type":"ListItem","position":1,"name":"Home","item":"https:\/\/www.mpppst.gob.ve\/mpppstweb\/"},{"@type":"ListItem","position":2,"name":"Estas son las medidas implementadas por el Gobierno Nacional para combatir la Guerra Econ\u00f3mica (II)"}]},{"@type":"WebSite","@id":"https:\/\/www.mpppst.gob.ve\/mpppstweb\/#website","url":"https:\/\/www.mpppst.gob.ve\/mpppstweb\/","name":"MPPPST","description":"Ministerio del Poder Popular para el Proceso Social de Trabajo","publisher":{"@id":"https:\/\/www.mpppst.gob.ve\/mpppstweb\/#organization"},"potentialAction":[{"@type":"SearchAction","target":{"@type":"EntryPoint","urlTemplate":"https:\/\/www.mpppst.gob.ve\/mpppstweb\/?s={search_term_string}"},"query-input":"required name=search_term_string"}],"inLanguage":"es"},{"@type":"Organization","@id":"https:\/\/www.mpppst.gob.ve\/mpppstweb\/#organization","name":"mpppst","url":"https:\/\/www.mpppst.gob.ve\/mpppstweb\/","logo":{"@type":"ImageObject","inLanguage":"es","@id":"https:\/\/www.mpppst.gob.ve\/mpppstweb\/#\/schema\/logo\/image\/","url":"https:\/\/www.mpppst.gob.ve\/mpppstweb\/wp-content\/uploads\/2025\/07\/cropped-cropped-g910.png","contentUrl":"https:\/\/www.mpppst.gob.ve\/mpppstweb\/wp-content\/uploads\/2025\/07\/cropped-cropped-g910.png","width":1080,"height":241,"caption":"mpppst"},"image":{"@id":"https:\/\/www.mpppst.gob.ve\/mpppstweb\/#\/schema\/logo\/image\/"}},{"@type":"Person","@id":"https:\/\/www.mpppst.gob.ve\/mpppstweb\/#\/schema\/person\/fc187ee8ead412bd4c9304b62f900ea4","name":"MPPPST Prensa","url":"https:\/\/www.mpppst.gob.ve\/mpppstweb\/index.php\/author\/prensa-mpppst\/"}]}},"_links":{"self":[{"href":"https:\/\/www.mpppst.gob.ve\/mpppstweb\/index.php\/wp-json\/wp\/v2\/posts\/5250"}],"collection":[{"href":"https:\/\/www.mpppst.gob.ve\/mpppstweb\/index.php\/wp-json\/wp\/v2\/posts"}],"about":[{"href":"https:\/\/www.mpppst.gob.ve\/mpppstweb\/index.php\/wp-json\/wp\/v2\/types\/post"}],"author":[{"embeddable":true,"href":"https:\/\/www.mpppst.gob.ve\/mpppstweb\/index.php\/wp-json\/wp\/v2\/users\/25"}],"replies":[{"embeddable":true,"href":"https:\/\/www.mpppst.gob.ve\/mpppstweb\/index.php\/wp-json\/wp\/v2\/comments?post=5250"}],"version-history":[{"count":1,"href":"https:\/\/www.mpppst.gob.ve\/mpppstweb\/index.php\/wp-json\/wp\/v2\/posts\/5250\/revisions"}],"predecessor-version":[{"id":7105,"href":"https:\/\/www.mpppst.gob.ve\/mpppstweb\/index.php\/wp-json\/wp\/v2\/posts\/5250\/revisions\/7105"}],"wp:featuredmedia":[{"embeddable":true,"href":"https:\/\/www.mpppst.gob.ve\/mpppstweb\/index.php\/wp-json\/wp\/v2\/media\/5251"}],"wp:attachment":[{"href":"https:\/\/www.mpppst.gob.ve\/mpppstweb\/index.php\/wp-json\/wp\/v2\/media?parent=5250"}],"wp:term":[{"taxonomy":"category","embeddable":true,"href":"https:\/\/www.mpppst.gob.ve\/mpppstweb\/index.php\/wp-json\/wp\/v2\/categories?post=5250"},{"taxonomy":"post_tag","embeddable":true,"href":"https:\/\/www.mpppst.gob.ve\/mpppstweb\/index.php\/wp-json\/wp\/v2\/tags?post=5250"}],"curies":[{"name":"wp","href":"https:\/\/api.w.org\/{rel}","templated":true}]}}