{"id":575,"date":"2016-04-01T15:06:24","date_gmt":"2016-04-01T15:06:24","guid":{"rendered":"http:\/\/www.mpppst.gob.ve\/mpppstweb\/?p=575"},"modified":"2016-07-20T13:18:40","modified_gmt":"2016-07-20T13:18:40","slug":"clase-obrera-rechaza-contundentemente-proyecto-de-ley-de-privatizacion-propuesto-por-la-derecha","status":"publish","type":"post","link":"https:\/\/www.mpppst.gob.ve\/mpppstweb\/index.php\/2016\/04\/01\/clase-obrera-rechaza-contundentemente-proyecto-de-ley-de-privatizacion-propuesto-por-la-derecha\/","title":{"rendered":"Clase obrera rechaza contundentemente proyecto de Ley de Privatizaci\u00f3n propuesto por la derecha"},"content":{"rendered":"<p>Caracas, 1 de marzo (MPPPST).- La clase obrera venezolana march\u00f3 este martes hasta la Asamblea Nacional (AN), con el prop\u00f3sito de rechazar contundentemente el proyecto de ley de privatizaci\u00f3n de empresas p\u00fablicas y nacionalizadas, presentado en el Parlamento por la oposici\u00f3n.<\/p>\n<p>Durante el recorrido, Marco Tulio D\u00edaz, vicepresidente de la Central Bolivariana Socialista de Trabajadores (CBST), expres\u00f3 que los trabajadores y las trabajadoras \u201cno vamos a permitir que se pretenda utilizar con mecanismos de enga\u00f1o al pueblo para aprobar leyes que vayan a privatizar las empresas que ha nacionalizado nuestro Gobierno en 17 a\u00f1os y sobre todo que pretendan acabar con nuestra Ley Org\u00e1nica del Trabajo, los Trabajadores y las Trabajadoras (LOTTT), por eso hoy aqu\u00ed est\u00e1 la clase obrera unida y consecuente con el presidente Nicol\u00e1s Maduro\u201d.<\/p>\n<p>\u201cRechazamos adem\u00e1s, que este Poder Legislativo sea utilizado para dar un golpe de Estado, un golpe a la Constituci\u00f3n de la Rep\u00fablica Bolivariana de Venezuela y se pretenda por esa v\u00eda acabar con la Revoluci\u00f3n Bolivariana, con un Gobierno leg\u00edtimo que hoy tiene al mando al presidente Obrero, Nicol\u00e1s Maduro\u201d, apunt\u00f3.<\/p>\n<p>Por su parte, el representante de la Corporaci\u00f3n Nacional de Aluminio, \u00c1ngel Marcano, manifest\u00f3 que la clase obrera venezolana se declara en rebeli\u00f3n. Destac\u00f3, que la oposici\u00f3n tiene una agenda neoliberal, que quieren regresar a los a\u00f1os 80 y 90 donde se privatizaban todas las empresas del Estado, desmejoraban todos los beneficios contractuales y avanzaban en una agenda del Fondo Monetario Internacional (FMI).<\/p>\n<p>\u201cNosotros no vamos a permitir que los neoliberales que llegaron a la AN le impongan una agenda al pueblo, a los trabajadores, nosotros vamos a permanecer en la calle en rebeli\u00f3n en apoyo al presidente Nicol\u00e1s Maduro, en apoyo al legado del Comandante Eterno, Hugo Ch\u00e1vez, en apoyo a las leyes aprobadas durante estos 17 a\u00f1os de Revoluci\u00f3n. Vamos a poner todo nuestro esfuerzo al servicio de la Revoluci\u00f3n para restablecer la econom\u00eda y avanzar en la construcci\u00f3n del socialismo\u201d, recalc\u00f3 Marcano.<\/p>\n<p>Feddy Bernal, dirigente del Partido Socialista Unido de Venezuela (PSUV), asever\u00f3 que esta AN pretende ahora ser la trinchera de la desestabilizaci\u00f3n, pretende retroceder a la larga noche neoliberal de los a\u00f1os 80 y \u201cnosotros ante esa decisi\u00f3n fascista hemos decidido ir a la calle, hoy, ma\u00f1ana y siempre, porque no ser\u00e1 un grupo de Diputados que est\u00e1 instalado en el Parlamento, quienes pretendan enterrar 17 a\u00f1os de inclusi\u00f3n, de Revoluci\u00f3n y de logros sociales\u201d, resalt\u00f3.<\/p>\n<p>&nbsp;<\/p>\n<p>Redacci\u00f3n: Miliseth Ysea<\/p>\n","protected":false},"excerpt":{"rendered":"<p>Caracas, 1 de marzo (MPPPST).- La clase obrera venezolana march\u00f3 este martes hasta la Asamblea Nacional &hellip; <a title=\"Clase obrera rechaza contundentemente proyecto de Ley de Privatizaci\u00f3n propuesto por la derecha\" class=\"hm-read-more\" href=\"https:\/\/www.mpppst.gob.ve\/mpppstweb\/index.php\/2016\/04\/01\/clase-obrera-rechaza-contundentemente-proyecto-de-ley-de-privatizacion-propuesto-por-la-derecha\/\"><span class=\"screen-reader-text\">Clase obrera rechaza contundentemente proyecto de Ley de Privatizaci\u00f3n propuesto por la derecha<\/span>Read more<\/a><\/p>\n","protected":false},"author":25,"featured_media":580,"comment_status":"closed","ping_status":"closed","sticky":false,"template":"","format":"standard","meta":{"footnotes":""},"categories":[82],"tags":[],"yoast_head":"<!-- This site is optimized with the Yoast SEO plugin v22.5 - https:\/\/yoast.com\/wordpress\/plugins\/seo\/ -->\n<title>Clase obrera rechaza contundentemente proyecto de Ley de Privatizaci\u00f3n propuesto por la derecha - MPPPST<\/title>\n<meta name=\"robots\" content=\"index, follow, max-snippet:-1, max-image-preview:large, max-video-preview:-1\" \/>\n<link rel=\"canonical\" href=\"https:\/\/www.mpppst.gob.ve\/mpppstweb\/index.php\/2016\/04\/01\/clase-obrera-rechaza-contundentemente-proyecto-de-ley-de-privatizacion-propuesto-por-la-derecha\/\" \/>\n<meta property=\"og:locale\" content=\"es_ES\" \/>\n<meta property=\"og:type\" content=\"article\" \/>\n<meta property=\"og:title\" content=\"Clase obrera rechaza contundentemente proyecto de Ley de Privatizaci\u00f3n propuesto por la derecha - MPPPST\" \/>\n<meta property=\"og:description\" content=\"Caracas, 1 de marzo (MPPPST).- La clase obrera venezolana march\u00f3 este martes hasta la Asamblea Nacional &hellip; Clase obrera rechaza contundentemente proyecto de Ley de Privatizaci\u00f3n propuesto por la derechaRead more\" \/>\n<meta property=\"og:url\" content=\"https:\/\/www.mpppst.gob.ve\/mpppstweb\/index.php\/2016\/04\/01\/clase-obrera-rechaza-contundentemente-proyecto-de-ley-de-privatizacion-propuesto-por-la-derecha\/\" \/>\n<meta property=\"og:site_name\" content=\"MPPPST\" \/>\n<meta property=\"article:published_time\" content=\"2016-04-01T15:06:24+00:00\" \/>\n<meta property=\"article:modified_time\" content=\"2016-07-20T13:18:40+00:00\" \/>\n<meta property=\"og:image\" content=\"https:\/\/www.mpppst.gob.ve\/mpppstweb\/wp-content\/uploads\/2016\/04\/concentraci\u00f3n1.jpg\" \/>\n\t<meta property=\"og:image:width\" content=\"800\" \/>\n\t<meta property=\"og:image:height\" content=\"445\" \/>\n\t<meta property=\"og:image:type\" content=\"image\/jpeg\" \/>\n<meta name=\"author\" content=\"MPPPST Prensa\" \/>\n<meta name=\"twitter:card\" content=\"summary_large_image\" \/>\n<meta name=\"twitter:label1\" content=\"Escrito por\" \/>\n\t<meta name=\"twitter:data1\" content=\"MPPPST Prensa\" \/>\n\t<meta name=\"twitter:label2\" content=\"Tiempo de lectura\" \/>\n\t<meta name=\"twitter:data2\" content=\"2 minutos\" \/>\n<script type=\"application\/ld+json\" class=\"yoast-schema-graph\">{\"@context\":\"https:\/\/schema.org\",\"@graph\":[{\"@type\":\"Article\",\"@id\":\"https:\/\/www.mpppst.gob.ve\/mpppstweb\/index.php\/2016\/04\/01\/clase-obrera-rechaza-contundentemente-proyecto-de-ley-de-privatizacion-propuesto-por-la-derecha\/#article\",\"isPartOf\":{\"@id\":\"https:\/\/www.mpppst.gob.ve\/mpppstweb\/index.php\/2016\/04\/01\/clase-obrera-rechaza-contundentemente-proyecto-de-ley-de-privatizacion-propuesto-por-la-derecha\/\"},\"author\":{\"name\":\"MPPPST Prensa\",\"@id\":\"https:\/\/www.mpppst.gob.ve\/mpppstweb\/#\/schema\/person\/fc187ee8ead412bd4c9304b62f900ea4\"},\"headline\":\"Clase obrera rechaza contundentemente proyecto de Ley de Privatizaci\u00f3n propuesto por la derecha\",\"datePublished\":\"2016-04-01T15:06:24+00:00\",\"dateModified\":\"2016-07-20T13:18:40+00:00\",\"mainEntityOfPage\":{\"@id\":\"https:\/\/www.mpppst.gob.ve\/mpppstweb\/index.php\/2016\/04\/01\/clase-obrera-rechaza-contundentemente-proyecto-de-ley-de-privatizacion-propuesto-por-la-derecha\/\"},\"wordCount\":448,\"publisher\":{\"@id\":\"https:\/\/www.mpppst.gob.ve\/mpppstweb\/#organization\"},\"image\":{\"@id\":\"https:\/\/www.mpppst.gob.ve\/mpppstweb\/index.php\/2016\/04\/01\/clase-obrera-rechaza-contundentemente-proyecto-de-ley-de-privatizacion-propuesto-por-la-derecha\/#primaryimage\"},\"thumbnailUrl\":\"https:\/\/www.mpppst.gob.ve\/mpppstweb\/wp-content\/uploads\/2016\/04\/concentraci\u00f3n1.jpg\",\"articleSection\":[\"Gobierno Nacional\"],\"inLanguage\":\"es\"},{\"@type\":\"WebPage\",\"@id\":\"https:\/\/www.mpppst.gob.ve\/mpppstweb\/index.php\/2016\/04\/01\/clase-obrera-rechaza-contundentemente-proyecto-de-ley-de-privatizacion-propuesto-por-la-derecha\/\",\"url\":\"https:\/\/www.mpppst.gob.ve\/mpppstweb\/index.php\/2016\/04\/01\/clase-obrera-rechaza-contundentemente-proyecto-de-ley-de-privatizacion-propuesto-por-la-derecha\/\",\"name\":\"Clase obrera rechaza contundentemente proyecto de Ley de Privatizaci\u00f3n propuesto por la derecha - MPPPST\",\"isPartOf\":{\"@id\":\"https:\/\/www.mpppst.gob.ve\/mpppstweb\/#website\"},\"primaryImageOfPage\":{\"@id\":\"https:\/\/www.mpppst.gob.ve\/mpppstweb\/index.php\/2016\/04\/01\/clase-obrera-rechaza-contundentemente-proyecto-de-ley-de-privatizacion-propuesto-por-la-derecha\/#primaryimage\"},\"image\":{\"@id\":\"https:\/\/www.mpppst.gob.ve\/mpppstweb\/index.php\/2016\/04\/01\/clase-obrera-rechaza-contundentemente-proyecto-de-ley-de-privatizacion-propuesto-por-la-derecha\/#primaryimage\"},\"thumbnailUrl\":\"https:\/\/www.mpppst.gob.ve\/mpppstweb\/wp-content\/uploads\/2016\/04\/concentraci\u00f3n1.jpg\",\"datePublished\":\"2016-04-01T15:06:24+00:00\",\"dateModified\":\"2016-07-20T13:18:40+00:00\",\"breadcrumb\":{\"@id\":\"https:\/\/www.mpppst.gob.ve\/mpppstweb\/index.php\/2016\/04\/01\/clase-obrera-rechaza-contundentemente-proyecto-de-ley-de-privatizacion-propuesto-por-la-derecha\/#breadcrumb\"},\"inLanguage\":\"es\",\"potentialAction\":[{\"@type\":\"ReadAction\",\"target\":[\"https:\/\/www.mpppst.gob.ve\/mpppstweb\/index.php\/2016\/04\/01\/clase-obrera-rechaza-contundentemente-proyecto-de-ley-de-privatizacion-propuesto-por-la-derecha\/\"]}]},{\"@type\":\"ImageObject\",\"inLanguage\":\"es\",\"@id\":\"https:\/\/www.mpppst.gob.ve\/mpppstweb\/index.php\/2016\/04\/01\/clase-obrera-rechaza-contundentemente-proyecto-de-ley-de-privatizacion-propuesto-por-la-derecha\/#primaryimage\",\"url\":\"https:\/\/www.mpppst.gob.ve\/mpppstweb\/wp-content\/uploads\/2016\/04\/concentraci\u00f3n1.jpg\",\"contentUrl\":\"https:\/\/www.mpppst.gob.ve\/mpppstweb\/wp-content\/uploads\/2016\/04\/concentraci\u00f3n1.jpg\",\"width\":800,\"height\":445},{\"@type\":\"BreadcrumbList\",\"@id\":\"https:\/\/www.mpppst.gob.ve\/mpppstweb\/index.php\/2016\/04\/01\/clase-obrera-rechaza-contundentemente-proyecto-de-ley-de-privatizacion-propuesto-por-la-derecha\/#breadcrumb\",\"itemListElement\":[{\"@type\":\"ListItem\",\"position\":1,\"name\":\"Home\",\"item\":\"https:\/\/www.mpppst.gob.ve\/mpppstweb\/\"},{\"@type\":\"ListItem\",\"position\":2,\"name\":\"Clase obrera rechaza contundentemente proyecto de Ley de Privatizaci\u00f3n propuesto por la derecha\"}]},{\"@type\":\"WebSite\",\"@id\":\"https:\/\/www.mpppst.gob.ve\/mpppstweb\/#website\",\"url\":\"https:\/\/www.mpppst.gob.ve\/mpppstweb\/\",\"name\":\"MPPPST\",\"description\":\"Ministerio del Poder Popular para el Proceso Social de Trabajo\",\"publisher\":{\"@id\":\"https:\/\/www.mpppst.gob.ve\/mpppstweb\/#organization\"},\"potentialAction\":[{\"@type\":\"SearchAction\",\"target\":{\"@type\":\"EntryPoint\",\"urlTemplate\":\"https:\/\/www.mpppst.gob.ve\/mpppstweb\/?s={search_term_string}\"},\"query-input\":\"required name=search_term_string\"}],\"inLanguage\":\"es\"},{\"@type\":\"Organization\",\"@id\":\"https:\/\/www.mpppst.gob.ve\/mpppstweb\/#organization\",\"name\":\"mpppst\",\"url\":\"https:\/\/www.mpppst.gob.ve\/mpppstweb\/\",\"logo\":{\"@type\":\"ImageObject\",\"inLanguage\":\"es\",\"@id\":\"https:\/\/www.mpppst.gob.ve\/mpppstweb\/#\/schema\/logo\/image\/\",\"url\":\"https:\/\/www.mpppst.gob.ve\/mpppstweb\/wp-content\/uploads\/2025\/07\/cropped-cropped-g910.png\",\"contentUrl\":\"https:\/\/www.mpppst.gob.ve\/mpppstweb\/wp-content\/uploads\/2025\/07\/cropped-cropped-g910.png\",\"width\":1080,\"height\":241,\"caption\":\"mpppst\"},\"image\":{\"@id\":\"https:\/\/www.mpppst.gob.ve\/mpppstweb\/#\/schema\/logo\/image\/\"}},{\"@type\":\"Person\",\"@id\":\"https:\/\/www.mpppst.gob.ve\/mpppstweb\/#\/schema\/person\/fc187ee8ead412bd4c9304b62f900ea4\",\"name\":\"MPPPST Prensa\",\"url\":\"https:\/\/www.mpppst.gob.ve\/mpppstweb\/index.php\/author\/prensa-mpppst\/\"}]}<\/script>\n<!-- \/ Yoast SEO plugin. -->","yoast_head_json":{"title":"Clase obrera rechaza contundentemente proyecto de Ley de Privatizaci\u00f3n propuesto por la derecha - MPPPST","robots":{"index":"index","follow":"follow","max-snippet":"max-snippet:-1","max-image-preview":"max-image-preview:large","max-video-preview":"max-video-preview:-1"},"canonical":"https:\/\/www.mpppst.gob.ve\/mpppstweb\/index.php\/2016\/04\/01\/clase-obrera-rechaza-contundentemente-proyecto-de-ley-de-privatizacion-propuesto-por-la-derecha\/","og_locale":"es_ES","og_type":"article","og_title":"Clase obrera rechaza contundentemente proyecto de Ley de Privatizaci\u00f3n propuesto por la derecha - MPPPST","og_description":"Caracas, 1 de marzo (MPPPST).- La clase obrera venezolana march\u00f3 este martes hasta la Asamblea Nacional &hellip; Clase obrera rechaza contundentemente proyecto de Ley de Privatizaci\u00f3n propuesto por la derechaRead more","og_url":"https:\/\/www.mpppst.gob.ve\/mpppstweb\/index.php\/2016\/04\/01\/clase-obrera-rechaza-contundentemente-proyecto-de-ley-de-privatizacion-propuesto-por-la-derecha\/","og_site_name":"MPPPST","article_published_time":"2016-04-01T15:06:24+00:00","article_modified_time":"2016-07-20T13:18:40+00:00","og_image":[{"width":800,"height":445,"url":"https:\/\/www.mpppst.gob.ve\/mpppstweb\/wp-content\/uploads\/2016\/04\/concentraci\u00f3n1.jpg","type":"image\/jpeg"}],"author":"MPPPST Prensa","twitter_card":"summary_large_image","twitter_misc":{"Escrito por":"MPPPST Prensa","Tiempo de lectura":"2 minutos"},"schema":{"@context":"https:\/\/schema.org","@graph":[{"@type":"Article","@id":"https:\/\/www.mpppst.gob.ve\/mpppstweb\/index.php\/2016\/04\/01\/clase-obrera-rechaza-contundentemente-proyecto-de-ley-de-privatizacion-propuesto-por-la-derecha\/#article","isPartOf":{"@id":"https:\/\/www.mpppst.gob.ve\/mpppstweb\/index.php\/2016\/04\/01\/clase-obrera-rechaza-contundentemente-proyecto-de-ley-de-privatizacion-propuesto-por-la-derecha\/"},"author":{"name":"MPPPST Prensa","@id":"https:\/\/www.mpppst.gob.ve\/mpppstweb\/#\/schema\/person\/fc187ee8ead412bd4c9304b62f900ea4"},"headline":"Clase obrera rechaza contundentemente proyecto de Ley de Privatizaci\u00f3n propuesto por la derecha","datePublished":"2016-04-01T15:06:24+00:00","dateModified":"2016-07-20T13:18:40+00:00","mainEntityOfPage":{"@id":"https:\/\/www.mpppst.gob.ve\/mpppstweb\/index.php\/2016\/04\/01\/clase-obrera-rechaza-contundentemente-proyecto-de-ley-de-privatizacion-propuesto-por-la-derecha\/"},"wordCount":448,"publisher":{"@id":"https:\/\/www.mpppst.gob.ve\/mpppstweb\/#organization"},"image":{"@id":"https:\/\/www.mpppst.gob.ve\/mpppstweb\/index.php\/2016\/04\/01\/clase-obrera-rechaza-contundentemente-proyecto-de-ley-de-privatizacion-propuesto-por-la-derecha\/#primaryimage"},"thumbnailUrl":"https:\/\/www.mpppst.gob.ve\/mpppstweb\/wp-content\/uploads\/2016\/04\/concentraci\u00f3n1.jpg","articleSection":["Gobierno Nacional"],"inLanguage":"es"},{"@type":"WebPage","@id":"https:\/\/www.mpppst.gob.ve\/mpppstweb\/index.php\/2016\/04\/01\/clase-obrera-rechaza-contundentemente-proyecto-de-ley-de-privatizacion-propuesto-por-la-derecha\/","url":"https:\/\/www.mpppst.gob.ve\/mpppstweb\/index.php\/2016\/04\/01\/clase-obrera-rechaza-contundentemente-proyecto-de-ley-de-privatizacion-propuesto-por-la-derecha\/","name":"Clase obrera rechaza contundentemente proyecto de Ley de Privatizaci\u00f3n propuesto por la derecha - MPPPST","isPartOf":{"@id":"https:\/\/www.mpppst.gob.ve\/mpppstweb\/#website"},"primaryImageOfPage":{"@id":"https:\/\/www.mpppst.gob.ve\/mpppstweb\/index.php\/2016\/04\/01\/clase-obrera-rechaza-contundentemente-proyecto-de-ley-de-privatizacion-propuesto-por-la-derecha\/#primaryimage"},"image":{"@id":"https:\/\/www.mpppst.gob.ve\/mpppstweb\/index.php\/2016\/04\/01\/clase-obrera-rechaza-contundentemente-proyecto-de-ley-de-privatizacion-propuesto-por-la-derecha\/#primaryimage"},"thumbnailUrl":"https:\/\/www.mpppst.gob.ve\/mpppstweb\/wp-content\/uploads\/2016\/04\/concentraci\u00f3n1.jpg","datePublished":"2016-04-01T15:06:24+00:00","dateModified":"2016-07-20T13:18:40+00:00","breadcrumb":{"@id":"https:\/\/www.mpppst.gob.ve\/mpppstweb\/index.php\/2016\/04\/01\/clase-obrera-rechaza-contundentemente-proyecto-de-ley-de-privatizacion-propuesto-por-la-derecha\/#breadcrumb"},"inLanguage":"es","potentialAction":[{"@type":"ReadAction","target":["https:\/\/www.mpppst.gob.ve\/mpppstweb\/index.php\/2016\/04\/01\/clase-obrera-rechaza-contundentemente-proyecto-de-ley-de-privatizacion-propuesto-por-la-derecha\/"]}]},{"@type":"ImageObject","inLanguage":"es","@id":"https:\/\/www.mpppst.gob.ve\/mpppstweb\/index.php\/2016\/04\/01\/clase-obrera-rechaza-contundentemente-proyecto-de-ley-de-privatizacion-propuesto-por-la-derecha\/#primaryimage","url":"https:\/\/www.mpppst.gob.ve\/mpppstweb\/wp-content\/uploads\/2016\/04\/concentraci\u00f3n1.jpg","contentUrl":"https:\/\/www.mpppst.gob.ve\/mpppstweb\/wp-content\/uploads\/2016\/04\/concentraci\u00f3n1.jpg","width":800,"height":445},{"@type":"BreadcrumbList","@id":"https:\/\/www.mpppst.gob.ve\/mpppstweb\/index.php\/2016\/04\/01\/clase-obrera-rechaza-contundentemente-proyecto-de-ley-de-privatizacion-propuesto-por-la-derecha\/#breadcrumb","itemListElement":[{"@type":"ListItem","position":1,"name":"Home","item":"https:\/\/www.mpppst.gob.ve\/mpppstweb\/"},{"@type":"ListItem","position":2,"name":"Clase obrera rechaza contundentemente proyecto de Ley de Privatizaci\u00f3n propuesto por la derecha"}]},{"@type":"WebSite","@id":"https:\/\/www.mpppst.gob.ve\/mpppstweb\/#website","url":"https:\/\/www.mpppst.gob.ve\/mpppstweb\/","name":"MPPPST","description":"Ministerio del Poder Popular para el Proceso Social de Trabajo","publisher":{"@id":"https:\/\/www.mpppst.gob.ve\/mpppstweb\/#organization"},"potentialAction":[{"@type":"SearchAction","target":{"@type":"EntryPoint","urlTemplate":"https:\/\/www.mpppst.gob.ve\/mpppstweb\/?s={search_term_string}"},"query-input":"required name=search_term_string"}],"inLanguage":"es"},{"@type":"Organization","@id":"https:\/\/www.mpppst.gob.ve\/mpppstweb\/#organization","name":"mpppst","url":"https:\/\/www.mpppst.gob.ve\/mpppstweb\/","logo":{"@type":"ImageObject","inLanguage":"es","@id":"https:\/\/www.mpppst.gob.ve\/mpppstweb\/#\/schema\/logo\/image\/","url":"https:\/\/www.mpppst.gob.ve\/mpppstweb\/wp-content\/uploads\/2025\/07\/cropped-cropped-g910.png","contentUrl":"https:\/\/www.mpppst.gob.ve\/mpppstweb\/wp-content\/uploads\/2025\/07\/cropped-cropped-g910.png","width":1080,"height":241,"caption":"mpppst"},"image":{"@id":"https:\/\/www.mpppst.gob.ve\/mpppstweb\/#\/schema\/logo\/image\/"}},{"@type":"Person","@id":"https:\/\/www.mpppst.gob.ve\/mpppstweb\/#\/schema\/person\/fc187ee8ead412bd4c9304b62f900ea4","name":"MPPPST Prensa","url":"https:\/\/www.mpppst.gob.ve\/mpppstweb\/index.php\/author\/prensa-mpppst\/"}]}},"_links":{"self":[{"href":"https:\/\/www.mpppst.gob.ve\/mpppstweb\/index.php\/wp-json\/wp\/v2\/posts\/575"}],"collection":[{"href":"https:\/\/www.mpppst.gob.ve\/mpppstweb\/index.php\/wp-json\/wp\/v2\/posts"}],"about":[{"href":"https:\/\/www.mpppst.gob.ve\/mpppstweb\/index.php\/wp-json\/wp\/v2\/types\/post"}],"author":[{"embeddable":true,"href":"https:\/\/www.mpppst.gob.ve\/mpppstweb\/index.php\/wp-json\/wp\/v2\/users\/25"}],"replies":[{"embeddable":true,"href":"https:\/\/www.mpppst.gob.ve\/mpppstweb\/index.php\/wp-json\/wp\/v2\/comments?post=575"}],"version-history":[{"count":1,"href":"https:\/\/www.mpppst.gob.ve\/mpppstweb\/index.php\/wp-json\/wp\/v2\/posts\/575\/revisions"}],"predecessor-version":[{"id":577,"href":"https:\/\/www.mpppst.gob.ve\/mpppstweb\/index.php\/wp-json\/wp\/v2\/posts\/575\/revisions\/577"}],"wp:featuredmedia":[{"embeddable":true,"href":"https:\/\/www.mpppst.gob.ve\/mpppstweb\/index.php\/wp-json\/wp\/v2\/media\/580"}],"wp:attachment":[{"href":"https:\/\/www.mpppst.gob.ve\/mpppstweb\/index.php\/wp-json\/wp\/v2\/media?parent=575"}],"wp:term":[{"taxonomy":"category","embeddable":true,"href":"https:\/\/www.mpppst.gob.ve\/mpppstweb\/index.php\/wp-json\/wp\/v2\/categories?post=575"},{"taxonomy":"post_tag","embeddable":true,"href":"https:\/\/www.mpppst.gob.ve\/mpppstweb\/index.php\/wp-json\/wp\/v2\/tags?post=575"}],"curies":[{"name":"wp","href":"https:\/\/api.w.org\/{rel}","templated":true}]}}